{"id":655,"date":"2026-01-22T08:44:25","date_gmt":"2026-01-22T07:44:25","guid":{"rendered":"http:\/\/www.bachmann-museum.de\/?p=655"},"modified":"2026-01-22T08:44:26","modified_gmt":"2026-01-22T07:44:26","slug":"silbermuenze","status":"publish","type":"post","link":"https:\/\/www.bachmann-museum.de\/?p=655","title":{"rendered":"Silberm\u00fcnze"},"content":{"rendered":"<p style=\"text-align: left;\"><a href=\"https:\/\/i0.wp.com\/www.bachmann-museum.de\/wp-content\/uploads\/2015\/04\/Brakteat.jpg?ssl=1\"><img data-recalc-dims=\"1\" loading=\"lazy\" decoding=\"async\" data-attachment-id=\"656\" data-permalink=\"https:\/\/www.bachmann-museum.de\/?attachment_id=656\" data-orig-file=\"https:\/\/i0.wp.com\/www.bachmann-museum.de\/wp-content\/uploads\/2015\/04\/Brakteat.jpg?fit=1772%2C1772&amp;ssl=1\" data-orig-size=\"1772,1772\" data-comments-opened=\"0\" data-image-meta=\"{&quot;aperture&quot;:&quot;0&quot;,&quot;credit&quot;:&quot;&quot;,&quot;camera&quot;:&quot;&quot;,&quot;caption&quot;:&quot;&quot;,&quot;created_timestamp&quot;:&quot;0&quot;,&quot;copyright&quot;:&quot;&quot;,&quot;focal_length&quot;:&quot;0&quot;,&quot;iso&quot;:&quot;0&quot;,&quot;shutter_speed&quot;:&quot;0&quot;,&quot;title&quot;:&quot;&quot;,&quot;orientation&quot;:&quot;0&quot;}\" data-image-title=\"Brakteat\" data-image-description=\"\" data-image-caption=\"\" data-large-file=\"https:\/\/i0.wp.com\/www.bachmann-museum.de\/wp-content\/uploads\/2015\/04\/Brakteat.jpg?fit=750%2C750&amp;ssl=1\" class=\"wp-image-656 alignleft\" src=\"https:\/\/i0.wp.com\/www.bachmann-museum.de\/wp-content\/uploads\/2015\/04\/Brakteat.jpg?resize=341%2C341&#038;ssl=1\" alt=\"Brakteat\" width=\"341\" height=\"341\" srcset=\"https:\/\/i0.wp.com\/www.bachmann-museum.de\/wp-content\/uploads\/2015\/04\/Brakteat.jpg?w=1772&amp;ssl=1 1772w, https:\/\/i0.wp.com\/www.bachmann-museum.de\/wp-content\/uploads\/2015\/04\/Brakteat.jpg?resize=150%2C150&amp;ssl=1 150w, https:\/\/i0.wp.com\/www.bachmann-museum.de\/wp-content\/uploads\/2015\/04\/Brakteat.jpg?resize=300%2C300&amp;ssl=1 300w, https:\/\/i0.wp.com\/www.bachmann-museum.de\/wp-content\/uploads\/2015\/04\/Brakteat.jpg?resize=1024%2C1024&amp;ssl=1 1024w, https:\/\/i0.wp.com\/www.bachmann-museum.de\/wp-content\/uploads\/2015\/04\/Brakteat.jpg?w=1500&amp;ssl=1 1500w\" sizes=\"auto, (max-width: 341px) 100vw, 341px\" \/><\/a> Die Silberm\u00fcnze, eine Pr\u00e4gung der W\u00f6lper Grafen aus Neustadt am R\u00fcbenberge, ist Teil des bedeutendsten mittelalterlichen Schatzfundes Norddeutschlands, der im Jahr 1928 in Bockel bei Bevern nahe Bremerv\u00f6rde gefunden wurde. Im M\u00fcnzfeld steht ein gekr\u00f6nter L\u00f6we auf einem Doppelbogen und zwei Stierh\u00f6rnern, dem Wappen der Grafen.<br \/>\nDer Silberpfennig lag mit mehr als 14.000 M\u00fcnzen, einigen Schmuckst\u00fccken und Hacksilber in einem Tonkrug, der bei Erdarbeiten zuf\u00e4llig gefunden wurde. Heute ist der Schatz auf mehrere Museen verteilt. Vielleicht geh\u00f6rte der Schatz dem Wunderheiler Othbert, welcher im Schutz der Burg V\u00f6rde in Bockel lebte und nach der Eroberung der Burg durch bremische Soldaten 1218 fliehen musste.<\/p>\n<p>Autorin: Ellen Horstrup<br \/>\nQuelle: Hucker 2009<\/p>\n<h6>Fundort: Bockel bei Bevern<br \/>\nDatierung: Anfang 13. Jahrhundert<br \/>\nMaterial: Silber<br \/>\nGr\u00f6\u00dfe: Dm 2,6 cm<\/h6>\n","protected":false},"excerpt":{"rendered":"<p>Die Silberm\u00fcnze, eine Pr\u00e4gung der W\u00f6lper Grafen aus Neustadt am R\u00fcbenberge, ist Teil des bedeutendsten mittelalterlichen Schatzfundes Norddeutschlands, der im Jahr 1928 in Bockel bei Bevern nahe Bremerv\u00f6rde gefunden wurde. Im M\u00fcnzfeld steht ein gekr\u00f6nter L\u00f6we auf einem Doppelbogen und zwei Stierh\u00f6rnern, dem Wappen der Grafen. Der Silberpfennig lag mit mehr als 14.000 M\u00fcnzen, einigen [&hellip;]<\/p>\n","protected":false},"author":1,"featured_media":660,"comment_status":"closed","ping_status":"open","sticky":false,"template":"","format":"standard","meta":{"_jetpack_newsletter_access":"","_jetpack_dont_email_post_to_subs":false,"_jetpack_newsletter_tier_id":0,"_jetpack_memberships_contains_paywalled_content":false,"_jetpack_memberships_contains_paid_content":false,"footnotes":""},"categories":[4],"tags":[],"class_list":["post-655","post","type-post","status-publish","format-standard","has-post-thumbnail","hentry","category-blick-in-die-sammlungen"],"yoast_head":"<!-- This site is optimized with the Yoast SEO plugin v27.5 - https:\/\/yoast.com\/product\/yoast-seo-wordpress\/ -->\n<title>Silberm\u00fcnze - Bachmann-Museum Bremerv\u00f6rde<\/title>\n<meta name=\"robots\" content=\"index, follow, max-snippet:-1, max-image-preview:large, max-video-preview:-1\" \/>\n<link rel=\"canonical\" href=\"https:\/\/www.bachmann-museum.de\/?p=655\" \/>\n<meta property=\"og:locale\" content=\"de_DE\" \/>\n<meta property=\"og:type\" content=\"article\" \/>\n<meta property=\"og:title\" content=\"Silberm\u00fcnze - Bachmann-Museum Bremerv\u00f6rde\" \/>\n<meta property=\"og:description\" content=\"Die Silberm\u00fcnze, eine Pr\u00e4gung der W\u00f6lper Grafen aus Neustadt am R\u00fcbenberge, ist Teil des bedeutendsten mittelalterlichen Schatzfundes Norddeutschlands, der im Jahr 1928 in Bockel bei Bevern nahe Bremerv\u00f6rde gefunden wurde. Im M\u00fcnzfeld steht ein gekr\u00f6nter L\u00f6we auf einem Doppelbogen und zwei Stierh\u00f6rnern, dem Wappen der Grafen. Der Silberpfennig lag mit mehr als 14.000 M\u00fcnzen, einigen [&hellip;]\" \/>\n<meta property=\"og:url\" content=\"https:\/\/www.bachmann-museum.de\/?p=655\" \/>\n<meta property=\"og:site_name\" content=\"Bachmann-Museum Bremerv\u00f6rde\" \/>\n<meta property=\"article:published_time\" content=\"2026-01-22T07:44:25+00:00\" \/>\n<meta property=\"article:modified_time\" content=\"2026-01-22T07:44:26+00:00\" \/>\n<meta property=\"og:image\" content=\"https:\/\/i0.wp.com\/www.bachmann-museum.de\/wp-content\/uploads\/2015\/04\/Brakteat1.jpg?fit=1772%2C1299&ssl=1\" \/>\n\t<meta property=\"og:image:width\" content=\"1772\" \/>\n\t<meta property=\"og:image:height\" content=\"1299\" \/>\n\t<meta property=\"og:image:type\" content=\"image\/jpeg\" \/>\n<meta name=\"author\" content=\"Bachmann-Admin_1\" \/>\n<meta name=\"twitter:card\" content=\"summary_large_image\" \/>\n<meta name=\"twitter:label1\" content=\"Verfasst von\" \/>\n\t<meta name=\"twitter:data1\" content=\"Bachmann-Admin_1\" \/>\n\t<meta name=\"twitter:label2\" content=\"Gesch\u00e4tzte Lesezeit\" \/>\n\t<meta name=\"twitter:data2\" content=\"1\u00a0Minute\" \/>\n<script type=\"application\/ld+json\" class=\"yoast-schema-graph\">{\"@context\":\"https:\\\/\\\/schema.org\",\"@graph\":[{\"@type\":\"Article\",\"@id\":\"https:\\\/\\\/www.bachmann-museum.de\\\/?p=655#article\",\"isPartOf\":{\"@id\":\"https:\\\/\\\/www.bachmann-museum.de\\\/?p=655\"},\"author\":{\"name\":\"Bachmann-Admin_1\",\"@id\":\"https:\\\/\\\/www.bachmann-museum.de\\\/#\\\/schema\\\/person\\\/4e0a96d1ed2480e1c23c3d5afb424bee\"},\"headline\":\"Silberm\u00fcnze\",\"datePublished\":\"2026-01-22T07:44:25+00:00\",\"dateModified\":\"2026-01-22T07:44:26+00:00\",\"mainEntityOfPage\":{\"@id\":\"https:\\\/\\\/www.bachmann-museum.de\\\/?p=655\"},\"wordCount\":134,\"image\":{\"@id\":\"https:\\\/\\\/www.bachmann-museum.de\\\/?p=655#primaryimage\"},\"thumbnailUrl\":\"https:\\\/\\\/i0.wp.com\\\/www.bachmann-museum.de\\\/wp-content\\\/uploads\\\/2015\\\/04\\\/Brakteat1.jpg?fit=1772%2C1299&ssl=1\",\"articleSection\":[\"Blick in die Sammlungen\"],\"inLanguage\":\"de\"},{\"@type\":\"WebPage\",\"@id\":\"https:\\\/\\\/www.bachmann-museum.de\\\/?p=655\",\"url\":\"https:\\\/\\\/www.bachmann-museum.de\\\/?p=655\",\"name\":\"Silberm\u00fcnze - Bachmann-Museum Bremerv\u00f6rde\",\"isPartOf\":{\"@id\":\"https:\\\/\\\/www.bachmann-museum.de\\\/#website\"},\"primaryImageOfPage\":{\"@id\":\"https:\\\/\\\/www.bachmann-museum.de\\\/?p=655#primaryimage\"},\"image\":{\"@id\":\"https:\\\/\\\/www.bachmann-museum.de\\\/?p=655#primaryimage\"},\"thumbnailUrl\":\"https:\\\/\\\/i0.wp.com\\\/www.bachmann-museum.de\\\/wp-content\\\/uploads\\\/2015\\\/04\\\/Brakteat1.jpg?fit=1772%2C1299&ssl=1\",\"datePublished\":\"2026-01-22T07:44:25+00:00\",\"dateModified\":\"2026-01-22T07:44:26+00:00\",\"author\":{\"@id\":\"https:\\\/\\\/www.bachmann-museum.de\\\/#\\\/schema\\\/person\\\/4e0a96d1ed2480e1c23c3d5afb424bee\"},\"breadcrumb\":{\"@id\":\"https:\\\/\\\/www.bachmann-museum.de\\\/?p=655#breadcrumb\"},\"inLanguage\":\"de\",\"potentialAction\":[{\"@type\":\"ReadAction\",\"target\":[\"https:\\\/\\\/www.bachmann-museum.de\\\/?p=655\"]}]},{\"@type\":\"ImageObject\",\"inLanguage\":\"de\",\"@id\":\"https:\\\/\\\/www.bachmann-museum.de\\\/?p=655#primaryimage\",\"url\":\"https:\\\/\\\/i0.wp.com\\\/www.bachmann-museum.de\\\/wp-content\\\/uploads\\\/2015\\\/04\\\/Brakteat1.jpg?fit=1772%2C1299&ssl=1\",\"contentUrl\":\"https:\\\/\\\/i0.wp.com\\\/www.bachmann-museum.de\\\/wp-content\\\/uploads\\\/2015\\\/04\\\/Brakteat1.jpg?fit=1772%2C1299&ssl=1\",\"width\":1772,\"height\":1299},{\"@type\":\"BreadcrumbList\",\"@id\":\"https:\\\/\\\/www.bachmann-museum.de\\\/?p=655#breadcrumb\",\"itemListElement\":[{\"@type\":\"ListItem\",\"position\":1,\"name\":\"Start\",\"item\":\"https:\\\/\\\/www.bachmann-museum.de\\\/\"},{\"@type\":\"ListItem\",\"position\":2,\"name\":\"Silberm\u00fcnze\"}]},{\"@type\":\"WebSite\",\"@id\":\"https:\\\/\\\/www.bachmann-museum.de\\\/#website\",\"url\":\"https:\\\/\\\/www.bachmann-museum.de\\\/\",\"name\":\"Bachmann-Museum Bremerv\u00f6rde\",\"description\":\"\",\"potentialAction\":[{\"@type\":\"SearchAction\",\"target\":{\"@type\":\"EntryPoint\",\"urlTemplate\":\"https:\\\/\\\/www.bachmann-museum.de\\\/?s={search_term_string}\"},\"query-input\":{\"@type\":\"PropertyValueSpecification\",\"valueRequired\":true,\"valueName\":\"search_term_string\"}}],\"inLanguage\":\"de\"},{\"@type\":\"Person\",\"@id\":\"https:\\\/\\\/www.bachmann-museum.de\\\/#\\\/schema\\\/person\\\/4e0a96d1ed2480e1c23c3d5afb424bee\",\"name\":\"Bachmann-Admin_1\",\"image\":{\"@type\":\"ImageObject\",\"inLanguage\":\"de\",\"@id\":\"https:\\\/\\\/secure.gravatar.com\\\/avatar\\\/12b64d40c777adbd0761c887e33f30e0219d4565a9373e68911205fb911bd107?s=96&d=mm&r=g\",\"url\":\"https:\\\/\\\/secure.gravatar.com\\\/avatar\\\/12b64d40c777adbd0761c887e33f30e0219d4565a9373e68911205fb911bd107?s=96&d=mm&r=g\",\"contentUrl\":\"https:\\\/\\\/secure.gravatar.com\\\/avatar\\\/12b64d40c777adbd0761c887e33f30e0219d4565a9373e68911205fb911bd107?s=96&d=mm&r=g\",\"caption\":\"Bachmann-Admin_1\"},\"url\":\"https:\\\/\\\/www.bachmann-museum.de\\\/?author=1\"}]}<\/script>\n<!-- \/ Yoast SEO plugin. -->","yoast_head_json":{"title":"Silberm\u00fcnze - Bachmann-Museum Bremerv\u00f6rde","robots":{"index":"index","follow":"follow","max-snippet":"max-snippet:-1","max-image-preview":"max-image-preview:large","max-video-preview":"max-video-preview:-1"},"canonical":"https:\/\/www.bachmann-museum.de\/?p=655","og_locale":"de_DE","og_type":"article","og_title":"Silberm\u00fcnze - Bachmann-Museum Bremerv\u00f6rde","og_description":"Die Silberm\u00fcnze, eine Pr\u00e4gung der W\u00f6lper Grafen aus Neustadt am R\u00fcbenberge, ist Teil des bedeutendsten mittelalterlichen Schatzfundes Norddeutschlands, der im Jahr 1928 in Bockel bei Bevern nahe Bremerv\u00f6rde gefunden wurde. Im M\u00fcnzfeld steht ein gekr\u00f6nter L\u00f6we auf einem Doppelbogen und zwei Stierh\u00f6rnern, dem Wappen der Grafen. Der Silberpfennig lag mit mehr als 14.000 M\u00fcnzen, einigen [&hellip;]","og_url":"https:\/\/www.bachmann-museum.de\/?p=655","og_site_name":"Bachmann-Museum Bremerv\u00f6rde","article_published_time":"2026-01-22T07:44:25+00:00","article_modified_time":"2026-01-22T07:44:26+00:00","og_image":[{"width":1772,"height":1299,"url":"https:\/\/i0.wp.com\/www.bachmann-museum.de\/wp-content\/uploads\/2015\/04\/Brakteat1.jpg?fit=1772%2C1299&ssl=1","type":"image\/jpeg"}],"author":"Bachmann-Admin_1","twitter_card":"summary_large_image","twitter_misc":{"Verfasst von":"Bachmann-Admin_1","Gesch\u00e4tzte Lesezeit":"1\u00a0Minute"},"schema":{"@context":"https:\/\/schema.org","@graph":[{"@type":"Article","@id":"https:\/\/www.bachmann-museum.de\/?p=655#article","isPartOf":{"@id":"https:\/\/www.bachmann-museum.de\/?p=655"},"author":{"name":"Bachmann-Admin_1","@id":"https:\/\/www.bachmann-museum.de\/#\/schema\/person\/4e0a96d1ed2480e1c23c3d5afb424bee"},"headline":"Silberm\u00fcnze","datePublished":"2026-01-22T07:44:25+00:00","dateModified":"2026-01-22T07:44:26+00:00","mainEntityOfPage":{"@id":"https:\/\/www.bachmann-museum.de\/?p=655"},"wordCount":134,"image":{"@id":"https:\/\/www.bachmann-museum.de\/?p=655#primaryimage"},"thumbnailUrl":"https:\/\/i0.wp.com\/www.bachmann-museum.de\/wp-content\/uploads\/2015\/04\/Brakteat1.jpg?fit=1772%2C1299&ssl=1","articleSection":["Blick in die Sammlungen"],"inLanguage":"de"},{"@type":"WebPage","@id":"https:\/\/www.bachmann-museum.de\/?p=655","url":"https:\/\/www.bachmann-museum.de\/?p=655","name":"Silberm\u00fcnze - Bachmann-Museum Bremerv\u00f6rde","isPartOf":{"@id":"https:\/\/www.bachmann-museum.de\/#website"},"primaryImageOfPage":{"@id":"https:\/\/www.bachmann-museum.de\/?p=655#primaryimage"},"image":{"@id":"https:\/\/www.bachmann-museum.de\/?p=655#primaryimage"},"thumbnailUrl":"https:\/\/i0.wp.com\/www.bachmann-museum.de\/wp-content\/uploads\/2015\/04\/Brakteat1.jpg?fit=1772%2C1299&ssl=1","datePublished":"2026-01-22T07:44:25+00:00","dateModified":"2026-01-22T07:44:26+00:00","author":{"@id":"https:\/\/www.bachmann-museum.de\/#\/schema\/person\/4e0a96d1ed2480e1c23c3d5afb424bee"},"breadcrumb":{"@id":"https:\/\/www.bachmann-museum.de\/?p=655#breadcrumb"},"inLanguage":"de","potentialAction":[{"@type":"ReadAction","target":["https:\/\/www.bachmann-museum.de\/?p=655"]}]},{"@type":"ImageObject","inLanguage":"de","@id":"https:\/\/www.bachmann-museum.de\/?p=655#primaryimage","url":"https:\/\/i0.wp.com\/www.bachmann-museum.de\/wp-content\/uploads\/2015\/04\/Brakteat1.jpg?fit=1772%2C1299&ssl=1","contentUrl":"https:\/\/i0.wp.com\/www.bachmann-museum.de\/wp-content\/uploads\/2015\/04\/Brakteat1.jpg?fit=1772%2C1299&ssl=1","width":1772,"height":1299},{"@type":"BreadcrumbList","@id":"https:\/\/www.bachmann-museum.de\/?p=655#breadcrumb","itemListElement":[{"@type":"ListItem","position":1,"name":"Start","item":"https:\/\/www.bachmann-museum.de\/"},{"@type":"ListItem","position":2,"name":"Silberm\u00fcnze"}]},{"@type":"WebSite","@id":"https:\/\/www.bachmann-museum.de\/#website","url":"https:\/\/www.bachmann-museum.de\/","name":"Bachmann-Museum Bremerv\u00f6rde","description":"","potentialAction":[{"@type":"SearchAction","target":{"@type":"EntryPoint","urlTemplate":"https:\/\/www.bachmann-museum.de\/?s={search_term_string}"},"query-input":{"@type":"PropertyValueSpecification","valueRequired":true,"valueName":"search_term_string"}}],"inLanguage":"de"},{"@type":"Person","@id":"https:\/\/www.bachmann-museum.de\/#\/schema\/person\/4e0a96d1ed2480e1c23c3d5afb424bee","name":"Bachmann-Admin_1","image":{"@type":"ImageObject","inLanguage":"de","@id":"https:\/\/secure.gravatar.com\/avatar\/12b64d40c777adbd0761c887e33f30e0219d4565a9373e68911205fb911bd107?s=96&d=mm&r=g","url":"https:\/\/secure.gravatar.com\/avatar\/12b64d40c777adbd0761c887e33f30e0219d4565a9373e68911205fb911bd107?s=96&d=mm&r=g","contentUrl":"https:\/\/secure.gravatar.com\/avatar\/12b64d40c777adbd0761c887e33f30e0219d4565a9373e68911205fb911bd107?s=96&d=mm&r=g","caption":"Bachmann-Admin_1"},"url":"https:\/\/www.bachmann-museum.de\/?author=1"}]}},"jetpack_featured_media_url":"https:\/\/i0.wp.com\/www.bachmann-museum.de\/wp-content\/uploads\/2015\/04\/Brakteat1.jpg?fit=1772%2C1299&ssl=1","jetpack_sharing_enabled":true,"jetpack_shortlink":"https:\/\/wp.me\/p5DgYi-az","jetpack-related-posts":[],"_links":{"self":[{"href":"https:\/\/www.bachmann-museum.de\/index.php?rest_route=\/wp\/v2\/posts\/655","targetHints":{"allow":["GET"]}}],"collection":[{"href":"https:\/\/www.bachmann-museum.de\/index.php?rest_route=\/wp\/v2\/posts"}],"about":[{"href":"https:\/\/www.bachmann-museum.de\/index.php?rest_route=\/wp\/v2\/types\/post"}],"author":[{"embeddable":true,"href":"https:\/\/www.bachmann-museum.de\/index.php?rest_route=\/wp\/v2\/users\/1"}],"replies":[{"embeddable":true,"href":"https:\/\/www.bachmann-museum.de\/index.php?rest_route=%2Fwp%2Fv2%2Fcomments&post=655"}],"version-history":[{"count":12,"href":"https:\/\/www.bachmann-museum.de\/index.php?rest_route=\/wp\/v2\/posts\/655\/revisions"}],"predecessor-version":[{"id":3092,"href":"https:\/\/www.bachmann-museum.de\/index.php?rest_route=\/wp\/v2\/posts\/655\/revisions\/3092"}],"wp:featuredmedia":[{"embeddable":true,"href":"https:\/\/www.bachmann-museum.de\/index.php?rest_route=\/wp\/v2\/media\/660"}],"wp:attachment":[{"href":"https:\/\/www.bachmann-museum.de\/index.php?rest_route=%2Fwp%2Fv2%2Fmedia&parent=655"}],"wp:term":[{"taxonomy":"category","embeddable":true,"href":"https:\/\/www.bachmann-museum.de\/index.php?rest_route=%2Fwp%2Fv2%2Fcategories&post=655"},{"taxonomy":"post_tag","embeddable":true,"href":"https:\/\/www.bachmann-museum.de\/index.php?rest_route=%2Fwp%2Fv2%2Ftags&post=655"}],"curies":[{"name":"wp","href":"https:\/\/api.w.org\/{rel}","templated":true}]}}