{"id":606,"date":"2015-02-10T09:01:54","date_gmt":"2015-02-10T08:01:54","guid":{"rendered":"http:\/\/www.bachmann-museum.de\/?p=606"},"modified":"2026-01-22T08:45:20","modified_gmt":"2026-01-22T07:45:20","slug":"gemaelde-findorff","status":"publish","type":"post","link":"https:\/\/www.bachmann-museum.de\/?p=606","title":{"rendered":"Gem\u00e4lde Findorff"},"content":{"rendered":"<p><strong><a href=\"https:\/\/i0.wp.com\/www.bachmann-museum.de\/wp-content\/uploads\/2015\/04\/Findorff.jpg?ssl=1\"><img data-recalc-dims=\"1\" loading=\"lazy\" decoding=\"async\" data-attachment-id=\"651\" data-permalink=\"https:\/\/www.bachmann-museum.de\/?attachment_id=651\" data-orig-file=\"https:\/\/i0.wp.com\/www.bachmann-museum.de\/wp-content\/uploads\/2015\/04\/Findorff.jpg?fit=1292%2C1591&amp;ssl=1\" data-orig-size=\"1292,1591\" data-comments-opened=\"0\" data-image-meta=\"{&quot;aperture&quot;:&quot;0&quot;,&quot;credit&quot;:&quot;&quot;,&quot;camera&quot;:&quot;&quot;,&quot;caption&quot;:&quot;&quot;,&quot;created_timestamp&quot;:&quot;0&quot;,&quot;copyright&quot;:&quot;&quot;,&quot;focal_length&quot;:&quot;0&quot;,&quot;iso&quot;:&quot;0&quot;,&quot;shutter_speed&quot;:&quot;0&quot;,&quot;title&quot;:&quot;&quot;,&quot;orientation&quot;:&quot;0&quot;}\" data-image-title=\"Findorff\" data-image-description=\"\" data-image-caption=\"\" data-large-file=\"https:\/\/i0.wp.com\/www.bachmann-museum.de\/wp-content\/uploads\/2015\/04\/Findorff.jpg?fit=750%2C923&amp;ssl=1\" class=\"alignleft wp-image-651\" src=\"https:\/\/i0.wp.com\/www.bachmann-museum.de\/wp-content\/uploads\/2015\/04\/Findorff.jpg?resize=359%2C442&#038;ssl=1\" alt=\"Findorff\" width=\"359\" height=\"442\" srcset=\"https:\/\/i0.wp.com\/www.bachmann-museum.de\/wp-content\/uploads\/2015\/04\/Findorff.jpg?w=1292&amp;ssl=1 1292w, https:\/\/i0.wp.com\/www.bachmann-museum.de\/wp-content\/uploads\/2015\/04\/Findorff.jpg?resize=244%2C300&amp;ssl=1 244w, https:\/\/i0.wp.com\/www.bachmann-museum.de\/wp-content\/uploads\/2015\/04\/Findorff.jpg?resize=832%2C1024&amp;ssl=1 832w\" sizes=\"auto, (max-width: 359px) 100vw, 359px\" \/><\/a>Portrait von J\u00fcrgen Christian Findorff<\/strong><\/p>\n<p style=\"text-align: justify;\">Bereits seit der Fr\u00fchphase ab 1751 arbeitete J\u00fcrgen Christian Findorff bei der kurhannoverschen Moorkolonisation, die sich zum Ziel gesetzt hatte, die bis dahin unkultivierten Moorgebiete zu entw\u00e4ssern und zu besiedeln. Im Jahr 1771 ernannte Georg III. ihn zum ersten \u201eK\u00f6niglich Hannoverschen Moorkommissar\u201c. F\u00fcr die Vermessung, Planung und Besiedlung von \u00fcber 40 D\u00f6rfern in den Moorgebieten war Findorff verantwortlich. Er baute Kan\u00e4le, Kirchen, M\u00fchlen und Br\u00fccken.<br \/>\nIm Jahr 1792 starb Findorff in Bremerv\u00f6rde. Der Ottersberger Oberamtmann Johann August Hintze sandte im Jahr 1842 dieses Portr\u00e4t Findorffs nach Bremerv\u00f6rde, wo es im Amtshaus in der Amtsstube aufgeh\u00e4ngt wurde.<\/p>\n<p style=\"text-align: justify;\"><span style=\"color: #ffffff;\">k<\/span><\/p>\n<p>Autorin: Ellen Horstrup<br \/>\nQuelle: Dannenberg 2008<\/p>\n<h6>K\u00fcnstler: Johann G\u00fcnther Bornemann (1757- ca. 1815)<br \/>\nDatierung: ca. 1790<br \/>\nMaterial: \u00d6l auf Leinwand, Holzrahmen vergoldet<br \/>\nGr\u00f6\u00dfe: H 57 x 45 cm<\/h6>\n","protected":false},"excerpt":{"rendered":"<p>Portrait von J\u00fcrgen Christian Findorff Bereits seit der Fr\u00fchphase ab 1751 arbeitete J\u00fcrgen Christian Findorff bei der kurhannoverschen Moorkolonisation, die sich zum Ziel gesetzt hatte, die bis dahin unkultivierten Moorgebiete zu entw\u00e4ssern und zu besiedeln. Im Jahr 1771 ernannte Georg III. ihn zum ersten \u201eK\u00f6niglich Hannoverschen Moorkommissar\u201c. F\u00fcr die Vermessung, Planung und Besiedlung von \u00fcber [&hellip;]<\/p>\n","protected":false},"author":1,"featured_media":822,"comment_status":"closed","ping_status":"open","sticky":false,"template":"","format":"standard","meta":{"_jetpack_newsletter_access":"","_jetpack_dont_email_post_to_subs":false,"_jetpack_newsletter_tier_id":0,"_jetpack_memberships_contains_paywalled_content":false,"_jetpack_memberships_contains_paid_content":false,"footnotes":""},"categories":[1,4],"tags":[],"class_list":["post-606","post","type-post","status-publish","format-standard","has-post-thumbnail","hentry","category-allgemein","category-blick-in-die-sammlungen"],"yoast_head":"<!-- This site is optimized with the Yoast SEO plugin v27.4 - https:\/\/yoast.com\/product\/yoast-seo-wordpress\/ -->\n<title>Gem\u00e4lde Findorff - Bachmann-Museum Bremerv\u00f6rde<\/title>\n<meta name=\"robots\" content=\"index, follow, max-snippet:-1, max-image-preview:large, max-video-preview:-1\" \/>\n<link rel=\"canonical\" href=\"https:\/\/www.bachmann-museum.de\/?p=606\" \/>\n<meta property=\"og:locale\" content=\"de_DE\" \/>\n<meta property=\"og:type\" content=\"article\" \/>\n<meta property=\"og:title\" content=\"Gem\u00e4lde Findorff - Bachmann-Museum Bremerv\u00f6rde\" \/>\n<meta property=\"og:description\" content=\"Portrait von J\u00fcrgen Christian Findorff Bereits seit der Fr\u00fchphase ab 1751 arbeitete J\u00fcrgen Christian Findorff bei der kurhannoverschen Moorkolonisation, die sich zum Ziel gesetzt hatte, die bis dahin unkultivierten Moorgebiete zu entw\u00e4ssern und zu besiedeln. Im Jahr 1771 ernannte Georg III. ihn zum ersten \u201eK\u00f6niglich Hannoverschen Moorkommissar\u201c. F\u00fcr die Vermessung, Planung und Besiedlung von \u00fcber [&hellip;]\" \/>\n<meta property=\"og:url\" content=\"https:\/\/www.bachmann-museum.de\/?p=606\" \/>\n<meta property=\"og:site_name\" content=\"Bachmann-Museum Bremerv\u00f6rde\" \/>\n<meta property=\"article:published_time\" content=\"2015-02-10T08:01:54+00:00\" \/>\n<meta property=\"article:modified_time\" content=\"2026-01-22T07:45:20+00:00\" \/>\n<meta property=\"og:image\" content=\"https:\/\/i0.wp.com\/www.bachmann-museum.de\/wp-content\/uploads\/2015\/05\/Findorff2.jpg?fit=1772%2C1299&ssl=1\" \/>\n\t<meta property=\"og:image:width\" content=\"1772\" \/>\n\t<meta property=\"og:image:height\" content=\"1299\" \/>\n\t<meta property=\"og:image:type\" content=\"image\/jpeg\" \/>\n<meta name=\"author\" content=\"Bachmann-Admin_1\" \/>\n<meta name=\"twitter:card\" content=\"summary_large_image\" \/>\n<meta name=\"twitter:label1\" content=\"Verfasst von\" \/>\n\t<meta name=\"twitter:data1\" content=\"Bachmann-Admin_1\" \/>\n\t<meta name=\"twitter:label2\" content=\"Gesch\u00e4tzte Lesezeit\" \/>\n\t<meta name=\"twitter:data2\" content=\"1\u00a0Minute\" \/>\n<script type=\"application\/ld+json\" class=\"yoast-schema-graph\">{\"@context\":\"https:\\\/\\\/schema.org\",\"@graph\":[{\"@type\":\"Article\",\"@id\":\"https:\\\/\\\/www.bachmann-museum.de\\\/?p=606#article\",\"isPartOf\":{\"@id\":\"https:\\\/\\\/www.bachmann-museum.de\\\/?p=606\"},\"author\":{\"name\":\"Bachmann-Admin_1\",\"@id\":\"https:\\\/\\\/www.bachmann-museum.de\\\/#\\\/schema\\\/person\\\/4e0a96d1ed2480e1c23c3d5afb424bee\"},\"headline\":\"Gem\u00e4lde Findorff\",\"datePublished\":\"2015-02-10T08:01:54+00:00\",\"dateModified\":\"2026-01-22T07:45:20+00:00\",\"mainEntityOfPage\":{\"@id\":\"https:\\\/\\\/www.bachmann-museum.de\\\/?p=606\"},\"wordCount\":140,\"image\":{\"@id\":\"https:\\\/\\\/www.bachmann-museum.de\\\/?p=606#primaryimage\"},\"thumbnailUrl\":\"https:\\\/\\\/i0.wp.com\\\/www.bachmann-museum.de\\\/wp-content\\\/uploads\\\/2015\\\/05\\\/Findorff2.jpg?fit=1772%2C1299&ssl=1\",\"articleSection\":{\"1\":\"Blick in die Sammlungen\"},\"inLanguage\":\"de\"},{\"@type\":\"WebPage\",\"@id\":\"https:\\\/\\\/www.bachmann-museum.de\\\/?p=606\",\"url\":\"https:\\\/\\\/www.bachmann-museum.de\\\/?p=606\",\"name\":\"Gem\u00e4lde Findorff - Bachmann-Museum Bremerv\u00f6rde\",\"isPartOf\":{\"@id\":\"https:\\\/\\\/www.bachmann-museum.de\\\/#website\"},\"primaryImageOfPage\":{\"@id\":\"https:\\\/\\\/www.bachmann-museum.de\\\/?p=606#primaryimage\"},\"image\":{\"@id\":\"https:\\\/\\\/www.bachmann-museum.de\\\/?p=606#primaryimage\"},\"thumbnailUrl\":\"https:\\\/\\\/i0.wp.com\\\/www.bachmann-museum.de\\\/wp-content\\\/uploads\\\/2015\\\/05\\\/Findorff2.jpg?fit=1772%2C1299&ssl=1\",\"datePublished\":\"2015-02-10T08:01:54+00:00\",\"dateModified\":\"2026-01-22T07:45:20+00:00\",\"author\":{\"@id\":\"https:\\\/\\\/www.bachmann-museum.de\\\/#\\\/schema\\\/person\\\/4e0a96d1ed2480e1c23c3d5afb424bee\"},\"breadcrumb\":{\"@id\":\"https:\\\/\\\/www.bachmann-museum.de\\\/?p=606#breadcrumb\"},\"inLanguage\":\"de\",\"potentialAction\":[{\"@type\":\"ReadAction\",\"target\":[\"https:\\\/\\\/www.bachmann-museum.de\\\/?p=606\"]}]},{\"@type\":\"ImageObject\",\"inLanguage\":\"de\",\"@id\":\"https:\\\/\\\/www.bachmann-museum.de\\\/?p=606#primaryimage\",\"url\":\"https:\\\/\\\/i0.wp.com\\\/www.bachmann-museum.de\\\/wp-content\\\/uploads\\\/2015\\\/05\\\/Findorff2.jpg?fit=1772%2C1299&ssl=1\",\"contentUrl\":\"https:\\\/\\\/i0.wp.com\\\/www.bachmann-museum.de\\\/wp-content\\\/uploads\\\/2015\\\/05\\\/Findorff2.jpg?fit=1772%2C1299&ssl=1\",\"width\":1772,\"height\":1299},{\"@type\":\"BreadcrumbList\",\"@id\":\"https:\\\/\\\/www.bachmann-museum.de\\\/?p=606#breadcrumb\",\"itemListElement\":[{\"@type\":\"ListItem\",\"position\":1,\"name\":\"Start\",\"item\":\"https:\\\/\\\/www.bachmann-museum.de\\\/\"},{\"@type\":\"ListItem\",\"position\":2,\"name\":\"Gem\u00e4lde Findorff\"}]},{\"@type\":\"WebSite\",\"@id\":\"https:\\\/\\\/www.bachmann-museum.de\\\/#website\",\"url\":\"https:\\\/\\\/www.bachmann-museum.de\\\/\",\"name\":\"Bachmann-Museum Bremerv\u00f6rde\",\"description\":\"\",\"potentialAction\":[{\"@type\":\"SearchAction\",\"target\":{\"@type\":\"EntryPoint\",\"urlTemplate\":\"https:\\\/\\\/www.bachmann-museum.de\\\/?s={search_term_string}\"},\"query-input\":{\"@type\":\"PropertyValueSpecification\",\"valueRequired\":true,\"valueName\":\"search_term_string\"}}],\"inLanguage\":\"de\"},{\"@type\":\"Person\",\"@id\":\"https:\\\/\\\/www.bachmann-museum.de\\\/#\\\/schema\\\/person\\\/4e0a96d1ed2480e1c23c3d5afb424bee\",\"name\":\"Bachmann-Admin_1\",\"image\":{\"@type\":\"ImageObject\",\"inLanguage\":\"de\",\"@id\":\"https:\\\/\\\/secure.gravatar.com\\\/avatar\\\/12b64d40c777adbd0761c887e33f30e0219d4565a9373e68911205fb911bd107?s=96&d=mm&r=g\",\"url\":\"https:\\\/\\\/secure.gravatar.com\\\/avatar\\\/12b64d40c777adbd0761c887e33f30e0219d4565a9373e68911205fb911bd107?s=96&d=mm&r=g\",\"contentUrl\":\"https:\\\/\\\/secure.gravatar.com\\\/avatar\\\/12b64d40c777adbd0761c887e33f30e0219d4565a9373e68911205fb911bd107?s=96&d=mm&r=g\",\"caption\":\"Bachmann-Admin_1\"},\"url\":\"https:\\\/\\\/www.bachmann-museum.de\\\/?author=1\"}]}<\/script>\n<!-- \/ Yoast SEO plugin. -->","yoast_head_json":{"title":"Gem\u00e4lde Findorff - Bachmann-Museum Bremerv\u00f6rde","robots":{"index":"index","follow":"follow","max-snippet":"max-snippet:-1","max-image-preview":"max-image-preview:large","max-video-preview":"max-video-preview:-1"},"canonical":"https:\/\/www.bachmann-museum.de\/?p=606","og_locale":"de_DE","og_type":"article","og_title":"Gem\u00e4lde Findorff - Bachmann-Museum Bremerv\u00f6rde","og_description":"Portrait von J\u00fcrgen Christian Findorff Bereits seit der Fr\u00fchphase ab 1751 arbeitete J\u00fcrgen Christian Findorff bei der kurhannoverschen Moorkolonisation, die sich zum Ziel gesetzt hatte, die bis dahin unkultivierten Moorgebiete zu entw\u00e4ssern und zu besiedeln. Im Jahr 1771 ernannte Georg III. ihn zum ersten \u201eK\u00f6niglich Hannoverschen Moorkommissar\u201c. F\u00fcr die Vermessung, Planung und Besiedlung von \u00fcber [&hellip;]","og_url":"https:\/\/www.bachmann-museum.de\/?p=606","og_site_name":"Bachmann-Museum Bremerv\u00f6rde","article_published_time":"2015-02-10T08:01:54+00:00","article_modified_time":"2026-01-22T07:45:20+00:00","og_image":[{"width":1772,"height":1299,"url":"https:\/\/i0.wp.com\/www.bachmann-museum.de\/wp-content\/uploads\/2015\/05\/Findorff2.jpg?fit=1772%2C1299&ssl=1","type":"image\/jpeg"}],"author":"Bachmann-Admin_1","twitter_card":"summary_large_image","twitter_misc":{"Verfasst von":"Bachmann-Admin_1","Gesch\u00e4tzte Lesezeit":"1\u00a0Minute"},"schema":{"@context":"https:\/\/schema.org","@graph":[{"@type":"Article","@id":"https:\/\/www.bachmann-museum.de\/?p=606#article","isPartOf":{"@id":"https:\/\/www.bachmann-museum.de\/?p=606"},"author":{"name":"Bachmann-Admin_1","@id":"https:\/\/www.bachmann-museum.de\/#\/schema\/person\/4e0a96d1ed2480e1c23c3d5afb424bee"},"headline":"Gem\u00e4lde Findorff","datePublished":"2015-02-10T08:01:54+00:00","dateModified":"2026-01-22T07:45:20+00:00","mainEntityOfPage":{"@id":"https:\/\/www.bachmann-museum.de\/?p=606"},"wordCount":140,"image":{"@id":"https:\/\/www.bachmann-museum.de\/?p=606#primaryimage"},"thumbnailUrl":"https:\/\/i0.wp.com\/www.bachmann-museum.de\/wp-content\/uploads\/2015\/05\/Findorff2.jpg?fit=1772%2C1299&ssl=1","articleSection":{"1":"Blick in die Sammlungen"},"inLanguage":"de"},{"@type":"WebPage","@id":"https:\/\/www.bachmann-museum.de\/?p=606","url":"https:\/\/www.bachmann-museum.de\/?p=606","name":"Gem\u00e4lde Findorff - Bachmann-Museum Bremerv\u00f6rde","isPartOf":{"@id":"https:\/\/www.bachmann-museum.de\/#website"},"primaryImageOfPage":{"@id":"https:\/\/www.bachmann-museum.de\/?p=606#primaryimage"},"image":{"@id":"https:\/\/www.bachmann-museum.de\/?p=606#primaryimage"},"thumbnailUrl":"https:\/\/i0.wp.com\/www.bachmann-museum.de\/wp-content\/uploads\/2015\/05\/Findorff2.jpg?fit=1772%2C1299&ssl=1","datePublished":"2015-02-10T08:01:54+00:00","dateModified":"2026-01-22T07:45:20+00:00","author":{"@id":"https:\/\/www.bachmann-museum.de\/#\/schema\/person\/4e0a96d1ed2480e1c23c3d5afb424bee"},"breadcrumb":{"@id":"https:\/\/www.bachmann-museum.de\/?p=606#breadcrumb"},"inLanguage":"de","potentialAction":[{"@type":"ReadAction","target":["https:\/\/www.bachmann-museum.de\/?p=606"]}]},{"@type":"ImageObject","inLanguage":"de","@id":"https:\/\/www.bachmann-museum.de\/?p=606#primaryimage","url":"https:\/\/i0.wp.com\/www.bachmann-museum.de\/wp-content\/uploads\/2015\/05\/Findorff2.jpg?fit=1772%2C1299&ssl=1","contentUrl":"https:\/\/i0.wp.com\/www.bachmann-museum.de\/wp-content\/uploads\/2015\/05\/Findorff2.jpg?fit=1772%2C1299&ssl=1","width":1772,"height":1299},{"@type":"BreadcrumbList","@id":"https:\/\/www.bachmann-museum.de\/?p=606#breadcrumb","itemListElement":[{"@type":"ListItem","position":1,"name":"Start","item":"https:\/\/www.bachmann-museum.de\/"},{"@type":"ListItem","position":2,"name":"Gem\u00e4lde Findorff"}]},{"@type":"WebSite","@id":"https:\/\/www.bachmann-museum.de\/#website","url":"https:\/\/www.bachmann-museum.de\/","name":"Bachmann-Museum Bremerv\u00f6rde","description":"","potentialAction":[{"@type":"SearchAction","target":{"@type":"EntryPoint","urlTemplate":"https:\/\/www.bachmann-museum.de\/?s={search_term_string}"},"query-input":{"@type":"PropertyValueSpecification","valueRequired":true,"valueName":"search_term_string"}}],"inLanguage":"de"},{"@type":"Person","@id":"https:\/\/www.bachmann-museum.de\/#\/schema\/person\/4e0a96d1ed2480e1c23c3d5afb424bee","name":"Bachmann-Admin_1","image":{"@type":"ImageObject","inLanguage":"de","@id":"https:\/\/secure.gravatar.com\/avatar\/12b64d40c777adbd0761c887e33f30e0219d4565a9373e68911205fb911bd107?s=96&d=mm&r=g","url":"https:\/\/secure.gravatar.com\/avatar\/12b64d40c777adbd0761c887e33f30e0219d4565a9373e68911205fb911bd107?s=96&d=mm&r=g","contentUrl":"https:\/\/secure.gravatar.com\/avatar\/12b64d40c777adbd0761c887e33f30e0219d4565a9373e68911205fb911bd107?s=96&d=mm&r=g","caption":"Bachmann-Admin_1"},"url":"https:\/\/www.bachmann-museum.de\/?author=1"}]}},"jetpack_featured_media_url":"https:\/\/i0.wp.com\/www.bachmann-museum.de\/wp-content\/uploads\/2015\/05\/Findorff2.jpg?fit=1772%2C1299&ssl=1","jetpack_sharing_enabled":true,"jetpack_shortlink":"https:\/\/wp.me\/p5DgYi-9M","jetpack-related-posts":[],"_links":{"self":[{"href":"https:\/\/www.bachmann-museum.de\/index.php?rest_route=\/wp\/v2\/posts\/606","targetHints":{"allow":["GET"]}}],"collection":[{"href":"https:\/\/www.bachmann-museum.de\/index.php?rest_route=\/wp\/v2\/posts"}],"about":[{"href":"https:\/\/www.bachmann-museum.de\/index.php?rest_route=\/wp\/v2\/types\/post"}],"author":[{"embeddable":true,"href":"https:\/\/www.bachmann-museum.de\/index.php?rest_route=\/wp\/v2\/users\/1"}],"replies":[{"embeddable":true,"href":"https:\/\/www.bachmann-museum.de\/index.php?rest_route=%2Fwp%2Fv2%2Fcomments&post=606"}],"version-history":[{"count":6,"href":"https:\/\/www.bachmann-museum.de\/index.php?rest_route=\/wp\/v2\/posts\/606\/revisions"}],"predecessor-version":[{"id":3088,"href":"https:\/\/www.bachmann-museum.de\/index.php?rest_route=\/wp\/v2\/posts\/606\/revisions\/3088"}],"wp:featuredmedia":[{"embeddable":true,"href":"https:\/\/www.bachmann-museum.de\/index.php?rest_route=\/wp\/v2\/media\/822"}],"wp:attachment":[{"href":"https:\/\/www.bachmann-museum.de\/index.php?rest_route=%2Fwp%2Fv2%2Fmedia&parent=606"}],"wp:term":[{"taxonomy":"category","embeddable":true,"href":"https:\/\/www.bachmann-museum.de\/index.php?rest_route=%2Fwp%2Fv2%2Fcategories&post=606"},{"taxonomy":"post_tag","embeddable":true,"href":"https:\/\/www.bachmann-museum.de\/index.php?rest_route=%2Fwp%2Fv2%2Ftags&post=606"}],"curies":[{"name":"wp","href":"https:\/\/api.w.org\/{rel}","templated":true}]}}