{"id":536,"date":"2015-02-11T12:32:58","date_gmt":"2015-02-11T10:32:58","guid":{"rendered":"http:\/\/www.bachmann-museum.de\/?p=536"},"modified":"2022-07-22T12:29:07","modified_gmt":"2022-07-22T10:29:07","slug":"selsinger-tracht","status":"publish","type":"post","link":"https:\/\/www.bachmann-museum.de\/?p=536","title":{"rendered":"Selsinger Tracht"},"content":{"rendered":"<p style=\"text-align: justify;\"><a href=\"https:\/\/i0.wp.com\/www.bachmann-museum.de\/wp-content\/uploads\/2015\/02\/Tracht.jpg?ssl=1\"><img data-recalc-dims=\"1\" loading=\"lazy\" decoding=\"async\" data-attachment-id=\"537\" data-permalink=\"https:\/\/www.bachmann-museum.de\/?attachment_id=537\" data-orig-file=\"https:\/\/i0.wp.com\/www.bachmann-museum.de\/wp-content\/uploads\/2015\/02\/Tracht.jpg?fit=1164%2C1747&amp;ssl=1\" data-orig-size=\"1164,1747\" data-comments-opened=\"0\" data-image-meta=\"{&quot;aperture&quot;:&quot;4&quot;,&quot;credit&quot;:&quot;&quot;,&quot;camera&quot;:&quot;NIKON D600&quot;,&quot;caption&quot;:&quot;&quot;,&quot;created_timestamp&quot;:&quot;1396974892&quot;,&quot;copyright&quot;:&quot;&quot;,&quot;focal_length&quot;:&quot;85&quot;,&quot;iso&quot;:&quot;800&quot;,&quot;shutter_speed&quot;:&quot;0.008&quot;,&quot;title&quot;:&quot;&quot;,&quot;orientation&quot;:&quot;1&quot;}\" data-image-title=\"Tracht\" data-image-description=\"\" data-image-caption=\"\" data-large-file=\"https:\/\/i0.wp.com\/www.bachmann-museum.de\/wp-content\/uploads\/2015\/02\/Tracht.jpg?fit=682%2C1024&amp;ssl=1\" class=\"alignleft wp-image-537\" src=\"https:\/\/i0.wp.com\/www.bachmann-museum.de\/wp-content\/uploads\/2015\/02\/Tracht.jpg?resize=350%2C525&#038;ssl=1\" alt=\"Tracht\" width=\"350\" height=\"525\" srcset=\"https:\/\/i0.wp.com\/www.bachmann-museum.de\/wp-content\/uploads\/2015\/02\/Tracht.jpg?w=1164&amp;ssl=1 1164w, https:\/\/i0.wp.com\/www.bachmann-museum.de\/wp-content\/uploads\/2015\/02\/Tracht.jpg?resize=200%2C300&amp;ssl=1 200w, https:\/\/i0.wp.com\/www.bachmann-museum.de\/wp-content\/uploads\/2015\/02\/Tracht.jpg?resize=682%2C1024&amp;ssl=1 682w\" sizes=\"auto, (max-width: 350px) 100vw, 350px\" \/><\/a>Im Gebiet zwischen Elbe und Weser entstanden die Volkstrachten im 18. und 19. Jahrhundert. Inspiriert von der st\u00e4dtischen Mode entwickelten sich f\u00fcr jede Region typische Auspr\u00e4gungen.<br \/>\nSchon um 1860 wurden diese Trachten von den M\u00e4nnern nicht mehr getragen. Bis zum Ende des 19. Jahrhunderts legten auch die meisten Frauen ihre Trachten ab. In Bremerv\u00f6rde konnte man allerdings noch bis in die 1930er Jahre \u00e4ltere Frauen in Trachten sehen. Die abgelegten Kleidungsst\u00fccke wurden oft aufbewahrt. So auch von einer Sammlerin aus Grafel, die das reich geschm\u00fcckte Ensemble der Selsinger Tracht mit Brautkrone und Trachtenschmuck zusammenstellte und 1960 dem Museum \u00fcbergab.<\/p>\n<p>Autorin: Ellen Horstrup<\/p>\n<p>Quelle: Bachmann 1999<\/p>\n<h6 style=\"text-align: justify;\">Verwendungsort: Selsingen<br \/>\nDatierung: 19. Jahrhundert<br \/>\nMaterial: Versch. textile Stoffe, Metall, Glas<br \/>\nGesamth\u00f6he Figurine: 170 cm<\/h6>\n","protected":false},"excerpt":{"rendered":"<p>Im Gebiet zwischen Elbe und Weser entstanden die Volkstrachten im 18. und 19. Jahrhundert. Inspiriert von der st\u00e4dtischen Mode entwickelten sich f\u00fcr jede Region typische Auspr\u00e4gungen. Schon um 1860 wurden diese Trachten von den M\u00e4nnern nicht mehr getragen. Bis zum Ende des 19. Jahrhunderts legten auch die meisten Frauen ihre Trachten ab. In Bremerv\u00f6rde konnte [&hellip;]<\/p>\n","protected":false},"author":1,"featured_media":539,"comment_status":"closed","ping_status":"open","sticky":false,"template":"","format":"standard","meta":{"_jetpack_newsletter_access":"","_jetpack_dont_email_post_to_subs":false,"_jetpack_newsletter_tier_id":0,"_jetpack_memberships_contains_paywalled_content":false,"_jetpack_memberships_contains_paid_content":false,"footnotes":""},"categories":[4],"tags":[],"class_list":["post-536","post","type-post","status-publish","format-standard","has-post-thumbnail","hentry","category-blick-in-die-sammlungen"],"yoast_head":"<!-- This site is optimized with the Yoast SEO plugin v27.4 - https:\/\/yoast.com\/product\/yoast-seo-wordpress\/ -->\n<title>Selsinger Tracht - Bachmann-Museum Bremerv\u00f6rde<\/title>\n<meta name=\"robots\" content=\"index, follow, max-snippet:-1, max-image-preview:large, max-video-preview:-1\" \/>\n<link rel=\"canonical\" href=\"https:\/\/www.bachmann-museum.de\/?p=536\" \/>\n<meta property=\"og:locale\" content=\"de_DE\" \/>\n<meta property=\"og:type\" content=\"article\" \/>\n<meta property=\"og:title\" content=\"Selsinger Tracht - Bachmann-Museum Bremerv\u00f6rde\" \/>\n<meta property=\"og:description\" content=\"Im Gebiet zwischen Elbe und Weser entstanden die Volkstrachten im 18. und 19. Jahrhundert. Inspiriert von der st\u00e4dtischen Mode entwickelten sich f\u00fcr jede Region typische Auspr\u00e4gungen. Schon um 1860 wurden diese Trachten von den M\u00e4nnern nicht mehr getragen. Bis zum Ende des 19. Jahrhunderts legten auch die meisten Frauen ihre Trachten ab. In Bremerv\u00f6rde konnte [&hellip;]\" \/>\n<meta property=\"og:url\" content=\"https:\/\/www.bachmann-museum.de\/?p=536\" \/>\n<meta property=\"og:site_name\" content=\"Bachmann-Museum Bremerv\u00f6rde\" \/>\n<meta property=\"article:published_time\" content=\"2015-02-11T10:32:58+00:00\" \/>\n<meta property=\"article:modified_time\" content=\"2022-07-22T10:29:07+00:00\" \/>\n<meta property=\"og:image\" content=\"https:\/\/i0.wp.com\/www.bachmann-museum.de\/wp-content\/uploads\/2015\/02\/Tracht_Krone_01.jpg?fit=1772%2C1299&ssl=1\" \/>\n\t<meta property=\"og:image:width\" content=\"1772\" \/>\n\t<meta property=\"og:image:height\" content=\"1299\" \/>\n\t<meta property=\"og:image:type\" content=\"image\/jpeg\" \/>\n<meta name=\"author\" content=\"Bachmann-Admin_1\" \/>\n<meta name=\"twitter:card\" content=\"summary_large_image\" \/>\n<meta name=\"twitter:label1\" content=\"Verfasst von\" \/>\n\t<meta name=\"twitter:data1\" content=\"Bachmann-Admin_1\" \/>\n\t<meta name=\"twitter:label2\" content=\"Gesch\u00e4tzte Lesezeit\" \/>\n\t<meta name=\"twitter:data2\" content=\"1\u00a0Minute\" \/>\n<script type=\"application\/ld+json\" class=\"yoast-schema-graph\">{\"@context\":\"https:\\\/\\\/schema.org\",\"@graph\":[{\"@type\":\"Article\",\"@id\":\"https:\\\/\\\/www.bachmann-museum.de\\\/?p=536#article\",\"isPartOf\":{\"@id\":\"https:\\\/\\\/www.bachmann-museum.de\\\/?p=536\"},\"author\":{\"name\":\"Bachmann-Admin_1\",\"@id\":\"https:\\\/\\\/www.bachmann-museum.de\\\/#\\\/schema\\\/person\\\/4e0a96d1ed2480e1c23c3d5afb424bee\"},\"headline\":\"Selsinger Tracht\",\"datePublished\":\"2015-02-11T10:32:58+00:00\",\"dateModified\":\"2022-07-22T10:29:07+00:00\",\"mainEntityOfPage\":{\"@id\":\"https:\\\/\\\/www.bachmann-museum.de\\\/?p=536\"},\"wordCount\":122,\"image\":{\"@id\":\"https:\\\/\\\/www.bachmann-museum.de\\\/?p=536#primaryimage\"},\"thumbnailUrl\":\"https:\\\/\\\/i0.wp.com\\\/www.bachmann-museum.de\\\/wp-content\\\/uploads\\\/2015\\\/02\\\/Tracht_Krone_01.jpg?fit=1772%2C1299&ssl=1\",\"articleSection\":[\"Blick in die Sammlungen\"],\"inLanguage\":\"de\"},{\"@type\":\"WebPage\",\"@id\":\"https:\\\/\\\/www.bachmann-museum.de\\\/?p=536\",\"url\":\"https:\\\/\\\/www.bachmann-museum.de\\\/?p=536\",\"name\":\"Selsinger Tracht - Bachmann-Museum Bremerv\u00f6rde\",\"isPartOf\":{\"@id\":\"https:\\\/\\\/www.bachmann-museum.de\\\/#website\"},\"primaryImageOfPage\":{\"@id\":\"https:\\\/\\\/www.bachmann-museum.de\\\/?p=536#primaryimage\"},\"image\":{\"@id\":\"https:\\\/\\\/www.bachmann-museum.de\\\/?p=536#primaryimage\"},\"thumbnailUrl\":\"https:\\\/\\\/i0.wp.com\\\/www.bachmann-museum.de\\\/wp-content\\\/uploads\\\/2015\\\/02\\\/Tracht_Krone_01.jpg?fit=1772%2C1299&ssl=1\",\"datePublished\":\"2015-02-11T10:32:58+00:00\",\"dateModified\":\"2022-07-22T10:29:07+00:00\",\"author\":{\"@id\":\"https:\\\/\\\/www.bachmann-museum.de\\\/#\\\/schema\\\/person\\\/4e0a96d1ed2480e1c23c3d5afb424bee\"},\"breadcrumb\":{\"@id\":\"https:\\\/\\\/www.bachmann-museum.de\\\/?p=536#breadcrumb\"},\"inLanguage\":\"de\",\"potentialAction\":[{\"@type\":\"ReadAction\",\"target\":[\"https:\\\/\\\/www.bachmann-museum.de\\\/?p=536\"]}]},{\"@type\":\"ImageObject\",\"inLanguage\":\"de\",\"@id\":\"https:\\\/\\\/www.bachmann-museum.de\\\/?p=536#primaryimage\",\"url\":\"https:\\\/\\\/i0.wp.com\\\/www.bachmann-museum.de\\\/wp-content\\\/uploads\\\/2015\\\/02\\\/Tracht_Krone_01.jpg?fit=1772%2C1299&ssl=1\",\"contentUrl\":\"https:\\\/\\\/i0.wp.com\\\/www.bachmann-museum.de\\\/wp-content\\\/uploads\\\/2015\\\/02\\\/Tracht_Krone_01.jpg?fit=1772%2C1299&ssl=1\",\"width\":1772,\"height\":1299},{\"@type\":\"BreadcrumbList\",\"@id\":\"https:\\\/\\\/www.bachmann-museum.de\\\/?p=536#breadcrumb\",\"itemListElement\":[{\"@type\":\"ListItem\",\"position\":1,\"name\":\"Start\",\"item\":\"https:\\\/\\\/www.bachmann-museum.de\\\/\"},{\"@type\":\"ListItem\",\"position\":2,\"name\":\"Selsinger Tracht\"}]},{\"@type\":\"WebSite\",\"@id\":\"https:\\\/\\\/www.bachmann-museum.de\\\/#website\",\"url\":\"https:\\\/\\\/www.bachmann-museum.de\\\/\",\"name\":\"Bachmann-Museum Bremerv\u00f6rde\",\"description\":\"\",\"potentialAction\":[{\"@type\":\"SearchAction\",\"target\":{\"@type\":\"EntryPoint\",\"urlTemplate\":\"https:\\\/\\\/www.bachmann-museum.de\\\/?s={search_term_string}\"},\"query-input\":{\"@type\":\"PropertyValueSpecification\",\"valueRequired\":true,\"valueName\":\"search_term_string\"}}],\"inLanguage\":\"de\"},{\"@type\":\"Person\",\"@id\":\"https:\\\/\\\/www.bachmann-museum.de\\\/#\\\/schema\\\/person\\\/4e0a96d1ed2480e1c23c3d5afb424bee\",\"name\":\"Bachmann-Admin_1\",\"image\":{\"@type\":\"ImageObject\",\"inLanguage\":\"de\",\"@id\":\"https:\\\/\\\/secure.gravatar.com\\\/avatar\\\/12b64d40c777adbd0761c887e33f30e0219d4565a9373e68911205fb911bd107?s=96&d=mm&r=g\",\"url\":\"https:\\\/\\\/secure.gravatar.com\\\/avatar\\\/12b64d40c777adbd0761c887e33f30e0219d4565a9373e68911205fb911bd107?s=96&d=mm&r=g\",\"contentUrl\":\"https:\\\/\\\/secure.gravatar.com\\\/avatar\\\/12b64d40c777adbd0761c887e33f30e0219d4565a9373e68911205fb911bd107?s=96&d=mm&r=g\",\"caption\":\"Bachmann-Admin_1\"},\"url\":\"https:\\\/\\\/www.bachmann-museum.de\\\/?author=1\"}]}<\/script>\n<!-- \/ Yoast SEO plugin. -->","yoast_head_json":{"title":"Selsinger Tracht - Bachmann-Museum Bremerv\u00f6rde","robots":{"index":"index","follow":"follow","max-snippet":"max-snippet:-1","max-image-preview":"max-image-preview:large","max-video-preview":"max-video-preview:-1"},"canonical":"https:\/\/www.bachmann-museum.de\/?p=536","og_locale":"de_DE","og_type":"article","og_title":"Selsinger Tracht - Bachmann-Museum Bremerv\u00f6rde","og_description":"Im Gebiet zwischen Elbe und Weser entstanden die Volkstrachten im 18. und 19. Jahrhundert. Inspiriert von der st\u00e4dtischen Mode entwickelten sich f\u00fcr jede Region typische Auspr\u00e4gungen. Schon um 1860 wurden diese Trachten von den M\u00e4nnern nicht mehr getragen. Bis zum Ende des 19. Jahrhunderts legten auch die meisten Frauen ihre Trachten ab. In Bremerv\u00f6rde konnte [&hellip;]","og_url":"https:\/\/www.bachmann-museum.de\/?p=536","og_site_name":"Bachmann-Museum Bremerv\u00f6rde","article_published_time":"2015-02-11T10:32:58+00:00","article_modified_time":"2022-07-22T10:29:07+00:00","og_image":[{"width":1772,"height":1299,"url":"https:\/\/i0.wp.com\/www.bachmann-museum.de\/wp-content\/uploads\/2015\/02\/Tracht_Krone_01.jpg?fit=1772%2C1299&ssl=1","type":"image\/jpeg"}],"author":"Bachmann-Admin_1","twitter_card":"summary_large_image","twitter_misc":{"Verfasst von":"Bachmann-Admin_1","Gesch\u00e4tzte Lesezeit":"1\u00a0Minute"},"schema":{"@context":"https:\/\/schema.org","@graph":[{"@type":"Article","@id":"https:\/\/www.bachmann-museum.de\/?p=536#article","isPartOf":{"@id":"https:\/\/www.bachmann-museum.de\/?p=536"},"author":{"name":"Bachmann-Admin_1","@id":"https:\/\/www.bachmann-museum.de\/#\/schema\/person\/4e0a96d1ed2480e1c23c3d5afb424bee"},"headline":"Selsinger Tracht","datePublished":"2015-02-11T10:32:58+00:00","dateModified":"2022-07-22T10:29:07+00:00","mainEntityOfPage":{"@id":"https:\/\/www.bachmann-museum.de\/?p=536"},"wordCount":122,"image":{"@id":"https:\/\/www.bachmann-museum.de\/?p=536#primaryimage"},"thumbnailUrl":"https:\/\/i0.wp.com\/www.bachmann-museum.de\/wp-content\/uploads\/2015\/02\/Tracht_Krone_01.jpg?fit=1772%2C1299&ssl=1","articleSection":["Blick in die Sammlungen"],"inLanguage":"de"},{"@type":"WebPage","@id":"https:\/\/www.bachmann-museum.de\/?p=536","url":"https:\/\/www.bachmann-museum.de\/?p=536","name":"Selsinger Tracht - Bachmann-Museum Bremerv\u00f6rde","isPartOf":{"@id":"https:\/\/www.bachmann-museum.de\/#website"},"primaryImageOfPage":{"@id":"https:\/\/www.bachmann-museum.de\/?p=536#primaryimage"},"image":{"@id":"https:\/\/www.bachmann-museum.de\/?p=536#primaryimage"},"thumbnailUrl":"https:\/\/i0.wp.com\/www.bachmann-museum.de\/wp-content\/uploads\/2015\/02\/Tracht_Krone_01.jpg?fit=1772%2C1299&ssl=1","datePublished":"2015-02-11T10:32:58+00:00","dateModified":"2022-07-22T10:29:07+00:00","author":{"@id":"https:\/\/www.bachmann-museum.de\/#\/schema\/person\/4e0a96d1ed2480e1c23c3d5afb424bee"},"breadcrumb":{"@id":"https:\/\/www.bachmann-museum.de\/?p=536#breadcrumb"},"inLanguage":"de","potentialAction":[{"@type":"ReadAction","target":["https:\/\/www.bachmann-museum.de\/?p=536"]}]},{"@type":"ImageObject","inLanguage":"de","@id":"https:\/\/www.bachmann-museum.de\/?p=536#primaryimage","url":"https:\/\/i0.wp.com\/www.bachmann-museum.de\/wp-content\/uploads\/2015\/02\/Tracht_Krone_01.jpg?fit=1772%2C1299&ssl=1","contentUrl":"https:\/\/i0.wp.com\/www.bachmann-museum.de\/wp-content\/uploads\/2015\/02\/Tracht_Krone_01.jpg?fit=1772%2C1299&ssl=1","width":1772,"height":1299},{"@type":"BreadcrumbList","@id":"https:\/\/www.bachmann-museum.de\/?p=536#breadcrumb","itemListElement":[{"@type":"ListItem","position":1,"name":"Start","item":"https:\/\/www.bachmann-museum.de\/"},{"@type":"ListItem","position":2,"name":"Selsinger Tracht"}]},{"@type":"WebSite","@id":"https:\/\/www.bachmann-museum.de\/#website","url":"https:\/\/www.bachmann-museum.de\/","name":"Bachmann-Museum Bremerv\u00f6rde","description":"","potentialAction":[{"@type":"SearchAction","target":{"@type":"EntryPoint","urlTemplate":"https:\/\/www.bachmann-museum.de\/?s={search_term_string}"},"query-input":{"@type":"PropertyValueSpecification","valueRequired":true,"valueName":"search_term_string"}}],"inLanguage":"de"},{"@type":"Person","@id":"https:\/\/www.bachmann-museum.de\/#\/schema\/person\/4e0a96d1ed2480e1c23c3d5afb424bee","name":"Bachmann-Admin_1","image":{"@type":"ImageObject","inLanguage":"de","@id":"https:\/\/secure.gravatar.com\/avatar\/12b64d40c777adbd0761c887e33f30e0219d4565a9373e68911205fb911bd107?s=96&d=mm&r=g","url":"https:\/\/secure.gravatar.com\/avatar\/12b64d40c777adbd0761c887e33f30e0219d4565a9373e68911205fb911bd107?s=96&d=mm&r=g","contentUrl":"https:\/\/secure.gravatar.com\/avatar\/12b64d40c777adbd0761c887e33f30e0219d4565a9373e68911205fb911bd107?s=96&d=mm&r=g","caption":"Bachmann-Admin_1"},"url":"https:\/\/www.bachmann-museum.de\/?author=1"}]}},"jetpack_featured_media_url":"https:\/\/i0.wp.com\/www.bachmann-museum.de\/wp-content\/uploads\/2015\/02\/Tracht_Krone_01.jpg?fit=1772%2C1299&ssl=1","jetpack_sharing_enabled":true,"jetpack_shortlink":"https:\/\/wp.me\/p5DgYi-8E","jetpack-related-posts":[],"_links":{"self":[{"href":"https:\/\/www.bachmann-museum.de\/index.php?rest_route=\/wp\/v2\/posts\/536","targetHints":{"allow":["GET"]}}],"collection":[{"href":"https:\/\/www.bachmann-museum.de\/index.php?rest_route=\/wp\/v2\/posts"}],"about":[{"href":"https:\/\/www.bachmann-museum.de\/index.php?rest_route=\/wp\/v2\/types\/post"}],"author":[{"embeddable":true,"href":"https:\/\/www.bachmann-museum.de\/index.php?rest_route=\/wp\/v2\/users\/1"}],"replies":[{"embeddable":true,"href":"https:\/\/www.bachmann-museum.de\/index.php?rest_route=%2Fwp%2Fv2%2Fcomments&post=536"}],"version-history":[{"count":4,"href":"https:\/\/www.bachmann-museum.de\/index.php?rest_route=\/wp\/v2\/posts\/536\/revisions"}],"predecessor-version":[{"id":3510,"href":"https:\/\/www.bachmann-museum.de\/index.php?rest_route=\/wp\/v2\/posts\/536\/revisions\/3510"}],"wp:featuredmedia":[{"embeddable":true,"href":"https:\/\/www.bachmann-museum.de\/index.php?rest_route=\/wp\/v2\/media\/539"}],"wp:attachment":[{"href":"https:\/\/www.bachmann-museum.de\/index.php?rest_route=%2Fwp%2Fv2%2Fmedia&parent=536"}],"wp:term":[{"taxonomy":"category","embeddable":true,"href":"https:\/\/www.bachmann-museum.de\/index.php?rest_route=%2Fwp%2Fv2%2Fcategories&post=536"},{"taxonomy":"post_tag","embeddable":true,"href":"https:\/\/www.bachmann-museum.de\/index.php?rest_route=%2Fwp%2Fv2%2Ftags&post=536"}],"curies":[{"name":"wp","href":"https:\/\/api.w.org\/{rel}","templated":true}]}}