{"id":4230,"date":"2025-11-26T12:39:22","date_gmt":"2025-11-26T10:39:22","guid":{"rendered":"https:\/\/www.bachmann-museum.de\/?p=4230"},"modified":"2025-11-28T12:55:06","modified_gmt":"2025-11-28T10:55:06","slug":"buchpraesentation-des-landschaftsverband-stade-e-v-im-bachmann-museum-bremervoerde","status":"publish","type":"post","link":"https:\/\/www.bachmann-museum.de\/?p=4230","title":{"rendered":"Buchpr\u00e4sentation des Landschaftsverband Stade e.V. im Bachmann-Museum Bremerv\u00f6rde"},"content":{"rendered":"<p>Der Landschaftsverband Stade l\u00e4dt am Montag, den 1. Dezember 2025 um 17 Uhr zu einer Buchvorstellung in das Bachmann-Museum Bremerv\u00f6rde ein.<\/p>\n<p>Vorgestellt wird das neu erschienene Werk \u201eHofkultur im weltlichen Hochstift\u201c von Christian Kammann, der die Leser in die Epoche der F\u00fcrstenh\u00f6fe des 16. und 17. Jahrhunderts mitnimmt. In diesem goldenen Zeitalter der Hofkultur waren die H\u00f6fe der Herz\u00f6ge, F\u00fcrsten und Grafen nicht nur Residenzen und politische Zentren, sie pr\u00e4gten auch wesentlich die jeweilige Landeskultur.<\/p>\n<p>Im Zentrum der Betrachtung steht Herzog Johann Friedrich von Schleswig-Holstein-Gottorf (1579-1634), F\u00fcrsterzbischof und Regent des Erzstiftes Bremen und des Hochstifts L\u00fcbeck.<\/p>\n<p>Seine Schl\u00f6sser, zu denen besonders sein Residenzschloss Bremerv\u00f6rde z\u00e4hlte, waren Ausdruck seiner facettenreichen h\u00f6fischen Bau- und Gartenkultur. Der Autor Christian Kammann, der an dem Abend anwesend ist, berichtet in seinem Werk detailreich von dem pr\u00e4chtigen Hof Johann-Friedrichs, der mit Geb\u00e4uden, Bediensteten und Sachg\u00fctern reich ausgestattet war. Er l\u00e4sst so eine bisher wenig bekannte Kulturepoche lebendig werden.<\/p>\n<p>Die Buchvorstellung findet um 17 Uhr im Geb\u00e4ude des Bachmann-Museums statt. Eine Anmeldung ist nicht erforderlich.<\/p>\n<p>Das 2-b\u00e4ndige Werk \u201eHofkultur im weltlichen Hochstift\u201c von Christian Kammann ist erschienen in der Schriftenreihe des Landschaftsverbandes der ehemaligen Herzogt\u00fcmer Bremen und Verden, Band 62.1 \/ 62.2, Preis: 88,00 \u20ac. Weitere Informationen unter <a href=\"http:\/\/www.landschaftsverband-stade.de\">www.landschaftsverband-stade.de<\/a>.<\/p>\n","protected":false},"excerpt":{"rendered":"<p>Der Landschaftsverband Stade l\u00e4dt am Montag, den 1. Dezember 2025 um 17 Uhr zu einer Buchvorstellung in das Bachmann-Museum Bremerv\u00f6rde ein. Vorgestellt wird das neu erschienene Werk \u201eHofkultur im weltlichen Hochstift\u201c von Christian Kammann, der die Leser in die Epoche der F\u00fcrstenh\u00f6fe des 16. und 17. Jahrhunderts mitnimmt. In diesem goldenen Zeitalter der Hofkultur waren [&hellip;]<\/p>\n","protected":false},"author":1,"featured_media":4027,"comment_status":"closed","ping_status":"open","sticky":false,"template":"","format":"standard","meta":{"_jetpack_newsletter_access":"","_jetpack_dont_email_post_to_subs":false,"_jetpack_newsletter_tier_id":0,"_jetpack_memberships_contains_paywalled_content":false,"_jetpack_memberships_contains_paid_content":false,"footnotes":""},"categories":[23],"tags":[],"class_list":["post-4230","post","type-post","status-publish","format-standard","has-post-thumbnail","hentry","category-aktuelles"],"yoast_head":"<!-- This site is optimized with the Yoast SEO plugin v27.4 - https:\/\/yoast.com\/product\/yoast-seo-wordpress\/ -->\n<title>Buchpr\u00e4sentation des Landschaftsverband Stade e.V. im Bachmann-Museum Bremerv\u00f6rde - Bachmann-Museum Bremerv\u00f6rde<\/title>\n<meta name=\"robots\" content=\"index, follow, max-snippet:-1, max-image-preview:large, max-video-preview:-1\" \/>\n<link rel=\"canonical\" href=\"https:\/\/www.bachmann-museum.de\/?p=4230\" \/>\n<meta property=\"og:locale\" content=\"de_DE\" \/>\n<meta property=\"og:type\" content=\"article\" \/>\n<meta property=\"og:title\" content=\"Buchpr\u00e4sentation des Landschaftsverband Stade e.V. im Bachmann-Museum Bremerv\u00f6rde - Bachmann-Museum Bremerv\u00f6rde\" \/>\n<meta property=\"og:description\" content=\"Der Landschaftsverband Stade l\u00e4dt am Montag, den 1. Dezember 2025 um 17 Uhr zu einer Buchvorstellung in das Bachmann-Museum Bremerv\u00f6rde ein. Vorgestellt wird das neu erschienene Werk \u201eHofkultur im weltlichen Hochstift\u201c von Christian Kammann, der die Leser in die Epoche der F\u00fcrstenh\u00f6fe des 16. und 17. Jahrhunderts mitnimmt. In diesem goldenen Zeitalter der Hofkultur waren [&hellip;]\" \/>\n<meta property=\"og:url\" content=\"https:\/\/www.bachmann-museum.de\/?p=4230\" \/>\n<meta property=\"og:site_name\" content=\"Bachmann-Museum Bremerv\u00f6rde\" \/>\n<meta property=\"article:published_time\" content=\"2025-11-26T10:39:22+00:00\" \/>\n<meta property=\"article:modified_time\" content=\"2025-11-28T10:55:06+00:00\" \/>\n<meta property=\"og:image\" content=\"https:\/\/i0.wp.com\/www.bachmann-museum.de\/wp-content\/uploads\/2024\/08\/Bronzerelief-Schloss-BRV-scaled.jpg?fit=2560%2C1701&ssl=1\" \/>\n\t<meta property=\"og:image:width\" content=\"2560\" \/>\n\t<meta property=\"og:image:height\" content=\"1701\" \/>\n\t<meta property=\"og:image:type\" content=\"image\/jpeg\" \/>\n<meta name=\"author\" content=\"Bachmann-Admin_1\" \/>\n<meta name=\"twitter:card\" content=\"summary_large_image\" \/>\n<meta name=\"twitter:label1\" content=\"Verfasst von\" \/>\n\t<meta name=\"twitter:data1\" content=\"Bachmann-Admin_1\" \/>\n\t<meta name=\"twitter:label2\" content=\"Gesch\u00e4tzte Lesezeit\" \/>\n\t<meta name=\"twitter:data2\" content=\"1\u00a0Minute\" \/>\n<script type=\"application\/ld+json\" class=\"yoast-schema-graph\">{\"@context\":\"https:\\\/\\\/schema.org\",\"@graph\":[{\"@type\":\"Article\",\"@id\":\"https:\\\/\\\/www.bachmann-museum.de\\\/?p=4230#article\",\"isPartOf\":{\"@id\":\"https:\\\/\\\/www.bachmann-museum.de\\\/?p=4230\"},\"author\":{\"name\":\"Bachmann-Admin_1\",\"@id\":\"https:\\\/\\\/www.bachmann-museum.de\\\/#\\\/schema\\\/person\\\/4e0a96d1ed2480e1c23c3d5afb424bee\"},\"headline\":\"Buchpr\u00e4sentation des Landschaftsverband Stade e.V. im Bachmann-Museum Bremerv\u00f6rde\",\"datePublished\":\"2025-11-26T10:39:22+00:00\",\"dateModified\":\"2025-11-28T10:55:06+00:00\",\"mainEntityOfPage\":{\"@id\":\"https:\\\/\\\/www.bachmann-museum.de\\\/?p=4230\"},\"wordCount\":225,\"image\":{\"@id\":\"https:\\\/\\\/www.bachmann-museum.de\\\/?p=4230#primaryimage\"},\"thumbnailUrl\":\"https:\\\/\\\/i0.wp.com\\\/www.bachmann-museum.de\\\/wp-content\\\/uploads\\\/2024\\\/08\\\/Bronzerelief-Schloss-BRV-scaled.jpg?fit=2560%2C1701&ssl=1\",\"articleSection\":[\"Aktuelles\"],\"inLanguage\":\"de\"},{\"@type\":\"WebPage\",\"@id\":\"https:\\\/\\\/www.bachmann-museum.de\\\/?p=4230\",\"url\":\"https:\\\/\\\/www.bachmann-museum.de\\\/?p=4230\",\"name\":\"Buchpr\u00e4sentation des Landschaftsverband Stade e.V. im Bachmann-Museum Bremerv\u00f6rde - Bachmann-Museum Bremerv\u00f6rde\",\"isPartOf\":{\"@id\":\"https:\\\/\\\/www.bachmann-museum.de\\\/#website\"},\"primaryImageOfPage\":{\"@id\":\"https:\\\/\\\/www.bachmann-museum.de\\\/?p=4230#primaryimage\"},\"image\":{\"@id\":\"https:\\\/\\\/www.bachmann-museum.de\\\/?p=4230#primaryimage\"},\"thumbnailUrl\":\"https:\\\/\\\/i0.wp.com\\\/www.bachmann-museum.de\\\/wp-content\\\/uploads\\\/2024\\\/08\\\/Bronzerelief-Schloss-BRV-scaled.jpg?fit=2560%2C1701&ssl=1\",\"datePublished\":\"2025-11-26T10:39:22+00:00\",\"dateModified\":\"2025-11-28T10:55:06+00:00\",\"author\":{\"@id\":\"https:\\\/\\\/www.bachmann-museum.de\\\/#\\\/schema\\\/person\\\/4e0a96d1ed2480e1c23c3d5afb424bee\"},\"breadcrumb\":{\"@id\":\"https:\\\/\\\/www.bachmann-museum.de\\\/?p=4230#breadcrumb\"},\"inLanguage\":\"de\",\"potentialAction\":[{\"@type\":\"ReadAction\",\"target\":[\"https:\\\/\\\/www.bachmann-museum.de\\\/?p=4230\"]}]},{\"@type\":\"ImageObject\",\"inLanguage\":\"de\",\"@id\":\"https:\\\/\\\/www.bachmann-museum.de\\\/?p=4230#primaryimage\",\"url\":\"https:\\\/\\\/i0.wp.com\\\/www.bachmann-museum.de\\\/wp-content\\\/uploads\\\/2024\\\/08\\\/Bronzerelief-Schloss-BRV-scaled.jpg?fit=2560%2C1701&ssl=1\",\"contentUrl\":\"https:\\\/\\\/i0.wp.com\\\/www.bachmann-museum.de\\\/wp-content\\\/uploads\\\/2024\\\/08\\\/Bronzerelief-Schloss-BRV-scaled.jpg?fit=2560%2C1701&ssl=1\",\"width\":2560,\"height\":1701,\"caption\":\"Vor dem Museumseingang erinnert ein Bronzemodell des Bremerv\u00f6rder Schlosses an die wechselvolle Geschichte des Geb\u00e4udes. Foto: Bachmann-Museum Bremerv\u00f6rde\"},{\"@type\":\"BreadcrumbList\",\"@id\":\"https:\\\/\\\/www.bachmann-museum.de\\\/?p=4230#breadcrumb\",\"itemListElement\":[{\"@type\":\"ListItem\",\"position\":1,\"name\":\"Start\",\"item\":\"https:\\\/\\\/www.bachmann-museum.de\\\/\"},{\"@type\":\"ListItem\",\"position\":2,\"name\":\"Buchpr\u00e4sentation des Landschaftsverband Stade e.V. im Bachmann-Museum Bremerv\u00f6rde\"}]},{\"@type\":\"WebSite\",\"@id\":\"https:\\\/\\\/www.bachmann-museum.de\\\/#website\",\"url\":\"https:\\\/\\\/www.bachmann-museum.de\\\/\",\"name\":\"Bachmann-Museum Bremerv\u00f6rde\",\"description\":\"\",\"potentialAction\":[{\"@type\":\"SearchAction\",\"target\":{\"@type\":\"EntryPoint\",\"urlTemplate\":\"https:\\\/\\\/www.bachmann-museum.de\\\/?s={search_term_string}\"},\"query-input\":{\"@type\":\"PropertyValueSpecification\",\"valueRequired\":true,\"valueName\":\"search_term_string\"}}],\"inLanguage\":\"de\"},{\"@type\":\"Person\",\"@id\":\"https:\\\/\\\/www.bachmann-museum.de\\\/#\\\/schema\\\/person\\\/4e0a96d1ed2480e1c23c3d5afb424bee\",\"name\":\"Bachmann-Admin_1\",\"image\":{\"@type\":\"ImageObject\",\"inLanguage\":\"de\",\"@id\":\"https:\\\/\\\/secure.gravatar.com\\\/avatar\\\/12b64d40c777adbd0761c887e33f30e0219d4565a9373e68911205fb911bd107?s=96&d=mm&r=g\",\"url\":\"https:\\\/\\\/secure.gravatar.com\\\/avatar\\\/12b64d40c777adbd0761c887e33f30e0219d4565a9373e68911205fb911bd107?s=96&d=mm&r=g\",\"contentUrl\":\"https:\\\/\\\/secure.gravatar.com\\\/avatar\\\/12b64d40c777adbd0761c887e33f30e0219d4565a9373e68911205fb911bd107?s=96&d=mm&r=g\",\"caption\":\"Bachmann-Admin_1\"},\"url\":\"https:\\\/\\\/www.bachmann-museum.de\\\/?author=1\"}]}<\/script>\n<!-- \/ Yoast SEO plugin. -->","yoast_head_json":{"title":"Buchpr\u00e4sentation des Landschaftsverband Stade e.V. im Bachmann-Museum Bremerv\u00f6rde - Bachmann-Museum Bremerv\u00f6rde","robots":{"index":"index","follow":"follow","max-snippet":"max-snippet:-1","max-image-preview":"max-image-preview:large","max-video-preview":"max-video-preview:-1"},"canonical":"https:\/\/www.bachmann-museum.de\/?p=4230","og_locale":"de_DE","og_type":"article","og_title":"Buchpr\u00e4sentation des Landschaftsverband Stade e.V. im Bachmann-Museum Bremerv\u00f6rde - Bachmann-Museum Bremerv\u00f6rde","og_description":"Der Landschaftsverband Stade l\u00e4dt am Montag, den 1. Dezember 2025 um 17 Uhr zu einer Buchvorstellung in das Bachmann-Museum Bremerv\u00f6rde ein. Vorgestellt wird das neu erschienene Werk \u201eHofkultur im weltlichen Hochstift\u201c von Christian Kammann, der die Leser in die Epoche der F\u00fcrstenh\u00f6fe des 16. und 17. Jahrhunderts mitnimmt. In diesem goldenen Zeitalter der Hofkultur waren [&hellip;]","og_url":"https:\/\/www.bachmann-museum.de\/?p=4230","og_site_name":"Bachmann-Museum Bremerv\u00f6rde","article_published_time":"2025-11-26T10:39:22+00:00","article_modified_time":"2025-11-28T10:55:06+00:00","og_image":[{"width":2560,"height":1701,"url":"https:\/\/i0.wp.com\/www.bachmann-museum.de\/wp-content\/uploads\/2024\/08\/Bronzerelief-Schloss-BRV-scaled.jpg?fit=2560%2C1701&ssl=1","type":"image\/jpeg"}],"author":"Bachmann-Admin_1","twitter_card":"summary_large_image","twitter_misc":{"Verfasst von":"Bachmann-Admin_1","Gesch\u00e4tzte Lesezeit":"1\u00a0Minute"},"schema":{"@context":"https:\/\/schema.org","@graph":[{"@type":"Article","@id":"https:\/\/www.bachmann-museum.de\/?p=4230#article","isPartOf":{"@id":"https:\/\/www.bachmann-museum.de\/?p=4230"},"author":{"name":"Bachmann-Admin_1","@id":"https:\/\/www.bachmann-museum.de\/#\/schema\/person\/4e0a96d1ed2480e1c23c3d5afb424bee"},"headline":"Buchpr\u00e4sentation des Landschaftsverband Stade e.V. im Bachmann-Museum Bremerv\u00f6rde","datePublished":"2025-11-26T10:39:22+00:00","dateModified":"2025-11-28T10:55:06+00:00","mainEntityOfPage":{"@id":"https:\/\/www.bachmann-museum.de\/?p=4230"},"wordCount":225,"image":{"@id":"https:\/\/www.bachmann-museum.de\/?p=4230#primaryimage"},"thumbnailUrl":"https:\/\/i0.wp.com\/www.bachmann-museum.de\/wp-content\/uploads\/2024\/08\/Bronzerelief-Schloss-BRV-scaled.jpg?fit=2560%2C1701&ssl=1","articleSection":["Aktuelles"],"inLanguage":"de"},{"@type":"WebPage","@id":"https:\/\/www.bachmann-museum.de\/?p=4230","url":"https:\/\/www.bachmann-museum.de\/?p=4230","name":"Buchpr\u00e4sentation des Landschaftsverband Stade e.V. im Bachmann-Museum Bremerv\u00f6rde - Bachmann-Museum Bremerv\u00f6rde","isPartOf":{"@id":"https:\/\/www.bachmann-museum.de\/#website"},"primaryImageOfPage":{"@id":"https:\/\/www.bachmann-museum.de\/?p=4230#primaryimage"},"image":{"@id":"https:\/\/www.bachmann-museum.de\/?p=4230#primaryimage"},"thumbnailUrl":"https:\/\/i0.wp.com\/www.bachmann-museum.de\/wp-content\/uploads\/2024\/08\/Bronzerelief-Schloss-BRV-scaled.jpg?fit=2560%2C1701&ssl=1","datePublished":"2025-11-26T10:39:22+00:00","dateModified":"2025-11-28T10:55:06+00:00","author":{"@id":"https:\/\/www.bachmann-museum.de\/#\/schema\/person\/4e0a96d1ed2480e1c23c3d5afb424bee"},"breadcrumb":{"@id":"https:\/\/www.bachmann-museum.de\/?p=4230#breadcrumb"},"inLanguage":"de","potentialAction":[{"@type":"ReadAction","target":["https:\/\/www.bachmann-museum.de\/?p=4230"]}]},{"@type":"ImageObject","inLanguage":"de","@id":"https:\/\/www.bachmann-museum.de\/?p=4230#primaryimage","url":"https:\/\/i0.wp.com\/www.bachmann-museum.de\/wp-content\/uploads\/2024\/08\/Bronzerelief-Schloss-BRV-scaled.jpg?fit=2560%2C1701&ssl=1","contentUrl":"https:\/\/i0.wp.com\/www.bachmann-museum.de\/wp-content\/uploads\/2024\/08\/Bronzerelief-Schloss-BRV-scaled.jpg?fit=2560%2C1701&ssl=1","width":2560,"height":1701,"caption":"Vor dem Museumseingang erinnert ein Bronzemodell des Bremerv\u00f6rder Schlosses an die wechselvolle Geschichte des Geb\u00e4udes. Foto: Bachmann-Museum Bremerv\u00f6rde"},{"@type":"BreadcrumbList","@id":"https:\/\/www.bachmann-museum.de\/?p=4230#breadcrumb","itemListElement":[{"@type":"ListItem","position":1,"name":"Start","item":"https:\/\/www.bachmann-museum.de\/"},{"@type":"ListItem","position":2,"name":"Buchpr\u00e4sentation des Landschaftsverband Stade e.V. im Bachmann-Museum Bremerv\u00f6rde"}]},{"@type":"WebSite","@id":"https:\/\/www.bachmann-museum.de\/#website","url":"https:\/\/www.bachmann-museum.de\/","name":"Bachmann-Museum Bremerv\u00f6rde","description":"","potentialAction":[{"@type":"SearchAction","target":{"@type":"EntryPoint","urlTemplate":"https:\/\/www.bachmann-museum.de\/?s={search_term_string}"},"query-input":{"@type":"PropertyValueSpecification","valueRequired":true,"valueName":"search_term_string"}}],"inLanguage":"de"},{"@type":"Person","@id":"https:\/\/www.bachmann-museum.de\/#\/schema\/person\/4e0a96d1ed2480e1c23c3d5afb424bee","name":"Bachmann-Admin_1","image":{"@type":"ImageObject","inLanguage":"de","@id":"https:\/\/secure.gravatar.com\/avatar\/12b64d40c777adbd0761c887e33f30e0219d4565a9373e68911205fb911bd107?s=96&d=mm&r=g","url":"https:\/\/secure.gravatar.com\/avatar\/12b64d40c777adbd0761c887e33f30e0219d4565a9373e68911205fb911bd107?s=96&d=mm&r=g","contentUrl":"https:\/\/secure.gravatar.com\/avatar\/12b64d40c777adbd0761c887e33f30e0219d4565a9373e68911205fb911bd107?s=96&d=mm&r=g","caption":"Bachmann-Admin_1"},"url":"https:\/\/www.bachmann-museum.de\/?author=1"}]}},"jetpack_featured_media_url":"https:\/\/i0.wp.com\/www.bachmann-museum.de\/wp-content\/uploads\/2024\/08\/Bronzerelief-Schloss-BRV-scaled.jpg?fit=2560%2C1701&ssl=1","jetpack_sharing_enabled":true,"jetpack_shortlink":"https:\/\/wp.me\/p5DgYi-16e","jetpack-related-posts":[],"_links":{"self":[{"href":"https:\/\/www.bachmann-museum.de\/index.php?rest_route=\/wp\/v2\/posts\/4230","targetHints":{"allow":["GET"]}}],"collection":[{"href":"https:\/\/www.bachmann-museum.de\/index.php?rest_route=\/wp\/v2\/posts"}],"about":[{"href":"https:\/\/www.bachmann-museum.de\/index.php?rest_route=\/wp\/v2\/types\/post"}],"author":[{"embeddable":true,"href":"https:\/\/www.bachmann-museum.de\/index.php?rest_route=\/wp\/v2\/users\/1"}],"replies":[{"embeddable":true,"href":"https:\/\/www.bachmann-museum.de\/index.php?rest_route=%2Fwp%2Fv2%2Fcomments&post=4230"}],"version-history":[{"count":3,"href":"https:\/\/www.bachmann-museum.de\/index.php?rest_route=\/wp\/v2\/posts\/4230\/revisions"}],"predecessor-version":[{"id":4266,"href":"https:\/\/www.bachmann-museum.de\/index.php?rest_route=\/wp\/v2\/posts\/4230\/revisions\/4266"}],"wp:featuredmedia":[{"embeddable":true,"href":"https:\/\/www.bachmann-museum.de\/index.php?rest_route=\/wp\/v2\/media\/4027"}],"wp:attachment":[{"href":"https:\/\/www.bachmann-museum.de\/index.php?rest_route=%2Fwp%2Fv2%2Fmedia&parent=4230"}],"wp:term":[{"taxonomy":"category","embeddable":true,"href":"https:\/\/www.bachmann-museum.de\/index.php?rest_route=%2Fwp%2Fv2%2Fcategories&post=4230"},{"taxonomy":"post_tag","embeddable":true,"href":"https:\/\/www.bachmann-museum.de\/index.php?rest_route=%2Fwp%2Fv2%2Ftags&post=4230"}],"curies":[{"name":"wp","href":"https:\/\/api.w.org\/{rel}","templated":true}]}}