{"id":4218,"date":"2025-10-15T11:52:54","date_gmt":"2025-10-15T09:52:54","guid":{"rendered":"https:\/\/www.bachmann-museum.de\/?p=4218"},"modified":"2026-01-09T10:49:45","modified_gmt":"2026-01-09T08:49:45","slug":"expertentag-im-kreisarchiv","status":"publish","type":"post","link":"https:\/\/www.bachmann-museum.de\/?p=4218","title":{"rendered":"Expertentag im Kreisarchiv"},"content":{"rendered":"<p><strong>Expertentag im Kreisarchiv<\/strong><\/p>\n<p><strong>Fachleute ordnen alte Handschriften sowie geologische und arch\u00e4ologische Funde der Besucher ein<\/strong><\/p>\n<p><strong>\u00a0<\/strong><\/p>\n<p><strong>Am Sonntag, den 2. November 2025, findet im Kreisarchiv in Bremerv\u00f6rde wieder ein Expertentag f\u00fcr Geologie, Arch\u00e4ologie und alte Handschriften statt. Von 14 bis 17 Uhr laden die Fachleute aus dem Kreisarchiv des Landkreises Rotenburg und aus dem Bachmann-Museum Bremerv\u00f6rde ein, Funde und alte Dokumente vorzulegen und diese erl\u00e4utern zu lassen. <\/strong><\/p>\n<p>Fast in jedem Haushalt sind alte handschriftliche Briefe, Tageb\u00fccher oder Poesiealben, Urkunden und Postkarten zu finden. Doch die alten deutschen Schriften sind oft schwer zu lesen. Mit diesen Herausforderungen kennen sich die Mitarbeiter des zentralen Archivs des Landkreises Rotenburg aus. Bei der Entzifferung und der zeitlichen Einordnung der Dokumente bieten Kreisarchivar S\u00f6nke Kosicki, Archivmitarbeiterin Anke Schriefer und Historiker Dr. Henning M\u00fcller an diesem Tag ihre Unterst\u00fctzung an. Au\u00dferdem geben sie Tipps, wie die interessanten alten Handschriften zuhause gut aufbewahrt werden k\u00f6nnen.<\/p>\n<p>Ob Fossilien, Steinwerkzeuge, M\u00fcnzen oder Keramikscherben \u2013 \u00fcberall im zentralen Elbe-Weser-Dreieck finden sich Spuren der Erd- und Menschheitsgeschichte. Manchmal sind sie in Steinhaufen an Feldr\u00e4ndern verborgen, werden am Wegesrand zuf\u00e4llig beim Spazierengehen aufgelesen oder treten beim Umgraben im eigenen Garten zu Tage.<\/p>\n<p>Einen detaillierten Blick auf geologische Funde wirft der langj\u00e4hrige Museumsleiter und Geologe Ulrich Schliemann. Die Arch\u00e4ologin Meike Mittmann, wissenschaftliche Mitarbeiterin des Museums, besch\u00e4ftigt sich an diesem Tag mit den arch\u00e4ologischen Objekten und verr\u00e4t: \u201eDie Funde, die uns die Menschen mitbringen, k\u00f6nnen sehr vielf\u00e4ltig sein: aus Stein, Metall, Keramik, Holz oder Knochen\u201c. Wie alt diese Funde sind und was sie \u00fcber die Geschichte unserer Region verraten, k\u00f6nnen die beiden Fachleute oft schon auf den ersten Blick erkennen.<\/p>\n<p><strong>\u00a0<\/strong><\/p>\n<p><strong>Das Kreisarchiv ist am Veranstaltungstag von 14 bis 17 Uhr ge\u00f6ffnet. Besucher werden gebeten, nur einzelne Funde und Handschriften mitzubringen. Die Teilnahme ist kostenlos. Eine Anmeldung ist nicht erforderlich. Bei Fragen erreichen sie das Kreisarchiv unter: \u00a004761\/983 51 15, kreisarchiv@lk-row.de und das Bachmann-Museum unter 04761\/983 46 03, museum@lk-row.de. <\/strong><\/p>\n<p><strong>\u00a0<\/strong><\/p>\n<p><strong>Unsere Tipps:<\/strong> Das Bachmann-Museum ist bei der Veranstaltung mit einem B\u00fcchertisch vertreten. Besucher k\u00f6nnen dort B\u00fccher zur Geschichte, Arch\u00e4ologie, Geologie der Region und die Schriften des Bachmann-Museums erwerben. Dar\u00fcber hinaus steht nicht nur die regionalgeschichtliche Bibliothek des Kreisarchivs an diesem Tag f\u00fcr alle Interessierten offen, sondern es k\u00f6nnen auch Rechercheanfragen jeglicher Art an das Archiv gerichtet werden.<\/p>\n<p><img data-recalc-dims=\"1\" loading=\"lazy\" decoding=\"async\" data-attachment-id=\"4219\" data-permalink=\"https:\/\/www.bachmann-museum.de\/?attachment_id=4219\" data-orig-file=\"https:\/\/i0.wp.com\/www.bachmann-museum.de\/wp-content\/uploads\/2025\/10\/Ulrich-Schliemann-Beratung-Geologie-scaled.jpg?fit=2560%2C1410&amp;ssl=1\" data-orig-size=\"2560,1410\" data-comments-opened=\"0\" data-image-meta=\"{&quot;aperture&quot;:&quot;3.5&quot;,&quot;credit&quot;:&quot;&quot;,&quot;camera&quot;:&quot;Canon EOS 1000D&quot;,&quot;caption&quot;:&quot;&quot;,&quot;created_timestamp&quot;:&quot;1322410190&quot;,&quot;copyright&quot;:&quot;&quot;,&quot;focal_length&quot;:&quot;23&quot;,&quot;iso&quot;:&quot;400&quot;,&quot;shutter_speed&quot;:&quot;0.033333333333333&quot;,&quot;title&quot;:&quot;&quot;,&quot;orientation&quot;:&quot;1&quot;}\" data-image-title=\"Ulrich Schliemann Beratung Geologie\" data-image-description=\"\" data-image-caption=\"\" data-large-file=\"https:\/\/i0.wp.com\/www.bachmann-museum.de\/wp-content\/uploads\/2025\/10\/Ulrich-Schliemann-Beratung-Geologie-scaled.jpg?fit=750%2C413&amp;ssl=1\" class=\"alignnone wp-image-4219\" src=\"https:\/\/i0.wp.com\/www.bachmann-museum.de\/wp-content\/uploads\/2025\/10\/Ulrich-Schliemann-Beratung-Geologie.jpg?resize=347%2C191&#038;ssl=1\" alt=\"\" width=\"347\" height=\"191\" srcset=\"https:\/\/i0.wp.com\/www.bachmann-museum.de\/wp-content\/uploads\/2025\/10\/Ulrich-Schliemann-Beratung-Geologie-scaled.jpg?resize=1024%2C564&amp;ssl=1 1024w, https:\/\/i0.wp.com\/www.bachmann-museum.de\/wp-content\/uploads\/2025\/10\/Ulrich-Schliemann-Beratung-Geologie-scaled.jpg?resize=300%2C165&amp;ssl=1 300w, https:\/\/i0.wp.com\/www.bachmann-museum.de\/wp-content\/uploads\/2025\/10\/Ulrich-Schliemann-Beratung-Geologie-scaled.jpg?resize=768%2C423&amp;ssl=1 768w, https:\/\/i0.wp.com\/www.bachmann-museum.de\/wp-content\/uploads\/2025\/10\/Ulrich-Schliemann-Beratung-Geologie-scaled.jpg?resize=1536%2C846&amp;ssl=1 1536w, https:\/\/i0.wp.com\/www.bachmann-museum.de\/wp-content\/uploads\/2025\/10\/Ulrich-Schliemann-Beratung-Geologie-scaled.jpg?resize=2048%2C1128&amp;ssl=1 2048w, https:\/\/i0.wp.com\/www.bachmann-museum.de\/wp-content\/uploads\/2025\/10\/Ulrich-Schliemann-Beratung-Geologie-scaled.jpg?w=2250&amp;ssl=1 2250w\" sizes=\"auto, (max-width: 347px) 100vw, 347px\" \/><\/p>\n<p>Ulrich Schliemann (rechts) ist behilflich, wenn Besucher beim Expertentag im Kreisarchiv mehr \u00fcber geologische Funde wissen m\u00f6chten. Foto: Bachmann-Museum Bremerv\u00f6rde<\/p>\n<p><img data-recalc-dims=\"1\" loading=\"lazy\" decoding=\"async\" data-attachment-id=\"4220\" data-permalink=\"https:\/\/www.bachmann-museum.de\/?attachment_id=4220\" data-orig-file=\"https:\/\/i0.wp.com\/www.bachmann-museum.de\/wp-content\/uploads\/2025\/10\/Henning-Mueller-Soenke-Kosicki-Kreisarchiv-fuer-Expertentag.jpg?fit=2065%2C2061&amp;ssl=1\" data-orig-size=\"2065,2061\" data-comments-opened=\"0\" data-image-meta=\"{&quot;aperture&quot;:&quot;0&quot;,&quot;credit&quot;:&quot;Horstrup Ellen&quot;,&quot;camera&quot;:&quot;&quot;,&quot;caption&quot;:&quot;&quot;,&quot;created_timestamp&quot;:&quot;0&quot;,&quot;copyright&quot;:&quot;&quot;,&quot;focal_length&quot;:&quot;0&quot;,&quot;iso&quot;:&quot;0&quot;,&quot;shutter_speed&quot;:&quot;0&quot;,&quot;title&quot;:&quot;&quot;,&quot;orientation&quot;:&quot;0&quot;}\" data-image-title=\"Henning M\u00fcller S\u00f6nke Kosicki Kreisarchiv f\u00fcr Expertentag\" data-image-description=\"\" data-image-caption=\"\" data-large-file=\"https:\/\/i0.wp.com\/www.bachmann-museum.de\/wp-content\/uploads\/2025\/10\/Henning-Mueller-Soenke-Kosicki-Kreisarchiv-fuer-Expertentag.jpg?fit=750%2C749&amp;ssl=1\" class=\"alignnone wp-image-4220\" src=\"https:\/\/i0.wp.com\/www.bachmann-museum.de\/wp-content\/uploads\/2025\/10\/Henning-Mueller-Soenke-Kosicki-Kreisarchiv-fuer-Expertentag-1024x1022.jpg?resize=336%2C335&#038;ssl=1\" alt=\"\" width=\"336\" height=\"335\" srcset=\"https:\/\/i0.wp.com\/www.bachmann-museum.de\/wp-content\/uploads\/2025\/10\/Henning-Mueller-Soenke-Kosicki-Kreisarchiv-fuer-Expertentag.jpg?resize=1024%2C1022&amp;ssl=1 1024w, https:\/\/i0.wp.com\/www.bachmann-museum.de\/wp-content\/uploads\/2025\/10\/Henning-Mueller-Soenke-Kosicki-Kreisarchiv-fuer-Expertentag.jpg?resize=300%2C300&amp;ssl=1 300w, https:\/\/i0.wp.com\/www.bachmann-museum.de\/wp-content\/uploads\/2025\/10\/Henning-Mueller-Soenke-Kosicki-Kreisarchiv-fuer-Expertentag.jpg?resize=150%2C150&amp;ssl=1 150w, https:\/\/i0.wp.com\/www.bachmann-museum.de\/wp-content\/uploads\/2025\/10\/Henning-Mueller-Soenke-Kosicki-Kreisarchiv-fuer-Expertentag.jpg?resize=768%2C767&amp;ssl=1 768w, https:\/\/i0.wp.com\/www.bachmann-museum.de\/wp-content\/uploads\/2025\/10\/Henning-Mueller-Soenke-Kosicki-Kreisarchiv-fuer-Expertentag.jpg?resize=1536%2C1533&amp;ssl=1 1536w, https:\/\/i0.wp.com\/www.bachmann-museum.de\/wp-content\/uploads\/2025\/10\/Henning-Mueller-Soenke-Kosicki-Kreisarchiv-fuer-Expertentag.jpg?resize=2048%2C2044&amp;ssl=1 2048w\" sizes=\"auto, (max-width: 336px) 100vw, 336px\" \/><\/p>\n<p>Helfen beim Expertentag beim Entziffern und bei der zeitlichen Einordnung alter Dokumente: Der Historiker Dr. Henning M\u00fcller (links) und Kreisarchivar S\u00f6nke Kosicki. Foto: Kreisarchiv<\/p>\n<p>(15. Oktober 2025)<\/p>\n","protected":false},"excerpt":{"rendered":"<p>Expertentag im Kreisarchiv Fachleute ordnen alte Handschriften sowie geologische und arch\u00e4ologische Funde der Besucher ein \u00a0 Am Sonntag, den 2. November 2025, findet im Kreisarchiv in Bremerv\u00f6rde wieder ein Expertentag f\u00fcr Geologie, Arch\u00e4ologie und alte Handschriften statt. Von 14 bis 17 Uhr laden die Fachleute aus dem Kreisarchiv des Landkreises Rotenburg und aus dem Bachmann-Museum [&hellip;]<\/p>\n","protected":false},"author":1,"featured_media":4220,"comment_status":"closed","ping_status":"open","sticky":true,"template":"","format":"standard","meta":{"_jetpack_newsletter_access":"","_jetpack_dont_email_post_to_subs":false,"_jetpack_newsletter_tier_id":0,"_jetpack_memberships_contains_paywalled_content":false,"_jetpack_memberships_contains_paid_content":false,"footnotes":""},"categories":[23],"tags":[],"class_list":["post-4218","post","type-post","status-publish","format-standard","has-post-thumbnail","hentry","category-aktuelles"],"yoast_head":"<!-- This site is optimized with the Yoast SEO plugin v27.4 - https:\/\/yoast.com\/product\/yoast-seo-wordpress\/ -->\n<title>Expertentag im Kreisarchiv - Bachmann-Museum Bremerv\u00f6rde<\/title>\n<meta name=\"robots\" content=\"index, follow, max-snippet:-1, max-image-preview:large, max-video-preview:-1\" \/>\n<link rel=\"canonical\" href=\"https:\/\/www.bachmann-museum.de\/?p=4218\" \/>\n<meta property=\"og:locale\" content=\"de_DE\" \/>\n<meta property=\"og:type\" content=\"article\" \/>\n<meta property=\"og:title\" content=\"Expertentag im Kreisarchiv - Bachmann-Museum Bremerv\u00f6rde\" \/>\n<meta property=\"og:description\" content=\"Expertentag im Kreisarchiv Fachleute ordnen alte Handschriften sowie geologische und arch\u00e4ologische Funde der Besucher ein \u00a0 Am Sonntag, den 2. November 2025, findet im Kreisarchiv in Bremerv\u00f6rde wieder ein Expertentag f\u00fcr Geologie, Arch\u00e4ologie und alte Handschriften statt. Von 14 bis 17 Uhr laden die Fachleute aus dem Kreisarchiv des Landkreises Rotenburg und aus dem Bachmann-Museum [&hellip;]\" \/>\n<meta property=\"og:url\" content=\"https:\/\/www.bachmann-museum.de\/?p=4218\" \/>\n<meta property=\"og:site_name\" content=\"Bachmann-Museum Bremerv\u00f6rde\" \/>\n<meta property=\"article:published_time\" content=\"2025-10-15T09:52:54+00:00\" \/>\n<meta property=\"article:modified_time\" content=\"2026-01-09T08:49:45+00:00\" \/>\n<meta property=\"og:image\" content=\"https:\/\/i0.wp.com\/www.bachmann-museum.de\/wp-content\/uploads\/2025\/10\/Henning-Mueller-Soenke-Kosicki-Kreisarchiv-fuer-Expertentag.jpg?fit=2065%2C2061&ssl=1\" \/>\n\t<meta property=\"og:image:width\" content=\"2065\" \/>\n\t<meta property=\"og:image:height\" content=\"2061\" \/>\n\t<meta property=\"og:image:type\" content=\"image\/jpeg\" \/>\n<meta name=\"author\" content=\"Bachmann-Admin_1\" \/>\n<meta name=\"twitter:card\" content=\"summary_large_image\" \/>\n<meta name=\"twitter:label1\" content=\"Verfasst von\" \/>\n\t<meta name=\"twitter:data1\" content=\"Bachmann-Admin_1\" \/>\n\t<meta name=\"twitter:label2\" content=\"Gesch\u00e4tzte Lesezeit\" \/>\n\t<meta name=\"twitter:data2\" content=\"2\u00a0Minuten\" \/>\n<script type=\"application\/ld+json\" class=\"yoast-schema-graph\">{\"@context\":\"https:\\\/\\\/schema.org\",\"@graph\":[{\"@type\":\"Article\",\"@id\":\"https:\\\/\\\/www.bachmann-museum.de\\\/?p=4218#article\",\"isPartOf\":{\"@id\":\"https:\\\/\\\/www.bachmann-museum.de\\\/?p=4218\"},\"author\":{\"name\":\"Bachmann-Admin_1\",\"@id\":\"https:\\\/\\\/www.bachmann-museum.de\\\/#\\\/schema\\\/person\\\/4e0a96d1ed2480e1c23c3d5afb424bee\"},\"headline\":\"Expertentag im Kreisarchiv\",\"datePublished\":\"2025-10-15T09:52:54+00:00\",\"dateModified\":\"2026-01-09T08:49:45+00:00\",\"mainEntityOfPage\":{\"@id\":\"https:\\\/\\\/www.bachmann-museum.de\\\/?p=4218\"},\"wordCount\":444,\"image\":{\"@id\":\"https:\\\/\\\/www.bachmann-museum.de\\\/?p=4218#primaryimage\"},\"thumbnailUrl\":\"https:\\\/\\\/i0.wp.com\\\/www.bachmann-museum.de\\\/wp-content\\\/uploads\\\/2025\\\/10\\\/Henning-Mueller-Soenke-Kosicki-Kreisarchiv-fuer-Expertentag.jpg?fit=2065%2C2061&ssl=1\",\"articleSection\":[\"Aktuelles\"],\"inLanguage\":\"de\"},{\"@type\":\"WebPage\",\"@id\":\"https:\\\/\\\/www.bachmann-museum.de\\\/?p=4218\",\"url\":\"https:\\\/\\\/www.bachmann-museum.de\\\/?p=4218\",\"name\":\"Expertentag im Kreisarchiv - Bachmann-Museum Bremerv\u00f6rde\",\"isPartOf\":{\"@id\":\"https:\\\/\\\/www.bachmann-museum.de\\\/#website\"},\"primaryImageOfPage\":{\"@id\":\"https:\\\/\\\/www.bachmann-museum.de\\\/?p=4218#primaryimage\"},\"image\":{\"@id\":\"https:\\\/\\\/www.bachmann-museum.de\\\/?p=4218#primaryimage\"},\"thumbnailUrl\":\"https:\\\/\\\/i0.wp.com\\\/www.bachmann-museum.de\\\/wp-content\\\/uploads\\\/2025\\\/10\\\/Henning-Mueller-Soenke-Kosicki-Kreisarchiv-fuer-Expertentag.jpg?fit=2065%2C2061&ssl=1\",\"datePublished\":\"2025-10-15T09:52:54+00:00\",\"dateModified\":\"2026-01-09T08:49:45+00:00\",\"author\":{\"@id\":\"https:\\\/\\\/www.bachmann-museum.de\\\/#\\\/schema\\\/person\\\/4e0a96d1ed2480e1c23c3d5afb424bee\"},\"breadcrumb\":{\"@id\":\"https:\\\/\\\/www.bachmann-museum.de\\\/?p=4218#breadcrumb\"},\"inLanguage\":\"de\",\"potentialAction\":[{\"@type\":\"ReadAction\",\"target\":[\"https:\\\/\\\/www.bachmann-museum.de\\\/?p=4218\"]}]},{\"@type\":\"ImageObject\",\"inLanguage\":\"de\",\"@id\":\"https:\\\/\\\/www.bachmann-museum.de\\\/?p=4218#primaryimage\",\"url\":\"https:\\\/\\\/i0.wp.com\\\/www.bachmann-museum.de\\\/wp-content\\\/uploads\\\/2025\\\/10\\\/Henning-Mueller-Soenke-Kosicki-Kreisarchiv-fuer-Expertentag.jpg?fit=2065%2C2061&ssl=1\",\"contentUrl\":\"https:\\\/\\\/i0.wp.com\\\/www.bachmann-museum.de\\\/wp-content\\\/uploads\\\/2025\\\/10\\\/Henning-Mueller-Soenke-Kosicki-Kreisarchiv-fuer-Expertentag.jpg?fit=2065%2C2061&ssl=1\",\"width\":2065,\"height\":2061},{\"@type\":\"BreadcrumbList\",\"@id\":\"https:\\\/\\\/www.bachmann-museum.de\\\/?p=4218#breadcrumb\",\"itemListElement\":[{\"@type\":\"ListItem\",\"position\":1,\"name\":\"Start\",\"item\":\"https:\\\/\\\/www.bachmann-museum.de\\\/\"},{\"@type\":\"ListItem\",\"position\":2,\"name\":\"Expertentag im Kreisarchiv\"}]},{\"@type\":\"WebSite\",\"@id\":\"https:\\\/\\\/www.bachmann-museum.de\\\/#website\",\"url\":\"https:\\\/\\\/www.bachmann-museum.de\\\/\",\"name\":\"Bachmann-Museum Bremerv\u00f6rde\",\"description\":\"\",\"potentialAction\":[{\"@type\":\"SearchAction\",\"target\":{\"@type\":\"EntryPoint\",\"urlTemplate\":\"https:\\\/\\\/www.bachmann-museum.de\\\/?s={search_term_string}\"},\"query-input\":{\"@type\":\"PropertyValueSpecification\",\"valueRequired\":true,\"valueName\":\"search_term_string\"}}],\"inLanguage\":\"de\"},{\"@type\":\"Person\",\"@id\":\"https:\\\/\\\/www.bachmann-museum.de\\\/#\\\/schema\\\/person\\\/4e0a96d1ed2480e1c23c3d5afb424bee\",\"name\":\"Bachmann-Admin_1\",\"image\":{\"@type\":\"ImageObject\",\"inLanguage\":\"de\",\"@id\":\"https:\\\/\\\/secure.gravatar.com\\\/avatar\\\/12b64d40c777adbd0761c887e33f30e0219d4565a9373e68911205fb911bd107?s=96&d=mm&r=g\",\"url\":\"https:\\\/\\\/secure.gravatar.com\\\/avatar\\\/12b64d40c777adbd0761c887e33f30e0219d4565a9373e68911205fb911bd107?s=96&d=mm&r=g\",\"contentUrl\":\"https:\\\/\\\/secure.gravatar.com\\\/avatar\\\/12b64d40c777adbd0761c887e33f30e0219d4565a9373e68911205fb911bd107?s=96&d=mm&r=g\",\"caption\":\"Bachmann-Admin_1\"},\"url\":\"https:\\\/\\\/www.bachmann-museum.de\\\/?author=1\"}]}<\/script>\n<!-- \/ Yoast SEO plugin. -->","yoast_head_json":{"title":"Expertentag im Kreisarchiv - Bachmann-Museum Bremerv\u00f6rde","robots":{"index":"index","follow":"follow","max-snippet":"max-snippet:-1","max-image-preview":"max-image-preview:large","max-video-preview":"max-video-preview:-1"},"canonical":"https:\/\/www.bachmann-museum.de\/?p=4218","og_locale":"de_DE","og_type":"article","og_title":"Expertentag im Kreisarchiv - Bachmann-Museum Bremerv\u00f6rde","og_description":"Expertentag im Kreisarchiv Fachleute ordnen alte Handschriften sowie geologische und arch\u00e4ologische Funde der Besucher ein \u00a0 Am Sonntag, den 2. November 2025, findet im Kreisarchiv in Bremerv\u00f6rde wieder ein Expertentag f\u00fcr Geologie, Arch\u00e4ologie und alte Handschriften statt. Von 14 bis 17 Uhr laden die Fachleute aus dem Kreisarchiv des Landkreises Rotenburg und aus dem Bachmann-Museum [&hellip;]","og_url":"https:\/\/www.bachmann-museum.de\/?p=4218","og_site_name":"Bachmann-Museum Bremerv\u00f6rde","article_published_time":"2025-10-15T09:52:54+00:00","article_modified_time":"2026-01-09T08:49:45+00:00","og_image":[{"width":2065,"height":2061,"url":"https:\/\/i0.wp.com\/www.bachmann-museum.de\/wp-content\/uploads\/2025\/10\/Henning-Mueller-Soenke-Kosicki-Kreisarchiv-fuer-Expertentag.jpg?fit=2065%2C2061&ssl=1","type":"image\/jpeg"}],"author":"Bachmann-Admin_1","twitter_card":"summary_large_image","twitter_misc":{"Verfasst von":"Bachmann-Admin_1","Gesch\u00e4tzte Lesezeit":"2\u00a0Minuten"},"schema":{"@context":"https:\/\/schema.org","@graph":[{"@type":"Article","@id":"https:\/\/www.bachmann-museum.de\/?p=4218#article","isPartOf":{"@id":"https:\/\/www.bachmann-museum.de\/?p=4218"},"author":{"name":"Bachmann-Admin_1","@id":"https:\/\/www.bachmann-museum.de\/#\/schema\/person\/4e0a96d1ed2480e1c23c3d5afb424bee"},"headline":"Expertentag im Kreisarchiv","datePublished":"2025-10-15T09:52:54+00:00","dateModified":"2026-01-09T08:49:45+00:00","mainEntityOfPage":{"@id":"https:\/\/www.bachmann-museum.de\/?p=4218"},"wordCount":444,"image":{"@id":"https:\/\/www.bachmann-museum.de\/?p=4218#primaryimage"},"thumbnailUrl":"https:\/\/i0.wp.com\/www.bachmann-museum.de\/wp-content\/uploads\/2025\/10\/Henning-Mueller-Soenke-Kosicki-Kreisarchiv-fuer-Expertentag.jpg?fit=2065%2C2061&ssl=1","articleSection":["Aktuelles"],"inLanguage":"de"},{"@type":"WebPage","@id":"https:\/\/www.bachmann-museum.de\/?p=4218","url":"https:\/\/www.bachmann-museum.de\/?p=4218","name":"Expertentag im Kreisarchiv - Bachmann-Museum Bremerv\u00f6rde","isPartOf":{"@id":"https:\/\/www.bachmann-museum.de\/#website"},"primaryImageOfPage":{"@id":"https:\/\/www.bachmann-museum.de\/?p=4218#primaryimage"},"image":{"@id":"https:\/\/www.bachmann-museum.de\/?p=4218#primaryimage"},"thumbnailUrl":"https:\/\/i0.wp.com\/www.bachmann-museum.de\/wp-content\/uploads\/2025\/10\/Henning-Mueller-Soenke-Kosicki-Kreisarchiv-fuer-Expertentag.jpg?fit=2065%2C2061&ssl=1","datePublished":"2025-10-15T09:52:54+00:00","dateModified":"2026-01-09T08:49:45+00:00","author":{"@id":"https:\/\/www.bachmann-museum.de\/#\/schema\/person\/4e0a96d1ed2480e1c23c3d5afb424bee"},"breadcrumb":{"@id":"https:\/\/www.bachmann-museum.de\/?p=4218#breadcrumb"},"inLanguage":"de","potentialAction":[{"@type":"ReadAction","target":["https:\/\/www.bachmann-museum.de\/?p=4218"]}]},{"@type":"ImageObject","inLanguage":"de","@id":"https:\/\/www.bachmann-museum.de\/?p=4218#primaryimage","url":"https:\/\/i0.wp.com\/www.bachmann-museum.de\/wp-content\/uploads\/2025\/10\/Henning-Mueller-Soenke-Kosicki-Kreisarchiv-fuer-Expertentag.jpg?fit=2065%2C2061&ssl=1","contentUrl":"https:\/\/i0.wp.com\/www.bachmann-museum.de\/wp-content\/uploads\/2025\/10\/Henning-Mueller-Soenke-Kosicki-Kreisarchiv-fuer-Expertentag.jpg?fit=2065%2C2061&ssl=1","width":2065,"height":2061},{"@type":"BreadcrumbList","@id":"https:\/\/www.bachmann-museum.de\/?p=4218#breadcrumb","itemListElement":[{"@type":"ListItem","position":1,"name":"Start","item":"https:\/\/www.bachmann-museum.de\/"},{"@type":"ListItem","position":2,"name":"Expertentag im Kreisarchiv"}]},{"@type":"WebSite","@id":"https:\/\/www.bachmann-museum.de\/#website","url":"https:\/\/www.bachmann-museum.de\/","name":"Bachmann-Museum Bremerv\u00f6rde","description":"","potentialAction":[{"@type":"SearchAction","target":{"@type":"EntryPoint","urlTemplate":"https:\/\/www.bachmann-museum.de\/?s={search_term_string}"},"query-input":{"@type":"PropertyValueSpecification","valueRequired":true,"valueName":"search_term_string"}}],"inLanguage":"de"},{"@type":"Person","@id":"https:\/\/www.bachmann-museum.de\/#\/schema\/person\/4e0a96d1ed2480e1c23c3d5afb424bee","name":"Bachmann-Admin_1","image":{"@type":"ImageObject","inLanguage":"de","@id":"https:\/\/secure.gravatar.com\/avatar\/12b64d40c777adbd0761c887e33f30e0219d4565a9373e68911205fb911bd107?s=96&d=mm&r=g","url":"https:\/\/secure.gravatar.com\/avatar\/12b64d40c777adbd0761c887e33f30e0219d4565a9373e68911205fb911bd107?s=96&d=mm&r=g","contentUrl":"https:\/\/secure.gravatar.com\/avatar\/12b64d40c777adbd0761c887e33f30e0219d4565a9373e68911205fb911bd107?s=96&d=mm&r=g","caption":"Bachmann-Admin_1"},"url":"https:\/\/www.bachmann-museum.de\/?author=1"}]}},"jetpack_featured_media_url":"https:\/\/i0.wp.com\/www.bachmann-museum.de\/wp-content\/uploads\/2025\/10\/Henning-Mueller-Soenke-Kosicki-Kreisarchiv-fuer-Expertentag.jpg?fit=2065%2C2061&ssl=1","jetpack_sharing_enabled":true,"jetpack_shortlink":"https:\/\/wp.me\/p5DgYi-162","jetpack-related-posts":[],"_links":{"self":[{"href":"https:\/\/www.bachmann-museum.de\/index.php?rest_route=\/wp\/v2\/posts\/4218","targetHints":{"allow":["GET"]}}],"collection":[{"href":"https:\/\/www.bachmann-museum.de\/index.php?rest_route=\/wp\/v2\/posts"}],"about":[{"href":"https:\/\/www.bachmann-museum.de\/index.php?rest_route=\/wp\/v2\/types\/post"}],"author":[{"embeddable":true,"href":"https:\/\/www.bachmann-museum.de\/index.php?rest_route=\/wp\/v2\/users\/1"}],"replies":[{"embeddable":true,"href":"https:\/\/www.bachmann-museum.de\/index.php?rest_route=%2Fwp%2Fv2%2Fcomments&post=4218"}],"version-history":[{"count":3,"href":"https:\/\/www.bachmann-museum.de\/index.php?rest_route=\/wp\/v2\/posts\/4218\/revisions"}],"predecessor-version":[{"id":4268,"href":"https:\/\/www.bachmann-museum.de\/index.php?rest_route=\/wp\/v2\/posts\/4218\/revisions\/4268"}],"wp:featuredmedia":[{"embeddable":true,"href":"https:\/\/www.bachmann-museum.de\/index.php?rest_route=\/wp\/v2\/media\/4220"}],"wp:attachment":[{"href":"https:\/\/www.bachmann-museum.de\/index.php?rest_route=%2Fwp%2Fv2%2Fmedia&parent=4218"}],"wp:term":[{"taxonomy":"category","embeddable":true,"href":"https:\/\/www.bachmann-museum.de\/index.php?rest_route=%2Fwp%2Fv2%2Fcategories&post=4218"},{"taxonomy":"post_tag","embeddable":true,"href":"https:\/\/www.bachmann-museum.de\/index.php?rest_route=%2Fwp%2Fv2%2Ftags&post=4218"}],"curies":[{"name":"wp","href":"https:\/\/api.w.org\/{rel}","templated":true}]}}