{"id":4182,"date":"2025-04-08T14:48:39","date_gmt":"2025-04-08T12:48:39","guid":{"rendered":"https:\/\/www.bachmann-museum.de\/?p=4182"},"modified":"2025-04-08T14:48:39","modified_gmt":"2025-04-08T12:48:39","slug":"programm-zum-museumstag","status":"publish","type":"post","link":"https:\/\/www.bachmann-museum.de\/?p=4182","title":{"rendered":"Programm zum Museumstag"},"content":{"rendered":"<p>Das Bachmann-Museum Bremerv\u00f6rde beteiligt sich mit zwei Veranstaltungen am Internationalen Museumstag am 18. Mai. Im Steinzeitlager erleben gro\u00dfe und kleine Entdecker das Leben der Menschen in der Mittelsteinzeit, und eine F\u00fchrung bietet spannende Einblicke in die Geschichte des Bremerv\u00f6rder Schlosses.<\/p>\n<p>Im Steinzeitlager am idyllischen Auesee, in unmittelbarer N\u00e4he zum Museumsgeb\u00e4ude in der Bremerv\u00f6rder Amtsallee 8 gelegen, beginnt um 10 Uhr eine spannende Entdeckungsreise in die Zeit zwischen etwa 9500 bis 4000 vor Christus. Gro\u00dfe und kleine Teilnehmer tauchen gemeinsam in das Leben der Menschen in der Mittelsteinzeit ein, stellen Schmuck her, lernen die Werkzeuge und Waffen kennen und erfahren, wie die Menschen in der Mittelsteinzeit ohne Streichh\u00f6lzer das lebenswichtige Feuer entfachen konnten.<\/p>\n<p>Die F\u00fchrung zur Geschichte des Bremerv\u00f6rder Schlosses beginnt um 11 Uhr. Aus der kleinen mittelalterlichen Burganlage entwickelte sich bis in das 17. Jahrhundert hinein die gr\u00f6\u00dfte befestigte Schlossanlage des Elbe-Weser-Dreiecks. Starke Festungsmauern, prunkvolle Residenzgeb\u00e4ude und weitl\u00e4ufige G\u00e4rten charakterisierten das Schloss, das 1680 aufgegeben und abgetragen wurde, aber bis heute noch viele Spuren hinterlassen hat.<\/p>\n<p>Beide Veranstaltungen finden drau\u00dfen statt. Die Teilnahme ist kostenlos, eine Anmeldung ist nicht erforderlich. Bei starkem Regen f\u00e4llt das Programm im Steinzeitlager aus. Treffpunkt ist der Haupteingang des Museums.<\/p>\n<p>Die Dauerausstellung ist geschlossen. Die Toiletten und der Museumsshop sind am Veranstaltungstag ge\u00f6ffnet.<\/p>\n","protected":false},"excerpt":{"rendered":"<p>Das Bachmann-Museum Bremerv\u00f6rde beteiligt sich mit zwei Veranstaltungen am Internationalen Museumstag am 18. Mai. Im Steinzeitlager erleben gro\u00dfe und kleine Entdecker das Leben der Menschen in der Mittelsteinzeit, und eine F\u00fchrung bietet spannende Einblicke in die Geschichte des Bremerv\u00f6rder Schlosses. Im Steinzeitlager am idyllischen Auesee, in unmittelbarer N\u00e4he zum Museumsgeb\u00e4ude in der Bremerv\u00f6rder Amtsallee 8 [&hellip;]<\/p>\n","protected":false},"author":1,"featured_media":4183,"comment_status":"closed","ping_status":"open","sticky":false,"template":"","format":"standard","meta":{"_jetpack_newsletter_access":"","_jetpack_dont_email_post_to_subs":false,"_jetpack_newsletter_tier_id":0,"_jetpack_memberships_contains_paywalled_content":false,"_jetpack_memberships_contains_paid_content":false,"footnotes":""},"categories":[1],"tags":[],"class_list":["post-4182","post","type-post","status-publish","format-standard","has-post-thumbnail","hentry","category-allgemein"],"yoast_head":"<!-- This site is optimized with the Yoast SEO plugin v27.4 - https:\/\/yoast.com\/product\/yoast-seo-wordpress\/ -->\n<title>Programm zum Museumstag - Bachmann-Museum Bremerv\u00f6rde<\/title>\n<meta name=\"robots\" content=\"index, follow, max-snippet:-1, max-image-preview:large, max-video-preview:-1\" \/>\n<link rel=\"canonical\" href=\"https:\/\/www.bachmann-museum.de\/?p=4182\" \/>\n<meta property=\"og:locale\" content=\"de_DE\" \/>\n<meta property=\"og:type\" content=\"article\" \/>\n<meta property=\"og:title\" content=\"Programm zum Museumstag - Bachmann-Museum Bremerv\u00f6rde\" \/>\n<meta property=\"og:description\" content=\"Das Bachmann-Museum Bremerv\u00f6rde beteiligt sich mit zwei Veranstaltungen am Internationalen Museumstag am 18. Mai. Im Steinzeitlager erleben gro\u00dfe und kleine Entdecker das Leben der Menschen in der Mittelsteinzeit, und eine F\u00fchrung bietet spannende Einblicke in die Geschichte des Bremerv\u00f6rder Schlosses. Im Steinzeitlager am idyllischen Auesee, in unmittelbarer N\u00e4he zum Museumsgeb\u00e4ude in der Bremerv\u00f6rder Amtsallee 8 [&hellip;]\" \/>\n<meta property=\"og:url\" content=\"https:\/\/www.bachmann-museum.de\/?p=4182\" \/>\n<meta property=\"og:site_name\" content=\"Bachmann-Museum Bremerv\u00f6rde\" \/>\n<meta property=\"article:published_time\" content=\"2025-04-08T12:48:39+00:00\" \/>\n<meta property=\"og:image\" content=\"https:\/\/i0.wp.com\/www.bachmann-museum.de\/wp-content\/uploads\/2025\/04\/BMB_Steinzeitlager-scaled.jpg?fit=2560%2C1707&ssl=1\" \/>\n\t<meta property=\"og:image:width\" content=\"2560\" \/>\n\t<meta property=\"og:image:height\" content=\"1707\" \/>\n\t<meta property=\"og:image:type\" content=\"image\/jpeg\" \/>\n<meta name=\"author\" content=\"Bachmann-Admin_1\" \/>\n<meta name=\"twitter:card\" content=\"summary_large_image\" \/>\n<meta name=\"twitter:label1\" content=\"Verfasst von\" \/>\n\t<meta name=\"twitter:data1\" content=\"Bachmann-Admin_1\" \/>\n\t<meta name=\"twitter:label2\" content=\"Gesch\u00e4tzte Lesezeit\" \/>\n\t<meta name=\"twitter:data2\" content=\"1\u00a0Minute\" \/>\n<script type=\"application\/ld+json\" class=\"yoast-schema-graph\">{\"@context\":\"https:\\\/\\\/schema.org\",\"@graph\":[{\"@type\":\"Article\",\"@id\":\"https:\\\/\\\/www.bachmann-museum.de\\\/?p=4182#article\",\"isPartOf\":{\"@id\":\"https:\\\/\\\/www.bachmann-museum.de\\\/?p=4182\"},\"author\":{\"name\":\"Bachmann-Admin_1\",\"@id\":\"https:\\\/\\\/www.bachmann-museum.de\\\/#\\\/schema\\\/person\\\/4e0a96d1ed2480e1c23c3d5afb424bee\"},\"headline\":\"Programm zum Museumstag\",\"datePublished\":\"2025-04-08T12:48:39+00:00\",\"mainEntityOfPage\":{\"@id\":\"https:\\\/\\\/www.bachmann-museum.de\\\/?p=4182\"},\"wordCount\":221,\"image\":{\"@id\":\"https:\\\/\\\/www.bachmann-museum.de\\\/?p=4182#primaryimage\"},\"thumbnailUrl\":\"https:\\\/\\\/i0.wp.com\\\/www.bachmann-museum.de\\\/wp-content\\\/uploads\\\/2025\\\/04\\\/BMB_Steinzeitlager-scaled.jpg?fit=2560%2C1707&ssl=1\",\"inLanguage\":\"de\"},{\"@type\":\"WebPage\",\"@id\":\"https:\\\/\\\/www.bachmann-museum.de\\\/?p=4182\",\"url\":\"https:\\\/\\\/www.bachmann-museum.de\\\/?p=4182\",\"name\":\"Programm zum Museumstag - Bachmann-Museum Bremerv\u00f6rde\",\"isPartOf\":{\"@id\":\"https:\\\/\\\/www.bachmann-museum.de\\\/#website\"},\"primaryImageOfPage\":{\"@id\":\"https:\\\/\\\/www.bachmann-museum.de\\\/?p=4182#primaryimage\"},\"image\":{\"@id\":\"https:\\\/\\\/www.bachmann-museum.de\\\/?p=4182#primaryimage\"},\"thumbnailUrl\":\"https:\\\/\\\/i0.wp.com\\\/www.bachmann-museum.de\\\/wp-content\\\/uploads\\\/2025\\\/04\\\/BMB_Steinzeitlager-scaled.jpg?fit=2560%2C1707&ssl=1\",\"datePublished\":\"2025-04-08T12:48:39+00:00\",\"author\":{\"@id\":\"https:\\\/\\\/www.bachmann-museum.de\\\/#\\\/schema\\\/person\\\/4e0a96d1ed2480e1c23c3d5afb424bee\"},\"breadcrumb\":{\"@id\":\"https:\\\/\\\/www.bachmann-museum.de\\\/?p=4182#breadcrumb\"},\"inLanguage\":\"de\",\"potentialAction\":[{\"@type\":\"ReadAction\",\"target\":[\"https:\\\/\\\/www.bachmann-museum.de\\\/?p=4182\"]}]},{\"@type\":\"ImageObject\",\"inLanguage\":\"de\",\"@id\":\"https:\\\/\\\/www.bachmann-museum.de\\\/?p=4182#primaryimage\",\"url\":\"https:\\\/\\\/i0.wp.com\\\/www.bachmann-museum.de\\\/wp-content\\\/uploads\\\/2025\\\/04\\\/BMB_Steinzeitlager-scaled.jpg?fit=2560%2C1707&ssl=1\",\"contentUrl\":\"https:\\\/\\\/i0.wp.com\\\/www.bachmann-museum.de\\\/wp-content\\\/uploads\\\/2025\\\/04\\\/BMB_Steinzeitlager-scaled.jpg?fit=2560%2C1707&ssl=1\",\"width\":2560,\"height\":1707,\"caption\":\"Im Steinzeitlager am Auesee erfahren die Teilnehmer, wie die Menschen ohne Streichh\u00f6lzer das lebenswichtige Feuer entfachten. Foto: Bachmann-Museum Bremerv\u00f6rde\"},{\"@type\":\"BreadcrumbList\",\"@id\":\"https:\\\/\\\/www.bachmann-museum.de\\\/?p=4182#breadcrumb\",\"itemListElement\":[{\"@type\":\"ListItem\",\"position\":1,\"name\":\"Start\",\"item\":\"https:\\\/\\\/www.bachmann-museum.de\\\/\"},{\"@type\":\"ListItem\",\"position\":2,\"name\":\"Programm zum Museumstag\"}]},{\"@type\":\"WebSite\",\"@id\":\"https:\\\/\\\/www.bachmann-museum.de\\\/#website\",\"url\":\"https:\\\/\\\/www.bachmann-museum.de\\\/\",\"name\":\"Bachmann-Museum Bremerv\u00f6rde\",\"description\":\"\",\"potentialAction\":[{\"@type\":\"SearchAction\",\"target\":{\"@type\":\"EntryPoint\",\"urlTemplate\":\"https:\\\/\\\/www.bachmann-museum.de\\\/?s={search_term_string}\"},\"query-input\":{\"@type\":\"PropertyValueSpecification\",\"valueRequired\":true,\"valueName\":\"search_term_string\"}}],\"inLanguage\":\"de\"},{\"@type\":\"Person\",\"@id\":\"https:\\\/\\\/www.bachmann-museum.de\\\/#\\\/schema\\\/person\\\/4e0a96d1ed2480e1c23c3d5afb424bee\",\"name\":\"Bachmann-Admin_1\",\"image\":{\"@type\":\"ImageObject\",\"inLanguage\":\"de\",\"@id\":\"https:\\\/\\\/secure.gravatar.com\\\/avatar\\\/12b64d40c777adbd0761c887e33f30e0219d4565a9373e68911205fb911bd107?s=96&d=mm&r=g\",\"url\":\"https:\\\/\\\/secure.gravatar.com\\\/avatar\\\/12b64d40c777adbd0761c887e33f30e0219d4565a9373e68911205fb911bd107?s=96&d=mm&r=g\",\"contentUrl\":\"https:\\\/\\\/secure.gravatar.com\\\/avatar\\\/12b64d40c777adbd0761c887e33f30e0219d4565a9373e68911205fb911bd107?s=96&d=mm&r=g\",\"caption\":\"Bachmann-Admin_1\"},\"url\":\"https:\\\/\\\/www.bachmann-museum.de\\\/?author=1\"}]}<\/script>\n<!-- \/ Yoast SEO plugin. -->","yoast_head_json":{"title":"Programm zum Museumstag - Bachmann-Museum Bremerv\u00f6rde","robots":{"index":"index","follow":"follow","max-snippet":"max-snippet:-1","max-image-preview":"max-image-preview:large","max-video-preview":"max-video-preview:-1"},"canonical":"https:\/\/www.bachmann-museum.de\/?p=4182","og_locale":"de_DE","og_type":"article","og_title":"Programm zum Museumstag - Bachmann-Museum Bremerv\u00f6rde","og_description":"Das Bachmann-Museum Bremerv\u00f6rde beteiligt sich mit zwei Veranstaltungen am Internationalen Museumstag am 18. Mai. Im Steinzeitlager erleben gro\u00dfe und kleine Entdecker das Leben der Menschen in der Mittelsteinzeit, und eine F\u00fchrung bietet spannende Einblicke in die Geschichte des Bremerv\u00f6rder Schlosses. Im Steinzeitlager am idyllischen Auesee, in unmittelbarer N\u00e4he zum Museumsgeb\u00e4ude in der Bremerv\u00f6rder Amtsallee 8 [&hellip;]","og_url":"https:\/\/www.bachmann-museum.de\/?p=4182","og_site_name":"Bachmann-Museum Bremerv\u00f6rde","article_published_time":"2025-04-08T12:48:39+00:00","og_image":[{"width":2560,"height":1707,"url":"https:\/\/i0.wp.com\/www.bachmann-museum.de\/wp-content\/uploads\/2025\/04\/BMB_Steinzeitlager-scaled.jpg?fit=2560%2C1707&ssl=1","type":"image\/jpeg"}],"author":"Bachmann-Admin_1","twitter_card":"summary_large_image","twitter_misc":{"Verfasst von":"Bachmann-Admin_1","Gesch\u00e4tzte Lesezeit":"1\u00a0Minute"},"schema":{"@context":"https:\/\/schema.org","@graph":[{"@type":"Article","@id":"https:\/\/www.bachmann-museum.de\/?p=4182#article","isPartOf":{"@id":"https:\/\/www.bachmann-museum.de\/?p=4182"},"author":{"name":"Bachmann-Admin_1","@id":"https:\/\/www.bachmann-museum.de\/#\/schema\/person\/4e0a96d1ed2480e1c23c3d5afb424bee"},"headline":"Programm zum Museumstag","datePublished":"2025-04-08T12:48:39+00:00","mainEntityOfPage":{"@id":"https:\/\/www.bachmann-museum.de\/?p=4182"},"wordCount":221,"image":{"@id":"https:\/\/www.bachmann-museum.de\/?p=4182#primaryimage"},"thumbnailUrl":"https:\/\/i0.wp.com\/www.bachmann-museum.de\/wp-content\/uploads\/2025\/04\/BMB_Steinzeitlager-scaled.jpg?fit=2560%2C1707&ssl=1","inLanguage":"de"},{"@type":"WebPage","@id":"https:\/\/www.bachmann-museum.de\/?p=4182","url":"https:\/\/www.bachmann-museum.de\/?p=4182","name":"Programm zum Museumstag - Bachmann-Museum Bremerv\u00f6rde","isPartOf":{"@id":"https:\/\/www.bachmann-museum.de\/#website"},"primaryImageOfPage":{"@id":"https:\/\/www.bachmann-museum.de\/?p=4182#primaryimage"},"image":{"@id":"https:\/\/www.bachmann-museum.de\/?p=4182#primaryimage"},"thumbnailUrl":"https:\/\/i0.wp.com\/www.bachmann-museum.de\/wp-content\/uploads\/2025\/04\/BMB_Steinzeitlager-scaled.jpg?fit=2560%2C1707&ssl=1","datePublished":"2025-04-08T12:48:39+00:00","author":{"@id":"https:\/\/www.bachmann-museum.de\/#\/schema\/person\/4e0a96d1ed2480e1c23c3d5afb424bee"},"breadcrumb":{"@id":"https:\/\/www.bachmann-museum.de\/?p=4182#breadcrumb"},"inLanguage":"de","potentialAction":[{"@type":"ReadAction","target":["https:\/\/www.bachmann-museum.de\/?p=4182"]}]},{"@type":"ImageObject","inLanguage":"de","@id":"https:\/\/www.bachmann-museum.de\/?p=4182#primaryimage","url":"https:\/\/i0.wp.com\/www.bachmann-museum.de\/wp-content\/uploads\/2025\/04\/BMB_Steinzeitlager-scaled.jpg?fit=2560%2C1707&ssl=1","contentUrl":"https:\/\/i0.wp.com\/www.bachmann-museum.de\/wp-content\/uploads\/2025\/04\/BMB_Steinzeitlager-scaled.jpg?fit=2560%2C1707&ssl=1","width":2560,"height":1707,"caption":"Im Steinzeitlager am Auesee erfahren die Teilnehmer, wie die Menschen ohne Streichh\u00f6lzer das lebenswichtige Feuer entfachten. Foto: Bachmann-Museum Bremerv\u00f6rde"},{"@type":"BreadcrumbList","@id":"https:\/\/www.bachmann-museum.de\/?p=4182#breadcrumb","itemListElement":[{"@type":"ListItem","position":1,"name":"Start","item":"https:\/\/www.bachmann-museum.de\/"},{"@type":"ListItem","position":2,"name":"Programm zum Museumstag"}]},{"@type":"WebSite","@id":"https:\/\/www.bachmann-museum.de\/#website","url":"https:\/\/www.bachmann-museum.de\/","name":"Bachmann-Museum Bremerv\u00f6rde","description":"","potentialAction":[{"@type":"SearchAction","target":{"@type":"EntryPoint","urlTemplate":"https:\/\/www.bachmann-museum.de\/?s={search_term_string}"},"query-input":{"@type":"PropertyValueSpecification","valueRequired":true,"valueName":"search_term_string"}}],"inLanguage":"de"},{"@type":"Person","@id":"https:\/\/www.bachmann-museum.de\/#\/schema\/person\/4e0a96d1ed2480e1c23c3d5afb424bee","name":"Bachmann-Admin_1","image":{"@type":"ImageObject","inLanguage":"de","@id":"https:\/\/secure.gravatar.com\/avatar\/12b64d40c777adbd0761c887e33f30e0219d4565a9373e68911205fb911bd107?s=96&d=mm&r=g","url":"https:\/\/secure.gravatar.com\/avatar\/12b64d40c777adbd0761c887e33f30e0219d4565a9373e68911205fb911bd107?s=96&d=mm&r=g","contentUrl":"https:\/\/secure.gravatar.com\/avatar\/12b64d40c777adbd0761c887e33f30e0219d4565a9373e68911205fb911bd107?s=96&d=mm&r=g","caption":"Bachmann-Admin_1"},"url":"https:\/\/www.bachmann-museum.de\/?author=1"}]}},"jetpack_featured_media_url":"https:\/\/i0.wp.com\/www.bachmann-museum.de\/wp-content\/uploads\/2025\/04\/BMB_Steinzeitlager-scaled.jpg?fit=2560%2C1707&ssl=1","jetpack_sharing_enabled":true,"jetpack_shortlink":"https:\/\/wp.me\/p5DgYi-15s","jetpack-related-posts":[],"_links":{"self":[{"href":"https:\/\/www.bachmann-museum.de\/index.php?rest_route=\/wp\/v2\/posts\/4182","targetHints":{"allow":["GET"]}}],"collection":[{"href":"https:\/\/www.bachmann-museum.de\/index.php?rest_route=\/wp\/v2\/posts"}],"about":[{"href":"https:\/\/www.bachmann-museum.de\/index.php?rest_route=\/wp\/v2\/types\/post"}],"author":[{"embeddable":true,"href":"https:\/\/www.bachmann-museum.de\/index.php?rest_route=\/wp\/v2\/users\/1"}],"replies":[{"embeddable":true,"href":"https:\/\/www.bachmann-museum.de\/index.php?rest_route=%2Fwp%2Fv2%2Fcomments&post=4182"}],"version-history":[{"count":1,"href":"https:\/\/www.bachmann-museum.de\/index.php?rest_route=\/wp\/v2\/posts\/4182\/revisions"}],"predecessor-version":[{"id":4184,"href":"https:\/\/www.bachmann-museum.de\/index.php?rest_route=\/wp\/v2\/posts\/4182\/revisions\/4184"}],"wp:featuredmedia":[{"embeddable":true,"href":"https:\/\/www.bachmann-museum.de\/index.php?rest_route=\/wp\/v2\/media\/4183"}],"wp:attachment":[{"href":"https:\/\/www.bachmann-museum.de\/index.php?rest_route=%2Fwp%2Fv2%2Fmedia&parent=4182"}],"wp:term":[{"taxonomy":"category","embeddable":true,"href":"https:\/\/www.bachmann-museum.de\/index.php?rest_route=%2Fwp%2Fv2%2Fcategories&post=4182"},{"taxonomy":"post_tag","embeddable":true,"href":"https:\/\/www.bachmann-museum.de\/index.php?rest_route=%2Fwp%2Fv2%2Ftags&post=4182"}],"curies":[{"name":"wp","href":"https:\/\/api.w.org\/{rel}","templated":true}]}}