{"id":4107,"date":"2024-12-04T16:30:12","date_gmt":"2024-12-04T14:30:12","guid":{"rendered":"https:\/\/www.bachmann-museum.de\/?p=4107"},"modified":"2024-12-04T16:58:02","modified_gmt":"2024-12-04T14:58:02","slug":"neuerscheinung-zur-regionalgeschichte-ein-tag-im-krankenhaus-kostete-eine-mark-bremervoerde-im-19-jahrhundert-von-dr-elfriede-bachmann","status":"publish","type":"post","link":"https:\/\/www.bachmann-museum.de\/?p=4107","title":{"rendered":"Neuerscheinung zur Regionalgeschichte"},"content":{"rendered":"<p>F\u00fcr Bremerv\u00f6rde war das 19. Jahrhundert eine Zeit des Aufschwunges. Viele Institutionen, die das Leben in der Stadt und im Elbe-Weser-Dreieck bis heute pr\u00e4gen, haben im 19. Jahrhundert ihren Ursprung. Vom Bau des ersten Krankenhauses, dem Ausbau des Schulwesens, dem Anschluss ans Eisenbahnnetz und der Gr\u00fcndung der Sparkasse profitierte die gesamte Region.<\/p>\n<p>Textgrundlage ist ein Vortrag von Dr. Elfriede Bachmann (1936-2023) im Bachmann-Museum aus dem Jahr 2015. Neben Objekten aus Bremerv\u00f6rde erg\u00e4nzen Fotos aus dem Kreisarchiv des Landkreises Rotenburg (W\u00fcmme) und dem Archiv Bachmann den gut lesbaren \u00dcberblick.<\/p>\n<p><strong>&#8222;Ein Tag im Krankenhaus kostete eine Mark &#8211; Bremerv\u00f6rde im 19. Jahrhundert&#8220; von Dr. Elfriede Bachmann<br \/>\n<\/strong>Kleine Schriften des Bachmann-Museums Bremerv\u00f6rde, Band 4<\/p>\n<p>erscheint: 9. Dezember 2024<br \/>\nISBN: 978-3-944633-05-3<br \/>\nFormat 21 x 21 Zentimeter,<br \/>\n28 bebilderte Seiten<br \/>\nPreis: 6,90 \u20ac<\/p>\n","protected":false},"excerpt":{"rendered":"<p>F\u00fcr Bremerv\u00f6rde war das 19. Jahrhundert eine Zeit des Aufschwunges. Viele Institutionen, die das Leben in der Stadt und im Elbe-Weser-Dreieck bis heute pr\u00e4gen, haben im 19. Jahrhundert ihren Ursprung. Vom Bau des ersten Krankenhauses, dem Ausbau des Schulwesens, dem Anschluss ans Eisenbahnnetz und der Gr\u00fcndung der Sparkasse profitierte die gesamte Region. Textgrundlage ist ein [&hellip;]<\/p>\n","protected":false},"author":1,"featured_media":4108,"comment_status":"closed","ping_status":"open","sticky":false,"template":"","format":"standard","meta":{"_jetpack_newsletter_access":"","_jetpack_dont_email_post_to_subs":false,"_jetpack_newsletter_tier_id":0,"_jetpack_memberships_contains_paywalled_content":false,"_jetpack_memberships_contains_paid_content":false,"footnotes":""},"categories":[1],"tags":[],"class_list":["post-4107","post","type-post","status-publish","format-standard","has-post-thumbnail","hentry","category-allgemein"],"yoast_head":"<!-- This site is optimized with the Yoast SEO plugin v27.4 - https:\/\/yoast.com\/product\/yoast-seo-wordpress\/ -->\n<title>Neuerscheinung zur Regionalgeschichte - Bachmann-Museum Bremerv\u00f6rde<\/title>\n<meta name=\"robots\" content=\"index, follow, max-snippet:-1, max-image-preview:large, max-video-preview:-1\" \/>\n<link rel=\"canonical\" href=\"https:\/\/www.bachmann-museum.de\/?p=4107\" \/>\n<meta property=\"og:locale\" content=\"de_DE\" \/>\n<meta property=\"og:type\" content=\"article\" \/>\n<meta property=\"og:title\" content=\"Neuerscheinung zur Regionalgeschichte - Bachmann-Museum Bremerv\u00f6rde\" \/>\n<meta property=\"og:description\" content=\"F\u00fcr Bremerv\u00f6rde war das 19. Jahrhundert eine Zeit des Aufschwunges. Viele Institutionen, die das Leben in der Stadt und im Elbe-Weser-Dreieck bis heute pr\u00e4gen, haben im 19. Jahrhundert ihren Ursprung. Vom Bau des ersten Krankenhauses, dem Ausbau des Schulwesens, dem Anschluss ans Eisenbahnnetz und der Gr\u00fcndung der Sparkasse profitierte die gesamte Region. Textgrundlage ist ein [&hellip;]\" \/>\n<meta property=\"og:url\" content=\"https:\/\/www.bachmann-museum.de\/?p=4107\" \/>\n<meta property=\"og:site_name\" content=\"Bachmann-Museum Bremerv\u00f6rde\" \/>\n<meta property=\"article:published_time\" content=\"2024-12-04T14:30:12+00:00\" \/>\n<meta property=\"article:modified_time\" content=\"2024-12-04T14:58:02+00:00\" \/>\n<meta property=\"og:image\" content=\"https:\/\/i0.wp.com\/www.bachmann-museum.de\/wp-content\/uploads\/2024\/12\/Bildschirmfoto_2-12-2024_141357_.jpeg?fit=802%2C793&ssl=1\" \/>\n\t<meta property=\"og:image:width\" content=\"802\" \/>\n\t<meta property=\"og:image:height\" content=\"793\" \/>\n\t<meta property=\"og:image:type\" content=\"image\/jpeg\" \/>\n<meta name=\"author\" content=\"Bachmann-Admin_1\" \/>\n<meta name=\"twitter:card\" content=\"summary_large_image\" \/>\n<meta name=\"twitter:label1\" content=\"Verfasst von\" \/>\n\t<meta name=\"twitter:data1\" content=\"Bachmann-Admin_1\" \/>\n\t<meta name=\"twitter:label2\" content=\"Gesch\u00e4tzte Lesezeit\" \/>\n\t<meta name=\"twitter:data2\" content=\"1\u00a0Minute\" \/>\n<script type=\"application\/ld+json\" class=\"yoast-schema-graph\">{\"@context\":\"https:\\\/\\\/schema.org\",\"@graph\":[{\"@type\":\"Article\",\"@id\":\"https:\\\/\\\/www.bachmann-museum.de\\\/?p=4107#article\",\"isPartOf\":{\"@id\":\"https:\\\/\\\/www.bachmann-museum.de\\\/?p=4107\"},\"author\":{\"name\":\"Bachmann-Admin_1\",\"@id\":\"https:\\\/\\\/www.bachmann-museum.de\\\/#\\\/schema\\\/person\\\/4e0a96d1ed2480e1c23c3d5afb424bee\"},\"headline\":\"Neuerscheinung zur Regionalgeschichte\",\"datePublished\":\"2024-12-04T14:30:12+00:00\",\"dateModified\":\"2024-12-04T14:58:02+00:00\",\"mainEntityOfPage\":{\"@id\":\"https:\\\/\\\/www.bachmann-museum.de\\\/?p=4107\"},\"wordCount\":131,\"image\":{\"@id\":\"https:\\\/\\\/www.bachmann-museum.de\\\/?p=4107#primaryimage\"},\"thumbnailUrl\":\"https:\\\/\\\/i0.wp.com\\\/www.bachmann-museum.de\\\/wp-content\\\/uploads\\\/2024\\\/12\\\/Bildschirmfoto_2-12-2024_141357_.jpeg?fit=802%2C793&ssl=1\",\"inLanguage\":\"de\"},{\"@type\":\"WebPage\",\"@id\":\"https:\\\/\\\/www.bachmann-museum.de\\\/?p=4107\",\"url\":\"https:\\\/\\\/www.bachmann-museum.de\\\/?p=4107\",\"name\":\"Neuerscheinung zur Regionalgeschichte - Bachmann-Museum Bremerv\u00f6rde\",\"isPartOf\":{\"@id\":\"https:\\\/\\\/www.bachmann-museum.de\\\/#website\"},\"primaryImageOfPage\":{\"@id\":\"https:\\\/\\\/www.bachmann-museum.de\\\/?p=4107#primaryimage\"},\"image\":{\"@id\":\"https:\\\/\\\/www.bachmann-museum.de\\\/?p=4107#primaryimage\"},\"thumbnailUrl\":\"https:\\\/\\\/i0.wp.com\\\/www.bachmann-museum.de\\\/wp-content\\\/uploads\\\/2024\\\/12\\\/Bildschirmfoto_2-12-2024_141357_.jpeg?fit=802%2C793&ssl=1\",\"datePublished\":\"2024-12-04T14:30:12+00:00\",\"dateModified\":\"2024-12-04T14:58:02+00:00\",\"author\":{\"@id\":\"https:\\\/\\\/www.bachmann-museum.de\\\/#\\\/schema\\\/person\\\/4e0a96d1ed2480e1c23c3d5afb424bee\"},\"breadcrumb\":{\"@id\":\"https:\\\/\\\/www.bachmann-museum.de\\\/?p=4107#breadcrumb\"},\"inLanguage\":\"de\",\"potentialAction\":[{\"@type\":\"ReadAction\",\"target\":[\"https:\\\/\\\/www.bachmann-museum.de\\\/?p=4107\"]}]},{\"@type\":\"ImageObject\",\"inLanguage\":\"de\",\"@id\":\"https:\\\/\\\/www.bachmann-museum.de\\\/?p=4107#primaryimage\",\"url\":\"https:\\\/\\\/i0.wp.com\\\/www.bachmann-museum.de\\\/wp-content\\\/uploads\\\/2024\\\/12\\\/Bildschirmfoto_2-12-2024_141357_.jpeg?fit=802%2C793&ssl=1\",\"contentUrl\":\"https:\\\/\\\/i0.wp.com\\\/www.bachmann-museum.de\\\/wp-content\\\/uploads\\\/2024\\\/12\\\/Bildschirmfoto_2-12-2024_141357_.jpeg?fit=802%2C793&ssl=1\",\"width\":802,\"height\":793,\"caption\":\"Kleine Schriften Band 4\"},{\"@type\":\"BreadcrumbList\",\"@id\":\"https:\\\/\\\/www.bachmann-museum.de\\\/?p=4107#breadcrumb\",\"itemListElement\":[{\"@type\":\"ListItem\",\"position\":1,\"name\":\"Start\",\"item\":\"https:\\\/\\\/www.bachmann-museum.de\\\/\"},{\"@type\":\"ListItem\",\"position\":2,\"name\":\"Neuerscheinung zur Regionalgeschichte\"}]},{\"@type\":\"WebSite\",\"@id\":\"https:\\\/\\\/www.bachmann-museum.de\\\/#website\",\"url\":\"https:\\\/\\\/www.bachmann-museum.de\\\/\",\"name\":\"Bachmann-Museum Bremerv\u00f6rde\",\"description\":\"\",\"potentialAction\":[{\"@type\":\"SearchAction\",\"target\":{\"@type\":\"EntryPoint\",\"urlTemplate\":\"https:\\\/\\\/www.bachmann-museum.de\\\/?s={search_term_string}\"},\"query-input\":{\"@type\":\"PropertyValueSpecification\",\"valueRequired\":true,\"valueName\":\"search_term_string\"}}],\"inLanguage\":\"de\"},{\"@type\":\"Person\",\"@id\":\"https:\\\/\\\/www.bachmann-museum.de\\\/#\\\/schema\\\/person\\\/4e0a96d1ed2480e1c23c3d5afb424bee\",\"name\":\"Bachmann-Admin_1\",\"image\":{\"@type\":\"ImageObject\",\"inLanguage\":\"de\",\"@id\":\"https:\\\/\\\/secure.gravatar.com\\\/avatar\\\/12b64d40c777adbd0761c887e33f30e0219d4565a9373e68911205fb911bd107?s=96&d=mm&r=g\",\"url\":\"https:\\\/\\\/secure.gravatar.com\\\/avatar\\\/12b64d40c777adbd0761c887e33f30e0219d4565a9373e68911205fb911bd107?s=96&d=mm&r=g\",\"contentUrl\":\"https:\\\/\\\/secure.gravatar.com\\\/avatar\\\/12b64d40c777adbd0761c887e33f30e0219d4565a9373e68911205fb911bd107?s=96&d=mm&r=g\",\"caption\":\"Bachmann-Admin_1\"},\"url\":\"https:\\\/\\\/www.bachmann-museum.de\\\/?author=1\"}]}<\/script>\n<!-- \/ Yoast SEO plugin. -->","yoast_head_json":{"title":"Neuerscheinung zur Regionalgeschichte - Bachmann-Museum Bremerv\u00f6rde","robots":{"index":"index","follow":"follow","max-snippet":"max-snippet:-1","max-image-preview":"max-image-preview:large","max-video-preview":"max-video-preview:-1"},"canonical":"https:\/\/www.bachmann-museum.de\/?p=4107","og_locale":"de_DE","og_type":"article","og_title":"Neuerscheinung zur Regionalgeschichte - Bachmann-Museum Bremerv\u00f6rde","og_description":"F\u00fcr Bremerv\u00f6rde war das 19. Jahrhundert eine Zeit des Aufschwunges. Viele Institutionen, die das Leben in der Stadt und im Elbe-Weser-Dreieck bis heute pr\u00e4gen, haben im 19. Jahrhundert ihren Ursprung. Vom Bau des ersten Krankenhauses, dem Ausbau des Schulwesens, dem Anschluss ans Eisenbahnnetz und der Gr\u00fcndung der Sparkasse profitierte die gesamte Region. Textgrundlage ist ein [&hellip;]","og_url":"https:\/\/www.bachmann-museum.de\/?p=4107","og_site_name":"Bachmann-Museum Bremerv\u00f6rde","article_published_time":"2024-12-04T14:30:12+00:00","article_modified_time":"2024-12-04T14:58:02+00:00","og_image":[{"width":802,"height":793,"url":"https:\/\/i0.wp.com\/www.bachmann-museum.de\/wp-content\/uploads\/2024\/12\/Bildschirmfoto_2-12-2024_141357_.jpeg?fit=802%2C793&ssl=1","type":"image\/jpeg"}],"author":"Bachmann-Admin_1","twitter_card":"summary_large_image","twitter_misc":{"Verfasst von":"Bachmann-Admin_1","Gesch\u00e4tzte Lesezeit":"1\u00a0Minute"},"schema":{"@context":"https:\/\/schema.org","@graph":[{"@type":"Article","@id":"https:\/\/www.bachmann-museum.de\/?p=4107#article","isPartOf":{"@id":"https:\/\/www.bachmann-museum.de\/?p=4107"},"author":{"name":"Bachmann-Admin_1","@id":"https:\/\/www.bachmann-museum.de\/#\/schema\/person\/4e0a96d1ed2480e1c23c3d5afb424bee"},"headline":"Neuerscheinung zur Regionalgeschichte","datePublished":"2024-12-04T14:30:12+00:00","dateModified":"2024-12-04T14:58:02+00:00","mainEntityOfPage":{"@id":"https:\/\/www.bachmann-museum.de\/?p=4107"},"wordCount":131,"image":{"@id":"https:\/\/www.bachmann-museum.de\/?p=4107#primaryimage"},"thumbnailUrl":"https:\/\/i0.wp.com\/www.bachmann-museum.de\/wp-content\/uploads\/2024\/12\/Bildschirmfoto_2-12-2024_141357_.jpeg?fit=802%2C793&ssl=1","inLanguage":"de"},{"@type":"WebPage","@id":"https:\/\/www.bachmann-museum.de\/?p=4107","url":"https:\/\/www.bachmann-museum.de\/?p=4107","name":"Neuerscheinung zur Regionalgeschichte - Bachmann-Museum Bremerv\u00f6rde","isPartOf":{"@id":"https:\/\/www.bachmann-museum.de\/#website"},"primaryImageOfPage":{"@id":"https:\/\/www.bachmann-museum.de\/?p=4107#primaryimage"},"image":{"@id":"https:\/\/www.bachmann-museum.de\/?p=4107#primaryimage"},"thumbnailUrl":"https:\/\/i0.wp.com\/www.bachmann-museum.de\/wp-content\/uploads\/2024\/12\/Bildschirmfoto_2-12-2024_141357_.jpeg?fit=802%2C793&ssl=1","datePublished":"2024-12-04T14:30:12+00:00","dateModified":"2024-12-04T14:58:02+00:00","author":{"@id":"https:\/\/www.bachmann-museum.de\/#\/schema\/person\/4e0a96d1ed2480e1c23c3d5afb424bee"},"breadcrumb":{"@id":"https:\/\/www.bachmann-museum.de\/?p=4107#breadcrumb"},"inLanguage":"de","potentialAction":[{"@type":"ReadAction","target":["https:\/\/www.bachmann-museum.de\/?p=4107"]}]},{"@type":"ImageObject","inLanguage":"de","@id":"https:\/\/www.bachmann-museum.de\/?p=4107#primaryimage","url":"https:\/\/i0.wp.com\/www.bachmann-museum.de\/wp-content\/uploads\/2024\/12\/Bildschirmfoto_2-12-2024_141357_.jpeg?fit=802%2C793&ssl=1","contentUrl":"https:\/\/i0.wp.com\/www.bachmann-museum.de\/wp-content\/uploads\/2024\/12\/Bildschirmfoto_2-12-2024_141357_.jpeg?fit=802%2C793&ssl=1","width":802,"height":793,"caption":"Kleine Schriften Band 4"},{"@type":"BreadcrumbList","@id":"https:\/\/www.bachmann-museum.de\/?p=4107#breadcrumb","itemListElement":[{"@type":"ListItem","position":1,"name":"Start","item":"https:\/\/www.bachmann-museum.de\/"},{"@type":"ListItem","position":2,"name":"Neuerscheinung zur Regionalgeschichte"}]},{"@type":"WebSite","@id":"https:\/\/www.bachmann-museum.de\/#website","url":"https:\/\/www.bachmann-museum.de\/","name":"Bachmann-Museum Bremerv\u00f6rde","description":"","potentialAction":[{"@type":"SearchAction","target":{"@type":"EntryPoint","urlTemplate":"https:\/\/www.bachmann-museum.de\/?s={search_term_string}"},"query-input":{"@type":"PropertyValueSpecification","valueRequired":true,"valueName":"search_term_string"}}],"inLanguage":"de"},{"@type":"Person","@id":"https:\/\/www.bachmann-museum.de\/#\/schema\/person\/4e0a96d1ed2480e1c23c3d5afb424bee","name":"Bachmann-Admin_1","image":{"@type":"ImageObject","inLanguage":"de","@id":"https:\/\/secure.gravatar.com\/avatar\/12b64d40c777adbd0761c887e33f30e0219d4565a9373e68911205fb911bd107?s=96&d=mm&r=g","url":"https:\/\/secure.gravatar.com\/avatar\/12b64d40c777adbd0761c887e33f30e0219d4565a9373e68911205fb911bd107?s=96&d=mm&r=g","contentUrl":"https:\/\/secure.gravatar.com\/avatar\/12b64d40c777adbd0761c887e33f30e0219d4565a9373e68911205fb911bd107?s=96&d=mm&r=g","caption":"Bachmann-Admin_1"},"url":"https:\/\/www.bachmann-museum.de\/?author=1"}]}},"jetpack_featured_media_url":"https:\/\/i0.wp.com\/www.bachmann-museum.de\/wp-content\/uploads\/2024\/12\/Bildschirmfoto_2-12-2024_141357_.jpeg?fit=802%2C793&ssl=1","jetpack_sharing_enabled":true,"jetpack_shortlink":"https:\/\/wp.me\/p5DgYi-14f","jetpack-related-posts":[],"_links":{"self":[{"href":"https:\/\/www.bachmann-museum.de\/index.php?rest_route=\/wp\/v2\/posts\/4107","targetHints":{"allow":["GET"]}}],"collection":[{"href":"https:\/\/www.bachmann-museum.de\/index.php?rest_route=\/wp\/v2\/posts"}],"about":[{"href":"https:\/\/www.bachmann-museum.de\/index.php?rest_route=\/wp\/v2\/types\/post"}],"author":[{"embeddable":true,"href":"https:\/\/www.bachmann-museum.de\/index.php?rest_route=\/wp\/v2\/users\/1"}],"replies":[{"embeddable":true,"href":"https:\/\/www.bachmann-museum.de\/index.php?rest_route=%2Fwp%2Fv2%2Fcomments&post=4107"}],"version-history":[{"count":6,"href":"https:\/\/www.bachmann-museum.de\/index.php?rest_route=\/wp\/v2\/posts\/4107\/revisions"}],"predecessor-version":[{"id":4117,"href":"https:\/\/www.bachmann-museum.de\/index.php?rest_route=\/wp\/v2\/posts\/4107\/revisions\/4117"}],"wp:featuredmedia":[{"embeddable":true,"href":"https:\/\/www.bachmann-museum.de\/index.php?rest_route=\/wp\/v2\/media\/4108"}],"wp:attachment":[{"href":"https:\/\/www.bachmann-museum.de\/index.php?rest_route=%2Fwp%2Fv2%2Fmedia&parent=4107"}],"wp:term":[{"taxonomy":"category","embeddable":true,"href":"https:\/\/www.bachmann-museum.de\/index.php?rest_route=%2Fwp%2Fv2%2Fcategories&post=4107"},{"taxonomy":"post_tag","embeddable":true,"href":"https:\/\/www.bachmann-museum.de\/index.php?rest_route=%2Fwp%2Fv2%2Ftags&post=4107"}],"curies":[{"name":"wp","href":"https:\/\/api.w.org\/{rel}","templated":true}]}}