{"id":4100,"date":"2024-11-11T10:19:28","date_gmt":"2024-11-11T08:19:28","guid":{"rendered":"https:\/\/www.bachmann-museum.de\/?p=4100"},"modified":"2024-11-11T10:22:49","modified_gmt":"2024-11-11T08:22:49","slug":"bachmann-museum-erhaelt-zentraldepot","status":"publish","type":"post","link":"https:\/\/www.bachmann-museum.de\/?p=4100","title":{"rendered":"Bachmann-Museum erh\u00e4lt Zentraldepot"},"content":{"rendered":"<p>Die Sammlung der Stiftung Bachmann-Museum erh\u00e4lt ein Zentraldepot. Der Landkreis Rotenburg investiert daf\u00fcr rund 10 Millionen Euro. Die vorbereitenden Arbeiten durch den Landkreis und die Stiftung laufen.<\/p>\n<p>F\u00fcr die anstehende Sanierung des Kanzlei- und Marstallgeb\u00e4ude des ehemaligen Schlosses Bremerv\u00f6rde und den Umbau des Bachmann-Museums Bremerv\u00f6rde mussten die Geb\u00e4ude leerger\u00e4umt und die Ausstellungsst\u00fccke untergebracht werden. Das Depot soll die bis zu 80.000 Museumsobjekte an zentraler Stelle in Bremerv\u00f6rde an einem Ort zusammenf\u00fchren. Das neue Geb\u00e4ude wird zukunftsweisend f\u00fcr die n\u00e4chsten Jahrzehnte geplant und soll die notwendigen konservatorischen, energetischen und technischen Bedingungen erf\u00fcllen. Auch B\u00fcror\u00e4ume f\u00fcr die Museumsleitung und -verwaltung sind eingeplant. Die Grundlagenermittlung f\u00fcr das Geb\u00e4ude erarbeiten der Landkreis und die Stiftung-Bachmann-Museum aktuell gemeinsam mit dem Depotplaner prevart GmbH.<\/p>\n<p>\u201eMit dem Neubau des Depots schaffen wir die Grundlage f\u00fcr eine Sanierung des alten Museumsgeb\u00e4udes und schaffen Platz f\u00fcr ein modernes Museumskonzept. Damit sichern wir die Zukunft des Bachmann-Museums\u201c, so Landrat Marco Prietz. \u201eDer Landkreis m\u00f6chte mit dieser gro\u00dfen Investition dazu beitragen, die spannende und abwechslungsreiche Geschichte unserer Region zu bewahren und der \u00d6ffentlichkeit zug\u00e4nglich zu machen.\u201c<\/p>\n<p>In dem neuen Depot k\u00f6nnen erstmals in der langen Geschichte der Sammlung alle Objekte an einem Ort zusammengef\u00fchrt werden. Es erm\u00f6glicht der Stiftung den Erhalt des musealen Kulturguts und die effiziente Bearbeitung und Erforschung der Sammlung, um sie zuk\u00fcnftig in Ausstellungen, Publikationen und digitalen Angeboten der \u00d6ffentlichkeit zug\u00e4nglich zu machen.<\/p>\n<p>Der Neubau des Depots ist au\u00dferdem die Voraussetzung f\u00fcr die Sanierung des denkmalgesch\u00fctzten Museumsgeb\u00e4udes in der Amtsallee, denn bisher wurden dort gro\u00dfe Fl\u00e4chen f\u00fcr die Unterbringung der Sammlung genutzt. Nach der Sanierung sollen diese Bereiche f\u00fcr Ausstellung des Bachmann-Museum zur Geschichte des zentralen Elbe-Weser-Dreiecks genutzt und damit ebenfalls der \u00d6ffentlichkeit zug\u00e4nglich gemacht werden.<\/p>\n<p>Bevor die Bauarbeiten beginnen, wird das Feld zun\u00e4chst der Kreisarch\u00e4ologie \u00fcberlassen. Der Standort des Neubaus befindet sich in einem Gebiet, in dem sich bis 1646 der Ortskern von Bremerv\u00f6rde befand. Nach mehrmaliger Zerst\u00f6rung im Rahmen der K\u00e4mpfe um die Festung V\u00f6rde wurde die Stadt damals an den heutigen Standort verlegt. Dementsprechend ist mit stadtgeschichtlich relevanten Funden und Befunden zu rechnen, auch wenn ein Gro\u00dfteil der Fl\u00e4che bereits durch einen ehemaligen Supermarkt \u00fcberbaut ist.<\/p>\n","protected":false},"excerpt":{"rendered":"<p>Die Sammlung der Stiftung Bachmann-Museum erh\u00e4lt ein Zentraldepot. Der Landkreis Rotenburg investiert daf\u00fcr rund 10 Millionen Euro. Die vorbereitenden Arbeiten durch den Landkreis und die Stiftung laufen. F\u00fcr die anstehende Sanierung des Kanzlei- und Marstallgeb\u00e4ude des ehemaligen Schlosses Bremerv\u00f6rde und den Umbau des Bachmann-Museums Bremerv\u00f6rde mussten die Geb\u00e4ude leerger\u00e4umt und die Ausstellungsst\u00fccke untergebracht werden. Das [&hellip;]<\/p>\n","protected":false},"author":1,"featured_media":4101,"comment_status":"closed","ping_status":"open","sticky":false,"template":"","format":"standard","meta":{"_jetpack_newsletter_access":"","_jetpack_dont_email_post_to_subs":false,"_jetpack_newsletter_tier_id":0,"_jetpack_memberships_contains_paywalled_content":false,"_jetpack_memberships_contains_paid_content":false,"footnotes":""},"categories":[1],"tags":[],"class_list":["post-4100","post","type-post","status-publish","format-standard","has-post-thumbnail","hentry","category-allgemein"],"yoast_head":"<!-- This site is optimized with the Yoast SEO plugin v27.4 - https:\/\/yoast.com\/product\/yoast-seo-wordpress\/ -->\n<title>Bachmann-Museum erh\u00e4lt Zentraldepot - Bachmann-Museum Bremerv\u00f6rde<\/title>\n<meta name=\"robots\" content=\"index, follow, max-snippet:-1, max-image-preview:large, max-video-preview:-1\" \/>\n<link rel=\"canonical\" href=\"https:\/\/www.bachmann-museum.de\/?p=4100\" \/>\n<meta property=\"og:locale\" content=\"de_DE\" \/>\n<meta property=\"og:type\" content=\"article\" \/>\n<meta property=\"og:title\" content=\"Bachmann-Museum erh\u00e4lt Zentraldepot - Bachmann-Museum Bremerv\u00f6rde\" \/>\n<meta property=\"og:description\" content=\"Die Sammlung der Stiftung Bachmann-Museum erh\u00e4lt ein Zentraldepot. Der Landkreis Rotenburg investiert daf\u00fcr rund 10 Millionen Euro. Die vorbereitenden Arbeiten durch den Landkreis und die Stiftung laufen. F\u00fcr die anstehende Sanierung des Kanzlei- und Marstallgeb\u00e4ude des ehemaligen Schlosses Bremerv\u00f6rde und den Umbau des Bachmann-Museums Bremerv\u00f6rde mussten die Geb\u00e4ude leerger\u00e4umt und die Ausstellungsst\u00fccke untergebracht werden. Das [&hellip;]\" \/>\n<meta property=\"og:url\" content=\"https:\/\/www.bachmann-museum.de\/?p=4100\" \/>\n<meta property=\"og:site_name\" content=\"Bachmann-Museum Bremerv\u00f6rde\" \/>\n<meta property=\"article:published_time\" content=\"2024-11-11T08:19:28+00:00\" \/>\n<meta property=\"article:modified_time\" content=\"2024-11-11T08:22:49+00:00\" \/>\n<meta property=\"og:image\" content=\"https:\/\/i0.wp.com\/www.bachmann-museum.de\/wp-content\/uploads\/2024\/11\/Neues-Depot-Bachmann-Museum-scaled.jpg?fit=2560%2C1894&ssl=1\" \/>\n\t<meta property=\"og:image:width\" content=\"2560\" \/>\n\t<meta property=\"og:image:height\" content=\"1894\" \/>\n\t<meta property=\"og:image:type\" content=\"image\/jpeg\" \/>\n<meta name=\"author\" content=\"Bachmann-Admin_1\" \/>\n<meta name=\"twitter:card\" content=\"summary_large_image\" \/>\n<meta name=\"twitter:label1\" content=\"Verfasst von\" \/>\n\t<meta name=\"twitter:data1\" content=\"Bachmann-Admin_1\" \/>\n\t<meta name=\"twitter:label2\" content=\"Gesch\u00e4tzte Lesezeit\" \/>\n\t<meta name=\"twitter:data2\" content=\"2\u00a0Minuten\" \/>\n<script type=\"application\/ld+json\" class=\"yoast-schema-graph\">{\"@context\":\"https:\\\/\\\/schema.org\",\"@graph\":[{\"@type\":\"Article\",\"@id\":\"https:\\\/\\\/www.bachmann-museum.de\\\/?p=4100#article\",\"isPartOf\":{\"@id\":\"https:\\\/\\\/www.bachmann-museum.de\\\/?p=4100\"},\"author\":{\"name\":\"Bachmann-Admin_1\",\"@id\":\"https:\\\/\\\/www.bachmann-museum.de\\\/#\\\/schema\\\/person\\\/4e0a96d1ed2480e1c23c3d5afb424bee\"},\"headline\":\"Bachmann-Museum erh\u00e4lt Zentraldepot\",\"datePublished\":\"2024-11-11T08:19:28+00:00\",\"dateModified\":\"2024-11-11T08:22:49+00:00\",\"mainEntityOfPage\":{\"@id\":\"https:\\\/\\\/www.bachmann-museum.de\\\/?p=4100\"},\"wordCount\":400,\"image\":{\"@id\":\"https:\\\/\\\/www.bachmann-museum.de\\\/?p=4100#primaryimage\"},\"thumbnailUrl\":\"https:\\\/\\\/i0.wp.com\\\/www.bachmann-museum.de\\\/wp-content\\\/uploads\\\/2024\\\/11\\\/Neues-Depot-Bachmann-Museum-scaled.jpg?fit=2560%2C1894&ssl=1\",\"inLanguage\":\"de\"},{\"@type\":\"WebPage\",\"@id\":\"https:\\\/\\\/www.bachmann-museum.de\\\/?p=4100\",\"url\":\"https:\\\/\\\/www.bachmann-museum.de\\\/?p=4100\",\"name\":\"Bachmann-Museum erh\u00e4lt Zentraldepot - Bachmann-Museum Bremerv\u00f6rde\",\"isPartOf\":{\"@id\":\"https:\\\/\\\/www.bachmann-museum.de\\\/#website\"},\"primaryImageOfPage\":{\"@id\":\"https:\\\/\\\/www.bachmann-museum.de\\\/?p=4100#primaryimage\"},\"image\":{\"@id\":\"https:\\\/\\\/www.bachmann-museum.de\\\/?p=4100#primaryimage\"},\"thumbnailUrl\":\"https:\\\/\\\/i0.wp.com\\\/www.bachmann-museum.de\\\/wp-content\\\/uploads\\\/2024\\\/11\\\/Neues-Depot-Bachmann-Museum-scaled.jpg?fit=2560%2C1894&ssl=1\",\"datePublished\":\"2024-11-11T08:19:28+00:00\",\"dateModified\":\"2024-11-11T08:22:49+00:00\",\"author\":{\"@id\":\"https:\\\/\\\/www.bachmann-museum.de\\\/#\\\/schema\\\/person\\\/4e0a96d1ed2480e1c23c3d5afb424bee\"},\"breadcrumb\":{\"@id\":\"https:\\\/\\\/www.bachmann-museum.de\\\/?p=4100#breadcrumb\"},\"inLanguage\":\"de\",\"potentialAction\":[{\"@type\":\"ReadAction\",\"target\":[\"https:\\\/\\\/www.bachmann-museum.de\\\/?p=4100\"]}]},{\"@type\":\"ImageObject\",\"inLanguage\":\"de\",\"@id\":\"https:\\\/\\\/www.bachmann-museum.de\\\/?p=4100#primaryimage\",\"url\":\"https:\\\/\\\/i0.wp.com\\\/www.bachmann-museum.de\\\/wp-content\\\/uploads\\\/2024\\\/11\\\/Neues-Depot-Bachmann-Museum-scaled.jpg?fit=2560%2C1894&ssl=1\",\"contentUrl\":\"https:\\\/\\\/i0.wp.com\\\/www.bachmann-museum.de\\\/wp-content\\\/uploads\\\/2024\\\/11\\\/Neues-Depot-Bachmann-Museum-scaled.jpg?fit=2560%2C1894&ssl=1\",\"width\":2560,\"height\":1894,\"caption\":\"Informierten \u00fcber das geplante Zentraldepot: Christina Schultz (von links), Leiterin des Amtes f\u00fcr Geb\u00e4udemanagement, Landrat Marco Prietz, Museumsleiterin Ellen Horstrup, der Stiftungsvorsitzende Dr. Stefan Hesse und Kreisr\u00e4tin Dr. Silke Fricke. Foto: Landkreis Rotenburg\"},{\"@type\":\"BreadcrumbList\",\"@id\":\"https:\\\/\\\/www.bachmann-museum.de\\\/?p=4100#breadcrumb\",\"itemListElement\":[{\"@type\":\"ListItem\",\"position\":1,\"name\":\"Start\",\"item\":\"https:\\\/\\\/www.bachmann-museum.de\\\/\"},{\"@type\":\"ListItem\",\"position\":2,\"name\":\"Bachmann-Museum erh\u00e4lt Zentraldepot\"}]},{\"@type\":\"WebSite\",\"@id\":\"https:\\\/\\\/www.bachmann-museum.de\\\/#website\",\"url\":\"https:\\\/\\\/www.bachmann-museum.de\\\/\",\"name\":\"Bachmann-Museum Bremerv\u00f6rde\",\"description\":\"\",\"potentialAction\":[{\"@type\":\"SearchAction\",\"target\":{\"@type\":\"EntryPoint\",\"urlTemplate\":\"https:\\\/\\\/www.bachmann-museum.de\\\/?s={search_term_string}\"},\"query-input\":{\"@type\":\"PropertyValueSpecification\",\"valueRequired\":true,\"valueName\":\"search_term_string\"}}],\"inLanguage\":\"de\"},{\"@type\":\"Person\",\"@id\":\"https:\\\/\\\/www.bachmann-museum.de\\\/#\\\/schema\\\/person\\\/4e0a96d1ed2480e1c23c3d5afb424bee\",\"name\":\"Bachmann-Admin_1\",\"image\":{\"@type\":\"ImageObject\",\"inLanguage\":\"de\",\"@id\":\"https:\\\/\\\/secure.gravatar.com\\\/avatar\\\/12b64d40c777adbd0761c887e33f30e0219d4565a9373e68911205fb911bd107?s=96&d=mm&r=g\",\"url\":\"https:\\\/\\\/secure.gravatar.com\\\/avatar\\\/12b64d40c777adbd0761c887e33f30e0219d4565a9373e68911205fb911bd107?s=96&d=mm&r=g\",\"contentUrl\":\"https:\\\/\\\/secure.gravatar.com\\\/avatar\\\/12b64d40c777adbd0761c887e33f30e0219d4565a9373e68911205fb911bd107?s=96&d=mm&r=g\",\"caption\":\"Bachmann-Admin_1\"},\"url\":\"https:\\\/\\\/www.bachmann-museum.de\\\/?author=1\"}]}<\/script>\n<!-- \/ Yoast SEO plugin. -->","yoast_head_json":{"title":"Bachmann-Museum erh\u00e4lt Zentraldepot - Bachmann-Museum Bremerv\u00f6rde","robots":{"index":"index","follow":"follow","max-snippet":"max-snippet:-1","max-image-preview":"max-image-preview:large","max-video-preview":"max-video-preview:-1"},"canonical":"https:\/\/www.bachmann-museum.de\/?p=4100","og_locale":"de_DE","og_type":"article","og_title":"Bachmann-Museum erh\u00e4lt Zentraldepot - Bachmann-Museum Bremerv\u00f6rde","og_description":"Die Sammlung der Stiftung Bachmann-Museum erh\u00e4lt ein Zentraldepot. Der Landkreis Rotenburg investiert daf\u00fcr rund 10 Millionen Euro. Die vorbereitenden Arbeiten durch den Landkreis und die Stiftung laufen. F\u00fcr die anstehende Sanierung des Kanzlei- und Marstallgeb\u00e4ude des ehemaligen Schlosses Bremerv\u00f6rde und den Umbau des Bachmann-Museums Bremerv\u00f6rde mussten die Geb\u00e4ude leerger\u00e4umt und die Ausstellungsst\u00fccke untergebracht werden. Das [&hellip;]","og_url":"https:\/\/www.bachmann-museum.de\/?p=4100","og_site_name":"Bachmann-Museum Bremerv\u00f6rde","article_published_time":"2024-11-11T08:19:28+00:00","article_modified_time":"2024-11-11T08:22:49+00:00","og_image":[{"width":2560,"height":1894,"url":"https:\/\/i0.wp.com\/www.bachmann-museum.de\/wp-content\/uploads\/2024\/11\/Neues-Depot-Bachmann-Museum-scaled.jpg?fit=2560%2C1894&ssl=1","type":"image\/jpeg"}],"author":"Bachmann-Admin_1","twitter_card":"summary_large_image","twitter_misc":{"Verfasst von":"Bachmann-Admin_1","Gesch\u00e4tzte Lesezeit":"2\u00a0Minuten"},"schema":{"@context":"https:\/\/schema.org","@graph":[{"@type":"Article","@id":"https:\/\/www.bachmann-museum.de\/?p=4100#article","isPartOf":{"@id":"https:\/\/www.bachmann-museum.de\/?p=4100"},"author":{"name":"Bachmann-Admin_1","@id":"https:\/\/www.bachmann-museum.de\/#\/schema\/person\/4e0a96d1ed2480e1c23c3d5afb424bee"},"headline":"Bachmann-Museum erh\u00e4lt Zentraldepot","datePublished":"2024-11-11T08:19:28+00:00","dateModified":"2024-11-11T08:22:49+00:00","mainEntityOfPage":{"@id":"https:\/\/www.bachmann-museum.de\/?p=4100"},"wordCount":400,"image":{"@id":"https:\/\/www.bachmann-museum.de\/?p=4100#primaryimage"},"thumbnailUrl":"https:\/\/i0.wp.com\/www.bachmann-museum.de\/wp-content\/uploads\/2024\/11\/Neues-Depot-Bachmann-Museum-scaled.jpg?fit=2560%2C1894&ssl=1","inLanguage":"de"},{"@type":"WebPage","@id":"https:\/\/www.bachmann-museum.de\/?p=4100","url":"https:\/\/www.bachmann-museum.de\/?p=4100","name":"Bachmann-Museum erh\u00e4lt Zentraldepot - Bachmann-Museum Bremerv\u00f6rde","isPartOf":{"@id":"https:\/\/www.bachmann-museum.de\/#website"},"primaryImageOfPage":{"@id":"https:\/\/www.bachmann-museum.de\/?p=4100#primaryimage"},"image":{"@id":"https:\/\/www.bachmann-museum.de\/?p=4100#primaryimage"},"thumbnailUrl":"https:\/\/i0.wp.com\/www.bachmann-museum.de\/wp-content\/uploads\/2024\/11\/Neues-Depot-Bachmann-Museum-scaled.jpg?fit=2560%2C1894&ssl=1","datePublished":"2024-11-11T08:19:28+00:00","dateModified":"2024-11-11T08:22:49+00:00","author":{"@id":"https:\/\/www.bachmann-museum.de\/#\/schema\/person\/4e0a96d1ed2480e1c23c3d5afb424bee"},"breadcrumb":{"@id":"https:\/\/www.bachmann-museum.de\/?p=4100#breadcrumb"},"inLanguage":"de","potentialAction":[{"@type":"ReadAction","target":["https:\/\/www.bachmann-museum.de\/?p=4100"]}]},{"@type":"ImageObject","inLanguage":"de","@id":"https:\/\/www.bachmann-museum.de\/?p=4100#primaryimage","url":"https:\/\/i0.wp.com\/www.bachmann-museum.de\/wp-content\/uploads\/2024\/11\/Neues-Depot-Bachmann-Museum-scaled.jpg?fit=2560%2C1894&ssl=1","contentUrl":"https:\/\/i0.wp.com\/www.bachmann-museum.de\/wp-content\/uploads\/2024\/11\/Neues-Depot-Bachmann-Museum-scaled.jpg?fit=2560%2C1894&ssl=1","width":2560,"height":1894,"caption":"Informierten \u00fcber das geplante Zentraldepot: Christina Schultz (von links), Leiterin des Amtes f\u00fcr Geb\u00e4udemanagement, Landrat Marco Prietz, Museumsleiterin Ellen Horstrup, der Stiftungsvorsitzende Dr. Stefan Hesse und Kreisr\u00e4tin Dr. Silke Fricke. Foto: Landkreis Rotenburg"},{"@type":"BreadcrumbList","@id":"https:\/\/www.bachmann-museum.de\/?p=4100#breadcrumb","itemListElement":[{"@type":"ListItem","position":1,"name":"Start","item":"https:\/\/www.bachmann-museum.de\/"},{"@type":"ListItem","position":2,"name":"Bachmann-Museum erh\u00e4lt Zentraldepot"}]},{"@type":"WebSite","@id":"https:\/\/www.bachmann-museum.de\/#website","url":"https:\/\/www.bachmann-museum.de\/","name":"Bachmann-Museum Bremerv\u00f6rde","description":"","potentialAction":[{"@type":"SearchAction","target":{"@type":"EntryPoint","urlTemplate":"https:\/\/www.bachmann-museum.de\/?s={search_term_string}"},"query-input":{"@type":"PropertyValueSpecification","valueRequired":true,"valueName":"search_term_string"}}],"inLanguage":"de"},{"@type":"Person","@id":"https:\/\/www.bachmann-museum.de\/#\/schema\/person\/4e0a96d1ed2480e1c23c3d5afb424bee","name":"Bachmann-Admin_1","image":{"@type":"ImageObject","inLanguage":"de","@id":"https:\/\/secure.gravatar.com\/avatar\/12b64d40c777adbd0761c887e33f30e0219d4565a9373e68911205fb911bd107?s=96&d=mm&r=g","url":"https:\/\/secure.gravatar.com\/avatar\/12b64d40c777adbd0761c887e33f30e0219d4565a9373e68911205fb911bd107?s=96&d=mm&r=g","contentUrl":"https:\/\/secure.gravatar.com\/avatar\/12b64d40c777adbd0761c887e33f30e0219d4565a9373e68911205fb911bd107?s=96&d=mm&r=g","caption":"Bachmann-Admin_1"},"url":"https:\/\/www.bachmann-museum.de\/?author=1"}]}},"jetpack_featured_media_url":"https:\/\/i0.wp.com\/www.bachmann-museum.de\/wp-content\/uploads\/2024\/11\/Neues-Depot-Bachmann-Museum-scaled.jpg?fit=2560%2C1894&ssl=1","jetpack_sharing_enabled":true,"jetpack_shortlink":"https:\/\/wp.me\/p5DgYi-148","jetpack-related-posts":[],"_links":{"self":[{"href":"https:\/\/www.bachmann-museum.de\/index.php?rest_route=\/wp\/v2\/posts\/4100","targetHints":{"allow":["GET"]}}],"collection":[{"href":"https:\/\/www.bachmann-museum.de\/index.php?rest_route=\/wp\/v2\/posts"}],"about":[{"href":"https:\/\/www.bachmann-museum.de\/index.php?rest_route=\/wp\/v2\/types\/post"}],"author":[{"embeddable":true,"href":"https:\/\/www.bachmann-museum.de\/index.php?rest_route=\/wp\/v2\/users\/1"}],"replies":[{"embeddable":true,"href":"https:\/\/www.bachmann-museum.de\/index.php?rest_route=%2Fwp%2Fv2%2Fcomments&post=4100"}],"version-history":[{"count":3,"href":"https:\/\/www.bachmann-museum.de\/index.php?rest_route=\/wp\/v2\/posts\/4100\/revisions"}],"predecessor-version":[{"id":4104,"href":"https:\/\/www.bachmann-museum.de\/index.php?rest_route=\/wp\/v2\/posts\/4100\/revisions\/4104"}],"wp:featuredmedia":[{"embeddable":true,"href":"https:\/\/www.bachmann-museum.de\/index.php?rest_route=\/wp\/v2\/media\/4101"}],"wp:attachment":[{"href":"https:\/\/www.bachmann-museum.de\/index.php?rest_route=%2Fwp%2Fv2%2Fmedia&parent=4100"}],"wp:term":[{"taxonomy":"category","embeddable":true,"href":"https:\/\/www.bachmann-museum.de\/index.php?rest_route=%2Fwp%2Fv2%2Fcategories&post=4100"},{"taxonomy":"post_tag","embeddable":true,"href":"https:\/\/www.bachmann-museum.de\/index.php?rest_route=%2Fwp%2Fv2%2Ftags&post=4100"}],"curies":[{"name":"wp","href":"https:\/\/api.w.org\/{rel}","templated":true}]}}