{"id":4061,"date":"2024-09-06T13:30:19","date_gmt":"2024-09-06T11:30:19","guid":{"rendered":"https:\/\/www.bachmann-museum.de\/?p=4061"},"modified":"2024-09-06T13:57:06","modified_gmt":"2024-09-06T11:57:06","slug":"gemaelderestauratorin-unterstuetzt-museumsteam","status":"publish","type":"post","link":"https:\/\/www.bachmann-museum.de\/?p=4061","title":{"rendered":"Gem\u00e4lderestauratorin unterst\u00fctzt Museumsteam"},"content":{"rendered":"<p><strong>Der Landkreis Rotenburg bereitet f\u00fcr das Hauptgeb\u00e4ude des Bachmann-Museums Bremerv\u00f6rde eine umfassende Sanierung vor. Deshalb m\u00fcssen alle dort untergebrachten Sammlungsobjekte der Stiftung Bachmann-Museum ausziehen. Bereits seit dem vergangenen Jahr arbeitet das Museumsteam an der gr\u00f6\u00dften Umlagerung in der Museumsgeschichte. Sie soll bis November abgeschlossen sein. In diesem Jahr wird das Museumsteam durch einige spezialisierte Experten unterst\u00fctzt.<\/strong><\/p>\n<p>Dazu z\u00e4hlt die Restauratorin Jasmin Wollenhaupt, M.A., die sich zusammen mit ihrer Berufskollegin, Restauratorin Maja Rinck M.A., um alle Gem\u00e4lde, Zeichnungen, Drucke und alten B\u00fccher k\u00fcmmert. In den vergangenen Wochen sind insgesamt etwa 1.000 Objekte durch die H\u00e4nde der beiden Expertinnen gegangen.<\/p>\n<p>Die Objekte im Bachmann-Museum haben Jasmin Wollenhaupt begeistert. \u201eDie Sammlung ist beeindruckend vielf\u00e4ltig. Meine Kollegin und ich haben einen interessanten Einblick erhalten und trotzdem nur einen kleinen Teil gesehen. Neben den bekannten Kunstwerken wie dem Findorff-Portrait und dem Kupferstich von Matth\u00e4us Merian mit dem Bremerv\u00f6rder Schloss gibt es noch so viel mehr interessante Objekte. Es war jedes Mal spannend, sich mit einem neuen St\u00fcck aus der Sammlung zu besch\u00e4ftigen. Da kamen immer wieder kleine Sch\u00e4tze zum Vorschein\u201c, sagt Wollenhaupt und zeigt ein \u00d6lgem\u00e4lde, auf dem eine h\u00fcgelige Heidelandschaft zu erkennen ist. Ein Blick auf die R\u00fcckseite verr\u00e4t, dass es sich um das \u201eH\u00fcgelgrab Nr. 18 auf dem Langenberg bei Sassenholz\u201c handelt. Der Steuerinspektor Emil Schache (1879-1969) hat es 1964 in Zeven gemalt. Im selben Jahr hat August Bachmann das Gem\u00e4lde in seine Sammlung \u00fcbernommen, soviel ist bisher zur Geschichte des Objektes bekannt. Der Grabh\u00fcgel in Sassenholz ist seit dieser Zeit ein Bodendenkmal. Er stammt aus der Steinzeit oder Bronzezeit, sein genaues Alter ist noch ungewiss. Die ur- oder fr\u00fchgeschichtliche Grabst\u00e4tte liegt heute gut erkennbar in einem Waldst\u00fcck.<\/p>\n<p>Damit das Gem\u00e4lde und alle anderen Objekte die kommenden Jahre gut \u00fcberstehen, mussten Wollenhaupt und Rinck zun\u00e4chst pr\u00fcfen, ob ihr Zustand eine Umlagerung in ein anderes Geb\u00e4ude zul\u00e4sst. Die gute Nachricht: F\u00fcr alle Sammlungsst\u00fccke aus ihrem Fachgebiet konnten die beiden Spezialistinnen gr\u00fcnes Licht geben. Inzwischen haben sie die Objekte gereinigt und f\u00fcr den Transport und die Einlagerung sorgf\u00e4ltig verpackt.<\/p>\n<p>Jasmin Wollenhaupt, die sowohl f\u00fcr Museen als auch f\u00fcr Privatpersonen arbeitet, gibt noch einen Tipp, wie Kunstwerke in einem guten Zustand bleiben: \u201eEine gro\u00dfe Gefahr f\u00fcr jedes Kunstwerk ist direkte Sonneneinstrahlung und zu viel Feuchtigkeit. Daher sollte man nicht nur im Museum, sondern auch zu Hause genau \u00fcberlegen, wo ein Kunstwerk h\u00e4ngt, zum Beispiel nicht direkt am Fenster oder an der Haust\u00fcr. Was mir besonders am Herzen liegt: Wenn wirklich mal etwas passiert ist oder man Ver\u00e4nderungen feststellt, dann bitte unbedingt zuerst einen Experten fragen. Im Internet kursieren zwar inzwischen viele Tipps, wie man sich selbst helfen kann, aber die k\u00f6nnen zum Teil gro\u00dfen Schaden anrichten.\u201c<\/p>\n<figure id=\"attachment_4062\" aria-describedby=\"caption-attachment-4062\" style=\"width: 200px\" class=\"wp-caption alignnone\"><img data-recalc-dims=\"1\" loading=\"lazy\" decoding=\"async\" data-attachment-id=\"4062\" data-permalink=\"https:\/\/www.bachmann-museum.de\/?attachment_id=4062\" data-orig-file=\"https:\/\/i0.wp.com\/www.bachmann-museum.de\/wp-content\/uploads\/2024\/09\/Jasmin-Wollenhaupt-scaled.jpg?fit=1707%2C2560&amp;ssl=1\" data-orig-size=\"1707,2560\" data-comments-opened=\"0\" data-image-meta=\"{&quot;aperture&quot;:&quot;4.5&quot;,&quot;credit&quot;:&quot;&quot;,&quot;camera&quot;:&quot;Canon EOS 1300D&quot;,&quot;caption&quot;:&quot;&quot;,&quot;created_timestamp&quot;:&quot;1710766616&quot;,&quot;copyright&quot;:&quot;&quot;,&quot;focal_length&quot;:&quot;30&quot;,&quot;iso&quot;:&quot;400&quot;,&quot;shutter_speed&quot;:&quot;0.016666666666667&quot;,&quot;title&quot;:&quot;&quot;,&quot;orientation&quot;:&quot;1&quot;}\" data-image-title=\"Jasmin Wollenhaupt\" data-image-description=\"\" data-image-caption=\"&lt;p&gt;Restauratorin Jasmin Wollenhaupt (M.A.) bei der Begutachtung des Gem\u00e4ldes \u201eH\u00fcgelgrab Nr. 18 auf dem Langenberg bei Sassenholz\u201c von Emil Schache. &lt;\/p&gt;\n\" data-large-file=\"https:\/\/i0.wp.com\/www.bachmann-museum.de\/wp-content\/uploads\/2024\/09\/Jasmin-Wollenhaupt-scaled.jpg?fit=683%2C1024&amp;ssl=1\" class=\"size-medium wp-image-4062\" src=\"https:\/\/i0.wp.com\/www.bachmann-museum.de\/wp-content\/uploads\/2024\/09\/Jasmin-Wollenhaupt.jpg?resize=200%2C300&#038;ssl=1\" alt=\"\" width=\"200\" height=\"300\" srcset=\"https:\/\/i0.wp.com\/www.bachmann-museum.de\/wp-content\/uploads\/2024\/09\/Jasmin-Wollenhaupt-scaled.jpg?resize=200%2C300&amp;ssl=1 200w, https:\/\/i0.wp.com\/www.bachmann-museum.de\/wp-content\/uploads\/2024\/09\/Jasmin-Wollenhaupt-scaled.jpg?resize=683%2C1024&amp;ssl=1 683w, https:\/\/i0.wp.com\/www.bachmann-museum.de\/wp-content\/uploads\/2024\/09\/Jasmin-Wollenhaupt-scaled.jpg?resize=768%2C1152&amp;ssl=1 768w, https:\/\/i0.wp.com\/www.bachmann-museum.de\/wp-content\/uploads\/2024\/09\/Jasmin-Wollenhaupt-scaled.jpg?resize=1024%2C1536&amp;ssl=1 1024w, https:\/\/i0.wp.com\/www.bachmann-museum.de\/wp-content\/uploads\/2024\/09\/Jasmin-Wollenhaupt-scaled.jpg?resize=1365%2C2048&amp;ssl=1 1365w, https:\/\/i0.wp.com\/www.bachmann-museum.de\/wp-content\/uploads\/2024\/09\/Jasmin-Wollenhaupt-scaled.jpg?w=1707&amp;ssl=1 1707w, https:\/\/i0.wp.com\/www.bachmann-museum.de\/wp-content\/uploads\/2024\/09\/Jasmin-Wollenhaupt-scaled.jpg?w=1500&amp;ssl=1 1500w\" sizes=\"auto, (max-width: 200px) 100vw, 200px\" \/><figcaption id=\"caption-attachment-4062\" class=\"wp-caption-text\">Restauratorin Jasmin Wollenhaupt (M.A.) bei der Begutachtung des Gem\u00e4ldes \u201eH\u00fcgelgrab Nr. 18 auf dem Langenberg bei Sassenholz\u201c von Emil Schache.<\/figcaption><\/figure>\n<p>&nbsp;<\/p>\n<figure id=\"attachment_4063\" aria-describedby=\"caption-attachment-4063\" style=\"width: 300px\" class=\"wp-caption alignnone\"><img data-recalc-dims=\"1\" loading=\"lazy\" decoding=\"async\" data-attachment-id=\"4063\" data-permalink=\"https:\/\/www.bachmann-museum.de\/?attachment_id=4063\" data-orig-file=\"https:\/\/i0.wp.com\/www.bachmann-museum.de\/wp-content\/uploads\/2024\/09\/Merian-klein.jpg?fit=2197%2C1820&amp;ssl=1\" data-orig-size=\"2197,1820\" data-comments-opened=\"0\" data-image-meta=\"{&quot;aperture&quot;:&quot;0&quot;,&quot;credit&quot;:&quot;&quot;,&quot;camera&quot;:&quot;&quot;,&quot;caption&quot;:&quot;&quot;,&quot;created_timestamp&quot;:&quot;1568388278&quot;,&quot;copyright&quot;:&quot;&quot;,&quot;focal_length&quot;:&quot;0&quot;,&quot;iso&quot;:&quot;0&quot;,&quot;shutter_speed&quot;:&quot;0&quot;,&quot;title&quot;:&quot;&quot;,&quot;orientation&quot;:&quot;1&quot;}\" data-image-title=\"Merian klein\" data-image-description=\"\" data-image-caption=\"\" data-large-file=\"https:\/\/i0.wp.com\/www.bachmann-museum.de\/wp-content\/uploads\/2024\/09\/Merian-klein.jpg?fit=750%2C621&amp;ssl=1\" class=\"size-medium wp-image-4063\" src=\"https:\/\/i0.wp.com\/www.bachmann-museum.de\/wp-content\/uploads\/2024\/09\/Merian-klein.jpg?resize=300%2C249&#038;ssl=1\" alt=\"\" width=\"300\" height=\"249\" srcset=\"https:\/\/i0.wp.com\/www.bachmann-museum.de\/wp-content\/uploads\/2024\/09\/Merian-klein.jpg?resize=300%2C249&amp;ssl=1 300w, https:\/\/i0.wp.com\/www.bachmann-museum.de\/wp-content\/uploads\/2024\/09\/Merian-klein.jpg?resize=1024%2C848&amp;ssl=1 1024w, https:\/\/i0.wp.com\/www.bachmann-museum.de\/wp-content\/uploads\/2024\/09\/Merian-klein.jpg?resize=768%2C636&amp;ssl=1 768w, https:\/\/i0.wp.com\/www.bachmann-museum.de\/wp-content\/uploads\/2024\/09\/Merian-klein.jpg?resize=1536%2C1272&amp;ssl=1 1536w, https:\/\/i0.wp.com\/www.bachmann-museum.de\/wp-content\/uploads\/2024\/09\/Merian-klein.jpg?resize=2048%2C1697&amp;ssl=1 2048w\" sizes=\"auto, (max-width: 300px) 100vw, 300px\" \/><figcaption id=\"caption-attachment-4063\" class=\"wp-caption-text\">Zu den zahlreichen Objekten, die Jasmin Wollenhaupt und Maja Rinck begutachtet und f\u00fcr die Umlagerung verpackt haben, geh\u00f6rt der kolorierte Kupferstich des Bremerv\u00f6rder Schlosses um 1653 von Matth\u00e4us Merian, dem J\u00fcngeren. Fotos: Bachmann-Museum Bremerv\u00f6rde<\/figcaption><\/figure>\n","protected":false},"excerpt":{"rendered":"<p>Der Landkreis Rotenburg bereitet f\u00fcr das Hauptgeb\u00e4ude des Bachmann-Museums Bremerv\u00f6rde eine umfassende Sanierung vor. Deshalb m\u00fcssen alle dort untergebrachten Sammlungsobjekte der Stiftung Bachmann-Museum ausziehen. Bereits seit dem vergangenen Jahr arbeitet das Museumsteam an der gr\u00f6\u00dften Umlagerung in der Museumsgeschichte. Sie soll bis November abgeschlossen sein. In diesem Jahr wird das Museumsteam durch einige spezialisierte Experten [&hellip;]<\/p>\n","protected":false},"author":1,"featured_media":4063,"comment_status":"closed","ping_status":"open","sticky":false,"template":"","format":"standard","meta":{"_jetpack_newsletter_access":"","_jetpack_dont_email_post_to_subs":false,"_jetpack_newsletter_tier_id":0,"_jetpack_memberships_contains_paywalled_content":false,"_jetpack_memberships_contains_paid_content":false,"footnotes":""},"categories":[1],"tags":[],"class_list":["post-4061","post","type-post","status-publish","format-standard","has-post-thumbnail","hentry","category-allgemein"],"yoast_head":"<!-- This site is optimized with the Yoast SEO plugin v27.4 - https:\/\/yoast.com\/product\/yoast-seo-wordpress\/ -->\n<title>Gem\u00e4lderestauratorin unterst\u00fctzt Museumsteam - Bachmann-Museum Bremerv\u00f6rde<\/title>\n<meta name=\"robots\" content=\"index, follow, max-snippet:-1, max-image-preview:large, max-video-preview:-1\" \/>\n<link rel=\"canonical\" href=\"https:\/\/www.bachmann-museum.de\/?p=4061\" \/>\n<meta property=\"og:locale\" content=\"de_DE\" \/>\n<meta property=\"og:type\" content=\"article\" \/>\n<meta property=\"og:title\" content=\"Gem\u00e4lderestauratorin unterst\u00fctzt Museumsteam - Bachmann-Museum Bremerv\u00f6rde\" \/>\n<meta property=\"og:description\" content=\"Der Landkreis Rotenburg bereitet f\u00fcr das Hauptgeb\u00e4ude des Bachmann-Museums Bremerv\u00f6rde eine umfassende Sanierung vor. Deshalb m\u00fcssen alle dort untergebrachten Sammlungsobjekte der Stiftung Bachmann-Museum ausziehen. Bereits seit dem vergangenen Jahr arbeitet das Museumsteam an der gr\u00f6\u00dften Umlagerung in der Museumsgeschichte. Sie soll bis November abgeschlossen sein. In diesem Jahr wird das Museumsteam durch einige spezialisierte Experten [&hellip;]\" \/>\n<meta property=\"og:url\" content=\"https:\/\/www.bachmann-museum.de\/?p=4061\" \/>\n<meta property=\"og:site_name\" content=\"Bachmann-Museum Bremerv\u00f6rde\" \/>\n<meta property=\"article:published_time\" content=\"2024-09-06T11:30:19+00:00\" \/>\n<meta property=\"article:modified_time\" content=\"2024-09-06T11:57:06+00:00\" \/>\n<meta property=\"og:image\" content=\"https:\/\/i0.wp.com\/www.bachmann-museum.de\/wp-content\/uploads\/2024\/09\/Merian-klein.jpg?fit=2197%2C1820&ssl=1\" \/>\n\t<meta property=\"og:image:width\" content=\"2197\" \/>\n\t<meta property=\"og:image:height\" content=\"1820\" \/>\n\t<meta property=\"og:image:type\" content=\"image\/jpeg\" \/>\n<meta name=\"author\" content=\"Bachmann-Admin_1\" \/>\n<meta name=\"twitter:card\" content=\"summary_large_image\" \/>\n<meta name=\"twitter:label1\" content=\"Verfasst von\" \/>\n\t<meta name=\"twitter:data1\" content=\"Bachmann-Admin_1\" \/>\n\t<meta name=\"twitter:label2\" content=\"Gesch\u00e4tzte Lesezeit\" \/>\n\t<meta name=\"twitter:data2\" content=\"3\u00a0Minuten\" \/>\n<script type=\"application\/ld+json\" class=\"yoast-schema-graph\">{\"@context\":\"https:\\\/\\\/schema.org\",\"@graph\":[{\"@type\":\"Article\",\"@id\":\"https:\\\/\\\/www.bachmann-museum.de\\\/?p=4061#article\",\"isPartOf\":{\"@id\":\"https:\\\/\\\/www.bachmann-museum.de\\\/?p=4061\"},\"author\":{\"name\":\"Bachmann-Admin_1\",\"@id\":\"https:\\\/\\\/www.bachmann-museum.de\\\/#\\\/schema\\\/person\\\/4e0a96d1ed2480e1c23c3d5afb424bee\"},\"headline\":\"Gem\u00e4lderestauratorin unterst\u00fctzt Museumsteam\",\"datePublished\":\"2024-09-06T11:30:19+00:00\",\"dateModified\":\"2024-09-06T11:57:06+00:00\",\"mainEntityOfPage\":{\"@id\":\"https:\\\/\\\/www.bachmann-museum.de\\\/?p=4061\"},\"wordCount\":566,\"image\":{\"@id\":\"https:\\\/\\\/www.bachmann-museum.de\\\/?p=4061#primaryimage\"},\"thumbnailUrl\":\"https:\\\/\\\/i0.wp.com\\\/www.bachmann-museum.de\\\/wp-content\\\/uploads\\\/2024\\\/09\\\/Merian-klein.jpg?fit=2197%2C1820&ssl=1\",\"inLanguage\":\"de\"},{\"@type\":\"WebPage\",\"@id\":\"https:\\\/\\\/www.bachmann-museum.de\\\/?p=4061\",\"url\":\"https:\\\/\\\/www.bachmann-museum.de\\\/?p=4061\",\"name\":\"Gem\u00e4lderestauratorin unterst\u00fctzt Museumsteam - Bachmann-Museum Bremerv\u00f6rde\",\"isPartOf\":{\"@id\":\"https:\\\/\\\/www.bachmann-museum.de\\\/#website\"},\"primaryImageOfPage\":{\"@id\":\"https:\\\/\\\/www.bachmann-museum.de\\\/?p=4061#primaryimage\"},\"image\":{\"@id\":\"https:\\\/\\\/www.bachmann-museum.de\\\/?p=4061#primaryimage\"},\"thumbnailUrl\":\"https:\\\/\\\/i0.wp.com\\\/www.bachmann-museum.de\\\/wp-content\\\/uploads\\\/2024\\\/09\\\/Merian-klein.jpg?fit=2197%2C1820&ssl=1\",\"datePublished\":\"2024-09-06T11:30:19+00:00\",\"dateModified\":\"2024-09-06T11:57:06+00:00\",\"author\":{\"@id\":\"https:\\\/\\\/www.bachmann-museum.de\\\/#\\\/schema\\\/person\\\/4e0a96d1ed2480e1c23c3d5afb424bee\"},\"breadcrumb\":{\"@id\":\"https:\\\/\\\/www.bachmann-museum.de\\\/?p=4061#breadcrumb\"},\"inLanguage\":\"de\",\"potentialAction\":[{\"@type\":\"ReadAction\",\"target\":[\"https:\\\/\\\/www.bachmann-museum.de\\\/?p=4061\"]}]},{\"@type\":\"ImageObject\",\"inLanguage\":\"de\",\"@id\":\"https:\\\/\\\/www.bachmann-museum.de\\\/?p=4061#primaryimage\",\"url\":\"https:\\\/\\\/i0.wp.com\\\/www.bachmann-museum.de\\\/wp-content\\\/uploads\\\/2024\\\/09\\\/Merian-klein.jpg?fit=2197%2C1820&ssl=1\",\"contentUrl\":\"https:\\\/\\\/i0.wp.com\\\/www.bachmann-museum.de\\\/wp-content\\\/uploads\\\/2024\\\/09\\\/Merian-klein.jpg?fit=2197%2C1820&ssl=1\",\"width\":2197,\"height\":1820},{\"@type\":\"BreadcrumbList\",\"@id\":\"https:\\\/\\\/www.bachmann-museum.de\\\/?p=4061#breadcrumb\",\"itemListElement\":[{\"@type\":\"ListItem\",\"position\":1,\"name\":\"Start\",\"item\":\"https:\\\/\\\/www.bachmann-museum.de\\\/\"},{\"@type\":\"ListItem\",\"position\":2,\"name\":\"Gem\u00e4lderestauratorin unterst\u00fctzt Museumsteam\"}]},{\"@type\":\"WebSite\",\"@id\":\"https:\\\/\\\/www.bachmann-museum.de\\\/#website\",\"url\":\"https:\\\/\\\/www.bachmann-museum.de\\\/\",\"name\":\"Bachmann-Museum Bremerv\u00f6rde\",\"description\":\"\",\"potentialAction\":[{\"@type\":\"SearchAction\",\"target\":{\"@type\":\"EntryPoint\",\"urlTemplate\":\"https:\\\/\\\/www.bachmann-museum.de\\\/?s={search_term_string}\"},\"query-input\":{\"@type\":\"PropertyValueSpecification\",\"valueRequired\":true,\"valueName\":\"search_term_string\"}}],\"inLanguage\":\"de\"},{\"@type\":\"Person\",\"@id\":\"https:\\\/\\\/www.bachmann-museum.de\\\/#\\\/schema\\\/person\\\/4e0a96d1ed2480e1c23c3d5afb424bee\",\"name\":\"Bachmann-Admin_1\",\"image\":{\"@type\":\"ImageObject\",\"inLanguage\":\"de\",\"@id\":\"https:\\\/\\\/secure.gravatar.com\\\/avatar\\\/12b64d40c777adbd0761c887e33f30e0219d4565a9373e68911205fb911bd107?s=96&d=mm&r=g\",\"url\":\"https:\\\/\\\/secure.gravatar.com\\\/avatar\\\/12b64d40c777adbd0761c887e33f30e0219d4565a9373e68911205fb911bd107?s=96&d=mm&r=g\",\"contentUrl\":\"https:\\\/\\\/secure.gravatar.com\\\/avatar\\\/12b64d40c777adbd0761c887e33f30e0219d4565a9373e68911205fb911bd107?s=96&d=mm&r=g\",\"caption\":\"Bachmann-Admin_1\"},\"url\":\"https:\\\/\\\/www.bachmann-museum.de\\\/?author=1\"}]}<\/script>\n<!-- \/ Yoast SEO plugin. -->","yoast_head_json":{"title":"Gem\u00e4lderestauratorin unterst\u00fctzt Museumsteam - Bachmann-Museum Bremerv\u00f6rde","robots":{"index":"index","follow":"follow","max-snippet":"max-snippet:-1","max-image-preview":"max-image-preview:large","max-video-preview":"max-video-preview:-1"},"canonical":"https:\/\/www.bachmann-museum.de\/?p=4061","og_locale":"de_DE","og_type":"article","og_title":"Gem\u00e4lderestauratorin unterst\u00fctzt Museumsteam - Bachmann-Museum Bremerv\u00f6rde","og_description":"Der Landkreis Rotenburg bereitet f\u00fcr das Hauptgeb\u00e4ude des Bachmann-Museums Bremerv\u00f6rde eine umfassende Sanierung vor. Deshalb m\u00fcssen alle dort untergebrachten Sammlungsobjekte der Stiftung Bachmann-Museum ausziehen. Bereits seit dem vergangenen Jahr arbeitet das Museumsteam an der gr\u00f6\u00dften Umlagerung in der Museumsgeschichte. Sie soll bis November abgeschlossen sein. In diesem Jahr wird das Museumsteam durch einige spezialisierte Experten [&hellip;]","og_url":"https:\/\/www.bachmann-museum.de\/?p=4061","og_site_name":"Bachmann-Museum Bremerv\u00f6rde","article_published_time":"2024-09-06T11:30:19+00:00","article_modified_time":"2024-09-06T11:57:06+00:00","og_image":[{"width":2197,"height":1820,"url":"https:\/\/i0.wp.com\/www.bachmann-museum.de\/wp-content\/uploads\/2024\/09\/Merian-klein.jpg?fit=2197%2C1820&ssl=1","type":"image\/jpeg"}],"author":"Bachmann-Admin_1","twitter_card":"summary_large_image","twitter_misc":{"Verfasst von":"Bachmann-Admin_1","Gesch\u00e4tzte Lesezeit":"3\u00a0Minuten"},"schema":{"@context":"https:\/\/schema.org","@graph":[{"@type":"Article","@id":"https:\/\/www.bachmann-museum.de\/?p=4061#article","isPartOf":{"@id":"https:\/\/www.bachmann-museum.de\/?p=4061"},"author":{"name":"Bachmann-Admin_1","@id":"https:\/\/www.bachmann-museum.de\/#\/schema\/person\/4e0a96d1ed2480e1c23c3d5afb424bee"},"headline":"Gem\u00e4lderestauratorin unterst\u00fctzt Museumsteam","datePublished":"2024-09-06T11:30:19+00:00","dateModified":"2024-09-06T11:57:06+00:00","mainEntityOfPage":{"@id":"https:\/\/www.bachmann-museum.de\/?p=4061"},"wordCount":566,"image":{"@id":"https:\/\/www.bachmann-museum.de\/?p=4061#primaryimage"},"thumbnailUrl":"https:\/\/i0.wp.com\/www.bachmann-museum.de\/wp-content\/uploads\/2024\/09\/Merian-klein.jpg?fit=2197%2C1820&ssl=1","inLanguage":"de"},{"@type":"WebPage","@id":"https:\/\/www.bachmann-museum.de\/?p=4061","url":"https:\/\/www.bachmann-museum.de\/?p=4061","name":"Gem\u00e4lderestauratorin unterst\u00fctzt Museumsteam - Bachmann-Museum Bremerv\u00f6rde","isPartOf":{"@id":"https:\/\/www.bachmann-museum.de\/#website"},"primaryImageOfPage":{"@id":"https:\/\/www.bachmann-museum.de\/?p=4061#primaryimage"},"image":{"@id":"https:\/\/www.bachmann-museum.de\/?p=4061#primaryimage"},"thumbnailUrl":"https:\/\/i0.wp.com\/www.bachmann-museum.de\/wp-content\/uploads\/2024\/09\/Merian-klein.jpg?fit=2197%2C1820&ssl=1","datePublished":"2024-09-06T11:30:19+00:00","dateModified":"2024-09-06T11:57:06+00:00","author":{"@id":"https:\/\/www.bachmann-museum.de\/#\/schema\/person\/4e0a96d1ed2480e1c23c3d5afb424bee"},"breadcrumb":{"@id":"https:\/\/www.bachmann-museum.de\/?p=4061#breadcrumb"},"inLanguage":"de","potentialAction":[{"@type":"ReadAction","target":["https:\/\/www.bachmann-museum.de\/?p=4061"]}]},{"@type":"ImageObject","inLanguage":"de","@id":"https:\/\/www.bachmann-museum.de\/?p=4061#primaryimage","url":"https:\/\/i0.wp.com\/www.bachmann-museum.de\/wp-content\/uploads\/2024\/09\/Merian-klein.jpg?fit=2197%2C1820&ssl=1","contentUrl":"https:\/\/i0.wp.com\/www.bachmann-museum.de\/wp-content\/uploads\/2024\/09\/Merian-klein.jpg?fit=2197%2C1820&ssl=1","width":2197,"height":1820},{"@type":"BreadcrumbList","@id":"https:\/\/www.bachmann-museum.de\/?p=4061#breadcrumb","itemListElement":[{"@type":"ListItem","position":1,"name":"Start","item":"https:\/\/www.bachmann-museum.de\/"},{"@type":"ListItem","position":2,"name":"Gem\u00e4lderestauratorin unterst\u00fctzt Museumsteam"}]},{"@type":"WebSite","@id":"https:\/\/www.bachmann-museum.de\/#website","url":"https:\/\/www.bachmann-museum.de\/","name":"Bachmann-Museum Bremerv\u00f6rde","description":"","potentialAction":[{"@type":"SearchAction","target":{"@type":"EntryPoint","urlTemplate":"https:\/\/www.bachmann-museum.de\/?s={search_term_string}"},"query-input":{"@type":"PropertyValueSpecification","valueRequired":true,"valueName":"search_term_string"}}],"inLanguage":"de"},{"@type":"Person","@id":"https:\/\/www.bachmann-museum.de\/#\/schema\/person\/4e0a96d1ed2480e1c23c3d5afb424bee","name":"Bachmann-Admin_1","image":{"@type":"ImageObject","inLanguage":"de","@id":"https:\/\/secure.gravatar.com\/avatar\/12b64d40c777adbd0761c887e33f30e0219d4565a9373e68911205fb911bd107?s=96&d=mm&r=g","url":"https:\/\/secure.gravatar.com\/avatar\/12b64d40c777adbd0761c887e33f30e0219d4565a9373e68911205fb911bd107?s=96&d=mm&r=g","contentUrl":"https:\/\/secure.gravatar.com\/avatar\/12b64d40c777adbd0761c887e33f30e0219d4565a9373e68911205fb911bd107?s=96&d=mm&r=g","caption":"Bachmann-Admin_1"},"url":"https:\/\/www.bachmann-museum.de\/?author=1"}]}},"jetpack_featured_media_url":"https:\/\/i0.wp.com\/www.bachmann-museum.de\/wp-content\/uploads\/2024\/09\/Merian-klein.jpg?fit=2197%2C1820&ssl=1","jetpack_sharing_enabled":true,"jetpack_shortlink":"https:\/\/wp.me\/p5DgYi-13v","jetpack-related-posts":[],"_links":{"self":[{"href":"https:\/\/www.bachmann-museum.de\/index.php?rest_route=\/wp\/v2\/posts\/4061","targetHints":{"allow":["GET"]}}],"collection":[{"href":"https:\/\/www.bachmann-museum.de\/index.php?rest_route=\/wp\/v2\/posts"}],"about":[{"href":"https:\/\/www.bachmann-museum.de\/index.php?rest_route=\/wp\/v2\/types\/post"}],"author":[{"embeddable":true,"href":"https:\/\/www.bachmann-museum.de\/index.php?rest_route=\/wp\/v2\/users\/1"}],"replies":[{"embeddable":true,"href":"https:\/\/www.bachmann-museum.de\/index.php?rest_route=%2Fwp%2Fv2%2Fcomments&post=4061"}],"version-history":[{"count":3,"href":"https:\/\/www.bachmann-museum.de\/index.php?rest_route=\/wp\/v2\/posts\/4061\/revisions"}],"predecessor-version":[{"id":4072,"href":"https:\/\/www.bachmann-museum.de\/index.php?rest_route=\/wp\/v2\/posts\/4061\/revisions\/4072"}],"wp:featuredmedia":[{"embeddable":true,"href":"https:\/\/www.bachmann-museum.de\/index.php?rest_route=\/wp\/v2\/media\/4063"}],"wp:attachment":[{"href":"https:\/\/www.bachmann-museum.de\/index.php?rest_route=%2Fwp%2Fv2%2Fmedia&parent=4061"}],"wp:term":[{"taxonomy":"category","embeddable":true,"href":"https:\/\/www.bachmann-museum.de\/index.php?rest_route=%2Fwp%2Fv2%2Fcategories&post=4061"},{"taxonomy":"post_tag","embeddable":true,"href":"https:\/\/www.bachmann-museum.de\/index.php?rest_route=%2Fwp%2Fv2%2Ftags&post=4061"}],"curies":[{"name":"wp","href":"https:\/\/api.w.org\/{rel}","templated":true}]}}