{"id":4033,"date":"2024-08-21T15:04:29","date_gmt":"2024-08-21T13:04:29","guid":{"rendered":"https:\/\/www.bachmann-museum.de\/?p=4033"},"modified":"2024-08-21T15:04:29","modified_gmt":"2024-08-21T13:04:29","slug":"auszug-der-objekte-beginnt-stiftung-bachmann-museum-raeumt-gebaeude","status":"publish","type":"post","link":"https:\/\/www.bachmann-museum.de\/?p=4033","title":{"rendered":"Auszug der Objekte beginnt &#8211; Stiftung Bachmann-Museum r\u00e4umt Geb\u00e4ude"},"content":{"rendered":"<p>Mit der Umlagerung der Objekte vom Dachboden in die fr\u00fcheren Ausstellungsr\u00e4ume<br \/>\nim Erdgeschoss haben im vergangenen Jahr im Bachmann-Museum Bremerv\u00f6rde die<br \/>\nVorbereitungen zum sanierungsbedingten Auszug aus dem Museumsgeb\u00e4ude<br \/>\nbegonnen. In diesem Jahr stehen die Best\u00e4nde im ersten Obergeschoss im<br \/>\nBlickpunkt. W\u00e4hrend das Museumsteam und Spezialisten die Objekte nach und nach<br \/>\nauf den Auszug vorbereiten, ziehen die ersten sorgf\u00e4ltig gepackten Boxen bereits in<br \/>\nein Zwischenlager um. Erm\u00f6glicht wird diese f\u00fcr das Museum bisher gr\u00f6\u00dfte<br \/>\nUmlagerung durch die finanzielle Zuwendung des Landkreises Rotenburg (W\u00fcmme).<br \/>\nNach au\u00dfen liegt das Museumsgeb\u00e4ude ruhig im sommerlichen Museumspark, doch die<br \/>\nMuseumsmitarbeiter und viele Spezialisten arbeiten auch in diesem Jahr weiter intensiv an<br \/>\ndem Ziel, alle Sammlungsobjekte aus dem Geb\u00e4ude zu bringen. Museumsleiterin Ellen<br \/>\nHorstrup betont: \u201eEs ist die gr\u00f6\u00dfte Umlagerung in der langen Geschichte des Museums.<br \/>\nInsgesamt werden wir bis Ende des Jahres \u00fcber 60.000 Objekte aus dem Museumsgeb\u00e4ude<br \/>\nin Zwischenlager in Bremerv\u00f6rde bringen.\u201c Die Sammlung sei der Kern des Museums, daher<br \/>\nm\u00fcsse jeder Schritt professionell und vorsichtig erfolgen. \u201eEin so gro\u00dfes Projekt kann die<br \/>\nStiftung Bachmann-Museum als Eigent\u00fcmerin der Objekte nur mit der finanziellen<br \/>\nUnterst\u00fctzung durch den Landkreis Rotenburg umsetzen\u201c, erkl\u00e4rt die Historikerin.<br \/>\nSeit mindestens drei Jahren hat die Stiftung Bachmann-Museum gemeinsam mit dem<br \/>\nLandkreis Rotenburg (W\u00fcmme) und der Stadt Bremerv\u00f6rde nach einem geeigneten<br \/>\nZwischenlager gesucht.<br \/>\nIm Fr\u00fchjahr 2023 entschied man sich daf\u00fcr, eine Gewerbehalle zu nutzen, die im Besitz des<br \/>\nLandkreises ist und von ihm zur Verf\u00fcgung gestellt wurde. Bis dahin war die jetzige<br \/>\nZwischenlagerl\u00f6sung noch als saniertes und gem\u00e4\u00df den konservatorischen Anforderungen<br \/>\nert\u00fcchtigtes Hauptdepot angedacht. Der Landkreis baute die Halle in Zusammenarbeit mit<br \/>\nder Stiftung Bachmann-Museum um, so dass sie bis zum Neubau ann\u00e4hernd den<br \/>\nkonservatorischen und versicherungstechnischen Anforderungen entspricht. Die \u00dcbergabe<br \/>\ndes Zwischenlagers an das Bachmann Museum erfolgte im Mai 2024.<br \/>\nIm Museum starteten die Umzugsvorbereitungen schon 2022 mit der R\u00e4umung des<br \/>\nDachbodens und dem Abbau der kompletten Ausstellung. Die leeren Ausstellungsr\u00e4ume<br \/>\ndienen seitdem als Lagerfl\u00e4chen f\u00fcr die fertig verpackten Objekte. Der Veranstaltungsraum<br \/>\ndes Museums wird zur Unterbringung von Verpackungsmaterialien und Arbeitsger\u00e4t genutzt.<br \/>\nBis vor kurzem stand die gesamte fr\u00fchere Ausstellungsfl\u00e4che voll mit grauen Boxen, in<br \/>\ndenen sich die sorgf\u00e4ltig verpackten Museumsobjekte befinden. Auch im ersten Stock<br \/>\nt\u00fcrmten sich die beschrifteten Kunststoffbeh\u00e4lter in einem eigens daf\u00fcr vorbereiteten<br \/>\nBereich.<br \/>\nEtwa 800 Boxen mit arch\u00e4ologischen und geologischen Objekten, aber auch einige kleine<br \/>\nM\u00f6bel und Holzobjekte, Textilien und Gem\u00e4lde sind mit professioneller Unterst\u00fctzung durch<br \/>\ndie Bremerv\u00f6rder Spedition Meyer schon in das Zwischenlager umgezogen. Ein detailliertes<br \/>\nStandortverwaltungssystem in der digitalen Museumsdatenbank erm\u00f6glicht es, die Objekte<br \/>\nan den neuen Lagerungsorten wiederzufinden. Nur so k\u00f6nnen in den kommenden Jahren die<br \/>\nwichtigen anstehenden Aufgaben des Museums wie etwa die Neukonzeption der Ausstellung<br \/>\nim sanierten Museumsgeb\u00e4ude weitergef\u00fchrt werden.<br \/>\nDer Objektbestand, der sich bislang noch im Museum befindet, ist vielf\u00e4ltig: von Glas und<br \/>\nPorzellan \u00fcber Metallobjekte bis hin zu Tierpr\u00e4paraten und gro\u00dfen M\u00f6beln. Daher wird das<br \/>\nMuseumsteam weiterhin durch spezialisierte Restauratorinnen unterst\u00fctzt, die sich in eigens<br \/>\ndaf\u00fcr eingerichteten Arbeitsbereichen um diese Best\u00e4nde k\u00fcmmern. Die Objekte werden<br \/>\ngereinigt und auf ihren Zustand \u00fcberpr\u00fcft, um zu erkennen, ob und wie sie transportiert<br \/>\nwerden k\u00f6nnen. Anschlie\u00dfend werden sie f\u00fcr den Umzug und die Einlagerung verpackt.<br \/>\nRestauriert werden die Objekte nicht.<br \/>\n\u201eWir sch\u00e4tzen, dass wir noch einmal etwa 400 gepackte Boxen umlagern werden\u201c, erl\u00e4utert<br \/>\nSammlungsverwalter Lothar Safier. \u201eDazu kommen dann noch die M\u00f6bel und alle anderen<br \/>\nObjekte, die zu gro\u00df f\u00fcr die Boxen sind.\u201c Aktuell bereitet sich das Museumsteam auf das<br \/>\nn\u00e4chste Umzugsintervall noch im August vor.<\/p>\n<figure id=\"attachment_4034\" aria-describedby=\"caption-attachment-4034\" style=\"width: 300px\" class=\"wp-caption alignnone\"><img data-recalc-dims=\"1\" loading=\"lazy\" decoding=\"async\" data-attachment-id=\"4034\" data-permalink=\"https:\/\/www.bachmann-museum.de\/?attachment_id=4034\" data-orig-file=\"https:\/\/i0.wp.com\/www.bachmann-museum.de\/wp-content\/uploads\/2024\/08\/Umzug-1-klein.jpg?fit=1296%2C864&amp;ssl=1\" data-orig-size=\"1296,864\" data-comments-opened=\"0\" data-image-meta=\"{&quot;aperture&quot;:&quot;18&quot;,&quot;credit&quot;:&quot;&quot;,&quot;camera&quot;:&quot;Canon EOS 1300D&quot;,&quot;caption&quot;:&quot;&quot;,&quot;created_timestamp&quot;:&quot;1717667663&quot;,&quot;copyright&quot;:&quot;&quot;,&quot;focal_length&quot;:&quot;43&quot;,&quot;iso&quot;:&quot;800&quot;,&quot;shutter_speed&quot;:&quot;0.005&quot;,&quot;title&quot;:&quot;&quot;,&quot;orientation&quot;:&quot;1&quot;}\" data-image-title=\"Umzug 1 klein\" data-image-description=\"\" data-image-caption=\"&lt;p&gt;Die Mitarbeiter der Spedition Meyer transportieren die Boxen mit den Museumsobjekten&lt;br \/&gt;\nvorsichtig aus dem Musemsgeb\u00e4ude.&lt;\/p&gt;\n\" data-large-file=\"https:\/\/i0.wp.com\/www.bachmann-museum.de\/wp-content\/uploads\/2024\/08\/Umzug-1-klein.jpg?fit=750%2C500&amp;ssl=1\" class=\"size-medium wp-image-4034\" src=\"https:\/\/i0.wp.com\/www.bachmann-museum.de\/wp-content\/uploads\/2024\/08\/Umzug-1-klein.jpg?resize=300%2C200&#038;ssl=1\" alt=\"\" width=\"300\" height=\"200\" srcset=\"https:\/\/i0.wp.com\/www.bachmann-museum.de\/wp-content\/uploads\/2024\/08\/Umzug-1-klein.jpg?resize=300%2C200&amp;ssl=1 300w, https:\/\/i0.wp.com\/www.bachmann-museum.de\/wp-content\/uploads\/2024\/08\/Umzug-1-klein.jpg?resize=1024%2C683&amp;ssl=1 1024w, https:\/\/i0.wp.com\/www.bachmann-museum.de\/wp-content\/uploads\/2024\/08\/Umzug-1-klein.jpg?resize=768%2C512&amp;ssl=1 768w, https:\/\/i0.wp.com\/www.bachmann-museum.de\/wp-content\/uploads\/2024\/08\/Umzug-1-klein.jpg?w=1296&amp;ssl=1 1296w\" sizes=\"auto, (max-width: 300px) 100vw, 300px\" \/><figcaption id=\"caption-attachment-4034\" class=\"wp-caption-text\">Die Mitarbeiter der Spedition Meyer transportieren die Boxen mit den Museumsobjekten<br \/>vorsichtig aus dem Musemsgeb\u00e4ude.<\/figcaption><\/figure>\n<p>&nbsp;<\/p>\n<figure id=\"attachment_4035\" aria-describedby=\"caption-attachment-4035\" style=\"width: 300px\" class=\"wp-caption alignnone\"><img data-recalc-dims=\"1\" loading=\"lazy\" decoding=\"async\" data-attachment-id=\"4035\" data-permalink=\"https:\/\/www.bachmann-museum.de\/?attachment_id=4035\" data-orig-file=\"https:\/\/i0.wp.com\/www.bachmann-museum.de\/wp-content\/uploads\/2024\/08\/Umzug-2-klein.jpg?fit=1296%2C864&amp;ssl=1\" data-orig-size=\"1296,864\" data-comments-opened=\"0\" data-image-meta=\"{&quot;aperture&quot;:&quot;3.5&quot;,&quot;credit&quot;:&quot;&quot;,&quot;camera&quot;:&quot;Canon EOS 1300D&quot;,&quot;caption&quot;:&quot;&quot;,&quot;created_timestamp&quot;:&quot;1717676592&quot;,&quot;copyright&quot;:&quot;&quot;,&quot;focal_length&quot;:&quot;18&quot;,&quot;iso&quot;:&quot;640&quot;,&quot;shutter_speed&quot;:&quot;0.0125&quot;,&quot;title&quot;:&quot;&quot;,&quot;orientation&quot;:&quot;1&quot;}\" data-image-title=\"Umzug 2 klein\" data-image-description=\"\" data-image-caption=\"&lt;p&gt;Im Zwischenlager werden die Boxen nach einem genauen Plan in die Regale einsortiert.&lt;\/p&gt;\n\" data-large-file=\"https:\/\/i0.wp.com\/www.bachmann-museum.de\/wp-content\/uploads\/2024\/08\/Umzug-2-klein.jpg?fit=750%2C500&amp;ssl=1\" class=\"size-medium wp-image-4035\" src=\"https:\/\/i0.wp.com\/www.bachmann-museum.de\/wp-content\/uploads\/2024\/08\/Umzug-2-klein.jpg?resize=300%2C200&#038;ssl=1\" alt=\"\" width=\"300\" height=\"200\" srcset=\"https:\/\/i0.wp.com\/www.bachmann-museum.de\/wp-content\/uploads\/2024\/08\/Umzug-2-klein.jpg?resize=300%2C200&amp;ssl=1 300w, https:\/\/i0.wp.com\/www.bachmann-museum.de\/wp-content\/uploads\/2024\/08\/Umzug-2-klein.jpg?resize=1024%2C683&amp;ssl=1 1024w, https:\/\/i0.wp.com\/www.bachmann-museum.de\/wp-content\/uploads\/2024\/08\/Umzug-2-klein.jpg?resize=768%2C512&amp;ssl=1 768w, https:\/\/i0.wp.com\/www.bachmann-museum.de\/wp-content\/uploads\/2024\/08\/Umzug-2-klein.jpg?w=1296&amp;ssl=1 1296w\" sizes=\"auto, (max-width: 300px) 100vw, 300px\" \/><figcaption id=\"caption-attachment-4035\" class=\"wp-caption-text\">Im Zwischenlager werden die Boxen nach einem genauen Plan in die Regale einsortiert.<\/figcaption><\/figure>\n","protected":false},"excerpt":{"rendered":"<p>Mit der Umlagerung der Objekte vom Dachboden in die fr\u00fcheren Ausstellungsr\u00e4ume im Erdgeschoss haben im vergangenen Jahr im Bachmann-Museum Bremerv\u00f6rde die Vorbereitungen zum sanierungsbedingten Auszug aus dem Museumsgeb\u00e4ude begonnen. In diesem Jahr stehen die Best\u00e4nde im ersten Obergeschoss im Blickpunkt. W\u00e4hrend das Museumsteam und Spezialisten die Objekte nach und nach auf den Auszug vorbereiten, ziehen [&hellip;]<\/p>\n","protected":false},"author":1,"featured_media":4034,"comment_status":"closed","ping_status":"open","sticky":false,"template":"","format":"standard","meta":{"_jetpack_newsletter_access":"","_jetpack_dont_email_post_to_subs":false,"_jetpack_newsletter_tier_id":0,"_jetpack_memberships_contains_paywalled_content":false,"_jetpack_memberships_contains_paid_content":false,"footnotes":""},"categories":[1],"tags":[],"class_list":["post-4033","post","type-post","status-publish","format-standard","has-post-thumbnail","hentry","category-allgemein"],"yoast_head":"<!-- This site is optimized with the Yoast SEO plugin v27.4 - https:\/\/yoast.com\/product\/yoast-seo-wordpress\/ -->\n<title>Auszug der Objekte beginnt - Stiftung Bachmann-Museum r\u00e4umt Geb\u00e4ude - Bachmann-Museum Bremerv\u00f6rde<\/title>\n<meta name=\"robots\" content=\"index, follow, max-snippet:-1, max-image-preview:large, max-video-preview:-1\" \/>\n<link rel=\"canonical\" href=\"https:\/\/www.bachmann-museum.de\/?p=4033\" \/>\n<meta property=\"og:locale\" content=\"de_DE\" \/>\n<meta property=\"og:type\" content=\"article\" \/>\n<meta property=\"og:title\" content=\"Auszug der Objekte beginnt - Stiftung Bachmann-Museum r\u00e4umt Geb\u00e4ude - Bachmann-Museum Bremerv\u00f6rde\" \/>\n<meta property=\"og:description\" content=\"Mit der Umlagerung der Objekte vom Dachboden in die fr\u00fcheren Ausstellungsr\u00e4ume im Erdgeschoss haben im vergangenen Jahr im Bachmann-Museum Bremerv\u00f6rde die Vorbereitungen zum sanierungsbedingten Auszug aus dem Museumsgeb\u00e4ude begonnen. In diesem Jahr stehen die Best\u00e4nde im ersten Obergeschoss im Blickpunkt. W\u00e4hrend das Museumsteam und Spezialisten die Objekte nach und nach auf den Auszug vorbereiten, ziehen [&hellip;]\" \/>\n<meta property=\"og:url\" content=\"https:\/\/www.bachmann-museum.de\/?p=4033\" \/>\n<meta property=\"og:site_name\" content=\"Bachmann-Museum Bremerv\u00f6rde\" \/>\n<meta property=\"article:published_time\" content=\"2024-08-21T13:04:29+00:00\" \/>\n<meta property=\"og:image\" content=\"https:\/\/i0.wp.com\/www.bachmann-museum.de\/wp-content\/uploads\/2024\/08\/Umzug-1-klein.jpg?fit=1296%2C864&ssl=1\" \/>\n\t<meta property=\"og:image:width\" content=\"1296\" \/>\n\t<meta property=\"og:image:height\" content=\"864\" \/>\n\t<meta property=\"og:image:type\" content=\"image\/jpeg\" \/>\n<meta name=\"author\" content=\"Bachmann-Admin_1\" \/>\n<meta name=\"twitter:card\" content=\"summary_large_image\" \/>\n<meta name=\"twitter:label1\" content=\"Verfasst von\" \/>\n\t<meta name=\"twitter:data1\" content=\"Bachmann-Admin_1\" \/>\n\t<meta name=\"twitter:label2\" content=\"Gesch\u00e4tzte Lesezeit\" \/>\n\t<meta name=\"twitter:data2\" content=\"3\u00a0Minuten\" \/>\n<script type=\"application\/ld+json\" class=\"yoast-schema-graph\">{\"@context\":\"https:\\\/\\\/schema.org\",\"@graph\":[{\"@type\":\"Article\",\"@id\":\"https:\\\/\\\/www.bachmann-museum.de\\\/?p=4033#article\",\"isPartOf\":{\"@id\":\"https:\\\/\\\/www.bachmann-museum.de\\\/?p=4033\"},\"author\":{\"name\":\"Bachmann-Admin_1\",\"@id\":\"https:\\\/\\\/www.bachmann-museum.de\\\/#\\\/schema\\\/person\\\/4e0a96d1ed2480e1c23c3d5afb424bee\"},\"headline\":\"Auszug der Objekte beginnt &#8211; Stiftung Bachmann-Museum r\u00e4umt Geb\u00e4ude\",\"datePublished\":\"2024-08-21T13:04:29+00:00\",\"mainEntityOfPage\":{\"@id\":\"https:\\\/\\\/www.bachmann-museum.de\\\/?p=4033\"},\"wordCount\":676,\"image\":{\"@id\":\"https:\\\/\\\/www.bachmann-museum.de\\\/?p=4033#primaryimage\"},\"thumbnailUrl\":\"https:\\\/\\\/i0.wp.com\\\/www.bachmann-museum.de\\\/wp-content\\\/uploads\\\/2024\\\/08\\\/Umzug-1-klein.jpg?fit=1296%2C864&ssl=1\",\"inLanguage\":\"de\"},{\"@type\":\"WebPage\",\"@id\":\"https:\\\/\\\/www.bachmann-museum.de\\\/?p=4033\",\"url\":\"https:\\\/\\\/www.bachmann-museum.de\\\/?p=4033\",\"name\":\"Auszug der Objekte beginnt - Stiftung Bachmann-Museum r\u00e4umt Geb\u00e4ude - Bachmann-Museum Bremerv\u00f6rde\",\"isPartOf\":{\"@id\":\"https:\\\/\\\/www.bachmann-museum.de\\\/#website\"},\"primaryImageOfPage\":{\"@id\":\"https:\\\/\\\/www.bachmann-museum.de\\\/?p=4033#primaryimage\"},\"image\":{\"@id\":\"https:\\\/\\\/www.bachmann-museum.de\\\/?p=4033#primaryimage\"},\"thumbnailUrl\":\"https:\\\/\\\/i0.wp.com\\\/www.bachmann-museum.de\\\/wp-content\\\/uploads\\\/2024\\\/08\\\/Umzug-1-klein.jpg?fit=1296%2C864&ssl=1\",\"datePublished\":\"2024-08-21T13:04:29+00:00\",\"author\":{\"@id\":\"https:\\\/\\\/www.bachmann-museum.de\\\/#\\\/schema\\\/person\\\/4e0a96d1ed2480e1c23c3d5afb424bee\"},\"breadcrumb\":{\"@id\":\"https:\\\/\\\/www.bachmann-museum.de\\\/?p=4033#breadcrumb\"},\"inLanguage\":\"de\",\"potentialAction\":[{\"@type\":\"ReadAction\",\"target\":[\"https:\\\/\\\/www.bachmann-museum.de\\\/?p=4033\"]}]},{\"@type\":\"ImageObject\",\"inLanguage\":\"de\",\"@id\":\"https:\\\/\\\/www.bachmann-museum.de\\\/?p=4033#primaryimage\",\"url\":\"https:\\\/\\\/i0.wp.com\\\/www.bachmann-museum.de\\\/wp-content\\\/uploads\\\/2024\\\/08\\\/Umzug-1-klein.jpg?fit=1296%2C864&ssl=1\",\"contentUrl\":\"https:\\\/\\\/i0.wp.com\\\/www.bachmann-museum.de\\\/wp-content\\\/uploads\\\/2024\\\/08\\\/Umzug-1-klein.jpg?fit=1296%2C864&ssl=1\",\"width\":1296,\"height\":864,\"caption\":\"Die Mitarbeiter der Spedition Meyer transportieren die Boxen mit den Museumsobjekten vorsichtig aus dem Musemsgeb\u00e4ude.\"},{\"@type\":\"BreadcrumbList\",\"@id\":\"https:\\\/\\\/www.bachmann-museum.de\\\/?p=4033#breadcrumb\",\"itemListElement\":[{\"@type\":\"ListItem\",\"position\":1,\"name\":\"Start\",\"item\":\"https:\\\/\\\/www.bachmann-museum.de\\\/\"},{\"@type\":\"ListItem\",\"position\":2,\"name\":\"Auszug der Objekte beginnt &#8211; Stiftung Bachmann-Museum r\u00e4umt Geb\u00e4ude\"}]},{\"@type\":\"WebSite\",\"@id\":\"https:\\\/\\\/www.bachmann-museum.de\\\/#website\",\"url\":\"https:\\\/\\\/www.bachmann-museum.de\\\/\",\"name\":\"Bachmann-Museum Bremerv\u00f6rde\",\"description\":\"\",\"potentialAction\":[{\"@type\":\"SearchAction\",\"target\":{\"@type\":\"EntryPoint\",\"urlTemplate\":\"https:\\\/\\\/www.bachmann-museum.de\\\/?s={search_term_string}\"},\"query-input\":{\"@type\":\"PropertyValueSpecification\",\"valueRequired\":true,\"valueName\":\"search_term_string\"}}],\"inLanguage\":\"de\"},{\"@type\":\"Person\",\"@id\":\"https:\\\/\\\/www.bachmann-museum.de\\\/#\\\/schema\\\/person\\\/4e0a96d1ed2480e1c23c3d5afb424bee\",\"name\":\"Bachmann-Admin_1\",\"image\":{\"@type\":\"ImageObject\",\"inLanguage\":\"de\",\"@id\":\"https:\\\/\\\/secure.gravatar.com\\\/avatar\\\/12b64d40c777adbd0761c887e33f30e0219d4565a9373e68911205fb911bd107?s=96&d=mm&r=g\",\"url\":\"https:\\\/\\\/secure.gravatar.com\\\/avatar\\\/12b64d40c777adbd0761c887e33f30e0219d4565a9373e68911205fb911bd107?s=96&d=mm&r=g\",\"contentUrl\":\"https:\\\/\\\/secure.gravatar.com\\\/avatar\\\/12b64d40c777adbd0761c887e33f30e0219d4565a9373e68911205fb911bd107?s=96&d=mm&r=g\",\"caption\":\"Bachmann-Admin_1\"},\"url\":\"https:\\\/\\\/www.bachmann-museum.de\\\/?author=1\"}]}<\/script>\n<!-- \/ Yoast SEO plugin. -->","yoast_head_json":{"title":"Auszug der Objekte beginnt - Stiftung Bachmann-Museum r\u00e4umt Geb\u00e4ude - Bachmann-Museum Bremerv\u00f6rde","robots":{"index":"index","follow":"follow","max-snippet":"max-snippet:-1","max-image-preview":"max-image-preview:large","max-video-preview":"max-video-preview:-1"},"canonical":"https:\/\/www.bachmann-museum.de\/?p=4033","og_locale":"de_DE","og_type":"article","og_title":"Auszug der Objekte beginnt - Stiftung Bachmann-Museum r\u00e4umt Geb\u00e4ude - Bachmann-Museum Bremerv\u00f6rde","og_description":"Mit der Umlagerung der Objekte vom Dachboden in die fr\u00fcheren Ausstellungsr\u00e4ume im Erdgeschoss haben im vergangenen Jahr im Bachmann-Museum Bremerv\u00f6rde die Vorbereitungen zum sanierungsbedingten Auszug aus dem Museumsgeb\u00e4ude begonnen. In diesem Jahr stehen die Best\u00e4nde im ersten Obergeschoss im Blickpunkt. W\u00e4hrend das Museumsteam und Spezialisten die Objekte nach und nach auf den Auszug vorbereiten, ziehen [&hellip;]","og_url":"https:\/\/www.bachmann-museum.de\/?p=4033","og_site_name":"Bachmann-Museum Bremerv\u00f6rde","article_published_time":"2024-08-21T13:04:29+00:00","og_image":[{"width":1296,"height":864,"url":"https:\/\/i0.wp.com\/www.bachmann-museum.de\/wp-content\/uploads\/2024\/08\/Umzug-1-klein.jpg?fit=1296%2C864&ssl=1","type":"image\/jpeg"}],"author":"Bachmann-Admin_1","twitter_card":"summary_large_image","twitter_misc":{"Verfasst von":"Bachmann-Admin_1","Gesch\u00e4tzte Lesezeit":"3\u00a0Minuten"},"schema":{"@context":"https:\/\/schema.org","@graph":[{"@type":"Article","@id":"https:\/\/www.bachmann-museum.de\/?p=4033#article","isPartOf":{"@id":"https:\/\/www.bachmann-museum.de\/?p=4033"},"author":{"name":"Bachmann-Admin_1","@id":"https:\/\/www.bachmann-museum.de\/#\/schema\/person\/4e0a96d1ed2480e1c23c3d5afb424bee"},"headline":"Auszug der Objekte beginnt &#8211; Stiftung Bachmann-Museum r\u00e4umt Geb\u00e4ude","datePublished":"2024-08-21T13:04:29+00:00","mainEntityOfPage":{"@id":"https:\/\/www.bachmann-museum.de\/?p=4033"},"wordCount":676,"image":{"@id":"https:\/\/www.bachmann-museum.de\/?p=4033#primaryimage"},"thumbnailUrl":"https:\/\/i0.wp.com\/www.bachmann-museum.de\/wp-content\/uploads\/2024\/08\/Umzug-1-klein.jpg?fit=1296%2C864&ssl=1","inLanguage":"de"},{"@type":"WebPage","@id":"https:\/\/www.bachmann-museum.de\/?p=4033","url":"https:\/\/www.bachmann-museum.de\/?p=4033","name":"Auszug der Objekte beginnt - Stiftung Bachmann-Museum r\u00e4umt Geb\u00e4ude - Bachmann-Museum Bremerv\u00f6rde","isPartOf":{"@id":"https:\/\/www.bachmann-museum.de\/#website"},"primaryImageOfPage":{"@id":"https:\/\/www.bachmann-museum.de\/?p=4033#primaryimage"},"image":{"@id":"https:\/\/www.bachmann-museum.de\/?p=4033#primaryimage"},"thumbnailUrl":"https:\/\/i0.wp.com\/www.bachmann-museum.de\/wp-content\/uploads\/2024\/08\/Umzug-1-klein.jpg?fit=1296%2C864&ssl=1","datePublished":"2024-08-21T13:04:29+00:00","author":{"@id":"https:\/\/www.bachmann-museum.de\/#\/schema\/person\/4e0a96d1ed2480e1c23c3d5afb424bee"},"breadcrumb":{"@id":"https:\/\/www.bachmann-museum.de\/?p=4033#breadcrumb"},"inLanguage":"de","potentialAction":[{"@type":"ReadAction","target":["https:\/\/www.bachmann-museum.de\/?p=4033"]}]},{"@type":"ImageObject","inLanguage":"de","@id":"https:\/\/www.bachmann-museum.de\/?p=4033#primaryimage","url":"https:\/\/i0.wp.com\/www.bachmann-museum.de\/wp-content\/uploads\/2024\/08\/Umzug-1-klein.jpg?fit=1296%2C864&ssl=1","contentUrl":"https:\/\/i0.wp.com\/www.bachmann-museum.de\/wp-content\/uploads\/2024\/08\/Umzug-1-klein.jpg?fit=1296%2C864&ssl=1","width":1296,"height":864,"caption":"Die Mitarbeiter der Spedition Meyer transportieren die Boxen mit den Museumsobjekten vorsichtig aus dem Musemsgeb\u00e4ude."},{"@type":"BreadcrumbList","@id":"https:\/\/www.bachmann-museum.de\/?p=4033#breadcrumb","itemListElement":[{"@type":"ListItem","position":1,"name":"Start","item":"https:\/\/www.bachmann-museum.de\/"},{"@type":"ListItem","position":2,"name":"Auszug der Objekte beginnt &#8211; Stiftung Bachmann-Museum r\u00e4umt Geb\u00e4ude"}]},{"@type":"WebSite","@id":"https:\/\/www.bachmann-museum.de\/#website","url":"https:\/\/www.bachmann-museum.de\/","name":"Bachmann-Museum Bremerv\u00f6rde","description":"","potentialAction":[{"@type":"SearchAction","target":{"@type":"EntryPoint","urlTemplate":"https:\/\/www.bachmann-museum.de\/?s={search_term_string}"},"query-input":{"@type":"PropertyValueSpecification","valueRequired":true,"valueName":"search_term_string"}}],"inLanguage":"de"},{"@type":"Person","@id":"https:\/\/www.bachmann-museum.de\/#\/schema\/person\/4e0a96d1ed2480e1c23c3d5afb424bee","name":"Bachmann-Admin_1","image":{"@type":"ImageObject","inLanguage":"de","@id":"https:\/\/secure.gravatar.com\/avatar\/12b64d40c777adbd0761c887e33f30e0219d4565a9373e68911205fb911bd107?s=96&d=mm&r=g","url":"https:\/\/secure.gravatar.com\/avatar\/12b64d40c777adbd0761c887e33f30e0219d4565a9373e68911205fb911bd107?s=96&d=mm&r=g","contentUrl":"https:\/\/secure.gravatar.com\/avatar\/12b64d40c777adbd0761c887e33f30e0219d4565a9373e68911205fb911bd107?s=96&d=mm&r=g","caption":"Bachmann-Admin_1"},"url":"https:\/\/www.bachmann-museum.de\/?author=1"}]}},"jetpack_featured_media_url":"https:\/\/i0.wp.com\/www.bachmann-museum.de\/wp-content\/uploads\/2024\/08\/Umzug-1-klein.jpg?fit=1296%2C864&ssl=1","jetpack_sharing_enabled":true,"jetpack_shortlink":"https:\/\/wp.me\/p5DgYi-133","jetpack-related-posts":[],"_links":{"self":[{"href":"https:\/\/www.bachmann-museum.de\/index.php?rest_route=\/wp\/v2\/posts\/4033","targetHints":{"allow":["GET"]}}],"collection":[{"href":"https:\/\/www.bachmann-museum.de\/index.php?rest_route=\/wp\/v2\/posts"}],"about":[{"href":"https:\/\/www.bachmann-museum.de\/index.php?rest_route=\/wp\/v2\/types\/post"}],"author":[{"embeddable":true,"href":"https:\/\/www.bachmann-museum.de\/index.php?rest_route=\/wp\/v2\/users\/1"}],"replies":[{"embeddable":true,"href":"https:\/\/www.bachmann-museum.de\/index.php?rest_route=%2Fwp%2Fv2%2Fcomments&post=4033"}],"version-history":[{"count":1,"href":"https:\/\/www.bachmann-museum.de\/index.php?rest_route=\/wp\/v2\/posts\/4033\/revisions"}],"predecessor-version":[{"id":4036,"href":"https:\/\/www.bachmann-museum.de\/index.php?rest_route=\/wp\/v2\/posts\/4033\/revisions\/4036"}],"wp:featuredmedia":[{"embeddable":true,"href":"https:\/\/www.bachmann-museum.de\/index.php?rest_route=\/wp\/v2\/media\/4034"}],"wp:attachment":[{"href":"https:\/\/www.bachmann-museum.de\/index.php?rest_route=%2Fwp%2Fv2%2Fmedia&parent=4033"}],"wp:term":[{"taxonomy":"category","embeddable":true,"href":"https:\/\/www.bachmann-museum.de\/index.php?rest_route=%2Fwp%2Fv2%2Fcategories&post=4033"},{"taxonomy":"post_tag","embeddable":true,"href":"https:\/\/www.bachmann-museum.de\/index.php?rest_route=%2Fwp%2Fv2%2Ftags&post=4033"}],"curies":[{"name":"wp","href":"https:\/\/api.w.org\/{rel}","templated":true}]}}