{"id":4031,"date":"2024-08-20T09:45:52","date_gmt":"2024-08-20T07:45:52","guid":{"rendered":"https:\/\/www.bachmann-museum.de\/?p=4031"},"modified":"2024-08-20T09:51:53","modified_gmt":"2024-08-20T07:51:53","slug":"neue-entdeckungen-zur-gebaeudegeschichte","status":"publish","type":"post","link":"https:\/\/www.bachmann-museum.de\/?p=4031","title":{"rendered":"Neue Entdeckungen zur Geb\u00e4udegeschichte"},"content":{"rendered":"<p><strong>Das Bachmann-Museum Bremerv\u00f6rde l\u00e4dt am Sonntag, den 8. September, zu einer kostenlosen F\u00fchrung \u00fcber das denkmalgesch\u00fctzte Museumsgeb\u00e4ude ein. In seiner \u00fcber 400-j\u00e4hrigen Geschichte hat das \u00e4lteste Geb\u00e4ude der Stadt Bremerv\u00f6rde viele geschichtliche Umbr\u00fcche und bauliche Ver\u00e4nderungen erlebt. <\/strong><\/p>\n<p>Seit 25 Jahren gibt es den Tag des offenen Denkmals, inzwischen Deutschlands gr\u00f6\u00dftes Kulturevent. Unter dem diesj\u00e4hrigen Motto \u201eWahr-Zeichen. Zeitzeugen der Geschichte\u201c stehen an diesem Tag historische Geb\u00e4ude im Mittelpunkt. Das Bachmann-Museum Bremerv\u00f6rde stellt das historische Museumsgeb\u00e4ude in den Mittelpunkt einer kostenlosen F\u00fchrung. Denn das Museum befindet sich im \u00e4ltesten Bauwerk Bremerv\u00f6rdes. Es wurde Anfang des 17. Jahrhunderts errichtet und hat bis zu seiner Nutzung als Museumsgeb\u00e4ude eine wechselvolle Geschichte erlebt.<\/p>\n<p>Zum 8. September bietet Museumsleiterin Ellen Horstrup M.A. um 10.30 Uhr eine F\u00fchrung zu dieser wechselvollen Geschichte des denkmalgesch\u00fctzten Museumsgeb\u00e4udes an. Dabei geht es auch um das gr\u00f6\u00dfte befestigte Schloss des Elbe-Weser-Dreiecks, das bis in das 17. Jahrhundert in Bremerv\u00f6rde stand und zu dem das Museumsgeb\u00e4ude einst geh\u00f6rte. Aber auch die folgenden Jahrhunderte, in denen das Geb\u00e4ude als Amtshaus und Landratsamt eine wichtige Rolle in der Region spielte, liefern spannende Geschichten. Sie machen deutlich, dass das Geb\u00e4ude \u00fcber 400 Jahre hinweg bis heute ein bedeutender \u201eZeitzeuge\u201c der Geschichte ist.<\/p>\n<p>Die F\u00fchrung beginnt am 8. September um 10.30 Uhr am Museumseingang des Bachmann-Museums, Amtsallee 8 in 27432 Bremerv\u00f6rde. Die Ausstellung des Museums ist zurzeit geschlossen, der Eingang, der Museumsshop und die Toiletten sind zu diesem Termin ge\u00f6ffnet. Weitere Informationen unter der Telefonnummer 04761 &#8211; 983 4603 und www.bachmann-museum.de.<\/p>\n<figure id=\"attachment_4027\" aria-describedby=\"caption-attachment-4027\" style=\"width: 300px\" class=\"wp-caption alignnone\"><img data-recalc-dims=\"1\" loading=\"lazy\" decoding=\"async\" data-attachment-id=\"4027\" data-permalink=\"https:\/\/www.bachmann-museum.de\/?attachment_id=4027\" data-orig-file=\"https:\/\/i0.wp.com\/www.bachmann-museum.de\/wp-content\/uploads\/2024\/08\/Bronzerelief-Schloss-BRV-scaled.jpg?fit=2560%2C1701&amp;ssl=1\" data-orig-size=\"2560,1701\" data-comments-opened=\"0\" data-image-meta=\"{&quot;aperture&quot;:&quot;11&quot;,&quot;credit&quot;:&quot;&quot;,&quot;camera&quot;:&quot;Canon EOS 1000D&quot;,&quot;caption&quot;:&quot;&quot;,&quot;created_timestamp&quot;:&quot;1503923805&quot;,&quot;copyright&quot;:&quot;&quot;,&quot;focal_length&quot;:&quot;23&quot;,&quot;iso&quot;:&quot;200&quot;,&quot;shutter_speed&quot;:&quot;0.004&quot;,&quot;title&quot;:&quot;&quot;,&quot;orientation&quot;:&quot;1&quot;}\" data-image-title=\"Bronzerelief Schloss BRV\" data-image-description=\"\" data-image-caption=\"&lt;p&gt;Vor dem Museumseingang erinnert ein Bronzemodell des Bremerv\u00f6rder Schlosses an die wechselvolle Geschichte des Geb\u00e4udes. Foto: Bachmann-Museum Bremerv\u00f6rde&lt;\/p&gt;\n\" data-large-file=\"https:\/\/i0.wp.com\/www.bachmann-museum.de\/wp-content\/uploads\/2024\/08\/Bronzerelief-Schloss-BRV-scaled.jpg?fit=750%2C498&amp;ssl=1\" class=\"size-medium wp-image-4027\" src=\"https:\/\/i0.wp.com\/www.bachmann-museum.de\/wp-content\/uploads\/2024\/08\/Bronzerelief-Schloss-BRV.jpg?resize=300%2C199&#038;ssl=1\" alt=\"\" width=\"300\" height=\"199\" srcset=\"https:\/\/i0.wp.com\/www.bachmann-museum.de\/wp-content\/uploads\/2024\/08\/Bronzerelief-Schloss-BRV-scaled.jpg?resize=300%2C199&amp;ssl=1 300w, https:\/\/i0.wp.com\/www.bachmann-museum.de\/wp-content\/uploads\/2024\/08\/Bronzerelief-Schloss-BRV-scaled.jpg?resize=1024%2C680&amp;ssl=1 1024w, https:\/\/i0.wp.com\/www.bachmann-museum.de\/wp-content\/uploads\/2024\/08\/Bronzerelief-Schloss-BRV-scaled.jpg?resize=768%2C510&amp;ssl=1 768w, https:\/\/i0.wp.com\/www.bachmann-museum.de\/wp-content\/uploads\/2024\/08\/Bronzerelief-Schloss-BRV-scaled.jpg?resize=1536%2C1020&amp;ssl=1 1536w, https:\/\/i0.wp.com\/www.bachmann-museum.de\/wp-content\/uploads\/2024\/08\/Bronzerelief-Schloss-BRV-scaled.jpg?resize=2048%2C1361&amp;ssl=1 2048w, https:\/\/i0.wp.com\/www.bachmann-museum.de\/wp-content\/uploads\/2024\/08\/Bronzerelief-Schloss-BRV-scaled.jpg?w=2250&amp;ssl=1 2250w\" sizes=\"auto, (max-width: 300px) 100vw, 300px\" \/><figcaption id=\"caption-attachment-4027\" class=\"wp-caption-text\">Vor dem Museumseingang erinnert ein Bronzemodell des Bremerv\u00f6rder Schlosses an die wechselvolle Geschichte des Geb\u00e4udes. Foto: Bachmann-Museum Bremerv\u00f6rde<\/figcaption><\/figure>\n","protected":false},"excerpt":{"rendered":"<p>Das Bachmann-Museum Bremerv\u00f6rde l\u00e4dt am Sonntag, den 8. September, zu einer kostenlosen F\u00fchrung \u00fcber das denkmalgesch\u00fctzte Museumsgeb\u00e4ude ein. In seiner \u00fcber 400-j\u00e4hrigen Geschichte hat das \u00e4lteste Geb\u00e4ude der Stadt Bremerv\u00f6rde viele geschichtliche Umbr\u00fcche und bauliche Ver\u00e4nderungen erlebt. Seit 25 Jahren gibt es den Tag des offenen Denkmals, inzwischen Deutschlands gr\u00f6\u00dftes Kulturevent. Unter dem diesj\u00e4hrigen Motto [&hellip;]<\/p>\n","protected":false},"author":1,"featured_media":4027,"comment_status":"closed","ping_status":"open","sticky":false,"template":"","format":"standard","meta":{"_jetpack_newsletter_access":"","_jetpack_dont_email_post_to_subs":false,"_jetpack_newsletter_tier_id":0,"_jetpack_memberships_contains_paywalled_content":false,"_jetpack_memberships_contains_paid_content":false,"footnotes":""},"categories":[1],"tags":[],"class_list":["post-4031","post","type-post","status-publish","format-standard","has-post-thumbnail","hentry","category-allgemein"],"yoast_head":"<!-- This site is optimized with the Yoast SEO plugin v27.4 - https:\/\/yoast.com\/product\/yoast-seo-wordpress\/ -->\n<title>Neue Entdeckungen zur Geb\u00e4udegeschichte - Bachmann-Museum Bremerv\u00f6rde<\/title>\n<meta name=\"robots\" content=\"index, follow, max-snippet:-1, max-image-preview:large, max-video-preview:-1\" \/>\n<link rel=\"canonical\" href=\"https:\/\/www.bachmann-museum.de\/?p=4031\" \/>\n<meta property=\"og:locale\" content=\"de_DE\" \/>\n<meta property=\"og:type\" content=\"article\" \/>\n<meta property=\"og:title\" content=\"Neue Entdeckungen zur Geb\u00e4udegeschichte - Bachmann-Museum Bremerv\u00f6rde\" \/>\n<meta property=\"og:description\" content=\"Das Bachmann-Museum Bremerv\u00f6rde l\u00e4dt am Sonntag, den 8. September, zu einer kostenlosen F\u00fchrung \u00fcber das denkmalgesch\u00fctzte Museumsgeb\u00e4ude ein. In seiner \u00fcber 400-j\u00e4hrigen Geschichte hat das \u00e4lteste Geb\u00e4ude der Stadt Bremerv\u00f6rde viele geschichtliche Umbr\u00fcche und bauliche Ver\u00e4nderungen erlebt. Seit 25 Jahren gibt es den Tag des offenen Denkmals, inzwischen Deutschlands gr\u00f6\u00dftes Kulturevent. Unter dem diesj\u00e4hrigen Motto [&hellip;]\" \/>\n<meta property=\"og:url\" content=\"https:\/\/www.bachmann-museum.de\/?p=4031\" \/>\n<meta property=\"og:site_name\" content=\"Bachmann-Museum Bremerv\u00f6rde\" \/>\n<meta property=\"article:published_time\" content=\"2024-08-20T07:45:52+00:00\" \/>\n<meta property=\"article:modified_time\" content=\"2024-08-20T07:51:53+00:00\" \/>\n<meta property=\"og:image\" content=\"https:\/\/i0.wp.com\/www.bachmann-museum.de\/wp-content\/uploads\/2024\/08\/Bronzerelief-Schloss-BRV-scaled.jpg?fit=2560%2C1701&ssl=1\" \/>\n\t<meta property=\"og:image:width\" content=\"2560\" \/>\n\t<meta property=\"og:image:height\" content=\"1701\" \/>\n\t<meta property=\"og:image:type\" content=\"image\/jpeg\" \/>\n<meta name=\"author\" content=\"Bachmann-Admin_1\" \/>\n<meta name=\"twitter:card\" content=\"summary_large_image\" \/>\n<meta name=\"twitter:label1\" content=\"Verfasst von\" \/>\n\t<meta name=\"twitter:data1\" content=\"Bachmann-Admin_1\" \/>\n\t<meta name=\"twitter:label2\" content=\"Gesch\u00e4tzte Lesezeit\" \/>\n\t<meta name=\"twitter:data2\" content=\"1\u00a0Minute\" \/>\n<script type=\"application\/ld+json\" class=\"yoast-schema-graph\">{\"@context\":\"https:\\\/\\\/schema.org\",\"@graph\":[{\"@type\":\"Article\",\"@id\":\"https:\\\/\\\/www.bachmann-museum.de\\\/?p=4031#article\",\"isPartOf\":{\"@id\":\"https:\\\/\\\/www.bachmann-museum.de\\\/?p=4031\"},\"author\":{\"name\":\"Bachmann-Admin_1\",\"@id\":\"https:\\\/\\\/www.bachmann-museum.de\\\/#\\\/schema\\\/person\\\/4e0a96d1ed2480e1c23c3d5afb424bee\"},\"headline\":\"Neue Entdeckungen zur Geb\u00e4udegeschichte\",\"datePublished\":\"2024-08-20T07:45:52+00:00\",\"dateModified\":\"2024-08-20T07:51:53+00:00\",\"mainEntityOfPage\":{\"@id\":\"https:\\\/\\\/www.bachmann-museum.de\\\/?p=4031\"},\"wordCount\":297,\"image\":{\"@id\":\"https:\\\/\\\/www.bachmann-museum.de\\\/?p=4031#primaryimage\"},\"thumbnailUrl\":\"https:\\\/\\\/i0.wp.com\\\/www.bachmann-museum.de\\\/wp-content\\\/uploads\\\/2024\\\/08\\\/Bronzerelief-Schloss-BRV-scaled.jpg?fit=2560%2C1701&ssl=1\",\"inLanguage\":\"de\"},{\"@type\":\"WebPage\",\"@id\":\"https:\\\/\\\/www.bachmann-museum.de\\\/?p=4031\",\"url\":\"https:\\\/\\\/www.bachmann-museum.de\\\/?p=4031\",\"name\":\"Neue Entdeckungen zur Geb\u00e4udegeschichte - Bachmann-Museum Bremerv\u00f6rde\",\"isPartOf\":{\"@id\":\"https:\\\/\\\/www.bachmann-museum.de\\\/#website\"},\"primaryImageOfPage\":{\"@id\":\"https:\\\/\\\/www.bachmann-museum.de\\\/?p=4031#primaryimage\"},\"image\":{\"@id\":\"https:\\\/\\\/www.bachmann-museum.de\\\/?p=4031#primaryimage\"},\"thumbnailUrl\":\"https:\\\/\\\/i0.wp.com\\\/www.bachmann-museum.de\\\/wp-content\\\/uploads\\\/2024\\\/08\\\/Bronzerelief-Schloss-BRV-scaled.jpg?fit=2560%2C1701&ssl=1\",\"datePublished\":\"2024-08-20T07:45:52+00:00\",\"dateModified\":\"2024-08-20T07:51:53+00:00\",\"author\":{\"@id\":\"https:\\\/\\\/www.bachmann-museum.de\\\/#\\\/schema\\\/person\\\/4e0a96d1ed2480e1c23c3d5afb424bee\"},\"breadcrumb\":{\"@id\":\"https:\\\/\\\/www.bachmann-museum.de\\\/?p=4031#breadcrumb\"},\"inLanguage\":\"de\",\"potentialAction\":[{\"@type\":\"ReadAction\",\"target\":[\"https:\\\/\\\/www.bachmann-museum.de\\\/?p=4031\"]}]},{\"@type\":\"ImageObject\",\"inLanguage\":\"de\",\"@id\":\"https:\\\/\\\/www.bachmann-museum.de\\\/?p=4031#primaryimage\",\"url\":\"https:\\\/\\\/i0.wp.com\\\/www.bachmann-museum.de\\\/wp-content\\\/uploads\\\/2024\\\/08\\\/Bronzerelief-Schloss-BRV-scaled.jpg?fit=2560%2C1701&ssl=1\",\"contentUrl\":\"https:\\\/\\\/i0.wp.com\\\/www.bachmann-museum.de\\\/wp-content\\\/uploads\\\/2024\\\/08\\\/Bronzerelief-Schloss-BRV-scaled.jpg?fit=2560%2C1701&ssl=1\",\"width\":2560,\"height\":1701,\"caption\":\"Vor dem Museumseingang erinnert ein Bronzemodell des Bremerv\u00f6rder Schlosses an die wechselvolle Geschichte des Geb\u00e4udes. Foto: Bachmann-Museum Bremerv\u00f6rde\"},{\"@type\":\"BreadcrumbList\",\"@id\":\"https:\\\/\\\/www.bachmann-museum.de\\\/?p=4031#breadcrumb\",\"itemListElement\":[{\"@type\":\"ListItem\",\"position\":1,\"name\":\"Start\",\"item\":\"https:\\\/\\\/www.bachmann-museum.de\\\/\"},{\"@type\":\"ListItem\",\"position\":2,\"name\":\"Neue Entdeckungen zur Geb\u00e4udegeschichte\"}]},{\"@type\":\"WebSite\",\"@id\":\"https:\\\/\\\/www.bachmann-museum.de\\\/#website\",\"url\":\"https:\\\/\\\/www.bachmann-museum.de\\\/\",\"name\":\"Bachmann-Museum Bremerv\u00f6rde\",\"description\":\"\",\"potentialAction\":[{\"@type\":\"SearchAction\",\"target\":{\"@type\":\"EntryPoint\",\"urlTemplate\":\"https:\\\/\\\/www.bachmann-museum.de\\\/?s={search_term_string}\"},\"query-input\":{\"@type\":\"PropertyValueSpecification\",\"valueRequired\":true,\"valueName\":\"search_term_string\"}}],\"inLanguage\":\"de\"},{\"@type\":\"Person\",\"@id\":\"https:\\\/\\\/www.bachmann-museum.de\\\/#\\\/schema\\\/person\\\/4e0a96d1ed2480e1c23c3d5afb424bee\",\"name\":\"Bachmann-Admin_1\",\"image\":{\"@type\":\"ImageObject\",\"inLanguage\":\"de\",\"@id\":\"https:\\\/\\\/secure.gravatar.com\\\/avatar\\\/12b64d40c777adbd0761c887e33f30e0219d4565a9373e68911205fb911bd107?s=96&d=mm&r=g\",\"url\":\"https:\\\/\\\/secure.gravatar.com\\\/avatar\\\/12b64d40c777adbd0761c887e33f30e0219d4565a9373e68911205fb911bd107?s=96&d=mm&r=g\",\"contentUrl\":\"https:\\\/\\\/secure.gravatar.com\\\/avatar\\\/12b64d40c777adbd0761c887e33f30e0219d4565a9373e68911205fb911bd107?s=96&d=mm&r=g\",\"caption\":\"Bachmann-Admin_1\"},\"url\":\"https:\\\/\\\/www.bachmann-museum.de\\\/?author=1\"}]}<\/script>\n<!-- \/ Yoast SEO plugin. -->","yoast_head_json":{"title":"Neue Entdeckungen zur Geb\u00e4udegeschichte - Bachmann-Museum Bremerv\u00f6rde","robots":{"index":"index","follow":"follow","max-snippet":"max-snippet:-1","max-image-preview":"max-image-preview:large","max-video-preview":"max-video-preview:-1"},"canonical":"https:\/\/www.bachmann-museum.de\/?p=4031","og_locale":"de_DE","og_type":"article","og_title":"Neue Entdeckungen zur Geb\u00e4udegeschichte - Bachmann-Museum Bremerv\u00f6rde","og_description":"Das Bachmann-Museum Bremerv\u00f6rde l\u00e4dt am Sonntag, den 8. September, zu einer kostenlosen F\u00fchrung \u00fcber das denkmalgesch\u00fctzte Museumsgeb\u00e4ude ein. In seiner \u00fcber 400-j\u00e4hrigen Geschichte hat das \u00e4lteste Geb\u00e4ude der Stadt Bremerv\u00f6rde viele geschichtliche Umbr\u00fcche und bauliche Ver\u00e4nderungen erlebt. Seit 25 Jahren gibt es den Tag des offenen Denkmals, inzwischen Deutschlands gr\u00f6\u00dftes Kulturevent. Unter dem diesj\u00e4hrigen Motto [&hellip;]","og_url":"https:\/\/www.bachmann-museum.de\/?p=4031","og_site_name":"Bachmann-Museum Bremerv\u00f6rde","article_published_time":"2024-08-20T07:45:52+00:00","article_modified_time":"2024-08-20T07:51:53+00:00","og_image":[{"width":2560,"height":1701,"url":"https:\/\/i0.wp.com\/www.bachmann-museum.de\/wp-content\/uploads\/2024\/08\/Bronzerelief-Schloss-BRV-scaled.jpg?fit=2560%2C1701&ssl=1","type":"image\/jpeg"}],"author":"Bachmann-Admin_1","twitter_card":"summary_large_image","twitter_misc":{"Verfasst von":"Bachmann-Admin_1","Gesch\u00e4tzte Lesezeit":"1\u00a0Minute"},"schema":{"@context":"https:\/\/schema.org","@graph":[{"@type":"Article","@id":"https:\/\/www.bachmann-museum.de\/?p=4031#article","isPartOf":{"@id":"https:\/\/www.bachmann-museum.de\/?p=4031"},"author":{"name":"Bachmann-Admin_1","@id":"https:\/\/www.bachmann-museum.de\/#\/schema\/person\/4e0a96d1ed2480e1c23c3d5afb424bee"},"headline":"Neue Entdeckungen zur Geb\u00e4udegeschichte","datePublished":"2024-08-20T07:45:52+00:00","dateModified":"2024-08-20T07:51:53+00:00","mainEntityOfPage":{"@id":"https:\/\/www.bachmann-museum.de\/?p=4031"},"wordCount":297,"image":{"@id":"https:\/\/www.bachmann-museum.de\/?p=4031#primaryimage"},"thumbnailUrl":"https:\/\/i0.wp.com\/www.bachmann-museum.de\/wp-content\/uploads\/2024\/08\/Bronzerelief-Schloss-BRV-scaled.jpg?fit=2560%2C1701&ssl=1","inLanguage":"de"},{"@type":"WebPage","@id":"https:\/\/www.bachmann-museum.de\/?p=4031","url":"https:\/\/www.bachmann-museum.de\/?p=4031","name":"Neue Entdeckungen zur Geb\u00e4udegeschichte - Bachmann-Museum Bremerv\u00f6rde","isPartOf":{"@id":"https:\/\/www.bachmann-museum.de\/#website"},"primaryImageOfPage":{"@id":"https:\/\/www.bachmann-museum.de\/?p=4031#primaryimage"},"image":{"@id":"https:\/\/www.bachmann-museum.de\/?p=4031#primaryimage"},"thumbnailUrl":"https:\/\/i0.wp.com\/www.bachmann-museum.de\/wp-content\/uploads\/2024\/08\/Bronzerelief-Schloss-BRV-scaled.jpg?fit=2560%2C1701&ssl=1","datePublished":"2024-08-20T07:45:52+00:00","dateModified":"2024-08-20T07:51:53+00:00","author":{"@id":"https:\/\/www.bachmann-museum.de\/#\/schema\/person\/4e0a96d1ed2480e1c23c3d5afb424bee"},"breadcrumb":{"@id":"https:\/\/www.bachmann-museum.de\/?p=4031#breadcrumb"},"inLanguage":"de","potentialAction":[{"@type":"ReadAction","target":["https:\/\/www.bachmann-museum.de\/?p=4031"]}]},{"@type":"ImageObject","inLanguage":"de","@id":"https:\/\/www.bachmann-museum.de\/?p=4031#primaryimage","url":"https:\/\/i0.wp.com\/www.bachmann-museum.de\/wp-content\/uploads\/2024\/08\/Bronzerelief-Schloss-BRV-scaled.jpg?fit=2560%2C1701&ssl=1","contentUrl":"https:\/\/i0.wp.com\/www.bachmann-museum.de\/wp-content\/uploads\/2024\/08\/Bronzerelief-Schloss-BRV-scaled.jpg?fit=2560%2C1701&ssl=1","width":2560,"height":1701,"caption":"Vor dem Museumseingang erinnert ein Bronzemodell des Bremerv\u00f6rder Schlosses an die wechselvolle Geschichte des Geb\u00e4udes. Foto: Bachmann-Museum Bremerv\u00f6rde"},{"@type":"BreadcrumbList","@id":"https:\/\/www.bachmann-museum.de\/?p=4031#breadcrumb","itemListElement":[{"@type":"ListItem","position":1,"name":"Start","item":"https:\/\/www.bachmann-museum.de\/"},{"@type":"ListItem","position":2,"name":"Neue Entdeckungen zur Geb\u00e4udegeschichte"}]},{"@type":"WebSite","@id":"https:\/\/www.bachmann-museum.de\/#website","url":"https:\/\/www.bachmann-museum.de\/","name":"Bachmann-Museum Bremerv\u00f6rde","description":"","potentialAction":[{"@type":"SearchAction","target":{"@type":"EntryPoint","urlTemplate":"https:\/\/www.bachmann-museum.de\/?s={search_term_string}"},"query-input":{"@type":"PropertyValueSpecification","valueRequired":true,"valueName":"search_term_string"}}],"inLanguage":"de"},{"@type":"Person","@id":"https:\/\/www.bachmann-museum.de\/#\/schema\/person\/4e0a96d1ed2480e1c23c3d5afb424bee","name":"Bachmann-Admin_1","image":{"@type":"ImageObject","inLanguage":"de","@id":"https:\/\/secure.gravatar.com\/avatar\/12b64d40c777adbd0761c887e33f30e0219d4565a9373e68911205fb911bd107?s=96&d=mm&r=g","url":"https:\/\/secure.gravatar.com\/avatar\/12b64d40c777adbd0761c887e33f30e0219d4565a9373e68911205fb911bd107?s=96&d=mm&r=g","contentUrl":"https:\/\/secure.gravatar.com\/avatar\/12b64d40c777adbd0761c887e33f30e0219d4565a9373e68911205fb911bd107?s=96&d=mm&r=g","caption":"Bachmann-Admin_1"},"url":"https:\/\/www.bachmann-museum.de\/?author=1"}]}},"jetpack_featured_media_url":"https:\/\/i0.wp.com\/www.bachmann-museum.de\/wp-content\/uploads\/2024\/08\/Bronzerelief-Schloss-BRV-scaled.jpg?fit=2560%2C1701&ssl=1","jetpack_sharing_enabled":true,"jetpack_shortlink":"https:\/\/wp.me\/p5DgYi-131","jetpack-related-posts":[],"_links":{"self":[{"href":"https:\/\/www.bachmann-museum.de\/index.php?rest_route=\/wp\/v2\/posts\/4031","targetHints":{"allow":["GET"]}}],"collection":[{"href":"https:\/\/www.bachmann-museum.de\/index.php?rest_route=\/wp\/v2\/posts"}],"about":[{"href":"https:\/\/www.bachmann-museum.de\/index.php?rest_route=\/wp\/v2\/types\/post"}],"author":[{"embeddable":true,"href":"https:\/\/www.bachmann-museum.de\/index.php?rest_route=\/wp\/v2\/users\/1"}],"replies":[{"embeddable":true,"href":"https:\/\/www.bachmann-museum.de\/index.php?rest_route=%2Fwp%2Fv2%2Fcomments&post=4031"}],"version-history":[{"count":1,"href":"https:\/\/www.bachmann-museum.de\/index.php?rest_route=\/wp\/v2\/posts\/4031\/revisions"}],"predecessor-version":[{"id":4032,"href":"https:\/\/www.bachmann-museum.de\/index.php?rest_route=\/wp\/v2\/posts\/4031\/revisions\/4032"}],"wp:featuredmedia":[{"embeddable":true,"href":"https:\/\/www.bachmann-museum.de\/index.php?rest_route=\/wp\/v2\/media\/4027"}],"wp:attachment":[{"href":"https:\/\/www.bachmann-museum.de\/index.php?rest_route=%2Fwp%2Fv2%2Fmedia&parent=4031"}],"wp:term":[{"taxonomy":"category","embeddable":true,"href":"https:\/\/www.bachmann-museum.de\/index.php?rest_route=%2Fwp%2Fv2%2Fcategories&post=4031"},{"taxonomy":"post_tag","embeddable":true,"href":"https:\/\/www.bachmann-museum.de\/index.php?rest_route=%2Fwp%2Fv2%2Ftags&post=4031"}],"curies":[{"name":"wp","href":"https:\/\/api.w.org\/{rel}","templated":true}]}}