{"id":4002,"date":"2024-06-03T09:05:13","date_gmt":"2024-06-03T07:05:13","guid":{"rendered":"https:\/\/www.bachmann-museum.de\/?p=4002"},"modified":"2024-06-17T12:14:16","modified_gmt":"2024-06-17T10:14:16","slug":"4002","status":"publish","type":"post","link":"https:\/\/www.bachmann-museum.de\/?p=4002","title":{"rendered":"Neue Impulse f\u00fcr die Museumsarbeit"},"content":{"rendered":"<p><strong>Knapp 30 \u00fcberwiegend ehrenamtliche Mitarbeiterinnen und Mitarbeiter nahmen am j\u00fcngsten Treffen der Museen und Sammlungen im Landkreis Rotenburg im Bachmann-Museum Bremerv\u00f6rde teil. Die Zusammenk\u00fcnfte finden zweimal j\u00e4hrlich in wechselnden Museen statt. Die Vertreterinnen und Vertreter der verschiedenen Einrichtungen informieren sich \u00fcber aktuelle Themen, tauschen Erfahrungen aus und pflegen Kontakte.<\/strong><\/p>\n<p>Aus allen Teilen des Landkreises kamen Teilnehmerinnen und Teilnehmer in das Bachmann-Museum: aus Rotenburg, Sittensen, Fintel, Heeslingen, Selsingen, Gnarrenburg, Iselersheim und Hesedorf. Die weiteste Anreise hatte Bernhard Kolb, der als Vertreter f\u00fcr das Stuhmer Heimatmuseum in Bremerv\u00f6rde aus Wiesbaden angereist war und deshalb besonders herzlich von Museumsleiterin Ellen Horstrup, der Organisatorin der Treffen, begr\u00fc\u00dft wurde. Die Gastgeberin gab zum Auftakt des Treffens vor dem Museumsgeb\u00e4ude einen interessanten Einblick in die Geschichte des Bremerv\u00f6rder Schlosses.<br \/>\nAnschlie\u00dfend begann das Tagungsprogramm mit einer Vorstellungsrunde, bei der die Teilnehmenden von den Themenschwerpunkten und aktuellen Entwicklungen in den unterschiedlichen Einrichtungen berichteten. Es wurde deutlich, wie vielf\u00e4ltig die Museen und Sammlungen im Landkreis Rotenburg (W\u00fcmme) sind und mit wieviel Ideen und Begeisterung die meist ehrenamtlich T\u00e4tigen sich engagieren.<br \/>\nDass M\u00f6glichkeiten bestehen, finanzielle Unterst\u00fctzung f\u00fcr diese Arbeit zu erhalten, stellte Dr. Moritz Geuther, Museumsberater beim Landschaftsverband Stade, am Beispiel dreier aktueller F\u00f6rderprogramme des Landschaftsverbandes vor. Aus dem Topf \u201eRegionale Kulturf\u00f6rderung aus Landesmitteln\u201c vergibt der Landschaftsverband Stade j\u00e4hrlich insgesamt rund 300.000 Euro an Vereine, kommunale Einrichtungen und andere privatrechtliche Tr\u00e4ger. Hier sind bisher nur wenige Museen mit Antr\u00e4gen vertreten. Die F\u00f6rderung \u201eBewahrung von Museumsbest\u00e4nden\u201c unterst\u00fctzt jedes Jahr gezielt Ma\u00dfnahmen zum Erhalt von Kulturgut in Museen im Elbe-Weser-Dreieck. Auch das \u201eNieders\u00e4chsische F\u00f6rderprogramm f\u00fcr kleine Kultureinrichtungen\u201c wird 2024 neu aufgelegt. Ausf\u00fchrliche Informationen zu allen F\u00f6rderprogrammen und zur Antragsstellung gibt es auf der Website des Landschaftsverbandes, F\u00fcr Fragen rund um die Antragstellung steht Moritz Geuther gerne zur Verf\u00fcgung.<br \/>\nIm zweiten Vortrag ging es um die Frage, die f\u00fcr die Arbeit in jedem Museum wichtig ist: \u201eWie komme ich mit meiner Nachricht in die Zeitung?\u201c Frauke Siems gab praktische Tipps f\u00fcr eine erfolgreiche Pressearbeit. Die Mitarbeiterin f\u00fcr \u00d6ffentlichkeitsarbeit im BachmannMuseum war viele Jahre Lokalredakteurin bei der Bremerv\u00f6rder Zeitung und erl\u00e4uterte, wie gute Pressemitteilungen geschrieben werden, was es formal sowie inhaltlich zu beachten gibt und welche Regeln f\u00fcr eine gedeihliche Zusammenarbeit mit den Zeitungsredaktionen sorgen. Sie empfahl eine sachlich-informative Sprache und \u201eeine gewisse Distanz zur eigenen Einrichtung beziehungsweise Arbeit\u201c. Das Fazit von Frauke Siems: \u201eEine gut geschriebene Pressemitteilung erleichtert Journalisten die Arbeit und macht sie neugierig und ist damit die beste Voraussetzung, um mit den eigenen Inhalten in die Zeitungen zu kommen.\u201c<br \/>\nNach vielen Fragen, Anregungen und Diskussionsbeitr\u00e4gen verabschiedeten sich die Teilnehmer bis zum n\u00e4chsten Termin im Herbst. \u201eUnsere Treffen stehen allen Interessierten offen, die im Landkreis Rotenburg eine Sammlung oder ein Museum betreuen. Sollte eine Einrichtung bisher noch keine Einladung bekommen, kann sie sich gerne bei mir melden\u201c, betont Museumsleiterin Ellen Horstrup.<br \/>\nKontakt: Bachmann-Museum Bremerv\u00f6rde, Amtsallee 8, 27432 Bremerv\u00f6rde, Telefon 04761\/983 46 03, museum@lk-row.de, www.bachmann-museum.de.<\/p>\n<p>30. Mai 2024<\/p>\n<p>&nbsp;<\/p>\n<p>&nbsp;<\/p>\n<p>&nbsp;<\/p>\n<p>&nbsp;<\/p>\n","protected":false},"excerpt":{"rendered":"<p>Knapp 30 \u00fcberwiegend ehrenamtliche Mitarbeiterinnen und Mitarbeiter nahmen am j\u00fcngsten Treffen der Museen und Sammlungen im Landkreis Rotenburg im Bachmann-Museum Bremerv\u00f6rde teil. Die Zusammenk\u00fcnfte finden zweimal j\u00e4hrlich in wechselnden Museen statt. Die Vertreterinnen und Vertreter der verschiedenen Einrichtungen informieren sich \u00fcber aktuelle Themen, tauschen Erfahrungen aus und pflegen Kontakte. Aus allen Teilen des Landkreises kamen [&hellip;]<\/p>\n","protected":false},"author":1,"featured_media":3205,"comment_status":"closed","ping_status":"open","sticky":false,"template":"","format":"standard","meta":{"_jetpack_newsletter_access":"","_jetpack_dont_email_post_to_subs":false,"_jetpack_newsletter_tier_id":0,"_jetpack_memberships_contains_paywalled_content":false,"_jetpack_memberships_contains_paid_content":false,"footnotes":""},"categories":[1],"tags":[],"class_list":["post-4002","post","type-post","status-publish","format-standard","has-post-thumbnail","hentry","category-allgemein"],"yoast_head":"<!-- This site is optimized with the Yoast SEO plugin v27.4 - https:\/\/yoast.com\/product\/yoast-seo-wordpress\/ -->\n<title>Neue Impulse f\u00fcr die Museumsarbeit - Bachmann-Museum Bremerv\u00f6rde<\/title>\n<meta name=\"robots\" content=\"index, follow, max-snippet:-1, max-image-preview:large, max-video-preview:-1\" \/>\n<link rel=\"canonical\" href=\"https:\/\/www.bachmann-museum.de\/?p=4002\" \/>\n<meta property=\"og:locale\" content=\"de_DE\" \/>\n<meta property=\"og:type\" content=\"article\" \/>\n<meta property=\"og:title\" content=\"Neue Impulse f\u00fcr die Museumsarbeit - Bachmann-Museum Bremerv\u00f6rde\" \/>\n<meta property=\"og:description\" content=\"Knapp 30 \u00fcberwiegend ehrenamtliche Mitarbeiterinnen und Mitarbeiter nahmen am j\u00fcngsten Treffen der Museen und Sammlungen im Landkreis Rotenburg im Bachmann-Museum Bremerv\u00f6rde teil. Die Zusammenk\u00fcnfte finden zweimal j\u00e4hrlich in wechselnden Museen statt. Die Vertreterinnen und Vertreter der verschiedenen Einrichtungen informieren sich \u00fcber aktuelle Themen, tauschen Erfahrungen aus und pflegen Kontakte. Aus allen Teilen des Landkreises kamen [&hellip;]\" \/>\n<meta property=\"og:url\" content=\"https:\/\/www.bachmann-museum.de\/?p=4002\" \/>\n<meta property=\"og:site_name\" content=\"Bachmann-Museum Bremerv\u00f6rde\" \/>\n<meta property=\"article:published_time\" content=\"2024-06-03T07:05:13+00:00\" \/>\n<meta property=\"article:modified_time\" content=\"2024-06-17T10:14:16+00:00\" \/>\n<meta property=\"og:image\" content=\"https:\/\/i0.wp.com\/www.bachmann-museum.de\/wp-content\/uploads\/2021\/09\/Museumsgebaeude-scaled.jpg?fit=2560%2C1706&ssl=1\" \/>\n\t<meta property=\"og:image:width\" content=\"2560\" \/>\n\t<meta property=\"og:image:height\" content=\"1706\" \/>\n\t<meta property=\"og:image:type\" content=\"image\/jpeg\" \/>\n<meta name=\"author\" content=\"Bachmann-Admin_1\" \/>\n<meta name=\"twitter:card\" content=\"summary_large_image\" \/>\n<meta name=\"twitter:label1\" content=\"Verfasst von\" \/>\n\t<meta name=\"twitter:data1\" content=\"Bachmann-Admin_1\" \/>\n\t<meta name=\"twitter:label2\" content=\"Gesch\u00e4tzte Lesezeit\" \/>\n\t<meta name=\"twitter:data2\" content=\"3\u00a0Minuten\" \/>\n<script type=\"application\/ld+json\" class=\"yoast-schema-graph\">{\"@context\":\"https:\\\/\\\/schema.org\",\"@graph\":[{\"@type\":\"Article\",\"@id\":\"https:\\\/\\\/www.bachmann-museum.de\\\/?p=4002#article\",\"isPartOf\":{\"@id\":\"https:\\\/\\\/www.bachmann-museum.de\\\/?p=4002\"},\"author\":{\"name\":\"Bachmann-Admin_1\",\"@id\":\"https:\\\/\\\/www.bachmann-museum.de\\\/#\\\/schema\\\/person\\\/4e0a96d1ed2480e1c23c3d5afb424bee\"},\"headline\":\"Neue Impulse f\u00fcr die Museumsarbeit\",\"datePublished\":\"2024-06-03T07:05:13+00:00\",\"dateModified\":\"2024-06-17T10:14:16+00:00\",\"mainEntityOfPage\":{\"@id\":\"https:\\\/\\\/www.bachmann-museum.de\\\/?p=4002\"},\"wordCount\":521,\"image\":{\"@id\":\"https:\\\/\\\/www.bachmann-museum.de\\\/?p=4002#primaryimage\"},\"thumbnailUrl\":\"https:\\\/\\\/i0.wp.com\\\/www.bachmann-museum.de\\\/wp-content\\\/uploads\\\/2021\\\/09\\\/Museumsgebaeude-scaled.jpg?fit=2560%2C1706&ssl=1\",\"inLanguage\":\"de\"},{\"@type\":\"WebPage\",\"@id\":\"https:\\\/\\\/www.bachmann-museum.de\\\/?p=4002\",\"url\":\"https:\\\/\\\/www.bachmann-museum.de\\\/?p=4002\",\"name\":\"Neue Impulse f\u00fcr die Museumsarbeit - Bachmann-Museum Bremerv\u00f6rde\",\"isPartOf\":{\"@id\":\"https:\\\/\\\/www.bachmann-museum.de\\\/#website\"},\"primaryImageOfPage\":{\"@id\":\"https:\\\/\\\/www.bachmann-museum.de\\\/?p=4002#primaryimage\"},\"image\":{\"@id\":\"https:\\\/\\\/www.bachmann-museum.de\\\/?p=4002#primaryimage\"},\"thumbnailUrl\":\"https:\\\/\\\/i0.wp.com\\\/www.bachmann-museum.de\\\/wp-content\\\/uploads\\\/2021\\\/09\\\/Museumsgebaeude-scaled.jpg?fit=2560%2C1706&ssl=1\",\"datePublished\":\"2024-06-03T07:05:13+00:00\",\"dateModified\":\"2024-06-17T10:14:16+00:00\",\"author\":{\"@id\":\"https:\\\/\\\/www.bachmann-museum.de\\\/#\\\/schema\\\/person\\\/4e0a96d1ed2480e1c23c3d5afb424bee\"},\"breadcrumb\":{\"@id\":\"https:\\\/\\\/www.bachmann-museum.de\\\/?p=4002#breadcrumb\"},\"inLanguage\":\"de\",\"potentialAction\":[{\"@type\":\"ReadAction\",\"target\":[\"https:\\\/\\\/www.bachmann-museum.de\\\/?p=4002\"]}]},{\"@type\":\"ImageObject\",\"inLanguage\":\"de\",\"@id\":\"https:\\\/\\\/www.bachmann-museum.de\\\/?p=4002#primaryimage\",\"url\":\"https:\\\/\\\/i0.wp.com\\\/www.bachmann-museum.de\\\/wp-content\\\/uploads\\\/2021\\\/09\\\/Museumsgebaeude-scaled.jpg?fit=2560%2C1706&ssl=1\",\"contentUrl\":\"https:\\\/\\\/i0.wp.com\\\/www.bachmann-museum.de\\\/wp-content\\\/uploads\\\/2021\\\/09\\\/Museumsgebaeude-scaled.jpg?fit=2560%2C1706&ssl=1\",\"width\":2560,\"height\":1706,\"caption\":\"Im Bachmann-Museum Bremerv\u00f6rde hat das j\u00fcngeste Treffen der Museen im Landkreis Rotenburg stattgefunden.\"},{\"@type\":\"BreadcrumbList\",\"@id\":\"https:\\\/\\\/www.bachmann-museum.de\\\/?p=4002#breadcrumb\",\"itemListElement\":[{\"@type\":\"ListItem\",\"position\":1,\"name\":\"Start\",\"item\":\"https:\\\/\\\/www.bachmann-museum.de\\\/\"},{\"@type\":\"ListItem\",\"position\":2,\"name\":\"Neue Impulse f\u00fcr die Museumsarbeit\"}]},{\"@type\":\"WebSite\",\"@id\":\"https:\\\/\\\/www.bachmann-museum.de\\\/#website\",\"url\":\"https:\\\/\\\/www.bachmann-museum.de\\\/\",\"name\":\"Bachmann-Museum Bremerv\u00f6rde\",\"description\":\"\",\"potentialAction\":[{\"@type\":\"SearchAction\",\"target\":{\"@type\":\"EntryPoint\",\"urlTemplate\":\"https:\\\/\\\/www.bachmann-museum.de\\\/?s={search_term_string}\"},\"query-input\":{\"@type\":\"PropertyValueSpecification\",\"valueRequired\":true,\"valueName\":\"search_term_string\"}}],\"inLanguage\":\"de\"},{\"@type\":\"Person\",\"@id\":\"https:\\\/\\\/www.bachmann-museum.de\\\/#\\\/schema\\\/person\\\/4e0a96d1ed2480e1c23c3d5afb424bee\",\"name\":\"Bachmann-Admin_1\",\"image\":{\"@type\":\"ImageObject\",\"inLanguage\":\"de\",\"@id\":\"https:\\\/\\\/secure.gravatar.com\\\/avatar\\\/12b64d40c777adbd0761c887e33f30e0219d4565a9373e68911205fb911bd107?s=96&d=mm&r=g\",\"url\":\"https:\\\/\\\/secure.gravatar.com\\\/avatar\\\/12b64d40c777adbd0761c887e33f30e0219d4565a9373e68911205fb911bd107?s=96&d=mm&r=g\",\"contentUrl\":\"https:\\\/\\\/secure.gravatar.com\\\/avatar\\\/12b64d40c777adbd0761c887e33f30e0219d4565a9373e68911205fb911bd107?s=96&d=mm&r=g\",\"caption\":\"Bachmann-Admin_1\"},\"url\":\"https:\\\/\\\/www.bachmann-museum.de\\\/?author=1\"}]}<\/script>\n<!-- \/ Yoast SEO plugin. -->","yoast_head_json":{"title":"Neue Impulse f\u00fcr die Museumsarbeit - Bachmann-Museum Bremerv\u00f6rde","robots":{"index":"index","follow":"follow","max-snippet":"max-snippet:-1","max-image-preview":"max-image-preview:large","max-video-preview":"max-video-preview:-1"},"canonical":"https:\/\/www.bachmann-museum.de\/?p=4002","og_locale":"de_DE","og_type":"article","og_title":"Neue Impulse f\u00fcr die Museumsarbeit - Bachmann-Museum Bremerv\u00f6rde","og_description":"Knapp 30 \u00fcberwiegend ehrenamtliche Mitarbeiterinnen und Mitarbeiter nahmen am j\u00fcngsten Treffen der Museen und Sammlungen im Landkreis Rotenburg im Bachmann-Museum Bremerv\u00f6rde teil. Die Zusammenk\u00fcnfte finden zweimal j\u00e4hrlich in wechselnden Museen statt. Die Vertreterinnen und Vertreter der verschiedenen Einrichtungen informieren sich \u00fcber aktuelle Themen, tauschen Erfahrungen aus und pflegen Kontakte. Aus allen Teilen des Landkreises kamen [&hellip;]","og_url":"https:\/\/www.bachmann-museum.de\/?p=4002","og_site_name":"Bachmann-Museum Bremerv\u00f6rde","article_published_time":"2024-06-03T07:05:13+00:00","article_modified_time":"2024-06-17T10:14:16+00:00","og_image":[{"width":2560,"height":1706,"url":"https:\/\/i0.wp.com\/www.bachmann-museum.de\/wp-content\/uploads\/2021\/09\/Museumsgebaeude-scaled.jpg?fit=2560%2C1706&ssl=1","type":"image\/jpeg"}],"author":"Bachmann-Admin_1","twitter_card":"summary_large_image","twitter_misc":{"Verfasst von":"Bachmann-Admin_1","Gesch\u00e4tzte Lesezeit":"3\u00a0Minuten"},"schema":{"@context":"https:\/\/schema.org","@graph":[{"@type":"Article","@id":"https:\/\/www.bachmann-museum.de\/?p=4002#article","isPartOf":{"@id":"https:\/\/www.bachmann-museum.de\/?p=4002"},"author":{"name":"Bachmann-Admin_1","@id":"https:\/\/www.bachmann-museum.de\/#\/schema\/person\/4e0a96d1ed2480e1c23c3d5afb424bee"},"headline":"Neue Impulse f\u00fcr die Museumsarbeit","datePublished":"2024-06-03T07:05:13+00:00","dateModified":"2024-06-17T10:14:16+00:00","mainEntityOfPage":{"@id":"https:\/\/www.bachmann-museum.de\/?p=4002"},"wordCount":521,"image":{"@id":"https:\/\/www.bachmann-museum.de\/?p=4002#primaryimage"},"thumbnailUrl":"https:\/\/i0.wp.com\/www.bachmann-museum.de\/wp-content\/uploads\/2021\/09\/Museumsgebaeude-scaled.jpg?fit=2560%2C1706&ssl=1","inLanguage":"de"},{"@type":"WebPage","@id":"https:\/\/www.bachmann-museum.de\/?p=4002","url":"https:\/\/www.bachmann-museum.de\/?p=4002","name":"Neue Impulse f\u00fcr die Museumsarbeit - Bachmann-Museum Bremerv\u00f6rde","isPartOf":{"@id":"https:\/\/www.bachmann-museum.de\/#website"},"primaryImageOfPage":{"@id":"https:\/\/www.bachmann-museum.de\/?p=4002#primaryimage"},"image":{"@id":"https:\/\/www.bachmann-museum.de\/?p=4002#primaryimage"},"thumbnailUrl":"https:\/\/i0.wp.com\/www.bachmann-museum.de\/wp-content\/uploads\/2021\/09\/Museumsgebaeude-scaled.jpg?fit=2560%2C1706&ssl=1","datePublished":"2024-06-03T07:05:13+00:00","dateModified":"2024-06-17T10:14:16+00:00","author":{"@id":"https:\/\/www.bachmann-museum.de\/#\/schema\/person\/4e0a96d1ed2480e1c23c3d5afb424bee"},"breadcrumb":{"@id":"https:\/\/www.bachmann-museum.de\/?p=4002#breadcrumb"},"inLanguage":"de","potentialAction":[{"@type":"ReadAction","target":["https:\/\/www.bachmann-museum.de\/?p=4002"]}]},{"@type":"ImageObject","inLanguage":"de","@id":"https:\/\/www.bachmann-museum.de\/?p=4002#primaryimage","url":"https:\/\/i0.wp.com\/www.bachmann-museum.de\/wp-content\/uploads\/2021\/09\/Museumsgebaeude-scaled.jpg?fit=2560%2C1706&ssl=1","contentUrl":"https:\/\/i0.wp.com\/www.bachmann-museum.de\/wp-content\/uploads\/2021\/09\/Museumsgebaeude-scaled.jpg?fit=2560%2C1706&ssl=1","width":2560,"height":1706,"caption":"Im Bachmann-Museum Bremerv\u00f6rde hat das j\u00fcngeste Treffen der Museen im Landkreis Rotenburg stattgefunden."},{"@type":"BreadcrumbList","@id":"https:\/\/www.bachmann-museum.de\/?p=4002#breadcrumb","itemListElement":[{"@type":"ListItem","position":1,"name":"Start","item":"https:\/\/www.bachmann-museum.de\/"},{"@type":"ListItem","position":2,"name":"Neue Impulse f\u00fcr die Museumsarbeit"}]},{"@type":"WebSite","@id":"https:\/\/www.bachmann-museum.de\/#website","url":"https:\/\/www.bachmann-museum.de\/","name":"Bachmann-Museum Bremerv\u00f6rde","description":"","potentialAction":[{"@type":"SearchAction","target":{"@type":"EntryPoint","urlTemplate":"https:\/\/www.bachmann-museum.de\/?s={search_term_string}"},"query-input":{"@type":"PropertyValueSpecification","valueRequired":true,"valueName":"search_term_string"}}],"inLanguage":"de"},{"@type":"Person","@id":"https:\/\/www.bachmann-museum.de\/#\/schema\/person\/4e0a96d1ed2480e1c23c3d5afb424bee","name":"Bachmann-Admin_1","image":{"@type":"ImageObject","inLanguage":"de","@id":"https:\/\/secure.gravatar.com\/avatar\/12b64d40c777adbd0761c887e33f30e0219d4565a9373e68911205fb911bd107?s=96&d=mm&r=g","url":"https:\/\/secure.gravatar.com\/avatar\/12b64d40c777adbd0761c887e33f30e0219d4565a9373e68911205fb911bd107?s=96&d=mm&r=g","contentUrl":"https:\/\/secure.gravatar.com\/avatar\/12b64d40c777adbd0761c887e33f30e0219d4565a9373e68911205fb911bd107?s=96&d=mm&r=g","caption":"Bachmann-Admin_1"},"url":"https:\/\/www.bachmann-museum.de\/?author=1"}]}},"jetpack_featured_media_url":"https:\/\/i0.wp.com\/www.bachmann-museum.de\/wp-content\/uploads\/2021\/09\/Museumsgebaeude-scaled.jpg?fit=2560%2C1706&ssl=1","jetpack_sharing_enabled":true,"jetpack_shortlink":"https:\/\/wp.me\/s5DgYi-4002","jetpack-related-posts":[],"_links":{"self":[{"href":"https:\/\/www.bachmann-museum.de\/index.php?rest_route=\/wp\/v2\/posts\/4002","targetHints":{"allow":["GET"]}}],"collection":[{"href":"https:\/\/www.bachmann-museum.de\/index.php?rest_route=\/wp\/v2\/posts"}],"about":[{"href":"https:\/\/www.bachmann-museum.de\/index.php?rest_route=\/wp\/v2\/types\/post"}],"author":[{"embeddable":true,"href":"https:\/\/www.bachmann-museum.de\/index.php?rest_route=\/wp\/v2\/users\/1"}],"replies":[{"embeddable":true,"href":"https:\/\/www.bachmann-museum.de\/index.php?rest_route=%2Fwp%2Fv2%2Fcomments&post=4002"}],"version-history":[{"count":5,"href":"https:\/\/www.bachmann-museum.de\/index.php?rest_route=\/wp\/v2\/posts\/4002\/revisions"}],"predecessor-version":[{"id":4010,"href":"https:\/\/www.bachmann-museum.de\/index.php?rest_route=\/wp\/v2\/posts\/4002\/revisions\/4010"}],"wp:featuredmedia":[{"embeddable":true,"href":"https:\/\/www.bachmann-museum.de\/index.php?rest_route=\/wp\/v2\/media\/3205"}],"wp:attachment":[{"href":"https:\/\/www.bachmann-museum.de\/index.php?rest_route=%2Fwp%2Fv2%2Fmedia&parent=4002"}],"wp:term":[{"taxonomy":"category","embeddable":true,"href":"https:\/\/www.bachmann-museum.de\/index.php?rest_route=%2Fwp%2Fv2%2Fcategories&post=4002"},{"taxonomy":"post_tag","embeddable":true,"href":"https:\/\/www.bachmann-museum.de\/index.php?rest_route=%2Fwp%2Fv2%2Ftags&post=4002"}],"curies":[{"name":"wp","href":"https:\/\/api.w.org\/{rel}","templated":true}]}}