{"id":3982,"date":"2024-05-03T08:52:27","date_gmt":"2024-05-03T06:52:27","guid":{"rendered":"https:\/\/www.bachmann-museum.de\/?p=3982"},"modified":"2024-05-14T16:54:07","modified_gmt":"2024-05-14T14:54:07","slug":"internationaler-museumstag","status":"publish","type":"post","link":"https:\/\/www.bachmann-museum.de\/?p=3982","title":{"rendered":"Internationaler Museumstag"},"content":{"rendered":"<p><strong>Auf den Spuren des Bremerv\u00f6rder Schlosses<\/strong><\/p>\n<p><strong>Internationaler Museumstag: Bachmann-Museum Bremerv\u00f6rde bietet Rundgang an<\/strong><\/p>\n<p><strong>Das Bachmann-Museum Bremerv\u00f6rde bietet am Sonntag, den 19. Mai um 10.30 Uhr, anl\u00e4sslich des Internationalen Museumstages einen Rundgang zur Geschichte des Bremerv\u00f6rder Schlosses an. Die stark befestigte Schlossanlage, die Ende des 17. Jahrhundert aufgegeben und abgetragen wurde, hat viele Spuren hinterlassen, die einen spannenden Einblick in die Geschichte erm\u00f6glichen.\u00a0\u00a0 <\/strong><\/p>\n<p>Der Internationale Museumstag findet inzwischen zum 47. Mal statt. Die Museen in Deutschland laden in diesem Jahr unter dem Motto \u201eMuseen mit Freude entdecken\u201c mit einer Vielzahl von Aktionen und Veranstaltungen ein.<\/p>\n<p>Bei einem Rundgang um das Bachmann-Museum erfahren die Teilnehmer Interessantes zur Bremerv\u00f6rder Schlossgeschichte. Bereits im Mittelalter stand am \u00dcbergang \u00fcber die Oste eine Burganlage. Bis in das 17. Jahrhundert entwickelte sie sich zu der gr\u00f6\u00dften befestigten Schlossanlage des Elbe-Weser-Dreiecks. Sie war Residenz, Verwaltungsmittelpunkt und Festung der Bremer Erzbisch\u00f6fe. Nach einer wechselvollen Geschichte im 17. Jahrhundert wurde die Anlage gegen Ende des Jahrhunderts aufgegeben und abgetragen. Nur das heute denkmalgesch\u00fctzte Museumsgeb\u00e4ude, das als Kanzlei und Marstall des Schlosses errichtet wurde, blieb als Verwaltungssitz erhalten. Es ist heute das \u00e4lteste Geb\u00e4ude der Stadt Bremerv\u00f6rde.<\/p>\n<p>Die ehemalige Schlossanlage und ihre Geschichte haben zahlreiche Spuren hinterlassen, am Museumsgeb\u00e4ude selbst und auf dem Areal um den sogenannten \u201eBurgberg\u201c. Museumsleiterin Ellen Horstrup l\u00e4dt die G\u00e4ste am Pfingstsonntag ein, bei einem Rundgang einige dieser Spuren und damit die spannende Geschichte des Bremerv\u00f6rder Schlosses zu entdecken.<\/p>\n<p>Die Veranstaltung findet am 19. Mai um 10.30 Uhr statt, Treffpunkt ist das Bachmann-Museum, Amtsallee 8 in 27432 Bremerv\u00f6rde. Die Teilnahme ist kostenlos. Die Ausstellung des Museums ist zurzeit geschlossen, Eingang, Museumsshop und Toiletten sind zu diesem Termin ge\u00f6ffnet. Weitere Informationen unter der Telefonnummer 04761\/983 4603 und online unter www.bachmann-museum.de.<\/p>\n<p><img data-recalc-dims=\"1\" loading=\"lazy\" decoding=\"async\" data-attachment-id=\"3205\" data-permalink=\"https:\/\/www.bachmann-museum.de\/?attachment_id=3205\" data-orig-file=\"https:\/\/i0.wp.com\/www.bachmann-museum.de\/wp-content\/uploads\/2021\/09\/Museumsgebaeude-scaled.jpg?fit=2560%2C1706&amp;ssl=1\" data-orig-size=\"2560,1706\" data-comments-opened=\"0\" data-image-meta=\"{&quot;aperture&quot;:&quot;13&quot;,&quot;credit&quot;:&quot;&quot;,&quot;camera&quot;:&quot;Canon EOS 1000D&quot;,&quot;caption&quot;:&quot;&quot;,&quot;created_timestamp&quot;:&quot;1502117727&quot;,&quot;copyright&quot;:&quot;&quot;,&quot;focal_length&quot;:&quot;24&quot;,&quot;iso&quot;:&quot;200&quot;,&quot;shutter_speed&quot;:&quot;0.003125&quot;,&quot;title&quot;:&quot;&quot;,&quot;orientation&quot;:&quot;1&quot;}\" data-image-title=\"Museumsgeb\u00e4ude\" data-image-description=\"\" data-image-caption=\"&lt;p&gt;Im Bachmann-Museum Bremerv\u00f6rde hat das j\u00fcngeste Treffen der Museen im Landkreis Rotenburg stattgefunden.&lt;\/p&gt;\n\" data-large-file=\"https:\/\/i0.wp.com\/www.bachmann-museum.de\/wp-content\/uploads\/2021\/09\/Museumsgebaeude-scaled.jpg?fit=750%2C500&amp;ssl=1\" class=\"alignnone wp-image-3205 size-medium\" src=\"https:\/\/i0.wp.com\/www.bachmann-museum.de\/wp-content\/uploads\/2021\/09\/Museumsgebaeude.jpg?resize=300%2C200&#038;ssl=1\" alt=\"\" width=\"300\" height=\"200\" srcset=\"https:\/\/i0.wp.com\/www.bachmann-museum.de\/wp-content\/uploads\/2021\/09\/Museumsgebaeude-scaled.jpg?resize=300%2C200&amp;ssl=1 300w, https:\/\/i0.wp.com\/www.bachmann-museum.de\/wp-content\/uploads\/2021\/09\/Museumsgebaeude-scaled.jpg?resize=1024%2C682&amp;ssl=1 1024w, https:\/\/i0.wp.com\/www.bachmann-museum.de\/wp-content\/uploads\/2021\/09\/Museumsgebaeude-scaled.jpg?resize=768%2C512&amp;ssl=1 768w, https:\/\/i0.wp.com\/www.bachmann-museum.de\/wp-content\/uploads\/2021\/09\/Museumsgebaeude-scaled.jpg?resize=1536%2C1024&amp;ssl=1 1536w, https:\/\/i0.wp.com\/www.bachmann-museum.de\/wp-content\/uploads\/2021\/09\/Museumsgebaeude-scaled.jpg?resize=2048%2C1365&amp;ssl=1 2048w, https:\/\/i0.wp.com\/www.bachmann-museum.de\/wp-content\/uploads\/2021\/09\/Museumsgebaeude-scaled.jpg?w=2250&amp;ssl=1 2250w\" sizes=\"auto, (max-width: 300px) 100vw, 300px\" \/><\/p>\n<p>Das Bachmann-Museum ist das letzte noch existierende Geb\u00e4ude des Bremerv\u00f6rder Schlosses und Ausgangspunkt f\u00fcr den Rundgang.<\/p>\n<p>&nbsp;<\/p>\n<p>&nbsp;<\/p>\n","protected":false},"excerpt":{"rendered":"<p>Auf den Spuren des Bremerv\u00f6rder Schlosses Internationaler Museumstag: Bachmann-Museum Bremerv\u00f6rde bietet Rundgang an Das Bachmann-Museum Bremerv\u00f6rde bietet am Sonntag, den 19. Mai um 10.30 Uhr, anl\u00e4sslich des Internationalen Museumstages einen Rundgang zur Geschichte des Bremerv\u00f6rder Schlosses an. Die stark befestigte Schlossanlage, die Ende des 17. Jahrhundert aufgegeben und abgetragen wurde, hat viele Spuren hinterlassen, die [&hellip;]<\/p>\n","protected":false},"author":1,"featured_media":3205,"comment_status":"closed","ping_status":"open","sticky":false,"template":"","format":"standard","meta":{"_jetpack_newsletter_access":"","_jetpack_dont_email_post_to_subs":false,"_jetpack_newsletter_tier_id":0,"_jetpack_memberships_contains_paywalled_content":false,"_jetpack_memberships_contains_paid_content":false,"footnotes":""},"categories":[1],"tags":[],"class_list":["post-3982","post","type-post","status-publish","format-standard","has-post-thumbnail","hentry","category-allgemein"],"yoast_head":"<!-- This site is optimized with the Yoast SEO plugin v27.4 - https:\/\/yoast.com\/product\/yoast-seo-wordpress\/ -->\n<title>Internationaler Museumstag - Bachmann-Museum Bremerv\u00f6rde<\/title>\n<meta name=\"robots\" content=\"index, follow, max-snippet:-1, max-image-preview:large, max-video-preview:-1\" \/>\n<link rel=\"canonical\" href=\"https:\/\/www.bachmann-museum.de\/?p=3982\" \/>\n<meta property=\"og:locale\" content=\"de_DE\" \/>\n<meta property=\"og:type\" content=\"article\" \/>\n<meta property=\"og:title\" content=\"Internationaler Museumstag - Bachmann-Museum Bremerv\u00f6rde\" \/>\n<meta property=\"og:description\" content=\"Auf den Spuren des Bremerv\u00f6rder Schlosses Internationaler Museumstag: Bachmann-Museum Bremerv\u00f6rde bietet Rundgang an Das Bachmann-Museum Bremerv\u00f6rde bietet am Sonntag, den 19. Mai um 10.30 Uhr, anl\u00e4sslich des Internationalen Museumstages einen Rundgang zur Geschichte des Bremerv\u00f6rder Schlosses an. Die stark befestigte Schlossanlage, die Ende des 17. Jahrhundert aufgegeben und abgetragen wurde, hat viele Spuren hinterlassen, die [&hellip;]\" \/>\n<meta property=\"og:url\" content=\"https:\/\/www.bachmann-museum.de\/?p=3982\" \/>\n<meta property=\"og:site_name\" content=\"Bachmann-Museum Bremerv\u00f6rde\" \/>\n<meta property=\"article:published_time\" content=\"2024-05-03T06:52:27+00:00\" \/>\n<meta property=\"article:modified_time\" content=\"2024-05-14T14:54:07+00:00\" \/>\n<meta property=\"og:image\" content=\"https:\/\/i0.wp.com\/www.bachmann-museum.de\/wp-content\/uploads\/2021\/09\/Museumsgebaeude-scaled.jpg?fit=2560%2C1706&ssl=1\" \/>\n\t<meta property=\"og:image:width\" content=\"2560\" \/>\n\t<meta property=\"og:image:height\" content=\"1706\" \/>\n\t<meta property=\"og:image:type\" content=\"image\/jpeg\" \/>\n<meta name=\"author\" content=\"Bachmann-Admin_1\" \/>\n<meta name=\"twitter:card\" content=\"summary_large_image\" \/>\n<meta name=\"twitter:label1\" content=\"Verfasst von\" \/>\n\t<meta name=\"twitter:data1\" content=\"Bachmann-Admin_1\" \/>\n\t<meta name=\"twitter:label2\" content=\"Gesch\u00e4tzte Lesezeit\" \/>\n\t<meta name=\"twitter:data2\" content=\"2\u00a0Minuten\" \/>\n<script type=\"application\/ld+json\" class=\"yoast-schema-graph\">{\"@context\":\"https:\\\/\\\/schema.org\",\"@graph\":[{\"@type\":\"Article\",\"@id\":\"https:\\\/\\\/www.bachmann-museum.de\\\/?p=3982#article\",\"isPartOf\":{\"@id\":\"https:\\\/\\\/www.bachmann-museum.de\\\/?p=3982\"},\"author\":{\"name\":\"Bachmann-Admin_1\",\"@id\":\"https:\\\/\\\/www.bachmann-museum.de\\\/#\\\/schema\\\/person\\\/4e0a96d1ed2480e1c23c3d5afb424bee\"},\"headline\":\"Internationaler Museumstag\",\"datePublished\":\"2024-05-03T06:52:27+00:00\",\"dateModified\":\"2024-05-14T14:54:07+00:00\",\"mainEntityOfPage\":{\"@id\":\"https:\\\/\\\/www.bachmann-museum.de\\\/?p=3982\"},\"wordCount\":314,\"image\":{\"@id\":\"https:\\\/\\\/www.bachmann-museum.de\\\/?p=3982#primaryimage\"},\"thumbnailUrl\":\"https:\\\/\\\/i0.wp.com\\\/www.bachmann-museum.de\\\/wp-content\\\/uploads\\\/2021\\\/09\\\/Museumsgebaeude-scaled.jpg?fit=2560%2C1706&ssl=1\",\"inLanguage\":\"de\"},{\"@type\":\"WebPage\",\"@id\":\"https:\\\/\\\/www.bachmann-museum.de\\\/?p=3982\",\"url\":\"https:\\\/\\\/www.bachmann-museum.de\\\/?p=3982\",\"name\":\"Internationaler Museumstag - Bachmann-Museum Bremerv\u00f6rde\",\"isPartOf\":{\"@id\":\"https:\\\/\\\/www.bachmann-museum.de\\\/#website\"},\"primaryImageOfPage\":{\"@id\":\"https:\\\/\\\/www.bachmann-museum.de\\\/?p=3982#primaryimage\"},\"image\":{\"@id\":\"https:\\\/\\\/www.bachmann-museum.de\\\/?p=3982#primaryimage\"},\"thumbnailUrl\":\"https:\\\/\\\/i0.wp.com\\\/www.bachmann-museum.de\\\/wp-content\\\/uploads\\\/2021\\\/09\\\/Museumsgebaeude-scaled.jpg?fit=2560%2C1706&ssl=1\",\"datePublished\":\"2024-05-03T06:52:27+00:00\",\"dateModified\":\"2024-05-14T14:54:07+00:00\",\"author\":{\"@id\":\"https:\\\/\\\/www.bachmann-museum.de\\\/#\\\/schema\\\/person\\\/4e0a96d1ed2480e1c23c3d5afb424bee\"},\"breadcrumb\":{\"@id\":\"https:\\\/\\\/www.bachmann-museum.de\\\/?p=3982#breadcrumb\"},\"inLanguage\":\"de\",\"potentialAction\":[{\"@type\":\"ReadAction\",\"target\":[\"https:\\\/\\\/www.bachmann-museum.de\\\/?p=3982\"]}]},{\"@type\":\"ImageObject\",\"inLanguage\":\"de\",\"@id\":\"https:\\\/\\\/www.bachmann-museum.de\\\/?p=3982#primaryimage\",\"url\":\"https:\\\/\\\/i0.wp.com\\\/www.bachmann-museum.de\\\/wp-content\\\/uploads\\\/2021\\\/09\\\/Museumsgebaeude-scaled.jpg?fit=2560%2C1706&ssl=1\",\"contentUrl\":\"https:\\\/\\\/i0.wp.com\\\/www.bachmann-museum.de\\\/wp-content\\\/uploads\\\/2021\\\/09\\\/Museumsgebaeude-scaled.jpg?fit=2560%2C1706&ssl=1\",\"width\":2560,\"height\":1706,\"caption\":\"Im Bachmann-Museum Bremerv\u00f6rde hat das j\u00fcngeste Treffen der Museen im Landkreis Rotenburg stattgefunden.\"},{\"@type\":\"BreadcrumbList\",\"@id\":\"https:\\\/\\\/www.bachmann-museum.de\\\/?p=3982#breadcrumb\",\"itemListElement\":[{\"@type\":\"ListItem\",\"position\":1,\"name\":\"Start\",\"item\":\"https:\\\/\\\/www.bachmann-museum.de\\\/\"},{\"@type\":\"ListItem\",\"position\":2,\"name\":\"Internationaler Museumstag\"}]},{\"@type\":\"WebSite\",\"@id\":\"https:\\\/\\\/www.bachmann-museum.de\\\/#website\",\"url\":\"https:\\\/\\\/www.bachmann-museum.de\\\/\",\"name\":\"Bachmann-Museum Bremerv\u00f6rde\",\"description\":\"\",\"potentialAction\":[{\"@type\":\"SearchAction\",\"target\":{\"@type\":\"EntryPoint\",\"urlTemplate\":\"https:\\\/\\\/www.bachmann-museum.de\\\/?s={search_term_string}\"},\"query-input\":{\"@type\":\"PropertyValueSpecification\",\"valueRequired\":true,\"valueName\":\"search_term_string\"}}],\"inLanguage\":\"de\"},{\"@type\":\"Person\",\"@id\":\"https:\\\/\\\/www.bachmann-museum.de\\\/#\\\/schema\\\/person\\\/4e0a96d1ed2480e1c23c3d5afb424bee\",\"name\":\"Bachmann-Admin_1\",\"image\":{\"@type\":\"ImageObject\",\"inLanguage\":\"de\",\"@id\":\"https:\\\/\\\/secure.gravatar.com\\\/avatar\\\/12b64d40c777adbd0761c887e33f30e0219d4565a9373e68911205fb911bd107?s=96&d=mm&r=g\",\"url\":\"https:\\\/\\\/secure.gravatar.com\\\/avatar\\\/12b64d40c777adbd0761c887e33f30e0219d4565a9373e68911205fb911bd107?s=96&d=mm&r=g\",\"contentUrl\":\"https:\\\/\\\/secure.gravatar.com\\\/avatar\\\/12b64d40c777adbd0761c887e33f30e0219d4565a9373e68911205fb911bd107?s=96&d=mm&r=g\",\"caption\":\"Bachmann-Admin_1\"},\"url\":\"https:\\\/\\\/www.bachmann-museum.de\\\/?author=1\"}]}<\/script>\n<!-- \/ Yoast SEO plugin. -->","yoast_head_json":{"title":"Internationaler Museumstag - Bachmann-Museum Bremerv\u00f6rde","robots":{"index":"index","follow":"follow","max-snippet":"max-snippet:-1","max-image-preview":"max-image-preview:large","max-video-preview":"max-video-preview:-1"},"canonical":"https:\/\/www.bachmann-museum.de\/?p=3982","og_locale":"de_DE","og_type":"article","og_title":"Internationaler Museumstag - Bachmann-Museum Bremerv\u00f6rde","og_description":"Auf den Spuren des Bremerv\u00f6rder Schlosses Internationaler Museumstag: Bachmann-Museum Bremerv\u00f6rde bietet Rundgang an Das Bachmann-Museum Bremerv\u00f6rde bietet am Sonntag, den 19. Mai um 10.30 Uhr, anl\u00e4sslich des Internationalen Museumstages einen Rundgang zur Geschichte des Bremerv\u00f6rder Schlosses an. Die stark befestigte Schlossanlage, die Ende des 17. Jahrhundert aufgegeben und abgetragen wurde, hat viele Spuren hinterlassen, die [&hellip;]","og_url":"https:\/\/www.bachmann-museum.de\/?p=3982","og_site_name":"Bachmann-Museum Bremerv\u00f6rde","article_published_time":"2024-05-03T06:52:27+00:00","article_modified_time":"2024-05-14T14:54:07+00:00","og_image":[{"width":2560,"height":1706,"url":"https:\/\/i0.wp.com\/www.bachmann-museum.de\/wp-content\/uploads\/2021\/09\/Museumsgebaeude-scaled.jpg?fit=2560%2C1706&ssl=1","type":"image\/jpeg"}],"author":"Bachmann-Admin_1","twitter_card":"summary_large_image","twitter_misc":{"Verfasst von":"Bachmann-Admin_1","Gesch\u00e4tzte Lesezeit":"2\u00a0Minuten"},"schema":{"@context":"https:\/\/schema.org","@graph":[{"@type":"Article","@id":"https:\/\/www.bachmann-museum.de\/?p=3982#article","isPartOf":{"@id":"https:\/\/www.bachmann-museum.de\/?p=3982"},"author":{"name":"Bachmann-Admin_1","@id":"https:\/\/www.bachmann-museum.de\/#\/schema\/person\/4e0a96d1ed2480e1c23c3d5afb424bee"},"headline":"Internationaler Museumstag","datePublished":"2024-05-03T06:52:27+00:00","dateModified":"2024-05-14T14:54:07+00:00","mainEntityOfPage":{"@id":"https:\/\/www.bachmann-museum.de\/?p=3982"},"wordCount":314,"image":{"@id":"https:\/\/www.bachmann-museum.de\/?p=3982#primaryimage"},"thumbnailUrl":"https:\/\/i0.wp.com\/www.bachmann-museum.de\/wp-content\/uploads\/2021\/09\/Museumsgebaeude-scaled.jpg?fit=2560%2C1706&ssl=1","inLanguage":"de"},{"@type":"WebPage","@id":"https:\/\/www.bachmann-museum.de\/?p=3982","url":"https:\/\/www.bachmann-museum.de\/?p=3982","name":"Internationaler Museumstag - Bachmann-Museum Bremerv\u00f6rde","isPartOf":{"@id":"https:\/\/www.bachmann-museum.de\/#website"},"primaryImageOfPage":{"@id":"https:\/\/www.bachmann-museum.de\/?p=3982#primaryimage"},"image":{"@id":"https:\/\/www.bachmann-museum.de\/?p=3982#primaryimage"},"thumbnailUrl":"https:\/\/i0.wp.com\/www.bachmann-museum.de\/wp-content\/uploads\/2021\/09\/Museumsgebaeude-scaled.jpg?fit=2560%2C1706&ssl=1","datePublished":"2024-05-03T06:52:27+00:00","dateModified":"2024-05-14T14:54:07+00:00","author":{"@id":"https:\/\/www.bachmann-museum.de\/#\/schema\/person\/4e0a96d1ed2480e1c23c3d5afb424bee"},"breadcrumb":{"@id":"https:\/\/www.bachmann-museum.de\/?p=3982#breadcrumb"},"inLanguage":"de","potentialAction":[{"@type":"ReadAction","target":["https:\/\/www.bachmann-museum.de\/?p=3982"]}]},{"@type":"ImageObject","inLanguage":"de","@id":"https:\/\/www.bachmann-museum.de\/?p=3982#primaryimage","url":"https:\/\/i0.wp.com\/www.bachmann-museum.de\/wp-content\/uploads\/2021\/09\/Museumsgebaeude-scaled.jpg?fit=2560%2C1706&ssl=1","contentUrl":"https:\/\/i0.wp.com\/www.bachmann-museum.de\/wp-content\/uploads\/2021\/09\/Museumsgebaeude-scaled.jpg?fit=2560%2C1706&ssl=1","width":2560,"height":1706,"caption":"Im Bachmann-Museum Bremerv\u00f6rde hat das j\u00fcngeste Treffen der Museen im Landkreis Rotenburg stattgefunden."},{"@type":"BreadcrumbList","@id":"https:\/\/www.bachmann-museum.de\/?p=3982#breadcrumb","itemListElement":[{"@type":"ListItem","position":1,"name":"Start","item":"https:\/\/www.bachmann-museum.de\/"},{"@type":"ListItem","position":2,"name":"Internationaler Museumstag"}]},{"@type":"WebSite","@id":"https:\/\/www.bachmann-museum.de\/#website","url":"https:\/\/www.bachmann-museum.de\/","name":"Bachmann-Museum Bremerv\u00f6rde","description":"","potentialAction":[{"@type":"SearchAction","target":{"@type":"EntryPoint","urlTemplate":"https:\/\/www.bachmann-museum.de\/?s={search_term_string}"},"query-input":{"@type":"PropertyValueSpecification","valueRequired":true,"valueName":"search_term_string"}}],"inLanguage":"de"},{"@type":"Person","@id":"https:\/\/www.bachmann-museum.de\/#\/schema\/person\/4e0a96d1ed2480e1c23c3d5afb424bee","name":"Bachmann-Admin_1","image":{"@type":"ImageObject","inLanguage":"de","@id":"https:\/\/secure.gravatar.com\/avatar\/12b64d40c777adbd0761c887e33f30e0219d4565a9373e68911205fb911bd107?s=96&d=mm&r=g","url":"https:\/\/secure.gravatar.com\/avatar\/12b64d40c777adbd0761c887e33f30e0219d4565a9373e68911205fb911bd107?s=96&d=mm&r=g","contentUrl":"https:\/\/secure.gravatar.com\/avatar\/12b64d40c777adbd0761c887e33f30e0219d4565a9373e68911205fb911bd107?s=96&d=mm&r=g","caption":"Bachmann-Admin_1"},"url":"https:\/\/www.bachmann-museum.de\/?author=1"}]}},"jetpack_featured_media_url":"https:\/\/i0.wp.com\/www.bachmann-museum.de\/wp-content\/uploads\/2021\/09\/Museumsgebaeude-scaled.jpg?fit=2560%2C1706&ssl=1","jetpack_sharing_enabled":true,"jetpack_shortlink":"https:\/\/wp.me\/p5DgYi-12e","jetpack-related-posts":[],"_links":{"self":[{"href":"https:\/\/www.bachmann-museum.de\/index.php?rest_route=\/wp\/v2\/posts\/3982","targetHints":{"allow":["GET"]}}],"collection":[{"href":"https:\/\/www.bachmann-museum.de\/index.php?rest_route=\/wp\/v2\/posts"}],"about":[{"href":"https:\/\/www.bachmann-museum.de\/index.php?rest_route=\/wp\/v2\/types\/post"}],"author":[{"embeddable":true,"href":"https:\/\/www.bachmann-museum.de\/index.php?rest_route=\/wp\/v2\/users\/1"}],"replies":[{"embeddable":true,"href":"https:\/\/www.bachmann-museum.de\/index.php?rest_route=%2Fwp%2Fv2%2Fcomments&post=3982"}],"version-history":[{"count":5,"href":"https:\/\/www.bachmann-museum.de\/index.php?rest_route=\/wp\/v2\/posts\/3982\/revisions"}],"predecessor-version":[{"id":3992,"href":"https:\/\/www.bachmann-museum.de\/index.php?rest_route=\/wp\/v2\/posts\/3982\/revisions\/3992"}],"wp:featuredmedia":[{"embeddable":true,"href":"https:\/\/www.bachmann-museum.de\/index.php?rest_route=\/wp\/v2\/media\/3205"}],"wp:attachment":[{"href":"https:\/\/www.bachmann-museum.de\/index.php?rest_route=%2Fwp%2Fv2%2Fmedia&parent=3982"}],"wp:term":[{"taxonomy":"category","embeddable":true,"href":"https:\/\/www.bachmann-museum.de\/index.php?rest_route=%2Fwp%2Fv2%2Fcategories&post=3982"},{"taxonomy":"post_tag","embeddable":true,"href":"https:\/\/www.bachmann-museum.de\/index.php?rest_route=%2Fwp%2Fv2%2Ftags&post=3982"}],"curies":[{"name":"wp","href":"https:\/\/api.w.org\/{rel}","templated":true}]}}