{"id":3966,"date":"2024-02-28T10:23:40","date_gmt":"2024-02-28T08:23:40","guid":{"rendered":"https:\/\/www.bachmann-museum.de\/?p=3966"},"modified":"2024-02-28T10:23:40","modified_gmt":"2024-02-28T08:23:40","slug":"ein-maechtiger-schluessel-erzaehlt-geschichte","status":"publish","type":"post","link":"https:\/\/www.bachmann-museum.de\/?p=3966","title":{"rendered":"Ein m\u00e4chtiger Schl\u00fcssel erz\u00e4hlt Geschichte"},"content":{"rendered":"<p><strong>Bachmann-Museum Bremerv\u00f6rde gibt Leihgaben zur Ausstellung im Kreisarchiv<\/strong><\/p>\n<p>Einige ausgew\u00e4hlte Objekte aus der umfassenden Sammlung des Bachmann-Museums Bremerv\u00f6rde sind am Sonnabend, 2. M\u00e4rz, von 9.30 bis 17 Uhr, sowie am darauffolgenden Montag und Dienstag, 4. und 5. M\u00e4rz, von 9 bis 16 Uhr, anl\u00e4sslich des \u201eTages der Archive\u201c im Kreisarchiv Bremerv\u00f6rde zu sehen. Das Team um Museumsleiterin Ellen Horstrup freut sich, die Ausstellung \u201eVon Festm<\/p>\n<figure id=\"attachment_3967\" aria-describedby=\"caption-attachment-3967\" style=\"width: 400px\" class=\"wp-caption alignright\"><img data-recalc-dims=\"1\" loading=\"lazy\" decoding=\"async\" data-attachment-id=\"3967\" data-permalink=\"https:\/\/www.bachmann-museum.de\/?attachment_id=3967\" data-orig-file=\"https:\/\/i0.wp.com\/www.bachmann-museum.de\/wp-content\/uploads\/2024\/02\/BMB-Mittmann-und-Kosicki-scaled.jpg?fit=2485%2C2560&amp;ssl=1\" data-orig-size=\"2485,2560\" data-comments-opened=\"0\" data-image-meta=\"{&quot;aperture&quot;:&quot;3.5&quot;,&quot;credit&quot;:&quot;&quot;,&quot;camera&quot;:&quot;Canon EOS 1300D&quot;,&quot;caption&quot;:&quot;&quot;,&quot;created_timestamp&quot;:&quot;1708683739&quot;,&quot;copyright&quot;:&quot;&quot;,&quot;focal_length&quot;:&quot;18&quot;,&quot;iso&quot;:&quot;160&quot;,&quot;shutter_speed&quot;:&quot;0.016666666666667&quot;,&quot;title&quot;:&quot;&quot;,&quot;orientation&quot;:&quot;1&quot;}\" data-image-title=\"BMB Mittmann und Kosicki\" data-image-description=\"\" data-image-caption=\"\" data-large-file=\"https:\/\/i0.wp.com\/www.bachmann-museum.de\/wp-content\/uploads\/2024\/02\/BMB-Mittmann-und-Kosicki-scaled.jpg?fit=750%2C773&amp;ssl=1\" class=\"wp-image-3967\" src=\"https:\/\/i0.wp.com\/www.bachmann-museum.de\/wp-content\/uploads\/2024\/02\/BMB-Mittmann-und-Kosicki.jpg?resize=400%2C412&#038;ssl=1\" alt=\"\" width=\"400\" height=\"412\" srcset=\"https:\/\/i0.wp.com\/www.bachmann-museum.de\/wp-content\/uploads\/2024\/02\/BMB-Mittmann-und-Kosicki-scaled.jpg?resize=994%2C1024&amp;ssl=1 994w, https:\/\/i0.wp.com\/www.bachmann-museum.de\/wp-content\/uploads\/2024\/02\/BMB-Mittmann-und-Kosicki-scaled.jpg?resize=291%2C300&amp;ssl=1 291w, https:\/\/i0.wp.com\/www.bachmann-museum.de\/wp-content\/uploads\/2024\/02\/BMB-Mittmann-und-Kosicki-scaled.jpg?resize=768%2C791&amp;ssl=1 768w, https:\/\/i0.wp.com\/www.bachmann-museum.de\/wp-content\/uploads\/2024\/02\/BMB-Mittmann-und-Kosicki-scaled.jpg?resize=1491%2C1536&amp;ssl=1 1491w, https:\/\/i0.wp.com\/www.bachmann-museum.de\/wp-content\/uploads\/2024\/02\/BMB-Mittmann-und-Kosicki-scaled.jpg?resize=1988%2C2048&amp;ssl=1 1988w, https:\/\/i0.wp.com\/www.bachmann-museum.de\/wp-content\/uploads\/2024\/02\/BMB-Mittmann-und-Kosicki-scaled.jpg?w=2250&amp;ssl=1 2250w\" sizes=\"auto, (max-width: 400px) 100vw, 400px\" \/><figcaption id=\"caption-attachment-3967\" class=\"wp-caption-text\">Die wissenschaftliche Mitarbeiterin des Bachmann-Museums, Meike Mittmann, \u00fcbergibt eine Rumflasche aus der Sammlung als Leihgabe an Archivleiter S\u00f6nke Kosicki. Auf dem Flaschenetikett ist \u201eDer milde Rum f\u00fcr z\u00fcnftigen Bremerv\u00f6rde Grog&#8220; zu lesen.<\/figcaption><\/figure>\n<p>\u00e4hlern, ,Trunkenbolden\u2018 und Hungersn\u00f6ten\u201c unter anderem mit Flaschen aus der Bremerv\u00f6rder Schlossberg-Brauerei bereichern zu k\u00f6nnen.<br \/>\n\u201eDie Idee des Kreisarchivs, neben den Dokumenten des Archives auch Objekte der Regionalgeschichte aus unserem Bestand zu pr\u00e4sentieren, hat uns gleich \u00fcberzeugt\u201c, erkl\u00e4rt die wissenschaftliche Mitarbeiterin Meike Mittmann.<\/p>\n<p>Das Bachmann-Museum hat zum im w\u00f6rtlichen Sinne lebenswichtigen Thema \u201eEssen und Trinken\u201c, dem diesj\u00e4hrigen Motto des bundesweiten \u201eTages der Archive\u201c, eine Reihe passender Objekte in seiner Sammlung. Die Bierflaschen der Schlossberg-Brauerei lassen sich anhand ihrer unterschiedlichen Beschriftungen und mit Hilfe der Archivalien des Kreisarchivs datieren. Auch der m\u00e4chtige Schl\u00fcssel zum Eiskeller der Brauerei wird zum \u201eTag der Archive\u201c im Kreisarchiv zu sehen sein. Er erz\u00e4hlt ein St\u00fcck Wirtschaftsgeschichte vor der Erfindung moderner K\u00fchltechnik. Inhaber-Familie Reuning hat August Bachmann den Schl\u00fcssel 1932 f\u00fcr seine Museumssammlung \u00fcbergeben. Bei der \u00dcbergabe der gut erhaltenen Artefakte an Kreisarchivleiter S\u00f6nke Kosicki freute sich Meike Mittmann \u00fcber \u201edie tolle Kooperation und den wissenschaftlichen Austausch mit dem Kreisarchiv.\u201c Beide Einrichtungen, Bachmann-Museum und Kreisarchiv, sind in ihrem Kern August Bachmann (1893 bis 1983) zu verdanken. Das Museum sammelt und bewahrt Objekte zur Geschichte des zentralen Elbe-Weser-Dreiecks. Ihre Erforschung wird unter anderem durch die Informationen aus den Dokumenten des Kreisarchivs erm\u00f6glicht.<\/p>\n<p>&nbsp;<\/p>\n","protected":false},"excerpt":{"rendered":"<p>Bachmann-Museum Bremerv\u00f6rde gibt Leihgaben zur Ausstellung im Kreisarchiv Einige ausgew\u00e4hlte Objekte aus der umfassenden Sammlung des Bachmann-Museums Bremerv\u00f6rde sind am Sonnabend, 2. M\u00e4rz, von 9.30 bis 17 Uhr, sowie am darauffolgenden Montag und Dienstag, 4. und 5. M\u00e4rz, von 9 bis 16 Uhr, anl\u00e4sslich des \u201eTages der Archive\u201c im Kreisarchiv Bremerv\u00f6rde zu sehen. Das Team [&hellip;]<\/p>\n","protected":false},"author":1,"featured_media":0,"comment_status":"closed","ping_status":"open","sticky":false,"template":"","format":"standard","meta":{"_jetpack_newsletter_access":"","_jetpack_dont_email_post_to_subs":false,"_jetpack_newsletter_tier_id":0,"_jetpack_memberships_contains_paywalled_content":false,"_jetpack_memberships_contains_paid_content":false,"footnotes":""},"categories":[1],"tags":[],"class_list":["post-3966","post","type-post","status-publish","format-standard","hentry","category-allgemein"],"yoast_head":"<!-- This site is optimized with the Yoast SEO plugin v27.4 - https:\/\/yoast.com\/product\/yoast-seo-wordpress\/ -->\n<title>Ein m\u00e4chtiger Schl\u00fcssel erz\u00e4hlt Geschichte - Bachmann-Museum Bremerv\u00f6rde<\/title>\n<meta name=\"robots\" content=\"index, follow, max-snippet:-1, max-image-preview:large, max-video-preview:-1\" \/>\n<link rel=\"canonical\" href=\"https:\/\/www.bachmann-museum.de\/?p=3966\" \/>\n<meta property=\"og:locale\" content=\"de_DE\" \/>\n<meta property=\"og:type\" content=\"article\" \/>\n<meta property=\"og:title\" content=\"Ein m\u00e4chtiger Schl\u00fcssel erz\u00e4hlt Geschichte - Bachmann-Museum Bremerv\u00f6rde\" \/>\n<meta property=\"og:description\" content=\"Bachmann-Museum Bremerv\u00f6rde gibt Leihgaben zur Ausstellung im Kreisarchiv Einige ausgew\u00e4hlte Objekte aus der umfassenden Sammlung des Bachmann-Museums Bremerv\u00f6rde sind am Sonnabend, 2. M\u00e4rz, von 9.30 bis 17 Uhr, sowie am darauffolgenden Montag und Dienstag, 4. und 5. M\u00e4rz, von 9 bis 16 Uhr, anl\u00e4sslich des \u201eTages der Archive\u201c im Kreisarchiv Bremerv\u00f6rde zu sehen. Das Team [&hellip;]\" \/>\n<meta property=\"og:url\" content=\"https:\/\/www.bachmann-museum.de\/?p=3966\" \/>\n<meta property=\"og:site_name\" content=\"Bachmann-Museum Bremerv\u00f6rde\" \/>\n<meta property=\"article:published_time\" content=\"2024-02-28T08:23:40+00:00\" \/>\n<meta property=\"og:image\" content=\"https:\/\/www.bachmann-museum.de\/wp-content\/uploads\/2024\/02\/BMB-Mittmann-und-Kosicki-994x1024.jpg\" \/>\n<meta name=\"author\" content=\"Bachmann-Admin_1\" \/>\n<meta name=\"twitter:card\" content=\"summary_large_image\" \/>\n<meta name=\"twitter:label1\" content=\"Verfasst von\" \/>\n\t<meta name=\"twitter:data1\" content=\"Bachmann-Admin_1\" \/>\n\t<meta name=\"twitter:label2\" content=\"Gesch\u00e4tzte Lesezeit\" \/>\n\t<meta name=\"twitter:data2\" content=\"2\u00a0Minuten\" \/>\n<script type=\"application\/ld+json\" class=\"yoast-schema-graph\">{\"@context\":\"https:\\\/\\\/schema.org\",\"@graph\":[{\"@type\":\"Article\",\"@id\":\"https:\\\/\\\/www.bachmann-museum.de\\\/?p=3966#article\",\"isPartOf\":{\"@id\":\"https:\\\/\\\/www.bachmann-museum.de\\\/?p=3966\"},\"author\":{\"name\":\"Bachmann-Admin_1\",\"@id\":\"https:\\\/\\\/www.bachmann-museum.de\\\/#\\\/schema\\\/person\\\/4e0a96d1ed2480e1c23c3d5afb424bee\"},\"headline\":\"Ein m\u00e4chtiger Schl\u00fcssel erz\u00e4hlt Geschichte\",\"datePublished\":\"2024-02-28T08:23:40+00:00\",\"mainEntityOfPage\":{\"@id\":\"https:\\\/\\\/www.bachmann-museum.de\\\/?p=3966\"},\"wordCount\":325,\"image\":{\"@id\":\"https:\\\/\\\/www.bachmann-museum.de\\\/?p=3966#primaryimage\"},\"thumbnailUrl\":\"https:\\\/\\\/www.bachmann-museum.de\\\/wp-content\\\/uploads\\\/2024\\\/02\\\/BMB-Mittmann-und-Kosicki-994x1024.jpg\",\"inLanguage\":\"de\"},{\"@type\":\"WebPage\",\"@id\":\"https:\\\/\\\/www.bachmann-museum.de\\\/?p=3966\",\"url\":\"https:\\\/\\\/www.bachmann-museum.de\\\/?p=3966\",\"name\":\"Ein m\u00e4chtiger Schl\u00fcssel erz\u00e4hlt Geschichte - Bachmann-Museum Bremerv\u00f6rde\",\"isPartOf\":{\"@id\":\"https:\\\/\\\/www.bachmann-museum.de\\\/#website\"},\"primaryImageOfPage\":{\"@id\":\"https:\\\/\\\/www.bachmann-museum.de\\\/?p=3966#primaryimage\"},\"image\":{\"@id\":\"https:\\\/\\\/www.bachmann-museum.de\\\/?p=3966#primaryimage\"},\"thumbnailUrl\":\"https:\\\/\\\/www.bachmann-museum.de\\\/wp-content\\\/uploads\\\/2024\\\/02\\\/BMB-Mittmann-und-Kosicki-994x1024.jpg\",\"datePublished\":\"2024-02-28T08:23:40+00:00\",\"author\":{\"@id\":\"https:\\\/\\\/www.bachmann-museum.de\\\/#\\\/schema\\\/person\\\/4e0a96d1ed2480e1c23c3d5afb424bee\"},\"breadcrumb\":{\"@id\":\"https:\\\/\\\/www.bachmann-museum.de\\\/?p=3966#breadcrumb\"},\"inLanguage\":\"de\",\"potentialAction\":[{\"@type\":\"ReadAction\",\"target\":[\"https:\\\/\\\/www.bachmann-museum.de\\\/?p=3966\"]}]},{\"@type\":\"ImageObject\",\"inLanguage\":\"de\",\"@id\":\"https:\\\/\\\/www.bachmann-museum.de\\\/?p=3966#primaryimage\",\"url\":\"https:\\\/\\\/i0.wp.com\\\/www.bachmann-museum.de\\\/wp-content\\\/uploads\\\/2024\\\/02\\\/BMB-Mittmann-und-Kosicki-scaled.jpg?fit=2485%2C2560&ssl=1\",\"contentUrl\":\"https:\\\/\\\/i0.wp.com\\\/www.bachmann-museum.de\\\/wp-content\\\/uploads\\\/2024\\\/02\\\/BMB-Mittmann-und-Kosicki-scaled.jpg?fit=2485%2C2560&ssl=1\",\"width\":2485,\"height\":2560},{\"@type\":\"BreadcrumbList\",\"@id\":\"https:\\\/\\\/www.bachmann-museum.de\\\/?p=3966#breadcrumb\",\"itemListElement\":[{\"@type\":\"ListItem\",\"position\":1,\"name\":\"Start\",\"item\":\"https:\\\/\\\/www.bachmann-museum.de\\\/\"},{\"@type\":\"ListItem\",\"position\":2,\"name\":\"Ein m\u00e4chtiger Schl\u00fcssel erz\u00e4hlt Geschichte\"}]},{\"@type\":\"WebSite\",\"@id\":\"https:\\\/\\\/www.bachmann-museum.de\\\/#website\",\"url\":\"https:\\\/\\\/www.bachmann-museum.de\\\/\",\"name\":\"Bachmann-Museum Bremerv\u00f6rde\",\"description\":\"\",\"potentialAction\":[{\"@type\":\"SearchAction\",\"target\":{\"@type\":\"EntryPoint\",\"urlTemplate\":\"https:\\\/\\\/www.bachmann-museum.de\\\/?s={search_term_string}\"},\"query-input\":{\"@type\":\"PropertyValueSpecification\",\"valueRequired\":true,\"valueName\":\"search_term_string\"}}],\"inLanguage\":\"de\"},{\"@type\":\"Person\",\"@id\":\"https:\\\/\\\/www.bachmann-museum.de\\\/#\\\/schema\\\/person\\\/4e0a96d1ed2480e1c23c3d5afb424bee\",\"name\":\"Bachmann-Admin_1\",\"image\":{\"@type\":\"ImageObject\",\"inLanguage\":\"de\",\"@id\":\"https:\\\/\\\/secure.gravatar.com\\\/avatar\\\/12b64d40c777adbd0761c887e33f30e0219d4565a9373e68911205fb911bd107?s=96&d=mm&r=g\",\"url\":\"https:\\\/\\\/secure.gravatar.com\\\/avatar\\\/12b64d40c777adbd0761c887e33f30e0219d4565a9373e68911205fb911bd107?s=96&d=mm&r=g\",\"contentUrl\":\"https:\\\/\\\/secure.gravatar.com\\\/avatar\\\/12b64d40c777adbd0761c887e33f30e0219d4565a9373e68911205fb911bd107?s=96&d=mm&r=g\",\"caption\":\"Bachmann-Admin_1\"},\"url\":\"https:\\\/\\\/www.bachmann-museum.de\\\/?author=1\"}]}<\/script>\n<!-- \/ Yoast SEO plugin. -->","yoast_head_json":{"title":"Ein m\u00e4chtiger Schl\u00fcssel erz\u00e4hlt Geschichte - Bachmann-Museum Bremerv\u00f6rde","robots":{"index":"index","follow":"follow","max-snippet":"max-snippet:-1","max-image-preview":"max-image-preview:large","max-video-preview":"max-video-preview:-1"},"canonical":"https:\/\/www.bachmann-museum.de\/?p=3966","og_locale":"de_DE","og_type":"article","og_title":"Ein m\u00e4chtiger Schl\u00fcssel erz\u00e4hlt Geschichte - Bachmann-Museum Bremerv\u00f6rde","og_description":"Bachmann-Museum Bremerv\u00f6rde gibt Leihgaben zur Ausstellung im Kreisarchiv Einige ausgew\u00e4hlte Objekte aus der umfassenden Sammlung des Bachmann-Museums Bremerv\u00f6rde sind am Sonnabend, 2. M\u00e4rz, von 9.30 bis 17 Uhr, sowie am darauffolgenden Montag und Dienstag, 4. und 5. M\u00e4rz, von 9 bis 16 Uhr, anl\u00e4sslich des \u201eTages der Archive\u201c im Kreisarchiv Bremerv\u00f6rde zu sehen. Das Team [&hellip;]","og_url":"https:\/\/www.bachmann-museum.de\/?p=3966","og_site_name":"Bachmann-Museum Bremerv\u00f6rde","article_published_time":"2024-02-28T08:23:40+00:00","og_image":[{"url":"https:\/\/www.bachmann-museum.de\/wp-content\/uploads\/2024\/02\/BMB-Mittmann-und-Kosicki-994x1024.jpg","type":"","width":"","height":""}],"author":"Bachmann-Admin_1","twitter_card":"summary_large_image","twitter_misc":{"Verfasst von":"Bachmann-Admin_1","Gesch\u00e4tzte Lesezeit":"2\u00a0Minuten"},"schema":{"@context":"https:\/\/schema.org","@graph":[{"@type":"Article","@id":"https:\/\/www.bachmann-museum.de\/?p=3966#article","isPartOf":{"@id":"https:\/\/www.bachmann-museum.de\/?p=3966"},"author":{"name":"Bachmann-Admin_1","@id":"https:\/\/www.bachmann-museum.de\/#\/schema\/person\/4e0a96d1ed2480e1c23c3d5afb424bee"},"headline":"Ein m\u00e4chtiger Schl\u00fcssel erz\u00e4hlt Geschichte","datePublished":"2024-02-28T08:23:40+00:00","mainEntityOfPage":{"@id":"https:\/\/www.bachmann-museum.de\/?p=3966"},"wordCount":325,"image":{"@id":"https:\/\/www.bachmann-museum.de\/?p=3966#primaryimage"},"thumbnailUrl":"https:\/\/www.bachmann-museum.de\/wp-content\/uploads\/2024\/02\/BMB-Mittmann-und-Kosicki-994x1024.jpg","inLanguage":"de"},{"@type":"WebPage","@id":"https:\/\/www.bachmann-museum.de\/?p=3966","url":"https:\/\/www.bachmann-museum.de\/?p=3966","name":"Ein m\u00e4chtiger Schl\u00fcssel erz\u00e4hlt Geschichte - Bachmann-Museum Bremerv\u00f6rde","isPartOf":{"@id":"https:\/\/www.bachmann-museum.de\/#website"},"primaryImageOfPage":{"@id":"https:\/\/www.bachmann-museum.de\/?p=3966#primaryimage"},"image":{"@id":"https:\/\/www.bachmann-museum.de\/?p=3966#primaryimage"},"thumbnailUrl":"https:\/\/www.bachmann-museum.de\/wp-content\/uploads\/2024\/02\/BMB-Mittmann-und-Kosicki-994x1024.jpg","datePublished":"2024-02-28T08:23:40+00:00","author":{"@id":"https:\/\/www.bachmann-museum.de\/#\/schema\/person\/4e0a96d1ed2480e1c23c3d5afb424bee"},"breadcrumb":{"@id":"https:\/\/www.bachmann-museum.de\/?p=3966#breadcrumb"},"inLanguage":"de","potentialAction":[{"@type":"ReadAction","target":["https:\/\/www.bachmann-museum.de\/?p=3966"]}]},{"@type":"ImageObject","inLanguage":"de","@id":"https:\/\/www.bachmann-museum.de\/?p=3966#primaryimage","url":"https:\/\/i0.wp.com\/www.bachmann-museum.de\/wp-content\/uploads\/2024\/02\/BMB-Mittmann-und-Kosicki-scaled.jpg?fit=2485%2C2560&ssl=1","contentUrl":"https:\/\/i0.wp.com\/www.bachmann-museum.de\/wp-content\/uploads\/2024\/02\/BMB-Mittmann-und-Kosicki-scaled.jpg?fit=2485%2C2560&ssl=1","width":2485,"height":2560},{"@type":"BreadcrumbList","@id":"https:\/\/www.bachmann-museum.de\/?p=3966#breadcrumb","itemListElement":[{"@type":"ListItem","position":1,"name":"Start","item":"https:\/\/www.bachmann-museum.de\/"},{"@type":"ListItem","position":2,"name":"Ein m\u00e4chtiger Schl\u00fcssel erz\u00e4hlt Geschichte"}]},{"@type":"WebSite","@id":"https:\/\/www.bachmann-museum.de\/#website","url":"https:\/\/www.bachmann-museum.de\/","name":"Bachmann-Museum Bremerv\u00f6rde","description":"","potentialAction":[{"@type":"SearchAction","target":{"@type":"EntryPoint","urlTemplate":"https:\/\/www.bachmann-museum.de\/?s={search_term_string}"},"query-input":{"@type":"PropertyValueSpecification","valueRequired":true,"valueName":"search_term_string"}}],"inLanguage":"de"},{"@type":"Person","@id":"https:\/\/www.bachmann-museum.de\/#\/schema\/person\/4e0a96d1ed2480e1c23c3d5afb424bee","name":"Bachmann-Admin_1","image":{"@type":"ImageObject","inLanguage":"de","@id":"https:\/\/secure.gravatar.com\/avatar\/12b64d40c777adbd0761c887e33f30e0219d4565a9373e68911205fb911bd107?s=96&d=mm&r=g","url":"https:\/\/secure.gravatar.com\/avatar\/12b64d40c777adbd0761c887e33f30e0219d4565a9373e68911205fb911bd107?s=96&d=mm&r=g","contentUrl":"https:\/\/secure.gravatar.com\/avatar\/12b64d40c777adbd0761c887e33f30e0219d4565a9373e68911205fb911bd107?s=96&d=mm&r=g","caption":"Bachmann-Admin_1"},"url":"https:\/\/www.bachmann-museum.de\/?author=1"}]}},"jetpack_featured_media_url":"","jetpack_sharing_enabled":true,"jetpack_shortlink":"https:\/\/wp.me\/p5DgYi-11Y","jetpack-related-posts":[],"_links":{"self":[{"href":"https:\/\/www.bachmann-museum.de\/index.php?rest_route=\/wp\/v2\/posts\/3966","targetHints":{"allow":["GET"]}}],"collection":[{"href":"https:\/\/www.bachmann-museum.de\/index.php?rest_route=\/wp\/v2\/posts"}],"about":[{"href":"https:\/\/www.bachmann-museum.de\/index.php?rest_route=\/wp\/v2\/types\/post"}],"author":[{"embeddable":true,"href":"https:\/\/www.bachmann-museum.de\/index.php?rest_route=\/wp\/v2\/users\/1"}],"replies":[{"embeddable":true,"href":"https:\/\/www.bachmann-museum.de\/index.php?rest_route=%2Fwp%2Fv2%2Fcomments&post=3966"}],"version-history":[{"count":1,"href":"https:\/\/www.bachmann-museum.de\/index.php?rest_route=\/wp\/v2\/posts\/3966\/revisions"}],"predecessor-version":[{"id":3968,"href":"https:\/\/www.bachmann-museum.de\/index.php?rest_route=\/wp\/v2\/posts\/3966\/revisions\/3968"}],"wp:attachment":[{"href":"https:\/\/www.bachmann-museum.de\/index.php?rest_route=%2Fwp%2Fv2%2Fmedia&parent=3966"}],"wp:term":[{"taxonomy":"category","embeddable":true,"href":"https:\/\/www.bachmann-museum.de\/index.php?rest_route=%2Fwp%2Fv2%2Fcategories&post=3966"},{"taxonomy":"post_tag","embeddable":true,"href":"https:\/\/www.bachmann-museum.de\/index.php?rest_route=%2Fwp%2Fv2%2Ftags&post=3966"}],"curies":[{"name":"wp","href":"https:\/\/api.w.org\/{rel}","templated":true}]}}