{"id":3905,"date":"2023-12-08T12:48:37","date_gmt":"2023-12-08T10:48:37","guid":{"rendered":"https:\/\/www.bachmann-museum.de\/?p=3905"},"modified":"2024-02-21T11:50:34","modified_gmt":"2024-02-21T09:50:34","slug":"leben-im-moor-im-18-und-19-jahrhundert","status":"publish","type":"post","link":"https:\/\/www.bachmann-museum.de\/?p=3905","title":{"rendered":"Leben im Moor im 18. und 19. Jahrhundert"},"content":{"rendered":"<p>Band 2 der Schrift des Bachmann-Museums in zweiter Auflage erschienen<\/p>\n<p>Die Besiedlung der Moore ist f\u00fcr das Elbe-Weser-Dreieck von zentraler Bedeutung. Das Leben der ersten Siedler war hart, gleichwohl wurden im Zuge der Kolonisierung allein auf dem Gebiet der ehemaligen \u00c4mter Bremerv\u00f6rde, Ottersberg, Lilienthal und Osterholz \u00fcber 70 neue D\u00f6rfer gegr\u00fcndet. Die Stiftung Bachmann-Museum Bremerv\u00f6rde hat zu diesem spannenden Thema einen kompakten \u00dcberblick herausgegeben: \u201eDen eersten sien Dot, den tweeten sien Not \u2026 Moorkolonisation im Elbe-Weser-Dreieck 1750 \u2013 1890\u201c von Dr. Horst R\u00f6ssler ist soeben in zweiter Auflage erschienen.<\/p>\n<p>Auf 36 reich bebilderten Seiten im DIN-A4-Format schildert R\u00f6ssler, wie die Moorkolonisation von der Mitte des 18. Jahrhundert bis zum Ende des 19. Jahrhunderts staatlich organisiert und umgesetzt wurde und welche Wege die Menschen fanden, eine f\u00fcr sie lebensfeindliche Gegend urbar zu machen und dort heimisch zu werden. Dabei geht der Autor insbesondere auf die Lebensbedingungen der Siedler in den Mooren in den heutigen Landkreisen Rotenburg (W\u00fcmme) und Osterholz ein.<\/p>\n<p>Die Publikation ist der zweite Band der Schriften des Bachmann-Museums Bremerv\u00f6rde. Die Erstauflage war bei den Lesern auf so gro\u00dfes Interesse gesto\u00dfen, dass das Werk nach kurzer Zeit vergriffen war. Umso mehr freut sich die Stiftung, dass der Bedarf auch derjenigen, die bislang auf der Warteliste standen, nun gedeckt werden kann.<\/p>\n<p>In dem Kompendium fasst R\u00f6ssler seine langj\u00e4hrigen Forschungen zum Thema zusammen. Er beschreibt, wie J\u00fcrgen Christian Findorff, von Beruf Tischler, dank seiner Expertise im Wasserbau und in der Landvermessung zum \u201eVater aller Moorbauern\u201c wurde. Auch gibt der Autor einen Einblick in das beschwerliche Leben der ersten Siedler, die in primitiven, im Winter kalten und feuchten Wohnh\u00fctten hausten und in der Hoffnung, k\u00fcnftig von Ackerbau, Viehzucht und Torfabbau leben zu k\u00f6nnen, das Land kultivierten. Den langen, entbehrungsreichen Weg, den sie auf sich nahmen, um aus der Besiedlung eine Erfolgsgeschichte zu machen, beschreibt R\u00f6ssler anschaulich und kompakt anhand zahlreicher Quellen aus den Archiven der Region.<\/p>\n<p>\u201eDas gro\u00dfe Interesse an der Publikation zeigt die Bedeutung des Themas f\u00fcr die Geschichte unserer Region, die noch heute durch die charakteristischen D\u00f6rfer, Kan\u00e4le und D\u00e4mme gepr\u00e4gt ist, die in dieser Zeit entstanden sind\u201c, betont Landrat Marco Prietz, Kuratoriumsvorsitzender der Stiftung Bachmann-Museum Bremerv\u00f6rde und Mitherausgeber der Schriftenreihe. \u201eDas neue gestalterische und inhaltliche Konzept geht auf. Wir danken dem Autoren und dem Landschaftsverband Stade, der diesen Band m\u00f6glich gemacht hat.\u201c<\/p>\n<p>Die zweite Auflage von \u201eDen eersten sien Dot, den tweeten sien Not \u2026\u201c ist inhaltlich unver\u00e4ndert und \u00fcberzeugt in DIN-A4-Format mit ansprechendem Layout, zahlreichen Abbildungen sowie einem gut lesbaren und wissenschaftlich fundierten Text. Im Umschlag sind zwei ausklappbare Karten aus dem 18.Jahrhundert enthalten. Die Publikation ist ab sofort f\u00fcr 9,90 Euro im Bachmann-Museum (Telefon 04761\/983 46 03, E-Mail: <a href=\"mailto:museum@lkrow.de\">museum@lkrow.de<\/a>) und im Buchhandel erh\u00e4ltlich.<\/p>\n<p class=\"hide-if-no-js\"><a id=\"set-post-thumbnail\" class=\"thickbox\" href=\"https:\/\/www.bachmann-museum.de\/wp-admin\/media-upload.php?post_id=3905&amp;type=image&amp;TB_iframe=1\" aria-describedby=\"set-post-thumbnail-desc\"><img data-recalc-dims=\"1\" loading=\"lazy\" decoding=\"async\" class=\"attachment-266x266 size-266x266\" src=\"https:\/\/i0.wp.com\/www.bachmann-museum.de\/wp-content\/uploads\/2023\/12\/Zweitauflage-Moor-.jpg?resize=266%2C174&#038;ssl=1\" sizes=\"auto, (max-width: 266px) 100vw, 266px\" srcset=\"https:\/\/i0.wp.com\/www.bachmann-museum.de\/wp-content\/uploads\/2023\/12\/Zweitauflage-Moor-.jpg?w=2542&amp;ssl=1 2542w, https:\/\/i0.wp.com\/www.bachmann-museum.de\/wp-content\/uploads\/2023\/12\/Zweitauflage-Moor-.jpg?resize=300%2C196&amp;ssl=1 300w, https:\/\/i0.wp.com\/www.bachmann-museum.de\/wp-content\/uploads\/2023\/12\/Zweitauflage-Moor-.jpg?resize=1024%2C671&amp;ssl=1 1024w, https:\/\/i0.wp.com\/www.bachmann-museum.de\/wp-content\/uploads\/2023\/12\/Zweitauflage-Moor-.jpg?resize=768%2C503&amp;ssl=1 768w, https:\/\/i0.wp.com\/www.bachmann-museum.de\/wp-content\/uploads\/2023\/12\/Zweitauflage-Moor-.jpg?resize=1536%2C1006&amp;ssl=1 1536w, https:\/\/i0.wp.com\/www.bachmann-museum.de\/wp-content\/uploads\/2023\/12\/Zweitauflage-Moor-.jpg?resize=2048%2C1341&amp;ssl=1 2048w, https:\/\/i0.wp.com\/www.bachmann-museum.de\/wp-content\/uploads\/2023\/12\/Zweitauflage-Moor-.jpg?w=2250&amp;ssl=1 2250w\" alt=\"\" width=\"266\" height=\"174\" \/><\/a><\/p>\n<p>Die Herausgeber der Publikation: Landrat Marco Prietz (von links), Kuratoriumsvorsitzender der Stiftung Bachmann-Museum, Ellen Horstrup, Museumsleiterin und Gesch\u00e4ftsf\u00fchrerin der Stiftung Bachmann-Museum sowie Dr. Stefan Hesse, Kreisarch\u00e4ologe und Vorstandsvorsitzender der Stiftung Bachmann-Museum. Foto: Landkreis Rotenburg\/Huchzermeier<\/p>\n","protected":false},"excerpt":{"rendered":"<p>Band 2 der Schrift des Bachmann-Museums in zweiter Auflage erschienen Die Besiedlung der Moore ist f\u00fcr das Elbe-Weser-Dreieck von zentraler Bedeutung. Das Leben der ersten Siedler war hart, gleichwohl wurden im Zuge der Kolonisierung allein auf dem Gebiet der ehemaligen \u00c4mter Bremerv\u00f6rde, Ottersberg, Lilienthal und Osterholz \u00fcber 70 neue D\u00f6rfer gegr\u00fcndet. Die Stiftung Bachmann-Museum Bremerv\u00f6rde [&hellip;]<\/p>\n","protected":false},"author":1,"featured_media":3904,"comment_status":"closed","ping_status":"open","sticky":false,"template":"","format":"standard","meta":{"_jetpack_newsletter_access":"","_jetpack_dont_email_post_to_subs":false,"_jetpack_newsletter_tier_id":0,"_jetpack_memberships_contains_paywalled_content":false,"_jetpack_memberships_contains_paid_content":false,"footnotes":""},"categories":[1],"tags":[],"class_list":["post-3905","post","type-post","status-publish","format-standard","has-post-thumbnail","hentry","category-allgemein"],"yoast_head":"<!-- This site is optimized with the Yoast SEO plugin v27.4 - https:\/\/yoast.com\/product\/yoast-seo-wordpress\/ -->\n<title>Leben im Moor im 18. und 19. Jahrhundert - Bachmann-Museum Bremerv\u00f6rde<\/title>\n<meta name=\"robots\" content=\"index, follow, max-snippet:-1, max-image-preview:large, max-video-preview:-1\" \/>\n<link rel=\"canonical\" href=\"https:\/\/www.bachmann-museum.de\/?p=3905\" \/>\n<meta property=\"og:locale\" content=\"de_DE\" \/>\n<meta property=\"og:type\" content=\"article\" \/>\n<meta property=\"og:title\" content=\"Leben im Moor im 18. und 19. Jahrhundert - Bachmann-Museum Bremerv\u00f6rde\" \/>\n<meta property=\"og:description\" content=\"Band 2 der Schrift des Bachmann-Museums in zweiter Auflage erschienen Die Besiedlung der Moore ist f\u00fcr das Elbe-Weser-Dreieck von zentraler Bedeutung. Das Leben der ersten Siedler war hart, gleichwohl wurden im Zuge der Kolonisierung allein auf dem Gebiet der ehemaligen \u00c4mter Bremerv\u00f6rde, Ottersberg, Lilienthal und Osterholz \u00fcber 70 neue D\u00f6rfer gegr\u00fcndet. Die Stiftung Bachmann-Museum Bremerv\u00f6rde [&hellip;]\" \/>\n<meta property=\"og:url\" content=\"https:\/\/www.bachmann-museum.de\/?p=3905\" \/>\n<meta property=\"og:site_name\" content=\"Bachmann-Museum Bremerv\u00f6rde\" \/>\n<meta property=\"article:published_time\" content=\"2023-12-08T10:48:37+00:00\" \/>\n<meta property=\"article:modified_time\" content=\"2024-02-21T09:50:34+00:00\" \/>\n<meta property=\"og:image\" content=\"https:\/\/i0.wp.com\/www.bachmann-museum.de\/wp-content\/uploads\/2023\/12\/Zweitauflage-Moor-.jpg?fit=2542%2C1665&ssl=1\" \/>\n\t<meta property=\"og:image:width\" content=\"2542\" \/>\n\t<meta property=\"og:image:height\" content=\"1665\" \/>\n\t<meta property=\"og:image:type\" content=\"image\/jpeg\" \/>\n<meta name=\"author\" content=\"Bachmann-Admin_1\" \/>\n<meta name=\"twitter:card\" content=\"summary_large_image\" \/>\n<meta name=\"twitter:label1\" content=\"Verfasst von\" \/>\n\t<meta name=\"twitter:data1\" content=\"Bachmann-Admin_1\" \/>\n\t<meta name=\"twitter:label2\" content=\"Gesch\u00e4tzte Lesezeit\" \/>\n\t<meta name=\"twitter:data2\" content=\"3\u00a0Minuten\" \/>\n<script type=\"application\/ld+json\" class=\"yoast-schema-graph\">{\"@context\":\"https:\\\/\\\/schema.org\",\"@graph\":[{\"@type\":\"Article\",\"@id\":\"https:\\\/\\\/www.bachmann-museum.de\\\/?p=3905#article\",\"isPartOf\":{\"@id\":\"https:\\\/\\\/www.bachmann-museum.de\\\/?p=3905\"},\"author\":{\"name\":\"Bachmann-Admin_1\",\"@id\":\"https:\\\/\\\/www.bachmann-museum.de\\\/#\\\/schema\\\/person\\\/4e0a96d1ed2480e1c23c3d5afb424bee\"},\"headline\":\"Leben im Moor im 18. und 19. Jahrhundert\",\"datePublished\":\"2023-12-08T10:48:37+00:00\",\"dateModified\":\"2024-02-21T09:50:34+00:00\",\"mainEntityOfPage\":{\"@id\":\"https:\\\/\\\/www.bachmann-museum.de\\\/?p=3905\"},\"wordCount\":509,\"image\":{\"@id\":\"https:\\\/\\\/www.bachmann-museum.de\\\/?p=3905#primaryimage\"},\"thumbnailUrl\":\"https:\\\/\\\/i0.wp.com\\\/www.bachmann-museum.de\\\/wp-content\\\/uploads\\\/2023\\\/12\\\/Zweitauflage-Moor-.jpg?fit=2542%2C1665&ssl=1\",\"inLanguage\":\"de\"},{\"@type\":\"WebPage\",\"@id\":\"https:\\\/\\\/www.bachmann-museum.de\\\/?p=3905\",\"url\":\"https:\\\/\\\/www.bachmann-museum.de\\\/?p=3905\",\"name\":\"Leben im Moor im 18. und 19. Jahrhundert - Bachmann-Museum Bremerv\u00f6rde\",\"isPartOf\":{\"@id\":\"https:\\\/\\\/www.bachmann-museum.de\\\/#website\"},\"primaryImageOfPage\":{\"@id\":\"https:\\\/\\\/www.bachmann-museum.de\\\/?p=3905#primaryimage\"},\"image\":{\"@id\":\"https:\\\/\\\/www.bachmann-museum.de\\\/?p=3905#primaryimage\"},\"thumbnailUrl\":\"https:\\\/\\\/i0.wp.com\\\/www.bachmann-museum.de\\\/wp-content\\\/uploads\\\/2023\\\/12\\\/Zweitauflage-Moor-.jpg?fit=2542%2C1665&ssl=1\",\"datePublished\":\"2023-12-08T10:48:37+00:00\",\"dateModified\":\"2024-02-21T09:50:34+00:00\",\"author\":{\"@id\":\"https:\\\/\\\/www.bachmann-museum.de\\\/#\\\/schema\\\/person\\\/4e0a96d1ed2480e1c23c3d5afb424bee\"},\"breadcrumb\":{\"@id\":\"https:\\\/\\\/www.bachmann-museum.de\\\/?p=3905#breadcrumb\"},\"inLanguage\":\"de\",\"potentialAction\":[{\"@type\":\"ReadAction\",\"target\":[\"https:\\\/\\\/www.bachmann-museum.de\\\/?p=3905\"]}]},{\"@type\":\"ImageObject\",\"inLanguage\":\"de\",\"@id\":\"https:\\\/\\\/www.bachmann-museum.de\\\/?p=3905#primaryimage\",\"url\":\"https:\\\/\\\/i0.wp.com\\\/www.bachmann-museum.de\\\/wp-content\\\/uploads\\\/2023\\\/12\\\/Zweitauflage-Moor-.jpg?fit=2542%2C1665&ssl=1\",\"contentUrl\":\"https:\\\/\\\/i0.wp.com\\\/www.bachmann-museum.de\\\/wp-content\\\/uploads\\\/2023\\\/12\\\/Zweitauflage-Moor-.jpg?fit=2542%2C1665&ssl=1\",\"width\":2542,\"height\":1665},{\"@type\":\"BreadcrumbList\",\"@id\":\"https:\\\/\\\/www.bachmann-museum.de\\\/?p=3905#breadcrumb\",\"itemListElement\":[{\"@type\":\"ListItem\",\"position\":1,\"name\":\"Start\",\"item\":\"https:\\\/\\\/www.bachmann-museum.de\\\/\"},{\"@type\":\"ListItem\",\"position\":2,\"name\":\"Leben im Moor im 18. und 19. Jahrhundert\"}]},{\"@type\":\"WebSite\",\"@id\":\"https:\\\/\\\/www.bachmann-museum.de\\\/#website\",\"url\":\"https:\\\/\\\/www.bachmann-museum.de\\\/\",\"name\":\"Bachmann-Museum Bremerv\u00f6rde\",\"description\":\"\",\"potentialAction\":[{\"@type\":\"SearchAction\",\"target\":{\"@type\":\"EntryPoint\",\"urlTemplate\":\"https:\\\/\\\/www.bachmann-museum.de\\\/?s={search_term_string}\"},\"query-input\":{\"@type\":\"PropertyValueSpecification\",\"valueRequired\":true,\"valueName\":\"search_term_string\"}}],\"inLanguage\":\"de\"},{\"@type\":\"Person\",\"@id\":\"https:\\\/\\\/www.bachmann-museum.de\\\/#\\\/schema\\\/person\\\/4e0a96d1ed2480e1c23c3d5afb424bee\",\"name\":\"Bachmann-Admin_1\",\"image\":{\"@type\":\"ImageObject\",\"inLanguage\":\"de\",\"@id\":\"https:\\\/\\\/secure.gravatar.com\\\/avatar\\\/12b64d40c777adbd0761c887e33f30e0219d4565a9373e68911205fb911bd107?s=96&d=mm&r=g\",\"url\":\"https:\\\/\\\/secure.gravatar.com\\\/avatar\\\/12b64d40c777adbd0761c887e33f30e0219d4565a9373e68911205fb911bd107?s=96&d=mm&r=g\",\"contentUrl\":\"https:\\\/\\\/secure.gravatar.com\\\/avatar\\\/12b64d40c777adbd0761c887e33f30e0219d4565a9373e68911205fb911bd107?s=96&d=mm&r=g\",\"caption\":\"Bachmann-Admin_1\"},\"url\":\"https:\\\/\\\/www.bachmann-museum.de\\\/?author=1\"}]}<\/script>\n<!-- \/ Yoast SEO plugin. -->","yoast_head_json":{"title":"Leben im Moor im 18. und 19. Jahrhundert - Bachmann-Museum Bremerv\u00f6rde","robots":{"index":"index","follow":"follow","max-snippet":"max-snippet:-1","max-image-preview":"max-image-preview:large","max-video-preview":"max-video-preview:-1"},"canonical":"https:\/\/www.bachmann-museum.de\/?p=3905","og_locale":"de_DE","og_type":"article","og_title":"Leben im Moor im 18. und 19. Jahrhundert - Bachmann-Museum Bremerv\u00f6rde","og_description":"Band 2 der Schrift des Bachmann-Museums in zweiter Auflage erschienen Die Besiedlung der Moore ist f\u00fcr das Elbe-Weser-Dreieck von zentraler Bedeutung. Das Leben der ersten Siedler war hart, gleichwohl wurden im Zuge der Kolonisierung allein auf dem Gebiet der ehemaligen \u00c4mter Bremerv\u00f6rde, Ottersberg, Lilienthal und Osterholz \u00fcber 70 neue D\u00f6rfer gegr\u00fcndet. Die Stiftung Bachmann-Museum Bremerv\u00f6rde [&hellip;]","og_url":"https:\/\/www.bachmann-museum.de\/?p=3905","og_site_name":"Bachmann-Museum Bremerv\u00f6rde","article_published_time":"2023-12-08T10:48:37+00:00","article_modified_time":"2024-02-21T09:50:34+00:00","og_image":[{"width":2542,"height":1665,"url":"https:\/\/i0.wp.com\/www.bachmann-museum.de\/wp-content\/uploads\/2023\/12\/Zweitauflage-Moor-.jpg?fit=2542%2C1665&ssl=1","type":"image\/jpeg"}],"author":"Bachmann-Admin_1","twitter_card":"summary_large_image","twitter_misc":{"Verfasst von":"Bachmann-Admin_1","Gesch\u00e4tzte Lesezeit":"3\u00a0Minuten"},"schema":{"@context":"https:\/\/schema.org","@graph":[{"@type":"Article","@id":"https:\/\/www.bachmann-museum.de\/?p=3905#article","isPartOf":{"@id":"https:\/\/www.bachmann-museum.de\/?p=3905"},"author":{"name":"Bachmann-Admin_1","@id":"https:\/\/www.bachmann-museum.de\/#\/schema\/person\/4e0a96d1ed2480e1c23c3d5afb424bee"},"headline":"Leben im Moor im 18. und 19. Jahrhundert","datePublished":"2023-12-08T10:48:37+00:00","dateModified":"2024-02-21T09:50:34+00:00","mainEntityOfPage":{"@id":"https:\/\/www.bachmann-museum.de\/?p=3905"},"wordCount":509,"image":{"@id":"https:\/\/www.bachmann-museum.de\/?p=3905#primaryimage"},"thumbnailUrl":"https:\/\/i0.wp.com\/www.bachmann-museum.de\/wp-content\/uploads\/2023\/12\/Zweitauflage-Moor-.jpg?fit=2542%2C1665&ssl=1","inLanguage":"de"},{"@type":"WebPage","@id":"https:\/\/www.bachmann-museum.de\/?p=3905","url":"https:\/\/www.bachmann-museum.de\/?p=3905","name":"Leben im Moor im 18. und 19. Jahrhundert - Bachmann-Museum Bremerv\u00f6rde","isPartOf":{"@id":"https:\/\/www.bachmann-museum.de\/#website"},"primaryImageOfPage":{"@id":"https:\/\/www.bachmann-museum.de\/?p=3905#primaryimage"},"image":{"@id":"https:\/\/www.bachmann-museum.de\/?p=3905#primaryimage"},"thumbnailUrl":"https:\/\/i0.wp.com\/www.bachmann-museum.de\/wp-content\/uploads\/2023\/12\/Zweitauflage-Moor-.jpg?fit=2542%2C1665&ssl=1","datePublished":"2023-12-08T10:48:37+00:00","dateModified":"2024-02-21T09:50:34+00:00","author":{"@id":"https:\/\/www.bachmann-museum.de\/#\/schema\/person\/4e0a96d1ed2480e1c23c3d5afb424bee"},"breadcrumb":{"@id":"https:\/\/www.bachmann-museum.de\/?p=3905#breadcrumb"},"inLanguage":"de","potentialAction":[{"@type":"ReadAction","target":["https:\/\/www.bachmann-museum.de\/?p=3905"]}]},{"@type":"ImageObject","inLanguage":"de","@id":"https:\/\/www.bachmann-museum.de\/?p=3905#primaryimage","url":"https:\/\/i0.wp.com\/www.bachmann-museum.de\/wp-content\/uploads\/2023\/12\/Zweitauflage-Moor-.jpg?fit=2542%2C1665&ssl=1","contentUrl":"https:\/\/i0.wp.com\/www.bachmann-museum.de\/wp-content\/uploads\/2023\/12\/Zweitauflage-Moor-.jpg?fit=2542%2C1665&ssl=1","width":2542,"height":1665},{"@type":"BreadcrumbList","@id":"https:\/\/www.bachmann-museum.de\/?p=3905#breadcrumb","itemListElement":[{"@type":"ListItem","position":1,"name":"Start","item":"https:\/\/www.bachmann-museum.de\/"},{"@type":"ListItem","position":2,"name":"Leben im Moor im 18. und 19. Jahrhundert"}]},{"@type":"WebSite","@id":"https:\/\/www.bachmann-museum.de\/#website","url":"https:\/\/www.bachmann-museum.de\/","name":"Bachmann-Museum Bremerv\u00f6rde","description":"","potentialAction":[{"@type":"SearchAction","target":{"@type":"EntryPoint","urlTemplate":"https:\/\/www.bachmann-museum.de\/?s={search_term_string}"},"query-input":{"@type":"PropertyValueSpecification","valueRequired":true,"valueName":"search_term_string"}}],"inLanguage":"de"},{"@type":"Person","@id":"https:\/\/www.bachmann-museum.de\/#\/schema\/person\/4e0a96d1ed2480e1c23c3d5afb424bee","name":"Bachmann-Admin_1","image":{"@type":"ImageObject","inLanguage":"de","@id":"https:\/\/secure.gravatar.com\/avatar\/12b64d40c777adbd0761c887e33f30e0219d4565a9373e68911205fb911bd107?s=96&d=mm&r=g","url":"https:\/\/secure.gravatar.com\/avatar\/12b64d40c777adbd0761c887e33f30e0219d4565a9373e68911205fb911bd107?s=96&d=mm&r=g","contentUrl":"https:\/\/secure.gravatar.com\/avatar\/12b64d40c777adbd0761c887e33f30e0219d4565a9373e68911205fb911bd107?s=96&d=mm&r=g","caption":"Bachmann-Admin_1"},"url":"https:\/\/www.bachmann-museum.de\/?author=1"}]}},"jetpack_featured_media_url":"https:\/\/i0.wp.com\/www.bachmann-museum.de\/wp-content\/uploads\/2023\/12\/Zweitauflage-Moor-.jpg?fit=2542%2C1665&ssl=1","jetpack_sharing_enabled":true,"jetpack_shortlink":"https:\/\/wp.me\/p5DgYi-10Z","jetpack-related-posts":[],"_links":{"self":[{"href":"https:\/\/www.bachmann-museum.de\/index.php?rest_route=\/wp\/v2\/posts\/3905","targetHints":{"allow":["GET"]}}],"collection":[{"href":"https:\/\/www.bachmann-museum.de\/index.php?rest_route=\/wp\/v2\/posts"}],"about":[{"href":"https:\/\/www.bachmann-museum.de\/index.php?rest_route=\/wp\/v2\/types\/post"}],"author":[{"embeddable":true,"href":"https:\/\/www.bachmann-museum.de\/index.php?rest_route=\/wp\/v2\/users\/1"}],"replies":[{"embeddable":true,"href":"https:\/\/www.bachmann-museum.de\/index.php?rest_route=%2Fwp%2Fv2%2Fcomments&post=3905"}],"version-history":[{"count":3,"href":"https:\/\/www.bachmann-museum.de\/index.php?rest_route=\/wp\/v2\/posts\/3905\/revisions"}],"predecessor-version":[{"id":3965,"href":"https:\/\/www.bachmann-museum.de\/index.php?rest_route=\/wp\/v2\/posts\/3905\/revisions\/3965"}],"wp:featuredmedia":[{"embeddable":true,"href":"https:\/\/www.bachmann-museum.de\/index.php?rest_route=\/wp\/v2\/media\/3904"}],"wp:attachment":[{"href":"https:\/\/www.bachmann-museum.de\/index.php?rest_route=%2Fwp%2Fv2%2Fmedia&parent=3905"}],"wp:term":[{"taxonomy":"category","embeddable":true,"href":"https:\/\/www.bachmann-museum.de\/index.php?rest_route=%2Fwp%2Fv2%2Fcategories&post=3905"},{"taxonomy":"post_tag","embeddable":true,"href":"https:\/\/www.bachmann-museum.de\/index.php?rest_route=%2Fwp%2Fv2%2Ftags&post=3905"}],"curies":[{"name":"wp","href":"https:\/\/api.w.org\/{rel}","templated":true}]}}