{"id":3900,"date":"2023-12-08T12:35:13","date_gmt":"2023-12-08T10:35:13","guid":{"rendered":"https:\/\/www.bachmann-museum.de\/?p=3900"},"modified":"2023-12-20T14:48:22","modified_gmt":"2023-12-20T12:48:22","slug":"fundstuecke-vom-burgberg-gesucht","status":"publish","type":"post","link":"https:\/\/www.bachmann-museum.de\/?p=3900","title":{"rendered":"Fundst\u00fccke vom Burgberg gesucht"},"content":{"rendered":"<p><img data-recalc-dims=\"1\" loading=\"lazy\" decoding=\"async\" data-attachment-id=\"3911\" data-permalink=\"https:\/\/www.bachmann-museum.de\/?attachment_id=3911\" data-orig-file=\"https:\/\/i0.wp.com\/www.bachmann-museum.de\/wp-content\/uploads\/2023\/12\/Christian-Kammann-scaled.jpg?fit=1920%2C2560&amp;ssl=1\" data-orig-size=\"1920,2560\" data-comments-opened=\"0\" data-image-meta=\"{&quot;aperture&quot;:&quot;2.4&quot;,&quot;credit&quot;:&quot;&quot;,&quot;camera&quot;:&quot;iPad (8th generation)&quot;,&quot;caption&quot;:&quot;&quot;,&quot;created_timestamp&quot;:&quot;1691677770&quot;,&quot;copyright&quot;:&quot;&quot;,&quot;focal_length&quot;:&quot;3.3&quot;,&quot;iso&quot;:&quot;50&quot;,&quot;shutter_speed&quot;:&quot;0.02&quot;,&quot;title&quot;:&quot;&quot;,&quot;orientation&quot;:&quot;1&quot;}\" data-image-title=\"Christian Kammann\" data-image-description=\"\" data-image-caption=\"\" data-large-file=\"https:\/\/i0.wp.com\/www.bachmann-museum.de\/wp-content\/uploads\/2023\/12\/Christian-Kammann-scaled.jpg?fit=750%2C1000&amp;ssl=1\" class=\"size-medium wp-image-3911 alignright\" src=\"https:\/\/i0.wp.com\/www.bachmann-museum.de\/wp-content\/uploads\/2023\/12\/Christian-Kammann.jpg?resize=225%2C300&#038;ssl=1\" alt=\"\" width=\"225\" height=\"300\" srcset=\"https:\/\/i0.wp.com\/www.bachmann-museum.de\/wp-content\/uploads\/2023\/12\/Christian-Kammann-scaled.jpg?resize=225%2C300&amp;ssl=1 225w, https:\/\/i0.wp.com\/www.bachmann-museum.de\/wp-content\/uploads\/2023\/12\/Christian-Kammann-scaled.jpg?resize=768%2C1024&amp;ssl=1 768w, https:\/\/i0.wp.com\/www.bachmann-museum.de\/wp-content\/uploads\/2023\/12\/Christian-Kammann-scaled.jpg?resize=1152%2C1536&amp;ssl=1 1152w, https:\/\/i0.wp.com\/www.bachmann-museum.de\/wp-content\/uploads\/2023\/12\/Christian-Kammann-scaled.jpg?resize=1536%2C2048&amp;ssl=1 1536w, https:\/\/i0.wp.com\/www.bachmann-museum.de\/wp-content\/uploads\/2023\/12\/Christian-Kammann-scaled.jpg?w=1920&amp;ssl=1 1920w\" sizes=\"auto, (max-width: 225px) 100vw, 225px\" \/>Gute Nachricht aus der Amtsallee: Die Stiftung Bachmann-Museum Bremerv\u00f6rde l\u00e4sst die Geschichte des Bremerv\u00f6rder Schlosses erforschen.<br \/>\nKulturwissenschaftler Christian Kammann (Foto) hat viel zu tun, denn wo heute die Kreisverwaltung arbeitet, stand fr\u00fcher die Burg V\u00f6rde. Ihre Anf\u00e4nge reichen bis ins fr\u00fche 11. Jahrhundert zur\u00fcck. Seit dem fr\u00fchen 13. Jahrhundert war sie im Besitz der Bremer Erzbisch\u00f6fe und entwickelte sich bis ins 17. Jahrhundert zur gr\u00f6\u00dften befestigten Schlossanlage im ElbeWeser-Dreieck.<br \/>\nNach dem Drei\u00dfigj\u00e4hrigen Krieg (1618-1648) standen Bremerv\u00f6rde und das Schloss unter schwedischer Herrschaft. 1682 verf\u00fcgte die schwedische Regierung die Schleifung des Schlosses. Es wurde planm\u00e4\u00dfig abgetragen.<br \/>\nChristian Kammann ist der Erste \u00fcberhaupt, der die Bau- und Sozialgeschichte der Festung umfassend wissenschaftlich untersucht. Dazu ist er in deutschen, d\u00e4nischen und schwedischen Archiven und Bibliotheken unterwegs. Die fr\u00fche Neuzeit im Elbe-WeserDreieck ist sein Spezialgebiet. Auch mit den Funden, die Heimat- und Kulturpfleger August Bachmann unter anderem 1963\/64 rund um den Bau des Bremerv\u00f6rder Kreishauses zusammengetragen hat, befasst er sich. Das Forschungsprojekt der Stiftung BachmannMuseum wird dank einer gro\u00dfz\u00fcgigen Spende der Heinz-Wieker-Stiftung m\u00f6glich gemacht.<br \/>\nEtwa die H\u00e4lfte der Funde, die mit der Schlossgeschichte in Zusammenhang stehen und \u00fcber die das Bachmann-Museum verf\u00fcgt, hat Kammann schon gesichtet. Nun wenden sich der Kulturwissenschaftler und die Stiftung Bachmann-Museum an die \u00d6ffentlichkeit: Wer in j\u00fcngerer oder \u00e4lterer Vergangenheit wom\u00f6glich \u201eSchlossgeschichtliches\u201c gefunden und aufbewahrt hat oder sich an Besonderheiten rund um die gro\u00dfe Grube erinnert, die beim Bau des Kreishauses am Burgberg ausgehoben wurde, wird gebeten, sich mit dem Museum in Verbindung zu setzen.<br \/>\nGesucht wird nicht nach Gold, Edelsteinen oder Kronleuchtern, sondern es k\u00f6nnen ganz allt\u00e4gliche Dinge sein: Scherben von Ton- oder Glasgef\u00e4\u00dfen, Baumaterialien wie Fensterglas, Dachziegel, Backsteine, Dachziegel, Bodenfliesen, Sandstein oder Ofenkacheln. Auch Gegenst\u00e4nde aus Eisen wie N\u00e4gel, Gef\u00e4\u00dfe oder Gesch\u00fctzkugeln k\u00e4men in Frage, erl\u00e4utern Ellen Horstrup, Museumsleiterin und Gesch\u00e4ftsf\u00fchrerin der Stiftung Bachmann-Museum, und ihre Kollegin, Arch\u00e4ologin Meike Mittmann. Fundst\u00fccke aller Nutzungszeiten &#8211; vom Mittelalter bis in die Gegenwart &#8211; seien von Interesse.<br \/>\nDass es Funde vom Burgberg in privater Hand gibt, halten die beiden Museumsmitarbeiterinnen und Kammann f\u00fcr sehr wahrscheinlich. Beim Bau des neuen Kreisverwaltungssitzes zum Beispiel wurde viel Erde bewegt. Auch Kinder, Jugendliche oder Spazierg\u00e4nger k\u00f6nnten damals Objekte aufgelesen oder wichtige Beobachtungen gemacht haben. Vielleicht existieren auch Funde aus der Zeit vor 1963, als es noch keine tiefgegr\u00fcndete Bebauung am Burgberg gab, sondern lediglich Baracken, etwa f\u00fcr den Reichsarbeitsdienst. In den Weltkriegen fanden beim Aushub von Sch\u00fctzengr\u00e4ben Bodeneingriffe statt.<br \/>\nWer zum Projekt etwas beisteuern kann, wird gebeten, sich mit dem Museum in Verbindung zu setzen (Telefon 04761\/983 46 03, E-Mail: museum@lk-row.de). Die Finder bleiben Eigent\u00fcmer der Objekte, die untersucht werden. Relevante St\u00fccke werden dokumentiert und k\u00f6nnen bei der Erforschung der Bau- und Sozialgeschichte des Schlosses eine Hilfe sein.<\/p>\n","protected":false},"excerpt":{"rendered":"<p>Gute Nachricht aus der Amtsallee: Die Stiftung Bachmann-Museum Bremerv\u00f6rde l\u00e4sst die Geschichte des Bremerv\u00f6rder Schlosses erforschen. Kulturwissenschaftler Christian Kammann (Foto) hat viel zu tun, denn wo heute die Kreisverwaltung arbeitet, stand fr\u00fcher die Burg V\u00f6rde. Ihre Anf\u00e4nge reichen bis ins fr\u00fche 11. Jahrhundert zur\u00fcck. Seit dem fr\u00fchen 13. Jahrhundert war sie im Besitz der Bremer [&hellip;]<\/p>\n","protected":false},"author":1,"featured_media":3901,"comment_status":"closed","ping_status":"open","sticky":false,"template":"","format":"standard","meta":{"_jetpack_newsletter_access":"","_jetpack_dont_email_post_to_subs":false,"_jetpack_newsletter_tier_id":0,"_jetpack_memberships_contains_paywalled_content":false,"_jetpack_memberships_contains_paid_content":false,"footnotes":""},"categories":[23],"tags":[],"class_list":["post-3900","post","type-post","status-publish","format-standard","has-post-thumbnail","hentry","category-aktuelles"],"yoast_head":"<!-- This site is optimized with the Yoast SEO plugin v27.4 - https:\/\/yoast.com\/product\/yoast-seo-wordpress\/ -->\n<title>Fundst\u00fccke vom Burgberg gesucht - Bachmann-Museum Bremerv\u00f6rde<\/title>\n<meta name=\"robots\" content=\"index, follow, max-snippet:-1, max-image-preview:large, max-video-preview:-1\" \/>\n<link rel=\"canonical\" href=\"https:\/\/www.bachmann-museum.de\/?p=3900\" \/>\n<meta property=\"og:locale\" content=\"de_DE\" \/>\n<meta property=\"og:type\" content=\"article\" \/>\n<meta property=\"og:title\" content=\"Fundst\u00fccke vom Burgberg gesucht - Bachmann-Museum Bremerv\u00f6rde\" \/>\n<meta property=\"og:description\" content=\"Gute Nachricht aus der Amtsallee: Die Stiftung Bachmann-Museum Bremerv\u00f6rde l\u00e4sst die Geschichte des Bremerv\u00f6rder Schlosses erforschen. Kulturwissenschaftler Christian Kammann (Foto) hat viel zu tun, denn wo heute die Kreisverwaltung arbeitet, stand fr\u00fcher die Burg V\u00f6rde. Ihre Anf\u00e4nge reichen bis ins fr\u00fche 11. Jahrhundert zur\u00fcck. Seit dem fr\u00fchen 13. Jahrhundert war sie im Besitz der Bremer [&hellip;]\" \/>\n<meta property=\"og:url\" content=\"https:\/\/www.bachmann-museum.de\/?p=3900\" \/>\n<meta property=\"og:site_name\" content=\"Bachmann-Museum Bremerv\u00f6rde\" \/>\n<meta property=\"article:published_time\" content=\"2023-12-08T10:35:13+00:00\" \/>\n<meta property=\"article:modified_time\" content=\"2023-12-20T12:48:22+00:00\" \/>\n<meta property=\"og:image\" content=\"https:\/\/i0.wp.com\/www.bachmann-museum.de\/wp-content\/uploads\/2023\/12\/Kammann-quer-2.jpg?fit=2448%2C1990&ssl=1\" \/>\n\t<meta property=\"og:image:width\" content=\"2448\" \/>\n\t<meta property=\"og:image:height\" content=\"1990\" \/>\n\t<meta property=\"og:image:type\" content=\"image\/jpeg\" \/>\n<meta name=\"author\" content=\"Bachmann-Admin_1\" \/>\n<meta name=\"twitter:card\" content=\"summary_large_image\" \/>\n<meta name=\"twitter:label1\" content=\"Verfasst von\" \/>\n\t<meta name=\"twitter:data1\" content=\"Bachmann-Admin_1\" \/>\n\t<meta name=\"twitter:label2\" content=\"Gesch\u00e4tzte Lesezeit\" \/>\n\t<meta name=\"twitter:data2\" content=\"2\u00a0Minuten\" \/>\n<script type=\"application\/ld+json\" class=\"yoast-schema-graph\">{\"@context\":\"https:\\\/\\\/schema.org\",\"@graph\":[{\"@type\":\"Article\",\"@id\":\"https:\\\/\\\/www.bachmann-museum.de\\\/?p=3900#article\",\"isPartOf\":{\"@id\":\"https:\\\/\\\/www.bachmann-museum.de\\\/?p=3900\"},\"author\":{\"name\":\"Bachmann-Admin_1\",\"@id\":\"https:\\\/\\\/www.bachmann-museum.de\\\/#\\\/schema\\\/person\\\/4e0a96d1ed2480e1c23c3d5afb424bee\"},\"headline\":\"Fundst\u00fccke vom Burgberg gesucht\",\"datePublished\":\"2023-12-08T10:35:13+00:00\",\"dateModified\":\"2023-12-20T12:48:22+00:00\",\"mainEntityOfPage\":{\"@id\":\"https:\\\/\\\/www.bachmann-museum.de\\\/?p=3900\"},\"wordCount\":491,\"image\":{\"@id\":\"https:\\\/\\\/www.bachmann-museum.de\\\/?p=3900#primaryimage\"},\"thumbnailUrl\":\"https:\\\/\\\/i0.wp.com\\\/www.bachmann-museum.de\\\/wp-content\\\/uploads\\\/2023\\\/12\\\/Kammann-quer-2.jpg?fit=2448%2C1990&ssl=1\",\"articleSection\":[\"Aktuelles\"],\"inLanguage\":\"de\"},{\"@type\":\"WebPage\",\"@id\":\"https:\\\/\\\/www.bachmann-museum.de\\\/?p=3900\",\"url\":\"https:\\\/\\\/www.bachmann-museum.de\\\/?p=3900\",\"name\":\"Fundst\u00fccke vom Burgberg gesucht - Bachmann-Museum Bremerv\u00f6rde\",\"isPartOf\":{\"@id\":\"https:\\\/\\\/www.bachmann-museum.de\\\/#website\"},\"primaryImageOfPage\":{\"@id\":\"https:\\\/\\\/www.bachmann-museum.de\\\/?p=3900#primaryimage\"},\"image\":{\"@id\":\"https:\\\/\\\/www.bachmann-museum.de\\\/?p=3900#primaryimage\"},\"thumbnailUrl\":\"https:\\\/\\\/i0.wp.com\\\/www.bachmann-museum.de\\\/wp-content\\\/uploads\\\/2023\\\/12\\\/Kammann-quer-2.jpg?fit=2448%2C1990&ssl=1\",\"datePublished\":\"2023-12-08T10:35:13+00:00\",\"dateModified\":\"2023-12-20T12:48:22+00:00\",\"author\":{\"@id\":\"https:\\\/\\\/www.bachmann-museum.de\\\/#\\\/schema\\\/person\\\/4e0a96d1ed2480e1c23c3d5afb424bee\"},\"breadcrumb\":{\"@id\":\"https:\\\/\\\/www.bachmann-museum.de\\\/?p=3900#breadcrumb\"},\"inLanguage\":\"de\",\"potentialAction\":[{\"@type\":\"ReadAction\",\"target\":[\"https:\\\/\\\/www.bachmann-museum.de\\\/?p=3900\"]}]},{\"@type\":\"ImageObject\",\"inLanguage\":\"de\",\"@id\":\"https:\\\/\\\/www.bachmann-museum.de\\\/?p=3900#primaryimage\",\"url\":\"https:\\\/\\\/i0.wp.com\\\/www.bachmann-museum.de\\\/wp-content\\\/uploads\\\/2023\\\/12\\\/Kammann-quer-2.jpg?fit=2448%2C1990&ssl=1\",\"contentUrl\":\"https:\\\/\\\/i0.wp.com\\\/www.bachmann-museum.de\\\/wp-content\\\/uploads\\\/2023\\\/12\\\/Kammann-quer-2.jpg?fit=2448%2C1990&ssl=1\",\"width\":2448,\"height\":1990},{\"@type\":\"BreadcrumbList\",\"@id\":\"https:\\\/\\\/www.bachmann-museum.de\\\/?p=3900#breadcrumb\",\"itemListElement\":[{\"@type\":\"ListItem\",\"position\":1,\"name\":\"Start\",\"item\":\"https:\\\/\\\/www.bachmann-museum.de\\\/\"},{\"@type\":\"ListItem\",\"position\":2,\"name\":\"Fundst\u00fccke vom Burgberg gesucht\"}]},{\"@type\":\"WebSite\",\"@id\":\"https:\\\/\\\/www.bachmann-museum.de\\\/#website\",\"url\":\"https:\\\/\\\/www.bachmann-museum.de\\\/\",\"name\":\"Bachmann-Museum Bremerv\u00f6rde\",\"description\":\"\",\"potentialAction\":[{\"@type\":\"SearchAction\",\"target\":{\"@type\":\"EntryPoint\",\"urlTemplate\":\"https:\\\/\\\/www.bachmann-museum.de\\\/?s={search_term_string}\"},\"query-input\":{\"@type\":\"PropertyValueSpecification\",\"valueRequired\":true,\"valueName\":\"search_term_string\"}}],\"inLanguage\":\"de\"},{\"@type\":\"Person\",\"@id\":\"https:\\\/\\\/www.bachmann-museum.de\\\/#\\\/schema\\\/person\\\/4e0a96d1ed2480e1c23c3d5afb424bee\",\"name\":\"Bachmann-Admin_1\",\"image\":{\"@type\":\"ImageObject\",\"inLanguage\":\"de\",\"@id\":\"https:\\\/\\\/secure.gravatar.com\\\/avatar\\\/12b64d40c777adbd0761c887e33f30e0219d4565a9373e68911205fb911bd107?s=96&d=mm&r=g\",\"url\":\"https:\\\/\\\/secure.gravatar.com\\\/avatar\\\/12b64d40c777adbd0761c887e33f30e0219d4565a9373e68911205fb911bd107?s=96&d=mm&r=g\",\"contentUrl\":\"https:\\\/\\\/secure.gravatar.com\\\/avatar\\\/12b64d40c777adbd0761c887e33f30e0219d4565a9373e68911205fb911bd107?s=96&d=mm&r=g\",\"caption\":\"Bachmann-Admin_1\"},\"url\":\"https:\\\/\\\/www.bachmann-museum.de\\\/?author=1\"}]}<\/script>\n<!-- \/ Yoast SEO plugin. -->","yoast_head_json":{"title":"Fundst\u00fccke vom Burgberg gesucht - Bachmann-Museum Bremerv\u00f6rde","robots":{"index":"index","follow":"follow","max-snippet":"max-snippet:-1","max-image-preview":"max-image-preview:large","max-video-preview":"max-video-preview:-1"},"canonical":"https:\/\/www.bachmann-museum.de\/?p=3900","og_locale":"de_DE","og_type":"article","og_title":"Fundst\u00fccke vom Burgberg gesucht - Bachmann-Museum Bremerv\u00f6rde","og_description":"Gute Nachricht aus der Amtsallee: Die Stiftung Bachmann-Museum Bremerv\u00f6rde l\u00e4sst die Geschichte des Bremerv\u00f6rder Schlosses erforschen. Kulturwissenschaftler Christian Kammann (Foto) hat viel zu tun, denn wo heute die Kreisverwaltung arbeitet, stand fr\u00fcher die Burg V\u00f6rde. Ihre Anf\u00e4nge reichen bis ins fr\u00fche 11. Jahrhundert zur\u00fcck. Seit dem fr\u00fchen 13. Jahrhundert war sie im Besitz der Bremer [&hellip;]","og_url":"https:\/\/www.bachmann-museum.de\/?p=3900","og_site_name":"Bachmann-Museum Bremerv\u00f6rde","article_published_time":"2023-12-08T10:35:13+00:00","article_modified_time":"2023-12-20T12:48:22+00:00","og_image":[{"width":2448,"height":1990,"url":"https:\/\/i0.wp.com\/www.bachmann-museum.de\/wp-content\/uploads\/2023\/12\/Kammann-quer-2.jpg?fit=2448%2C1990&ssl=1","type":"image\/jpeg"}],"author":"Bachmann-Admin_1","twitter_card":"summary_large_image","twitter_misc":{"Verfasst von":"Bachmann-Admin_1","Gesch\u00e4tzte Lesezeit":"2\u00a0Minuten"},"schema":{"@context":"https:\/\/schema.org","@graph":[{"@type":"Article","@id":"https:\/\/www.bachmann-museum.de\/?p=3900#article","isPartOf":{"@id":"https:\/\/www.bachmann-museum.de\/?p=3900"},"author":{"name":"Bachmann-Admin_1","@id":"https:\/\/www.bachmann-museum.de\/#\/schema\/person\/4e0a96d1ed2480e1c23c3d5afb424bee"},"headline":"Fundst\u00fccke vom Burgberg gesucht","datePublished":"2023-12-08T10:35:13+00:00","dateModified":"2023-12-20T12:48:22+00:00","mainEntityOfPage":{"@id":"https:\/\/www.bachmann-museum.de\/?p=3900"},"wordCount":491,"image":{"@id":"https:\/\/www.bachmann-museum.de\/?p=3900#primaryimage"},"thumbnailUrl":"https:\/\/i0.wp.com\/www.bachmann-museum.de\/wp-content\/uploads\/2023\/12\/Kammann-quer-2.jpg?fit=2448%2C1990&ssl=1","articleSection":["Aktuelles"],"inLanguage":"de"},{"@type":"WebPage","@id":"https:\/\/www.bachmann-museum.de\/?p=3900","url":"https:\/\/www.bachmann-museum.de\/?p=3900","name":"Fundst\u00fccke vom Burgberg gesucht - Bachmann-Museum Bremerv\u00f6rde","isPartOf":{"@id":"https:\/\/www.bachmann-museum.de\/#website"},"primaryImageOfPage":{"@id":"https:\/\/www.bachmann-museum.de\/?p=3900#primaryimage"},"image":{"@id":"https:\/\/www.bachmann-museum.de\/?p=3900#primaryimage"},"thumbnailUrl":"https:\/\/i0.wp.com\/www.bachmann-museum.de\/wp-content\/uploads\/2023\/12\/Kammann-quer-2.jpg?fit=2448%2C1990&ssl=1","datePublished":"2023-12-08T10:35:13+00:00","dateModified":"2023-12-20T12:48:22+00:00","author":{"@id":"https:\/\/www.bachmann-museum.de\/#\/schema\/person\/4e0a96d1ed2480e1c23c3d5afb424bee"},"breadcrumb":{"@id":"https:\/\/www.bachmann-museum.de\/?p=3900#breadcrumb"},"inLanguage":"de","potentialAction":[{"@type":"ReadAction","target":["https:\/\/www.bachmann-museum.de\/?p=3900"]}]},{"@type":"ImageObject","inLanguage":"de","@id":"https:\/\/www.bachmann-museum.de\/?p=3900#primaryimage","url":"https:\/\/i0.wp.com\/www.bachmann-museum.de\/wp-content\/uploads\/2023\/12\/Kammann-quer-2.jpg?fit=2448%2C1990&ssl=1","contentUrl":"https:\/\/i0.wp.com\/www.bachmann-museum.de\/wp-content\/uploads\/2023\/12\/Kammann-quer-2.jpg?fit=2448%2C1990&ssl=1","width":2448,"height":1990},{"@type":"BreadcrumbList","@id":"https:\/\/www.bachmann-museum.de\/?p=3900#breadcrumb","itemListElement":[{"@type":"ListItem","position":1,"name":"Start","item":"https:\/\/www.bachmann-museum.de\/"},{"@type":"ListItem","position":2,"name":"Fundst\u00fccke vom Burgberg gesucht"}]},{"@type":"WebSite","@id":"https:\/\/www.bachmann-museum.de\/#website","url":"https:\/\/www.bachmann-museum.de\/","name":"Bachmann-Museum Bremerv\u00f6rde","description":"","potentialAction":[{"@type":"SearchAction","target":{"@type":"EntryPoint","urlTemplate":"https:\/\/www.bachmann-museum.de\/?s={search_term_string}"},"query-input":{"@type":"PropertyValueSpecification","valueRequired":true,"valueName":"search_term_string"}}],"inLanguage":"de"},{"@type":"Person","@id":"https:\/\/www.bachmann-museum.de\/#\/schema\/person\/4e0a96d1ed2480e1c23c3d5afb424bee","name":"Bachmann-Admin_1","image":{"@type":"ImageObject","inLanguage":"de","@id":"https:\/\/secure.gravatar.com\/avatar\/12b64d40c777adbd0761c887e33f30e0219d4565a9373e68911205fb911bd107?s=96&d=mm&r=g","url":"https:\/\/secure.gravatar.com\/avatar\/12b64d40c777adbd0761c887e33f30e0219d4565a9373e68911205fb911bd107?s=96&d=mm&r=g","contentUrl":"https:\/\/secure.gravatar.com\/avatar\/12b64d40c777adbd0761c887e33f30e0219d4565a9373e68911205fb911bd107?s=96&d=mm&r=g","caption":"Bachmann-Admin_1"},"url":"https:\/\/www.bachmann-museum.de\/?author=1"}]}},"jetpack_featured_media_url":"https:\/\/i0.wp.com\/www.bachmann-museum.de\/wp-content\/uploads\/2023\/12\/Kammann-quer-2.jpg?fit=2448%2C1990&ssl=1","jetpack_sharing_enabled":true,"jetpack_shortlink":"https:\/\/wp.me\/p5DgYi-10U","jetpack-related-posts":[],"_links":{"self":[{"href":"https:\/\/www.bachmann-museum.de\/index.php?rest_route=\/wp\/v2\/posts\/3900","targetHints":{"allow":["GET"]}}],"collection":[{"href":"https:\/\/www.bachmann-museum.de\/index.php?rest_route=\/wp\/v2\/posts"}],"about":[{"href":"https:\/\/www.bachmann-museum.de\/index.php?rest_route=\/wp\/v2\/types\/post"}],"author":[{"embeddable":true,"href":"https:\/\/www.bachmann-museum.de\/index.php?rest_route=\/wp\/v2\/users\/1"}],"replies":[{"embeddable":true,"href":"https:\/\/www.bachmann-museum.de\/index.php?rest_route=%2Fwp%2Fv2%2Fcomments&post=3900"}],"version-history":[{"count":3,"href":"https:\/\/www.bachmann-museum.de\/index.php?rest_route=\/wp\/v2\/posts\/3900\/revisions"}],"predecessor-version":[{"id":3924,"href":"https:\/\/www.bachmann-museum.de\/index.php?rest_route=\/wp\/v2\/posts\/3900\/revisions\/3924"}],"wp:featuredmedia":[{"embeddable":true,"href":"https:\/\/www.bachmann-museum.de\/index.php?rest_route=\/wp\/v2\/media\/3901"}],"wp:attachment":[{"href":"https:\/\/www.bachmann-museum.de\/index.php?rest_route=%2Fwp%2Fv2%2Fmedia&parent=3900"}],"wp:term":[{"taxonomy":"category","embeddable":true,"href":"https:\/\/www.bachmann-museum.de\/index.php?rest_route=%2Fwp%2Fv2%2Fcategories&post=3900"},{"taxonomy":"post_tag","embeddable":true,"href":"https:\/\/www.bachmann-museum.de\/index.php?rest_route=%2Fwp%2Fv2%2Ftags&post=3900"}],"curies":[{"name":"wp","href":"https:\/\/api.w.org\/{rel}","templated":true}]}}