{"id":3759,"date":"2023-08-29T09:03:58","date_gmt":"2023-08-29T07:03:58","guid":{"rendered":"https:\/\/www.bachmann-museum.de\/?p=3759"},"modified":"2023-08-29T09:34:28","modified_gmt":"2023-08-29T07:34:28","slug":"steinzeitlager","status":"publish","type":"post","link":"https:\/\/www.bachmann-museum.de\/?p=3759","title":{"rendered":"Reise in die Steinzeit"},"content":{"rendered":"<p><strong>Am Sonntag, den 03. September,\u00a0 ab 14:00 Uhr l\u00e4dt das Bachmann-Museum zu einem Familiennachmittag in das Steinzeitlager am Auesee ein. <\/strong><strong>Zusammen mit den gro\u00dfen und kleinen Besuchern gestaltet Museumsmitarbeiter Lothar Safier<\/strong><strong> am Lagerfeuer einen spannenden Nachmittag rund um das Leben in der Mittelsteinzeit.<\/strong><\/p>\n<p>Schon vor vielen tausend Jahren haben Menschen im Elbe-Weser-Dreieck ihre Spuren hinterlassen. Besonders interessant sind ihre Werkzeuge aus Stein, denn Forscher k\u00f6nnen daraus erkennen, wie diese Menschen damals gelebt haben. Diese Ergebnisse bilden die Grundlage f\u00fcr das Steinzeitlager des Bachmann-Museums. Ganz in der N\u00e4he des Museumsgeb\u00e4udes liegt das Areal des Steinzeitlagers am Auesee. Am Sonntag, den 3. September, wird auf dieser idyllischen Lichtung zum letzten Mal in diesem Jahr die Steinzeit wieder lebendig.<\/p>\n<p>Museumsmitarbeiter Lothar Safier verr\u00e4t: \u201eDie Menschen sind vor 8000 Jahren als Nomaden von Ort zu Ort gewandert. An einem solchen Platz h\u00e4tten sie sehr gerne ihr Lager aufgeschlagen. Genau das machen wir an diesem Nachmittag. Wir nehmen unsere detailgetreuen Nachbildungen von Werkzeugen aus der Steinzeit mit an den See und werden sie am Lagerfeuer zusammen ausprobieren.\u201c<\/p>\n<p>An diesem Familiennachmittag geht es ganz besonders um das Thema Feuer. Warum war es f\u00fcr die Menschen der Steinzeit so wichtig und wie konnten sie es ohne Feuerzeug oder Streichh\u00f6lzer entz\u00fcnden? Sobald das Lagerfeuer brennt, k\u00f6nnen die Teilnehmer ihren eigenen Schmuck aus Naturmaterialien herstellen.<\/p>\n<p><strong>Treffpunkt ist um 14:00 Uhr am Museumseingang (Amtsallee 8, 27432 Bremerv\u00f6rde). Kinder kommen bitte in Begleitung von mindestens einem Erwachsenen. Bei starkem Regen f\u00e4llt die Veranstaltung aus. Die Teilnehmerzahl ist begrenzt, daher empfehlen wir eine Anmeldung unter der Telefonnummer 04761-983 4603. Eintritt: Erwachsene 5,00 \u20ac, Kinder 3,00 \u20ac, Familienkarte 10,00 \u20ac.<br \/>\n<\/strong><\/p>\n<p>&nbsp;<\/p>\n<p><strong><img data-recalc-dims=\"1\" loading=\"lazy\" decoding=\"async\" data-attachment-id=\"3716\" data-permalink=\"https:\/\/www.bachmann-museum.de\/?attachment_id=3716\" data-orig-file=\"https:\/\/i0.wp.com\/www.bachmann-museum.de\/wp-content\/uploads\/2023\/05\/PM_Steinzeitlager-scaled.jpg?fit=2560%2C1707&amp;ssl=1\" data-orig-size=\"2560,1707\" data-comments-opened=\"0\" data-image-meta=\"{&quot;aperture&quot;:&quot;8&quot;,&quot;credit&quot;:&quot;&quot;,&quot;camera&quot;:&quot;Canon EOS 1000D&quot;,&quot;caption&quot;:&quot;&quot;,&quot;created_timestamp&quot;:&quot;1470743313&quot;,&quot;copyright&quot;:&quot;&quot;,&quot;focal_length&quot;:&quot;39&quot;,&quot;iso&quot;:&quot;400&quot;,&quot;shutter_speed&quot;:&quot;0.01&quot;,&quot;title&quot;:&quot;&quot;,&quot;orientation&quot;:&quot;1&quot;}\" data-image-title=\"PM_Steinzeitlager\" data-image-description=\"\" data-image-caption=\"\" data-large-file=\"https:\/\/i0.wp.com\/www.bachmann-museum.de\/wp-content\/uploads\/2023\/05\/PM_Steinzeitlager-scaled.jpg?fit=750%2C500&amp;ssl=1\" class=\"alignnone size-medium wp-image-3716\" src=\"https:\/\/i0.wp.com\/www.bachmann-museum.de\/wp-content\/uploads\/2023\/05\/PM_Steinzeitlager.jpg?resize=300%2C200&#038;ssl=1\" alt=\"\" width=\"300\" height=\"200\" srcset=\"https:\/\/i0.wp.com\/www.bachmann-museum.de\/wp-content\/uploads\/2023\/05\/PM_Steinzeitlager-scaled.jpg?resize=300%2C200&amp;ssl=1 300w, https:\/\/i0.wp.com\/www.bachmann-museum.de\/wp-content\/uploads\/2023\/05\/PM_Steinzeitlager-scaled.jpg?resize=1024%2C683&amp;ssl=1 1024w, https:\/\/i0.wp.com\/www.bachmann-museum.de\/wp-content\/uploads\/2023\/05\/PM_Steinzeitlager-scaled.jpg?resize=768%2C512&amp;ssl=1 768w, https:\/\/i0.wp.com\/www.bachmann-museum.de\/wp-content\/uploads\/2023\/05\/PM_Steinzeitlager-scaled.jpg?resize=1536%2C1024&amp;ssl=1 1536w, https:\/\/i0.wp.com\/www.bachmann-museum.de\/wp-content\/uploads\/2023\/05\/PM_Steinzeitlager-scaled.jpg?resize=2048%2C1365&amp;ssl=1 2048w, https:\/\/i0.wp.com\/www.bachmann-museum.de\/wp-content\/uploads\/2023\/05\/PM_Steinzeitlager-scaled.jpg?w=2250&amp;ssl=1 2250w\" sizes=\"auto, (max-width: 300px) 100vw, 300px\" \/><\/strong><\/p>\n<p>Museumsmitarbeiter Lothar Safier im Steinzeitlager<\/p>\n<p><img data-recalc-dims=\"1\" loading=\"lazy\" decoding=\"async\" data-attachment-id=\"976\" data-permalink=\"https:\/\/www.bachmann-museum.de\/?attachment_id=976\" data-orig-file=\"https:\/\/i0.wp.com\/www.bachmann-museum.de\/wp-content\/uploads\/2015\/10\/IMG_0250.jpg?fit=3142%2C2231&amp;ssl=1\" data-orig-size=\"3142,2231\" data-comments-opened=\"0\" data-image-meta=\"{&quot;aperture&quot;:&quot;3.5&quot;,&quot;credit&quot;:&quot;&quot;,&quot;camera&quot;:&quot;Canon EOS 1000D&quot;,&quot;caption&quot;:&quot;&quot;,&quot;created_timestamp&quot;:&quot;1447854305&quot;,&quot;copyright&quot;:&quot;&quot;,&quot;focal_length&quot;:&quot;21&quot;,&quot;iso&quot;:&quot;200&quot;,&quot;shutter_speed&quot;:&quot;0.033333333333333&quot;,&quot;title&quot;:&quot;&quot;,&quot;orientation&quot;:&quot;1&quot;}\" data-image-title=\"IMG_0250\" data-image-description=\"\" data-image-caption=\"\" data-large-file=\"https:\/\/i0.wp.com\/www.bachmann-museum.de\/wp-content\/uploads\/2015\/10\/IMG_0250.jpg?fit=750%2C532&amp;ssl=1\" class=\"alignnone size-medium wp-image-976\" src=\"https:\/\/i0.wp.com\/www.bachmann-museum.de\/wp-content\/uploads\/2015\/10\/IMG_0250.jpg?resize=300%2C213&#038;ssl=1\" alt=\"\" width=\"300\" height=\"213\" srcset=\"https:\/\/i0.wp.com\/www.bachmann-museum.de\/wp-content\/uploads\/2015\/10\/IMG_0250.jpg?resize=300%2C213&amp;ssl=1 300w, https:\/\/i0.wp.com\/www.bachmann-museum.de\/wp-content\/uploads\/2015\/10\/IMG_0250.jpg?resize=1024%2C727&amp;ssl=1 1024w, https:\/\/i0.wp.com\/www.bachmann-museum.de\/wp-content\/uploads\/2015\/10\/IMG_0250.jpg?w=1500&amp;ssl=1 1500w, https:\/\/i0.wp.com\/www.bachmann-museum.de\/wp-content\/uploads\/2015\/10\/IMG_0250.jpg?w=2250&amp;ssl=1 2250w\" sizes=\"auto, (max-width: 300px) 100vw, 300px\" \/><\/p>\n<p>Originalgetreue Nachbildungen von Werkzeugen aus der Steinzeit<\/p>\n<p>&nbsp;<\/p>\n<p>&nbsp;<\/p>\n<p>&nbsp;<\/p>\n<p>\u00a9 Bachmann-Museum Bremerv\u00f6rde<\/p>\n","protected":false},"excerpt":{"rendered":"<p>Am Sonntag, den 03. September,\u00a0 ab 14:00 Uhr l\u00e4dt das Bachmann-Museum zu einem Familiennachmittag in das Steinzeitlager am Auesee ein. Zusammen mit den gro\u00dfen und kleinen Besuchern gestaltet Museumsmitarbeiter Lothar Safier am Lagerfeuer einen spannenden Nachmittag rund um das Leben in der Mittelsteinzeit. Schon vor vielen tausend Jahren haben Menschen im Elbe-Weser-Dreieck ihre Spuren hinterlassen. [&hellip;]<\/p>\n","protected":false},"author":1,"featured_media":3716,"comment_status":"closed","ping_status":"open","sticky":false,"template":"","format":"standard","meta":{"_jetpack_newsletter_access":"","_jetpack_dont_email_post_to_subs":false,"_jetpack_newsletter_tier_id":0,"_jetpack_memberships_contains_paywalled_content":false,"_jetpack_memberships_contains_paid_content":false,"footnotes":""},"categories":[1],"tags":[],"class_list":["post-3759","post","type-post","status-publish","format-standard","has-post-thumbnail","hentry","category-allgemein"],"yoast_head":"<!-- This site is optimized with the Yoast SEO plugin v27.4 - https:\/\/yoast.com\/product\/yoast-seo-wordpress\/ -->\n<title>Reise in die Steinzeit - Bachmann-Museum Bremerv\u00f6rde<\/title>\n<meta name=\"robots\" content=\"index, follow, max-snippet:-1, max-image-preview:large, max-video-preview:-1\" \/>\n<link rel=\"canonical\" href=\"https:\/\/www.bachmann-museum.de\/?p=3759\" \/>\n<meta property=\"og:locale\" content=\"de_DE\" \/>\n<meta property=\"og:type\" content=\"article\" \/>\n<meta property=\"og:title\" content=\"Reise in die Steinzeit - Bachmann-Museum Bremerv\u00f6rde\" \/>\n<meta property=\"og:description\" content=\"Am Sonntag, den 03. September,\u00a0 ab 14:00 Uhr l\u00e4dt das Bachmann-Museum zu einem Familiennachmittag in das Steinzeitlager am Auesee ein. Zusammen mit den gro\u00dfen und kleinen Besuchern gestaltet Museumsmitarbeiter Lothar Safier am Lagerfeuer einen spannenden Nachmittag rund um das Leben in der Mittelsteinzeit. Schon vor vielen tausend Jahren haben Menschen im Elbe-Weser-Dreieck ihre Spuren hinterlassen. [&hellip;]\" \/>\n<meta property=\"og:url\" content=\"https:\/\/www.bachmann-museum.de\/?p=3759\" \/>\n<meta property=\"og:site_name\" content=\"Bachmann-Museum Bremerv\u00f6rde\" \/>\n<meta property=\"article:published_time\" content=\"2023-08-29T07:03:58+00:00\" \/>\n<meta property=\"article:modified_time\" content=\"2023-08-29T07:34:28+00:00\" \/>\n<meta property=\"og:image\" content=\"https:\/\/i0.wp.com\/www.bachmann-museum.de\/wp-content\/uploads\/2023\/05\/PM_Steinzeitlager-scaled.jpg?fit=2560%2C1707&ssl=1\" \/>\n\t<meta property=\"og:image:width\" content=\"2560\" \/>\n\t<meta property=\"og:image:height\" content=\"1707\" \/>\n\t<meta property=\"og:image:type\" content=\"image\/jpeg\" \/>\n<meta name=\"author\" content=\"Bachmann-Admin_1\" \/>\n<meta name=\"twitter:card\" content=\"summary_large_image\" \/>\n<meta name=\"twitter:label1\" content=\"Verfasst von\" \/>\n\t<meta name=\"twitter:data1\" content=\"Bachmann-Admin_1\" \/>\n\t<meta name=\"twitter:label2\" content=\"Gesch\u00e4tzte Lesezeit\" \/>\n\t<meta name=\"twitter:data2\" content=\"1\u00a0Minute\" \/>\n<script type=\"application\/ld+json\" class=\"yoast-schema-graph\">{\"@context\":\"https:\\\/\\\/schema.org\",\"@graph\":[{\"@type\":\"Article\",\"@id\":\"https:\\\/\\\/www.bachmann-museum.de\\\/?p=3759#article\",\"isPartOf\":{\"@id\":\"https:\\\/\\\/www.bachmann-museum.de\\\/?p=3759\"},\"author\":{\"name\":\"Bachmann-Admin_1\",\"@id\":\"https:\\\/\\\/www.bachmann-museum.de\\\/#\\\/schema\\\/person\\\/4e0a96d1ed2480e1c23c3d5afb424bee\"},\"headline\":\"Reise in die Steinzeit\",\"datePublished\":\"2023-08-29T07:03:58+00:00\",\"dateModified\":\"2023-08-29T07:34:28+00:00\",\"mainEntityOfPage\":{\"@id\":\"https:\\\/\\\/www.bachmann-museum.de\\\/?p=3759\"},\"wordCount\":290,\"image\":{\"@id\":\"https:\\\/\\\/www.bachmann-museum.de\\\/?p=3759#primaryimage\"},\"thumbnailUrl\":\"https:\\\/\\\/i0.wp.com\\\/www.bachmann-museum.de\\\/wp-content\\\/uploads\\\/2023\\\/05\\\/PM_Steinzeitlager-scaled.jpg?fit=2560%2C1707&ssl=1\",\"inLanguage\":\"de\"},{\"@type\":\"WebPage\",\"@id\":\"https:\\\/\\\/www.bachmann-museum.de\\\/?p=3759\",\"url\":\"https:\\\/\\\/www.bachmann-museum.de\\\/?p=3759\",\"name\":\"Reise in die Steinzeit - Bachmann-Museum Bremerv\u00f6rde\",\"isPartOf\":{\"@id\":\"https:\\\/\\\/www.bachmann-museum.de\\\/#website\"},\"primaryImageOfPage\":{\"@id\":\"https:\\\/\\\/www.bachmann-museum.de\\\/?p=3759#primaryimage\"},\"image\":{\"@id\":\"https:\\\/\\\/www.bachmann-museum.de\\\/?p=3759#primaryimage\"},\"thumbnailUrl\":\"https:\\\/\\\/i0.wp.com\\\/www.bachmann-museum.de\\\/wp-content\\\/uploads\\\/2023\\\/05\\\/PM_Steinzeitlager-scaled.jpg?fit=2560%2C1707&ssl=1\",\"datePublished\":\"2023-08-29T07:03:58+00:00\",\"dateModified\":\"2023-08-29T07:34:28+00:00\",\"author\":{\"@id\":\"https:\\\/\\\/www.bachmann-museum.de\\\/#\\\/schema\\\/person\\\/4e0a96d1ed2480e1c23c3d5afb424bee\"},\"breadcrumb\":{\"@id\":\"https:\\\/\\\/www.bachmann-museum.de\\\/?p=3759#breadcrumb\"},\"inLanguage\":\"de\",\"potentialAction\":[{\"@type\":\"ReadAction\",\"target\":[\"https:\\\/\\\/www.bachmann-museum.de\\\/?p=3759\"]}]},{\"@type\":\"ImageObject\",\"inLanguage\":\"de\",\"@id\":\"https:\\\/\\\/www.bachmann-museum.de\\\/?p=3759#primaryimage\",\"url\":\"https:\\\/\\\/i0.wp.com\\\/www.bachmann-museum.de\\\/wp-content\\\/uploads\\\/2023\\\/05\\\/PM_Steinzeitlager-scaled.jpg?fit=2560%2C1707&ssl=1\",\"contentUrl\":\"https:\\\/\\\/i0.wp.com\\\/www.bachmann-museum.de\\\/wp-content\\\/uploads\\\/2023\\\/05\\\/PM_Steinzeitlager-scaled.jpg?fit=2560%2C1707&ssl=1\",\"width\":2560,\"height\":1707},{\"@type\":\"BreadcrumbList\",\"@id\":\"https:\\\/\\\/www.bachmann-museum.de\\\/?p=3759#breadcrumb\",\"itemListElement\":[{\"@type\":\"ListItem\",\"position\":1,\"name\":\"Start\",\"item\":\"https:\\\/\\\/www.bachmann-museum.de\\\/\"},{\"@type\":\"ListItem\",\"position\":2,\"name\":\"Reise in die Steinzeit\"}]},{\"@type\":\"WebSite\",\"@id\":\"https:\\\/\\\/www.bachmann-museum.de\\\/#website\",\"url\":\"https:\\\/\\\/www.bachmann-museum.de\\\/\",\"name\":\"Bachmann-Museum Bremerv\u00f6rde\",\"description\":\"\",\"potentialAction\":[{\"@type\":\"SearchAction\",\"target\":{\"@type\":\"EntryPoint\",\"urlTemplate\":\"https:\\\/\\\/www.bachmann-museum.de\\\/?s={search_term_string}\"},\"query-input\":{\"@type\":\"PropertyValueSpecification\",\"valueRequired\":true,\"valueName\":\"search_term_string\"}}],\"inLanguage\":\"de\"},{\"@type\":\"Person\",\"@id\":\"https:\\\/\\\/www.bachmann-museum.de\\\/#\\\/schema\\\/person\\\/4e0a96d1ed2480e1c23c3d5afb424bee\",\"name\":\"Bachmann-Admin_1\",\"image\":{\"@type\":\"ImageObject\",\"inLanguage\":\"de\",\"@id\":\"https:\\\/\\\/secure.gravatar.com\\\/avatar\\\/12b64d40c777adbd0761c887e33f30e0219d4565a9373e68911205fb911bd107?s=96&d=mm&r=g\",\"url\":\"https:\\\/\\\/secure.gravatar.com\\\/avatar\\\/12b64d40c777adbd0761c887e33f30e0219d4565a9373e68911205fb911bd107?s=96&d=mm&r=g\",\"contentUrl\":\"https:\\\/\\\/secure.gravatar.com\\\/avatar\\\/12b64d40c777adbd0761c887e33f30e0219d4565a9373e68911205fb911bd107?s=96&d=mm&r=g\",\"caption\":\"Bachmann-Admin_1\"},\"url\":\"https:\\\/\\\/www.bachmann-museum.de\\\/?author=1\"}]}<\/script>\n<!-- \/ Yoast SEO plugin. -->","yoast_head_json":{"title":"Reise in die Steinzeit - Bachmann-Museum Bremerv\u00f6rde","robots":{"index":"index","follow":"follow","max-snippet":"max-snippet:-1","max-image-preview":"max-image-preview:large","max-video-preview":"max-video-preview:-1"},"canonical":"https:\/\/www.bachmann-museum.de\/?p=3759","og_locale":"de_DE","og_type":"article","og_title":"Reise in die Steinzeit - Bachmann-Museum Bremerv\u00f6rde","og_description":"Am Sonntag, den 03. September,\u00a0 ab 14:00 Uhr l\u00e4dt das Bachmann-Museum zu einem Familiennachmittag in das Steinzeitlager am Auesee ein. Zusammen mit den gro\u00dfen und kleinen Besuchern gestaltet Museumsmitarbeiter Lothar Safier am Lagerfeuer einen spannenden Nachmittag rund um das Leben in der Mittelsteinzeit. Schon vor vielen tausend Jahren haben Menschen im Elbe-Weser-Dreieck ihre Spuren hinterlassen. [&hellip;]","og_url":"https:\/\/www.bachmann-museum.de\/?p=3759","og_site_name":"Bachmann-Museum Bremerv\u00f6rde","article_published_time":"2023-08-29T07:03:58+00:00","article_modified_time":"2023-08-29T07:34:28+00:00","og_image":[{"width":2560,"height":1707,"url":"https:\/\/i0.wp.com\/www.bachmann-museum.de\/wp-content\/uploads\/2023\/05\/PM_Steinzeitlager-scaled.jpg?fit=2560%2C1707&ssl=1","type":"image\/jpeg"}],"author":"Bachmann-Admin_1","twitter_card":"summary_large_image","twitter_misc":{"Verfasst von":"Bachmann-Admin_1","Gesch\u00e4tzte Lesezeit":"1\u00a0Minute"},"schema":{"@context":"https:\/\/schema.org","@graph":[{"@type":"Article","@id":"https:\/\/www.bachmann-museum.de\/?p=3759#article","isPartOf":{"@id":"https:\/\/www.bachmann-museum.de\/?p=3759"},"author":{"name":"Bachmann-Admin_1","@id":"https:\/\/www.bachmann-museum.de\/#\/schema\/person\/4e0a96d1ed2480e1c23c3d5afb424bee"},"headline":"Reise in die Steinzeit","datePublished":"2023-08-29T07:03:58+00:00","dateModified":"2023-08-29T07:34:28+00:00","mainEntityOfPage":{"@id":"https:\/\/www.bachmann-museum.de\/?p=3759"},"wordCount":290,"image":{"@id":"https:\/\/www.bachmann-museum.de\/?p=3759#primaryimage"},"thumbnailUrl":"https:\/\/i0.wp.com\/www.bachmann-museum.de\/wp-content\/uploads\/2023\/05\/PM_Steinzeitlager-scaled.jpg?fit=2560%2C1707&ssl=1","inLanguage":"de"},{"@type":"WebPage","@id":"https:\/\/www.bachmann-museum.de\/?p=3759","url":"https:\/\/www.bachmann-museum.de\/?p=3759","name":"Reise in die Steinzeit - Bachmann-Museum Bremerv\u00f6rde","isPartOf":{"@id":"https:\/\/www.bachmann-museum.de\/#website"},"primaryImageOfPage":{"@id":"https:\/\/www.bachmann-museum.de\/?p=3759#primaryimage"},"image":{"@id":"https:\/\/www.bachmann-museum.de\/?p=3759#primaryimage"},"thumbnailUrl":"https:\/\/i0.wp.com\/www.bachmann-museum.de\/wp-content\/uploads\/2023\/05\/PM_Steinzeitlager-scaled.jpg?fit=2560%2C1707&ssl=1","datePublished":"2023-08-29T07:03:58+00:00","dateModified":"2023-08-29T07:34:28+00:00","author":{"@id":"https:\/\/www.bachmann-museum.de\/#\/schema\/person\/4e0a96d1ed2480e1c23c3d5afb424bee"},"breadcrumb":{"@id":"https:\/\/www.bachmann-museum.de\/?p=3759#breadcrumb"},"inLanguage":"de","potentialAction":[{"@type":"ReadAction","target":["https:\/\/www.bachmann-museum.de\/?p=3759"]}]},{"@type":"ImageObject","inLanguage":"de","@id":"https:\/\/www.bachmann-museum.de\/?p=3759#primaryimage","url":"https:\/\/i0.wp.com\/www.bachmann-museum.de\/wp-content\/uploads\/2023\/05\/PM_Steinzeitlager-scaled.jpg?fit=2560%2C1707&ssl=1","contentUrl":"https:\/\/i0.wp.com\/www.bachmann-museum.de\/wp-content\/uploads\/2023\/05\/PM_Steinzeitlager-scaled.jpg?fit=2560%2C1707&ssl=1","width":2560,"height":1707},{"@type":"BreadcrumbList","@id":"https:\/\/www.bachmann-museum.de\/?p=3759#breadcrumb","itemListElement":[{"@type":"ListItem","position":1,"name":"Start","item":"https:\/\/www.bachmann-museum.de\/"},{"@type":"ListItem","position":2,"name":"Reise in die Steinzeit"}]},{"@type":"WebSite","@id":"https:\/\/www.bachmann-museum.de\/#website","url":"https:\/\/www.bachmann-museum.de\/","name":"Bachmann-Museum Bremerv\u00f6rde","description":"","potentialAction":[{"@type":"SearchAction","target":{"@type":"EntryPoint","urlTemplate":"https:\/\/www.bachmann-museum.de\/?s={search_term_string}"},"query-input":{"@type":"PropertyValueSpecification","valueRequired":true,"valueName":"search_term_string"}}],"inLanguage":"de"},{"@type":"Person","@id":"https:\/\/www.bachmann-museum.de\/#\/schema\/person\/4e0a96d1ed2480e1c23c3d5afb424bee","name":"Bachmann-Admin_1","image":{"@type":"ImageObject","inLanguage":"de","@id":"https:\/\/secure.gravatar.com\/avatar\/12b64d40c777adbd0761c887e33f30e0219d4565a9373e68911205fb911bd107?s=96&d=mm&r=g","url":"https:\/\/secure.gravatar.com\/avatar\/12b64d40c777adbd0761c887e33f30e0219d4565a9373e68911205fb911bd107?s=96&d=mm&r=g","contentUrl":"https:\/\/secure.gravatar.com\/avatar\/12b64d40c777adbd0761c887e33f30e0219d4565a9373e68911205fb911bd107?s=96&d=mm&r=g","caption":"Bachmann-Admin_1"},"url":"https:\/\/www.bachmann-museum.de\/?author=1"}]}},"jetpack_featured_media_url":"https:\/\/i0.wp.com\/www.bachmann-museum.de\/wp-content\/uploads\/2023\/05\/PM_Steinzeitlager-scaled.jpg?fit=2560%2C1707&ssl=1","jetpack_sharing_enabled":true,"jetpack_shortlink":"https:\/\/wp.me\/p5DgYi-YD","jetpack-related-posts":[],"_links":{"self":[{"href":"https:\/\/www.bachmann-museum.de\/index.php?rest_route=\/wp\/v2\/posts\/3759","targetHints":{"allow":["GET"]}}],"collection":[{"href":"https:\/\/www.bachmann-museum.de\/index.php?rest_route=\/wp\/v2\/posts"}],"about":[{"href":"https:\/\/www.bachmann-museum.de\/index.php?rest_route=\/wp\/v2\/types\/post"}],"author":[{"embeddable":true,"href":"https:\/\/www.bachmann-museum.de\/index.php?rest_route=\/wp\/v2\/users\/1"}],"replies":[{"embeddable":true,"href":"https:\/\/www.bachmann-museum.de\/index.php?rest_route=%2Fwp%2Fv2%2Fcomments&post=3759"}],"version-history":[{"count":7,"href":"https:\/\/www.bachmann-museum.de\/index.php?rest_route=\/wp\/v2\/posts\/3759\/revisions"}],"predecessor-version":[{"id":3772,"href":"https:\/\/www.bachmann-museum.de\/index.php?rest_route=\/wp\/v2\/posts\/3759\/revisions\/3772"}],"wp:featuredmedia":[{"embeddable":true,"href":"https:\/\/www.bachmann-museum.de\/index.php?rest_route=\/wp\/v2\/media\/3716"}],"wp:attachment":[{"href":"https:\/\/www.bachmann-museum.de\/index.php?rest_route=%2Fwp%2Fv2%2Fmedia&parent=3759"}],"wp:term":[{"taxonomy":"category","embeddable":true,"href":"https:\/\/www.bachmann-museum.de\/index.php?rest_route=%2Fwp%2Fv2%2Fcategories&post=3759"},{"taxonomy":"post_tag","embeddable":true,"href":"https:\/\/www.bachmann-museum.de\/index.php?rest_route=%2Fwp%2Fv2%2Ftags&post=3759"}],"curies":[{"name":"wp","href":"https:\/\/api.w.org\/{rel}","templated":true}]}}