{"id":3714,"date":"2023-05-16T09:14:22","date_gmt":"2023-05-16T07:14:22","guid":{"rendered":"https:\/\/www.bachmann-museum.de\/?p=3714"},"modified":"2023-05-16T09:14:22","modified_gmt":"2023-05-16T07:14:22","slug":"internationaler-museumstag-am-bachmann-museum","status":"publish","type":"post","link":"https:\/\/www.bachmann-museum.de\/?p=3714","title":{"rendered":"Internationaler Museumstag am Bachmann-Museum"},"content":{"rendered":"<p><strong>Familiennachmittag im Steinzeitlager und F\u00fchrung zur Schlossgeschichte<\/strong><\/p>\n<p><strong>Der Internationale Museumstag am 21. Mai 2023 steht unter dem Motto \u201eMuseen mit Freude entdecken\u201c. Das Bachmann-Museum Bremerv\u00f6rde l\u00e4dt an diesem Tag von 14:00 bis 17:00 Uhr zu einem Familiennachmittag in das Steinzeitlager am idyllischen Auesee ein. Au\u00dferdem findet um 14:30 Uhr eine F\u00fchrung zur Geschichte des Schlosses Bremerv\u00f6rde statt. Da die Dauerausstellung des Museums geschlossen ist, finden die Angebote drau\u00dfen statt.<\/strong><\/p>\n<p>Unmittelbar am Bachmann-Museum liegt das Areal des Steinzeitlagers, auf dem das Bachmann-Museum seit vielen Jahren Programme zur Steinzeit durchf\u00fchrt. Am Internationalen Museumstag wird dieser Lagerplatz zum ersten Mal in diesem Jahr wieder lebendig, wenn Museumsmitarbeiter Lothar Safier zu einem Familiennachmittag an den Auesee einl\u00e4dt. Zwischen 14:00 und 17:00 Uhr k\u00f6nnen alle gro\u00dfen und kleinen Interessierten am Lagerfeuer Erstaunliches \u00fcber das Leben der Menschen in der Mittelsteinzeit erfahren.<\/p>\n<p>Wie konnten die Menschen ohne Streichh\u00f6lzer \u00fcberhaupt Feuer machen? Wovon haben sie sich ern\u00e4hrt? Womit haben sie sich geschm\u00fcckt? Neben dem Areal in der Natur sind die detailgetreuen Nachbildungen von Werkzeugen und Jagdwaffen aus der Mittelsteinzeit eine Besonderheit des Museumsangebotes. Die Besucher*innen k\u00f6nnen diese zum Teil selbst ausprobieren und ihren eigenen Schmuck herstellen.<\/p>\n<p>Um 14:30 Uhr startet am Bachmann-Museum au\u00dferdem eine F\u00fchrung zur Geschichte des Schlosses Bremerv\u00f6rde. Nur das heutige Museumsgeb\u00e4ude und einige versteckte Spuren im Park erinnern noch an die gr\u00f6\u00dfte befestigte Schlossanlage des zentralen Elbe-Weser-Dreiecks, die Ende des 17. Jahrhunderts aufgegeben und abgetragen wurde.<\/p>\n<p><strong>Der Eintritt f\u00fcr alle Angebote des Bachmann-Museums am Internationalen Museumstag ist frei. Eine Anmeldung ist nicht erforderlich. Die Ausstellung ist geschlossen, die Information und der Buchshop im Museumsgeb\u00e4ude (Amtsallee 8, 27432 Bremerv\u00f6rde) sind an diesem Tag ge\u00f6ffnet. Bei starkem Regen f\u00e4llt das Programm im Steinzeitlager aus. Weitere Informationen unter Tel. 04761 &#8211; 983 4603 und www.bachmann-museum.de.<\/strong><\/p>\n<p><strong>Fotos im Anhang:<\/strong><\/p>\n<p><img data-recalc-dims=\"1\" loading=\"lazy\" decoding=\"async\" data-attachment-id=\"3716\" data-permalink=\"https:\/\/www.bachmann-museum.de\/?attachment_id=3716\" data-orig-file=\"https:\/\/i0.wp.com\/www.bachmann-museum.de\/wp-content\/uploads\/2023\/05\/PM_Steinzeitlager-scaled.jpg?fit=2560%2C1707&amp;ssl=1\" data-orig-size=\"2560,1707\" data-comments-opened=\"0\" data-image-meta=\"{&quot;aperture&quot;:&quot;8&quot;,&quot;credit&quot;:&quot;&quot;,&quot;camera&quot;:&quot;Canon EOS 1000D&quot;,&quot;caption&quot;:&quot;&quot;,&quot;created_timestamp&quot;:&quot;1470743313&quot;,&quot;copyright&quot;:&quot;&quot;,&quot;focal_length&quot;:&quot;39&quot;,&quot;iso&quot;:&quot;400&quot;,&quot;shutter_speed&quot;:&quot;0.01&quot;,&quot;title&quot;:&quot;&quot;,&quot;orientation&quot;:&quot;1&quot;}\" data-image-title=\"PM_Steinzeitlager\" data-image-description=\"\" data-image-caption=\"\" data-large-file=\"https:\/\/i0.wp.com\/www.bachmann-museum.de\/wp-content\/uploads\/2023\/05\/PM_Steinzeitlager-scaled.jpg?fit=750%2C500&amp;ssl=1\" class=\"alignnone size-medium wp-image-3716\" src=\"https:\/\/i0.wp.com\/www.bachmann-museum.de\/wp-content\/uploads\/2023\/05\/PM_Steinzeitlager.jpg?resize=300%2C200&#038;ssl=1\" alt=\"\" width=\"300\" height=\"200\" srcset=\"https:\/\/i0.wp.com\/www.bachmann-museum.de\/wp-content\/uploads\/2023\/05\/PM_Steinzeitlager-scaled.jpg?resize=300%2C200&amp;ssl=1 300w, https:\/\/i0.wp.com\/www.bachmann-museum.de\/wp-content\/uploads\/2023\/05\/PM_Steinzeitlager-scaled.jpg?resize=1024%2C683&amp;ssl=1 1024w, https:\/\/i0.wp.com\/www.bachmann-museum.de\/wp-content\/uploads\/2023\/05\/PM_Steinzeitlager-scaled.jpg?resize=768%2C512&amp;ssl=1 768w, https:\/\/i0.wp.com\/www.bachmann-museum.de\/wp-content\/uploads\/2023\/05\/PM_Steinzeitlager-scaled.jpg?resize=1536%2C1024&amp;ssl=1 1536w, https:\/\/i0.wp.com\/www.bachmann-museum.de\/wp-content\/uploads\/2023\/05\/PM_Steinzeitlager-scaled.jpg?resize=2048%2C1365&amp;ssl=1 2048w, https:\/\/i0.wp.com\/www.bachmann-museum.de\/wp-content\/uploads\/2023\/05\/PM_Steinzeitlager-scaled.jpg?w=2250&amp;ssl=1 2250w\" sizes=\"auto, (max-width: 300px) 100vw, 300px\" \/><\/p>\n<p>Museumsmitarbeiter Lothar Safier im Steinzeitlager<\/p>\n<p>&nbsp;<\/p>\n<p><img data-recalc-dims=\"1\" loading=\"lazy\" decoding=\"async\" data-attachment-id=\"3715\" data-permalink=\"https:\/\/www.bachmann-museum.de\/?attachment_id=3715\" data-orig-file=\"https:\/\/i0.wp.com\/www.bachmann-museum.de\/wp-content\/uploads\/2023\/05\/PM_Gebaeude2.jpg?fit=2268%2C1257&amp;ssl=1\" data-orig-size=\"2268,1257\" data-comments-opened=\"0\" data-image-meta=\"{&quot;aperture&quot;:&quot;11&quot;,&quot;credit&quot;:&quot;&quot;,&quot;camera&quot;:&quot;Canon EOS 1000D&quot;,&quot;caption&quot;:&quot;&quot;,&quot;created_timestamp&quot;:&quot;1378401485&quot;,&quot;copyright&quot;:&quot;&quot;,&quot;focal_length&quot;:&quot;29&quot;,&quot;iso&quot;:&quot;200&quot;,&quot;shutter_speed&quot;:&quot;0.005&quot;,&quot;title&quot;:&quot;&quot;,&quot;orientation&quot;:&quot;1&quot;}\" data-image-title=\"PM_Geb\u00e4ude2\" data-image-description=\"\" data-image-caption=\"\" data-large-file=\"https:\/\/i0.wp.com\/www.bachmann-museum.de\/wp-content\/uploads\/2023\/05\/PM_Gebaeude2.jpg?fit=750%2C416&amp;ssl=1\" class=\"alignnone size-medium wp-image-3715\" src=\"https:\/\/i0.wp.com\/www.bachmann-museum.de\/wp-content\/uploads\/2023\/05\/PM_Gebaeude2.jpg?resize=300%2C166&#038;ssl=1\" alt=\"\" width=\"300\" height=\"166\" srcset=\"https:\/\/i0.wp.com\/www.bachmann-museum.de\/wp-content\/uploads\/2023\/05\/PM_Gebaeude2.jpg?resize=300%2C166&amp;ssl=1 300w, https:\/\/i0.wp.com\/www.bachmann-museum.de\/wp-content\/uploads\/2023\/05\/PM_Gebaeude2.jpg?resize=1024%2C568&amp;ssl=1 1024w, https:\/\/i0.wp.com\/www.bachmann-museum.de\/wp-content\/uploads\/2023\/05\/PM_Gebaeude2.jpg?resize=768%2C426&amp;ssl=1 768w, https:\/\/i0.wp.com\/www.bachmann-museum.de\/wp-content\/uploads\/2023\/05\/PM_Gebaeude2.jpg?resize=1536%2C851&amp;ssl=1 1536w, https:\/\/i0.wp.com\/www.bachmann-museum.de\/wp-content\/uploads\/2023\/05\/PM_Gebaeude2.jpg?resize=2048%2C1135&amp;ssl=1 2048w, https:\/\/i0.wp.com\/www.bachmann-museum.de\/wp-content\/uploads\/2023\/05\/PM_Gebaeude2.jpg?w=2250&amp;ssl=1 2250w\" sizes=\"auto, (max-width: 300px) 100vw, 300px\" \/><\/p>\n<p>Das letzte noch erhaltene Geb\u00e4udes des Bremerv\u00f6rder Schlosses, das heutige Bachmann-Museum.<\/p>\n<p>\u00a9 Bachmann-Museum Bremerv\u00f6rde<\/p>\n<p>&nbsp;<\/p>\n","protected":false},"excerpt":{"rendered":"<p>Familiennachmittag im Steinzeitlager und F\u00fchrung zur Schlossgeschichte Der Internationale Museumstag am 21. Mai 2023 steht unter dem Motto \u201eMuseen mit Freude entdecken\u201c. Das Bachmann-Museum Bremerv\u00f6rde l\u00e4dt an diesem Tag von 14:00 bis 17:00 Uhr zu einem Familiennachmittag in das Steinzeitlager am idyllischen Auesee ein. Au\u00dferdem findet um 14:30 Uhr eine F\u00fchrung zur Geschichte des Schlosses [&hellip;]<\/p>\n","protected":false},"author":1,"featured_media":0,"comment_status":"closed","ping_status":"open","sticky":false,"template":"","format":"standard","meta":{"_jetpack_newsletter_access":"","_jetpack_dont_email_post_to_subs":false,"_jetpack_newsletter_tier_id":0,"_jetpack_memberships_contains_paywalled_content":false,"_jetpack_memberships_contains_paid_content":false,"footnotes":""},"categories":[23],"tags":[],"class_list":["post-3714","post","type-post","status-publish","format-standard","hentry","category-aktuelles"],"yoast_head":"<!-- This site is optimized with the Yoast SEO plugin v27.4 - https:\/\/yoast.com\/product\/yoast-seo-wordpress\/ -->\n<title>Internationaler Museumstag am Bachmann-Museum - Bachmann-Museum Bremerv\u00f6rde<\/title>\n<meta name=\"robots\" content=\"index, follow, max-snippet:-1, max-image-preview:large, max-video-preview:-1\" \/>\n<link rel=\"canonical\" href=\"https:\/\/www.bachmann-museum.de\/?p=3714\" \/>\n<meta property=\"og:locale\" content=\"de_DE\" \/>\n<meta property=\"og:type\" content=\"article\" \/>\n<meta property=\"og:title\" content=\"Internationaler Museumstag am Bachmann-Museum - Bachmann-Museum Bremerv\u00f6rde\" \/>\n<meta property=\"og:description\" content=\"Familiennachmittag im Steinzeitlager und F\u00fchrung zur Schlossgeschichte Der Internationale Museumstag am 21. Mai 2023 steht unter dem Motto \u201eMuseen mit Freude entdecken\u201c. Das Bachmann-Museum Bremerv\u00f6rde l\u00e4dt an diesem Tag von 14:00 bis 17:00 Uhr zu einem Familiennachmittag in das Steinzeitlager am idyllischen Auesee ein. Au\u00dferdem findet um 14:30 Uhr eine F\u00fchrung zur Geschichte des Schlosses [&hellip;]\" \/>\n<meta property=\"og:url\" content=\"https:\/\/www.bachmann-museum.de\/?p=3714\" \/>\n<meta property=\"og:site_name\" content=\"Bachmann-Museum Bremerv\u00f6rde\" \/>\n<meta property=\"article:published_time\" content=\"2023-05-16T07:14:22+00:00\" \/>\n<meta property=\"og:image\" content=\"https:\/\/www.bachmann-museum.de\/wp-content\/uploads\/2023\/05\/PM_Steinzeitlager-300x200.jpg\" \/>\n<meta name=\"author\" content=\"Bachmann-Admin_1\" \/>\n<meta name=\"twitter:card\" content=\"summary_large_image\" \/>\n<meta name=\"twitter:label1\" content=\"Verfasst von\" \/>\n\t<meta name=\"twitter:data1\" content=\"Bachmann-Admin_1\" \/>\n\t<meta name=\"twitter:label2\" content=\"Gesch\u00e4tzte Lesezeit\" \/>\n\t<meta name=\"twitter:data2\" content=\"2\u00a0Minuten\" \/>\n<script type=\"application\/ld+json\" class=\"yoast-schema-graph\">{\"@context\":\"https:\\\/\\\/schema.org\",\"@graph\":[{\"@type\":\"Article\",\"@id\":\"https:\\\/\\\/www.bachmann-museum.de\\\/?p=3714#article\",\"isPartOf\":{\"@id\":\"https:\\\/\\\/www.bachmann-museum.de\\\/?p=3714\"},\"author\":{\"name\":\"Bachmann-Admin_1\",\"@id\":\"https:\\\/\\\/www.bachmann-museum.de\\\/#\\\/schema\\\/person\\\/4e0a96d1ed2480e1c23c3d5afb424bee\"},\"headline\":\"Internationaler Museumstag am Bachmann-Museum\",\"datePublished\":\"2023-05-16T07:14:22+00:00\",\"mainEntityOfPage\":{\"@id\":\"https:\\\/\\\/www.bachmann-museum.de\\\/?p=3714\"},\"wordCount\":332,\"image\":{\"@id\":\"https:\\\/\\\/www.bachmann-museum.de\\\/?p=3714#primaryimage\"},\"thumbnailUrl\":\"https:\\\/\\\/www.bachmann-museum.de\\\/wp-content\\\/uploads\\\/2023\\\/05\\\/PM_Steinzeitlager-300x200.jpg\",\"articleSection\":[\"Aktuelles\"],\"inLanguage\":\"de\"},{\"@type\":\"WebPage\",\"@id\":\"https:\\\/\\\/www.bachmann-museum.de\\\/?p=3714\",\"url\":\"https:\\\/\\\/www.bachmann-museum.de\\\/?p=3714\",\"name\":\"Internationaler Museumstag am Bachmann-Museum - Bachmann-Museum Bremerv\u00f6rde\",\"isPartOf\":{\"@id\":\"https:\\\/\\\/www.bachmann-museum.de\\\/#website\"},\"primaryImageOfPage\":{\"@id\":\"https:\\\/\\\/www.bachmann-museum.de\\\/?p=3714#primaryimage\"},\"image\":{\"@id\":\"https:\\\/\\\/www.bachmann-museum.de\\\/?p=3714#primaryimage\"},\"thumbnailUrl\":\"https:\\\/\\\/www.bachmann-museum.de\\\/wp-content\\\/uploads\\\/2023\\\/05\\\/PM_Steinzeitlager-300x200.jpg\",\"datePublished\":\"2023-05-16T07:14:22+00:00\",\"author\":{\"@id\":\"https:\\\/\\\/www.bachmann-museum.de\\\/#\\\/schema\\\/person\\\/4e0a96d1ed2480e1c23c3d5afb424bee\"},\"breadcrumb\":{\"@id\":\"https:\\\/\\\/www.bachmann-museum.de\\\/?p=3714#breadcrumb\"},\"inLanguage\":\"de\",\"potentialAction\":[{\"@type\":\"ReadAction\",\"target\":[\"https:\\\/\\\/www.bachmann-museum.de\\\/?p=3714\"]}]},{\"@type\":\"ImageObject\",\"inLanguage\":\"de\",\"@id\":\"https:\\\/\\\/www.bachmann-museum.de\\\/?p=3714#primaryimage\",\"url\":\"https:\\\/\\\/i0.wp.com\\\/www.bachmann-museum.de\\\/wp-content\\\/uploads\\\/2023\\\/05\\\/PM_Steinzeitlager-scaled.jpg?fit=2560%2C1707&ssl=1\",\"contentUrl\":\"https:\\\/\\\/i0.wp.com\\\/www.bachmann-museum.de\\\/wp-content\\\/uploads\\\/2023\\\/05\\\/PM_Steinzeitlager-scaled.jpg?fit=2560%2C1707&ssl=1\",\"width\":2560,\"height\":1707},{\"@type\":\"BreadcrumbList\",\"@id\":\"https:\\\/\\\/www.bachmann-museum.de\\\/?p=3714#breadcrumb\",\"itemListElement\":[{\"@type\":\"ListItem\",\"position\":1,\"name\":\"Start\",\"item\":\"https:\\\/\\\/www.bachmann-museum.de\\\/\"},{\"@type\":\"ListItem\",\"position\":2,\"name\":\"Internationaler Museumstag am Bachmann-Museum\"}]},{\"@type\":\"WebSite\",\"@id\":\"https:\\\/\\\/www.bachmann-museum.de\\\/#website\",\"url\":\"https:\\\/\\\/www.bachmann-museum.de\\\/\",\"name\":\"Bachmann-Museum Bremerv\u00f6rde\",\"description\":\"\",\"potentialAction\":[{\"@type\":\"SearchAction\",\"target\":{\"@type\":\"EntryPoint\",\"urlTemplate\":\"https:\\\/\\\/www.bachmann-museum.de\\\/?s={search_term_string}\"},\"query-input\":{\"@type\":\"PropertyValueSpecification\",\"valueRequired\":true,\"valueName\":\"search_term_string\"}}],\"inLanguage\":\"de\"},{\"@type\":\"Person\",\"@id\":\"https:\\\/\\\/www.bachmann-museum.de\\\/#\\\/schema\\\/person\\\/4e0a96d1ed2480e1c23c3d5afb424bee\",\"name\":\"Bachmann-Admin_1\",\"image\":{\"@type\":\"ImageObject\",\"inLanguage\":\"de\",\"@id\":\"https:\\\/\\\/secure.gravatar.com\\\/avatar\\\/12b64d40c777adbd0761c887e33f30e0219d4565a9373e68911205fb911bd107?s=96&d=mm&r=g\",\"url\":\"https:\\\/\\\/secure.gravatar.com\\\/avatar\\\/12b64d40c777adbd0761c887e33f30e0219d4565a9373e68911205fb911bd107?s=96&d=mm&r=g\",\"contentUrl\":\"https:\\\/\\\/secure.gravatar.com\\\/avatar\\\/12b64d40c777adbd0761c887e33f30e0219d4565a9373e68911205fb911bd107?s=96&d=mm&r=g\",\"caption\":\"Bachmann-Admin_1\"},\"url\":\"https:\\\/\\\/www.bachmann-museum.de\\\/?author=1\"}]}<\/script>\n<!-- \/ Yoast SEO plugin. -->","yoast_head_json":{"title":"Internationaler Museumstag am Bachmann-Museum - Bachmann-Museum Bremerv\u00f6rde","robots":{"index":"index","follow":"follow","max-snippet":"max-snippet:-1","max-image-preview":"max-image-preview:large","max-video-preview":"max-video-preview:-1"},"canonical":"https:\/\/www.bachmann-museum.de\/?p=3714","og_locale":"de_DE","og_type":"article","og_title":"Internationaler Museumstag am Bachmann-Museum - Bachmann-Museum Bremerv\u00f6rde","og_description":"Familiennachmittag im Steinzeitlager und F\u00fchrung zur Schlossgeschichte Der Internationale Museumstag am 21. Mai 2023 steht unter dem Motto \u201eMuseen mit Freude entdecken\u201c. Das Bachmann-Museum Bremerv\u00f6rde l\u00e4dt an diesem Tag von 14:00 bis 17:00 Uhr zu einem Familiennachmittag in das Steinzeitlager am idyllischen Auesee ein. Au\u00dferdem findet um 14:30 Uhr eine F\u00fchrung zur Geschichte des Schlosses [&hellip;]","og_url":"https:\/\/www.bachmann-museum.de\/?p=3714","og_site_name":"Bachmann-Museum Bremerv\u00f6rde","article_published_time":"2023-05-16T07:14:22+00:00","og_image":[{"url":"https:\/\/www.bachmann-museum.de\/wp-content\/uploads\/2023\/05\/PM_Steinzeitlager-300x200.jpg","type":"","width":"","height":""}],"author":"Bachmann-Admin_1","twitter_card":"summary_large_image","twitter_misc":{"Verfasst von":"Bachmann-Admin_1","Gesch\u00e4tzte Lesezeit":"2\u00a0Minuten"},"schema":{"@context":"https:\/\/schema.org","@graph":[{"@type":"Article","@id":"https:\/\/www.bachmann-museum.de\/?p=3714#article","isPartOf":{"@id":"https:\/\/www.bachmann-museum.de\/?p=3714"},"author":{"name":"Bachmann-Admin_1","@id":"https:\/\/www.bachmann-museum.de\/#\/schema\/person\/4e0a96d1ed2480e1c23c3d5afb424bee"},"headline":"Internationaler Museumstag am Bachmann-Museum","datePublished":"2023-05-16T07:14:22+00:00","mainEntityOfPage":{"@id":"https:\/\/www.bachmann-museum.de\/?p=3714"},"wordCount":332,"image":{"@id":"https:\/\/www.bachmann-museum.de\/?p=3714#primaryimage"},"thumbnailUrl":"https:\/\/www.bachmann-museum.de\/wp-content\/uploads\/2023\/05\/PM_Steinzeitlager-300x200.jpg","articleSection":["Aktuelles"],"inLanguage":"de"},{"@type":"WebPage","@id":"https:\/\/www.bachmann-museum.de\/?p=3714","url":"https:\/\/www.bachmann-museum.de\/?p=3714","name":"Internationaler Museumstag am Bachmann-Museum - Bachmann-Museum Bremerv\u00f6rde","isPartOf":{"@id":"https:\/\/www.bachmann-museum.de\/#website"},"primaryImageOfPage":{"@id":"https:\/\/www.bachmann-museum.de\/?p=3714#primaryimage"},"image":{"@id":"https:\/\/www.bachmann-museum.de\/?p=3714#primaryimage"},"thumbnailUrl":"https:\/\/www.bachmann-museum.de\/wp-content\/uploads\/2023\/05\/PM_Steinzeitlager-300x200.jpg","datePublished":"2023-05-16T07:14:22+00:00","author":{"@id":"https:\/\/www.bachmann-museum.de\/#\/schema\/person\/4e0a96d1ed2480e1c23c3d5afb424bee"},"breadcrumb":{"@id":"https:\/\/www.bachmann-museum.de\/?p=3714#breadcrumb"},"inLanguage":"de","potentialAction":[{"@type":"ReadAction","target":["https:\/\/www.bachmann-museum.de\/?p=3714"]}]},{"@type":"ImageObject","inLanguage":"de","@id":"https:\/\/www.bachmann-museum.de\/?p=3714#primaryimage","url":"https:\/\/i0.wp.com\/www.bachmann-museum.de\/wp-content\/uploads\/2023\/05\/PM_Steinzeitlager-scaled.jpg?fit=2560%2C1707&ssl=1","contentUrl":"https:\/\/i0.wp.com\/www.bachmann-museum.de\/wp-content\/uploads\/2023\/05\/PM_Steinzeitlager-scaled.jpg?fit=2560%2C1707&ssl=1","width":2560,"height":1707},{"@type":"BreadcrumbList","@id":"https:\/\/www.bachmann-museum.de\/?p=3714#breadcrumb","itemListElement":[{"@type":"ListItem","position":1,"name":"Start","item":"https:\/\/www.bachmann-museum.de\/"},{"@type":"ListItem","position":2,"name":"Internationaler Museumstag am Bachmann-Museum"}]},{"@type":"WebSite","@id":"https:\/\/www.bachmann-museum.de\/#website","url":"https:\/\/www.bachmann-museum.de\/","name":"Bachmann-Museum Bremerv\u00f6rde","description":"","potentialAction":[{"@type":"SearchAction","target":{"@type":"EntryPoint","urlTemplate":"https:\/\/www.bachmann-museum.de\/?s={search_term_string}"},"query-input":{"@type":"PropertyValueSpecification","valueRequired":true,"valueName":"search_term_string"}}],"inLanguage":"de"},{"@type":"Person","@id":"https:\/\/www.bachmann-museum.de\/#\/schema\/person\/4e0a96d1ed2480e1c23c3d5afb424bee","name":"Bachmann-Admin_1","image":{"@type":"ImageObject","inLanguage":"de","@id":"https:\/\/secure.gravatar.com\/avatar\/12b64d40c777adbd0761c887e33f30e0219d4565a9373e68911205fb911bd107?s=96&d=mm&r=g","url":"https:\/\/secure.gravatar.com\/avatar\/12b64d40c777adbd0761c887e33f30e0219d4565a9373e68911205fb911bd107?s=96&d=mm&r=g","contentUrl":"https:\/\/secure.gravatar.com\/avatar\/12b64d40c777adbd0761c887e33f30e0219d4565a9373e68911205fb911bd107?s=96&d=mm&r=g","caption":"Bachmann-Admin_1"},"url":"https:\/\/www.bachmann-museum.de\/?author=1"}]}},"jetpack_featured_media_url":"","jetpack_sharing_enabled":true,"jetpack_shortlink":"https:\/\/wp.me\/p5DgYi-XU","jetpack-related-posts":[],"_links":{"self":[{"href":"https:\/\/www.bachmann-museum.de\/index.php?rest_route=\/wp\/v2\/posts\/3714","targetHints":{"allow":["GET"]}}],"collection":[{"href":"https:\/\/www.bachmann-museum.de\/index.php?rest_route=\/wp\/v2\/posts"}],"about":[{"href":"https:\/\/www.bachmann-museum.de\/index.php?rest_route=\/wp\/v2\/types\/post"}],"author":[{"embeddable":true,"href":"https:\/\/www.bachmann-museum.de\/index.php?rest_route=\/wp\/v2\/users\/1"}],"replies":[{"embeddable":true,"href":"https:\/\/www.bachmann-museum.de\/index.php?rest_route=%2Fwp%2Fv2%2Fcomments&post=3714"}],"version-history":[{"count":1,"href":"https:\/\/www.bachmann-museum.de\/index.php?rest_route=\/wp\/v2\/posts\/3714\/revisions"}],"predecessor-version":[{"id":3717,"href":"https:\/\/www.bachmann-museum.de\/index.php?rest_route=\/wp\/v2\/posts\/3714\/revisions\/3717"}],"wp:attachment":[{"href":"https:\/\/www.bachmann-museum.de\/index.php?rest_route=%2Fwp%2Fv2%2Fmedia&parent=3714"}],"wp:term":[{"taxonomy":"category","embeddable":true,"href":"https:\/\/www.bachmann-museum.de\/index.php?rest_route=%2Fwp%2Fv2%2Fcategories&post=3714"},{"taxonomy":"post_tag","embeddable":true,"href":"https:\/\/www.bachmann-museum.de\/index.php?rest_route=%2Fwp%2Fv2%2Ftags&post=3714"}],"curies":[{"name":"wp","href":"https:\/\/api.w.org\/{rel}","templated":true}]}}