{"id":3687,"date":"2023-04-28T11:39:57","date_gmt":"2023-04-28T09:39:57","guid":{"rendered":"https:\/\/www.bachmann-museum.de\/?p=3687"},"modified":"2023-12-01T13:40:07","modified_gmt":"2023-12-01T11:40:07","slug":"auswanderungen","status":"publish","type":"post","link":"https:\/\/www.bachmann-museum.de\/?p=3687","title":{"rendered":"Auf den Spuren der Auswanderer"},"content":{"rendered":"<p>Viele Menschen haben in der Vergangenheit ihre Heimat im zentralen Elbe-Weser-Dreieck zeitweise oder f\u00fcr immer verlassen.\u00a0 Die Stiftung Bachmann-Museum hat in Zusammenarbeit mit Dr. Horst R\u00f6\u00dfler eine Brosch\u00fcre herausgebracht.<\/p>\n<p>Unter dem Titel \u201eAuf in die Fremde &#8211; Auswanderung aus dem zentralen Elbe-Weser-Dreieck 1750-1914\u201c befasst sich R\u00f6\u00dfler mit Ursachen und Strukturen der Auswanderungsbewegungen. Er beleuchtet die wichtigsten Arbeitsgebiete der Auswanderer und erl\u00e4utert, wie sie in der Fremde zurechtkamen. Erg\u00e4nzt werden seine Ausf\u00fchrungen durch zahlreiche Abbildungen, darunter viele Objekte aus dem Bachmann-Museum und Schriftquellen aus den Archiven.<\/p>\n<p>\u201eIm 18. Jahrhundert gingen Tausende auf der Suche nach Arbeit in die Niederlande\u201c verr\u00e4t Dr. R\u00f6ssler. \u201eAls sogenannte Hollandg\u00e4nger zogen sie im Fr\u00fchjahr los und kamen im Sp\u00e4tsommer mit ihrem gesparten Lohn in ihre Heimat zur\u00fcck.\u201c Das in harter Arbeit verdiente Geld sicherte das \u00dcberleben ihrer Familien in der Heimat. Aber auch auf den Schiffen der Vereinigten Ostindischen Kompanie befanden sich M\u00e4nner aus dem Elbe-Weser-Dreieck, wie etwa Gerd Schnackenberg aus Oerel, der 1726 in die Dienste der Kompanie trat.<\/p>\n<p>Ab der Mitte des 18. Jahrhunderts zogen junge M\u00e4nner auch nach England. Die Metropolen London und Liverpool lockten mit harter, aber gut bezahlter Arbeit in den Zuckerfabriken. Die meisten lie\u00dfen sich dort nieder, wie etwa der Bauernsohn Hinrich Intemann aus Hellwege, der in London den beliebten Pub \u201eThe Crown\u201c \u00fcbernahm oder zogen weiter, wie Hermann Fajen aus Sottrum, der 1856 seine neue Heimat Neuseeland betrat.<\/p>\n<p>Mitte des 19. Jahrhunderts wurde die Emigration in die Vereinigten Staaten in Deutschland zu einer Massenbewegung. \u201eDie USA lockten mit vielf\u00e4ltigen Erwerbsm\u00f6glichkeiten in den St\u00e4dten, g\u00fcnstigen Siedlungsbedingungen auf dem Land und guten sozialen Aufstiegsm\u00f6glichkeiten\u201c, erkl\u00e4rt der Bremer Historiker. So zogen viele Auswanderer aus dem Raum Bremerv\u00f6rde und Zeven nach Cole Camp im Benton County in Missouri. Ihren Spuren folgt Dr. R\u00f6ssler genauso wie denen in die amerikanischen Gro\u00dfst\u00e4dte, wie etwa New York, New Orleans oder auch San Francisco. Dort lie\u00df sich Claus Spreckels aus Lamstedt nieder, der zu einem der erfolgreichsten Unternehmer in den USA aufstieg.<\/p>\n<p>\u201eMein gro\u00dfer Dank gilt Dr. R\u00f6ssler, der seine langj\u00e4hrigen Forschungen zu einem anschaulichen \u00dcberblick zusammengefasst hat. Au\u00dferdem danke ich dem Landschaftsverband Stade und der Stiftung der Sparkasse Rotenburg-Bremerv\u00f6rde, die durch ihre Zuwendungen die Umsetzung dieses Bandes erm\u00f6glicht haben\u201c, erkl\u00e4rt Landrat Marco Prietz, Mitherausgeber des Bandes.<\/p>\n<p>Der Band 3 der Schriften des Bachmann-Museums Bremerv\u00f6rde bietet auf 40 Seiten im DIN A4 Format einen anschaulichen und wissenschaftlich fundierten \u00dcberblick \u00fcber die Auswanderung. Der Band ist ab sofort f\u00fcr 9,90 Euro im Bachmann-Museum (04761 &#8211; 983 4603, www.bachmann-museum.de), in der Tourist Information Bremerv\u00f6rde (04761 &#8211; 987 142, www.bremervoerde.de) und bei der Buchhandlung Morgenstern (04761 &#8211; 2416, www.morgenstern-brv.de) erh\u00e4ltlich.<\/p>\n<p><strong>Fotos im Anhang:<\/strong><\/p>\n<p><img data-recalc-dims=\"1\" loading=\"lazy\" decoding=\"async\" data-attachment-id=\"3670\" data-permalink=\"https:\/\/www.bachmann-museum.de\/?attachment_id=3670\" data-orig-file=\"https:\/\/i0.wp.com\/www.bachmann-museum.de\/wp-content\/uploads\/2023\/04\/Foto-Dr-Horst-Roessler.jpg?fit=696%2C1024&amp;ssl=1\" data-orig-size=\"696,1024\" data-comments-opened=\"0\" data-image-meta=\"{&quot;aperture&quot;:&quot;0&quot;,&quot;credit&quot;:&quot;&quot;,&quot;camera&quot;:&quot;HP Scanjet djf4200&quot;,&quot;caption&quot;:&quot;&quot;,&quot;created_timestamp&quot;:&quot;1398699102&quot;,&quot;copyright&quot;:&quot;&quot;,&quot;focal_length&quot;:&quot;0&quot;,&quot;iso&quot;:&quot;0&quot;,&quot;shutter_speed&quot;:&quot;0&quot;,&quot;title&quot;:&quot;&quot;,&quot;orientation&quot;:&quot;1&quot;}\" data-image-title=\"Foto Dr Horst R\u00f6ssler\" data-image-description=\"\" data-image-caption=\"\" data-large-file=\"https:\/\/i0.wp.com\/www.bachmann-museum.de\/wp-content\/uploads\/2023\/04\/Foto-Dr-Horst-Roessler.jpg?fit=696%2C1024&amp;ssl=1\" class=\" wp-image-3670 alignnone\" src=\"https:\/\/i0.wp.com\/www.bachmann-museum.de\/wp-content\/uploads\/2023\/04\/Foto-Dr-Horst-Roessler.jpg?resize=138%2C203&#038;ssl=1\" alt=\"\" width=\"138\" height=\"203\" srcset=\"https:\/\/i0.wp.com\/www.bachmann-museum.de\/wp-content\/uploads\/2023\/04\/Foto-Dr-Horst-Roessler.jpg?resize=204%2C300&amp;ssl=1 204w, https:\/\/i0.wp.com\/www.bachmann-museum.de\/wp-content\/uploads\/2023\/04\/Foto-Dr-Horst-Roessler.jpg?w=696&amp;ssl=1 696w\" sizes=\"auto, (max-width: 138px) 100vw, 138px\" \/><\/p>\n<p>Dr. Horst R\u00f6ssler<\/p>\n<p><img data-recalc-dims=\"1\" loading=\"lazy\" decoding=\"async\" data-attachment-id=\"3710\" data-permalink=\"https:\/\/www.bachmann-museum.de\/?attachment_id=3710\" data-orig-file=\"https:\/\/i0.wp.com\/www.bachmann-museum.de\/wp-content\/uploads\/2023\/04\/Titel-Auswanderungen-2.jpg?fit=543%2C768&amp;ssl=1\" data-orig-size=\"543,768\" data-comments-opened=\"0\" data-image-meta=\"{&quot;aperture&quot;:&quot;0&quot;,&quot;credit&quot;:&quot;&quot;,&quot;camera&quot;:&quot;&quot;,&quot;caption&quot;:&quot;&quot;,&quot;created_timestamp&quot;:&quot;0&quot;,&quot;copyright&quot;:&quot;&quot;,&quot;focal_length&quot;:&quot;0&quot;,&quot;iso&quot;:&quot;0&quot;,&quot;shutter_speed&quot;:&quot;0&quot;,&quot;title&quot;:&quot;&quot;,&quot;orientation&quot;:&quot;0&quot;}\" data-image-title=\"Titel Auswanderungen\" data-image-description=\"\" data-image-caption=\"\" data-large-file=\"https:\/\/i0.wp.com\/www.bachmann-museum.de\/wp-content\/uploads\/2023\/04\/Titel-Auswanderungen-2.jpg?fit=543%2C768&amp;ssl=1\" class=\"alignnone wp-image-3710\" src=\"https:\/\/i0.wp.com\/www.bachmann-museum.de\/wp-content\/uploads\/2023\/04\/Titel-Auswanderungen-2.jpg?resize=140%2C198&#038;ssl=1\" alt=\"\" width=\"140\" height=\"198\" srcset=\"https:\/\/i0.wp.com\/www.bachmann-museum.de\/wp-content\/uploads\/2023\/04\/Titel-Auswanderungen-2.jpg?resize=212%2C300&amp;ssl=1 212w, https:\/\/i0.wp.com\/www.bachmann-museum.de\/wp-content\/uploads\/2023\/04\/Titel-Auswanderungen-2.jpg?w=543&amp;ssl=1 543w\" sizes=\"auto, (max-width: 140px) 100vw, 140px\" \/><\/p>\n<p>Titel Schriften Bachmann-Museum Band 3<\/p>\n<p>&nbsp;<\/p>\n<p>&nbsp;<\/p>\n<p>&nbsp;<\/p>\n","protected":false},"excerpt":{"rendered":"<p>Viele Menschen haben in der Vergangenheit ihre Heimat im zentralen Elbe-Weser-Dreieck zeitweise oder f\u00fcr immer verlassen.\u00a0 Die Stiftung Bachmann-Museum hat in Zusammenarbeit mit Dr. Horst R\u00f6\u00dfler eine Brosch\u00fcre herausgebracht. Unter dem Titel \u201eAuf in die Fremde &#8211; Auswanderung aus dem zentralen Elbe-Weser-Dreieck 1750-1914\u201c befasst sich R\u00f6\u00dfler mit Ursachen und Strukturen der Auswanderungsbewegungen. Er beleuchtet die [&hellip;]<\/p>\n","protected":false},"author":1,"featured_media":3796,"comment_status":"closed","ping_status":"open","sticky":false,"template":"","format":"standard","meta":{"_jetpack_newsletter_access":"","_jetpack_dont_email_post_to_subs":false,"_jetpack_newsletter_tier_id":0,"_jetpack_memberships_contains_paywalled_content":false,"_jetpack_memberships_contains_paid_content":false,"footnotes":""},"categories":[23],"tags":[],"class_list":["post-3687","post","type-post","status-publish","format-standard","has-post-thumbnail","hentry","category-aktuelles"],"yoast_head":"<!-- This site is optimized with the Yoast SEO plugin v27.4 - https:\/\/yoast.com\/product\/yoast-seo-wordpress\/ -->\n<title>Auf den Spuren der Auswanderer - Bachmann-Museum Bremerv\u00f6rde<\/title>\n<meta name=\"robots\" content=\"index, follow, max-snippet:-1, max-image-preview:large, max-video-preview:-1\" \/>\n<link rel=\"canonical\" href=\"https:\/\/www.bachmann-museum.de\/?p=3687\" \/>\n<meta property=\"og:locale\" content=\"de_DE\" \/>\n<meta property=\"og:type\" content=\"article\" \/>\n<meta property=\"og:title\" content=\"Auf den Spuren der Auswanderer - Bachmann-Museum Bremerv\u00f6rde\" \/>\n<meta property=\"og:description\" content=\"Viele Menschen haben in der Vergangenheit ihre Heimat im zentralen Elbe-Weser-Dreieck zeitweise oder f\u00fcr immer verlassen.\u00a0 Die Stiftung Bachmann-Museum hat in Zusammenarbeit mit Dr. Horst R\u00f6\u00dfler eine Brosch\u00fcre herausgebracht. Unter dem Titel \u201eAuf in die Fremde &#8211; Auswanderung aus dem zentralen Elbe-Weser-Dreieck 1750-1914\u201c befasst sich R\u00f6\u00dfler mit Ursachen und Strukturen der Auswanderungsbewegungen. Er beleuchtet die [&hellip;]\" \/>\n<meta property=\"og:url\" content=\"https:\/\/www.bachmann-museum.de\/?p=3687\" \/>\n<meta property=\"og:site_name\" content=\"Bachmann-Museum Bremerv\u00f6rde\" \/>\n<meta property=\"article:published_time\" content=\"2023-04-28T09:39:57+00:00\" \/>\n<meta property=\"article:modified_time\" content=\"2023-12-01T11:40:07+00:00\" \/>\n<meta property=\"og:image\" content=\"https:\/\/i0.wp.com\/www.bachmann-museum.de\/wp-content\/uploads\/2023\/11\/BMB10548_Foto-BMB_OeA.jpg?fit=2324%2C1720&ssl=1\" \/>\n\t<meta property=\"og:image:width\" content=\"2324\" \/>\n\t<meta property=\"og:image:height\" content=\"1720\" \/>\n\t<meta property=\"og:image:type\" content=\"image\/jpeg\" \/>\n<meta name=\"author\" content=\"Bachmann-Admin_1\" \/>\n<meta name=\"twitter:card\" content=\"summary_large_image\" \/>\n<meta name=\"twitter:label1\" content=\"Verfasst von\" \/>\n\t<meta name=\"twitter:data1\" content=\"Bachmann-Admin_1\" \/>\n\t<meta name=\"twitter:label2\" content=\"Gesch\u00e4tzte Lesezeit\" \/>\n\t<meta name=\"twitter:data2\" content=\"2\u00a0Minuten\" \/>\n<script type=\"application\/ld+json\" class=\"yoast-schema-graph\">{\"@context\":\"https:\\\/\\\/schema.org\",\"@graph\":[{\"@type\":\"Article\",\"@id\":\"https:\\\/\\\/www.bachmann-museum.de\\\/?p=3687#article\",\"isPartOf\":{\"@id\":\"https:\\\/\\\/www.bachmann-museum.de\\\/?p=3687\"},\"author\":{\"name\":\"Bachmann-Admin_1\",\"@id\":\"https:\\\/\\\/www.bachmann-museum.de\\\/#\\\/schema\\\/person\\\/4e0a96d1ed2480e1c23c3d5afb424bee\"},\"headline\":\"Auf den Spuren der Auswanderer\",\"datePublished\":\"2023-04-28T09:39:57+00:00\",\"dateModified\":\"2023-12-01T11:40:07+00:00\",\"mainEntityOfPage\":{\"@id\":\"https:\\\/\\\/www.bachmann-museum.de\\\/?p=3687\"},\"wordCount\":476,\"image\":{\"@id\":\"https:\\\/\\\/www.bachmann-museum.de\\\/?p=3687#primaryimage\"},\"thumbnailUrl\":\"https:\\\/\\\/i0.wp.com\\\/www.bachmann-museum.de\\\/wp-content\\\/uploads\\\/2023\\\/11\\\/BMB10548_Foto-BMB_OeA.jpg?fit=2324%2C1720&ssl=1\",\"articleSection\":[\"Aktuelles\"],\"inLanguage\":\"de\"},{\"@type\":\"WebPage\",\"@id\":\"https:\\\/\\\/www.bachmann-museum.de\\\/?p=3687\",\"url\":\"https:\\\/\\\/www.bachmann-museum.de\\\/?p=3687\",\"name\":\"Auf den Spuren der Auswanderer - Bachmann-Museum Bremerv\u00f6rde\",\"isPartOf\":{\"@id\":\"https:\\\/\\\/www.bachmann-museum.de\\\/#website\"},\"primaryImageOfPage\":{\"@id\":\"https:\\\/\\\/www.bachmann-museum.de\\\/?p=3687#primaryimage\"},\"image\":{\"@id\":\"https:\\\/\\\/www.bachmann-museum.de\\\/?p=3687#primaryimage\"},\"thumbnailUrl\":\"https:\\\/\\\/i0.wp.com\\\/www.bachmann-museum.de\\\/wp-content\\\/uploads\\\/2023\\\/11\\\/BMB10548_Foto-BMB_OeA.jpg?fit=2324%2C1720&ssl=1\",\"datePublished\":\"2023-04-28T09:39:57+00:00\",\"dateModified\":\"2023-12-01T11:40:07+00:00\",\"author\":{\"@id\":\"https:\\\/\\\/www.bachmann-museum.de\\\/#\\\/schema\\\/person\\\/4e0a96d1ed2480e1c23c3d5afb424bee\"},\"breadcrumb\":{\"@id\":\"https:\\\/\\\/www.bachmann-museum.de\\\/?p=3687#breadcrumb\"},\"inLanguage\":\"de\",\"potentialAction\":[{\"@type\":\"ReadAction\",\"target\":[\"https:\\\/\\\/www.bachmann-museum.de\\\/?p=3687\"]}]},{\"@type\":\"ImageObject\",\"inLanguage\":\"de\",\"@id\":\"https:\\\/\\\/www.bachmann-museum.de\\\/?p=3687#primaryimage\",\"url\":\"https:\\\/\\\/i0.wp.com\\\/www.bachmann-museum.de\\\/wp-content\\\/uploads\\\/2023\\\/11\\\/BMB10548_Foto-BMB_OeA.jpg?fit=2324%2C1720&ssl=1\",\"contentUrl\":\"https:\\\/\\\/i0.wp.com\\\/www.bachmann-museum.de\\\/wp-content\\\/uploads\\\/2023\\\/11\\\/BMB10548_Foto-BMB_OeA.jpg?fit=2324%2C1720&ssl=1\",\"width\":2324,\"height\":1720},{\"@type\":\"BreadcrumbList\",\"@id\":\"https:\\\/\\\/www.bachmann-museum.de\\\/?p=3687#breadcrumb\",\"itemListElement\":[{\"@type\":\"ListItem\",\"position\":1,\"name\":\"Start\",\"item\":\"https:\\\/\\\/www.bachmann-museum.de\\\/\"},{\"@type\":\"ListItem\",\"position\":2,\"name\":\"Auf den Spuren der Auswanderer\"}]},{\"@type\":\"WebSite\",\"@id\":\"https:\\\/\\\/www.bachmann-museum.de\\\/#website\",\"url\":\"https:\\\/\\\/www.bachmann-museum.de\\\/\",\"name\":\"Bachmann-Museum Bremerv\u00f6rde\",\"description\":\"\",\"potentialAction\":[{\"@type\":\"SearchAction\",\"target\":{\"@type\":\"EntryPoint\",\"urlTemplate\":\"https:\\\/\\\/www.bachmann-museum.de\\\/?s={search_term_string}\"},\"query-input\":{\"@type\":\"PropertyValueSpecification\",\"valueRequired\":true,\"valueName\":\"search_term_string\"}}],\"inLanguage\":\"de\"},{\"@type\":\"Person\",\"@id\":\"https:\\\/\\\/www.bachmann-museum.de\\\/#\\\/schema\\\/person\\\/4e0a96d1ed2480e1c23c3d5afb424bee\",\"name\":\"Bachmann-Admin_1\",\"image\":{\"@type\":\"ImageObject\",\"inLanguage\":\"de\",\"@id\":\"https:\\\/\\\/secure.gravatar.com\\\/avatar\\\/12b64d40c777adbd0761c887e33f30e0219d4565a9373e68911205fb911bd107?s=96&d=mm&r=g\",\"url\":\"https:\\\/\\\/secure.gravatar.com\\\/avatar\\\/12b64d40c777adbd0761c887e33f30e0219d4565a9373e68911205fb911bd107?s=96&d=mm&r=g\",\"contentUrl\":\"https:\\\/\\\/secure.gravatar.com\\\/avatar\\\/12b64d40c777adbd0761c887e33f30e0219d4565a9373e68911205fb911bd107?s=96&d=mm&r=g\",\"caption\":\"Bachmann-Admin_1\"},\"url\":\"https:\\\/\\\/www.bachmann-museum.de\\\/?author=1\"}]}<\/script>\n<!-- \/ Yoast SEO plugin. -->","yoast_head_json":{"title":"Auf den Spuren der Auswanderer - Bachmann-Museum Bremerv\u00f6rde","robots":{"index":"index","follow":"follow","max-snippet":"max-snippet:-1","max-image-preview":"max-image-preview:large","max-video-preview":"max-video-preview:-1"},"canonical":"https:\/\/www.bachmann-museum.de\/?p=3687","og_locale":"de_DE","og_type":"article","og_title":"Auf den Spuren der Auswanderer - Bachmann-Museum Bremerv\u00f6rde","og_description":"Viele Menschen haben in der Vergangenheit ihre Heimat im zentralen Elbe-Weser-Dreieck zeitweise oder f\u00fcr immer verlassen.\u00a0 Die Stiftung Bachmann-Museum hat in Zusammenarbeit mit Dr. Horst R\u00f6\u00dfler eine Brosch\u00fcre herausgebracht. Unter dem Titel \u201eAuf in die Fremde &#8211; Auswanderung aus dem zentralen Elbe-Weser-Dreieck 1750-1914\u201c befasst sich R\u00f6\u00dfler mit Ursachen und Strukturen der Auswanderungsbewegungen. Er beleuchtet die [&hellip;]","og_url":"https:\/\/www.bachmann-museum.de\/?p=3687","og_site_name":"Bachmann-Museum Bremerv\u00f6rde","article_published_time":"2023-04-28T09:39:57+00:00","article_modified_time":"2023-12-01T11:40:07+00:00","og_image":[{"width":2324,"height":1720,"url":"https:\/\/i0.wp.com\/www.bachmann-museum.de\/wp-content\/uploads\/2023\/11\/BMB10548_Foto-BMB_OeA.jpg?fit=2324%2C1720&ssl=1","type":"image\/jpeg"}],"author":"Bachmann-Admin_1","twitter_card":"summary_large_image","twitter_misc":{"Verfasst von":"Bachmann-Admin_1","Gesch\u00e4tzte Lesezeit":"2\u00a0Minuten"},"schema":{"@context":"https:\/\/schema.org","@graph":[{"@type":"Article","@id":"https:\/\/www.bachmann-museum.de\/?p=3687#article","isPartOf":{"@id":"https:\/\/www.bachmann-museum.de\/?p=3687"},"author":{"name":"Bachmann-Admin_1","@id":"https:\/\/www.bachmann-museum.de\/#\/schema\/person\/4e0a96d1ed2480e1c23c3d5afb424bee"},"headline":"Auf den Spuren der Auswanderer","datePublished":"2023-04-28T09:39:57+00:00","dateModified":"2023-12-01T11:40:07+00:00","mainEntityOfPage":{"@id":"https:\/\/www.bachmann-museum.de\/?p=3687"},"wordCount":476,"image":{"@id":"https:\/\/www.bachmann-museum.de\/?p=3687#primaryimage"},"thumbnailUrl":"https:\/\/i0.wp.com\/www.bachmann-museum.de\/wp-content\/uploads\/2023\/11\/BMB10548_Foto-BMB_OeA.jpg?fit=2324%2C1720&ssl=1","articleSection":["Aktuelles"],"inLanguage":"de"},{"@type":"WebPage","@id":"https:\/\/www.bachmann-museum.de\/?p=3687","url":"https:\/\/www.bachmann-museum.de\/?p=3687","name":"Auf den Spuren der Auswanderer - Bachmann-Museum Bremerv\u00f6rde","isPartOf":{"@id":"https:\/\/www.bachmann-museum.de\/#website"},"primaryImageOfPage":{"@id":"https:\/\/www.bachmann-museum.de\/?p=3687#primaryimage"},"image":{"@id":"https:\/\/www.bachmann-museum.de\/?p=3687#primaryimage"},"thumbnailUrl":"https:\/\/i0.wp.com\/www.bachmann-museum.de\/wp-content\/uploads\/2023\/11\/BMB10548_Foto-BMB_OeA.jpg?fit=2324%2C1720&ssl=1","datePublished":"2023-04-28T09:39:57+00:00","dateModified":"2023-12-01T11:40:07+00:00","author":{"@id":"https:\/\/www.bachmann-museum.de\/#\/schema\/person\/4e0a96d1ed2480e1c23c3d5afb424bee"},"breadcrumb":{"@id":"https:\/\/www.bachmann-museum.de\/?p=3687#breadcrumb"},"inLanguage":"de","potentialAction":[{"@type":"ReadAction","target":["https:\/\/www.bachmann-museum.de\/?p=3687"]}]},{"@type":"ImageObject","inLanguage":"de","@id":"https:\/\/www.bachmann-museum.de\/?p=3687#primaryimage","url":"https:\/\/i0.wp.com\/www.bachmann-museum.de\/wp-content\/uploads\/2023\/11\/BMB10548_Foto-BMB_OeA.jpg?fit=2324%2C1720&ssl=1","contentUrl":"https:\/\/i0.wp.com\/www.bachmann-museum.de\/wp-content\/uploads\/2023\/11\/BMB10548_Foto-BMB_OeA.jpg?fit=2324%2C1720&ssl=1","width":2324,"height":1720},{"@type":"BreadcrumbList","@id":"https:\/\/www.bachmann-museum.de\/?p=3687#breadcrumb","itemListElement":[{"@type":"ListItem","position":1,"name":"Start","item":"https:\/\/www.bachmann-museum.de\/"},{"@type":"ListItem","position":2,"name":"Auf den Spuren der Auswanderer"}]},{"@type":"WebSite","@id":"https:\/\/www.bachmann-museum.de\/#website","url":"https:\/\/www.bachmann-museum.de\/","name":"Bachmann-Museum Bremerv\u00f6rde","description":"","potentialAction":[{"@type":"SearchAction","target":{"@type":"EntryPoint","urlTemplate":"https:\/\/www.bachmann-museum.de\/?s={search_term_string}"},"query-input":{"@type":"PropertyValueSpecification","valueRequired":true,"valueName":"search_term_string"}}],"inLanguage":"de"},{"@type":"Person","@id":"https:\/\/www.bachmann-museum.de\/#\/schema\/person\/4e0a96d1ed2480e1c23c3d5afb424bee","name":"Bachmann-Admin_1","image":{"@type":"ImageObject","inLanguage":"de","@id":"https:\/\/secure.gravatar.com\/avatar\/12b64d40c777adbd0761c887e33f30e0219d4565a9373e68911205fb911bd107?s=96&d=mm&r=g","url":"https:\/\/secure.gravatar.com\/avatar\/12b64d40c777adbd0761c887e33f30e0219d4565a9373e68911205fb911bd107?s=96&d=mm&r=g","contentUrl":"https:\/\/secure.gravatar.com\/avatar\/12b64d40c777adbd0761c887e33f30e0219d4565a9373e68911205fb911bd107?s=96&d=mm&r=g","caption":"Bachmann-Admin_1"},"url":"https:\/\/www.bachmann-museum.de\/?author=1"}]}},"jetpack_featured_media_url":"https:\/\/i0.wp.com\/www.bachmann-museum.de\/wp-content\/uploads\/2023\/11\/BMB10548_Foto-BMB_OeA.jpg?fit=2324%2C1720&ssl=1","jetpack_sharing_enabled":true,"jetpack_shortlink":"https:\/\/wp.me\/p5DgYi-Xt","jetpack-related-posts":[],"_links":{"self":[{"href":"https:\/\/www.bachmann-museum.de\/index.php?rest_route=\/wp\/v2\/posts\/3687","targetHints":{"allow":["GET"]}}],"collection":[{"href":"https:\/\/www.bachmann-museum.de\/index.php?rest_route=\/wp\/v2\/posts"}],"about":[{"href":"https:\/\/www.bachmann-museum.de\/index.php?rest_route=\/wp\/v2\/types\/post"}],"author":[{"embeddable":true,"href":"https:\/\/www.bachmann-museum.de\/index.php?rest_route=\/wp\/v2\/users\/1"}],"replies":[{"embeddable":true,"href":"https:\/\/www.bachmann-museum.de\/index.php?rest_route=%2Fwp%2Fv2%2Fcomments&post=3687"}],"version-history":[{"count":25,"href":"https:\/\/www.bachmann-museum.de\/index.php?rest_route=\/wp\/v2\/posts\/3687\/revisions"}],"predecessor-version":[{"id":3897,"href":"https:\/\/www.bachmann-museum.de\/index.php?rest_route=\/wp\/v2\/posts\/3687\/revisions\/3897"}],"wp:featuredmedia":[{"embeddable":true,"href":"https:\/\/www.bachmann-museum.de\/index.php?rest_route=\/wp\/v2\/media\/3796"}],"wp:attachment":[{"href":"https:\/\/www.bachmann-museum.de\/index.php?rest_route=%2Fwp%2Fv2%2Fmedia&parent=3687"}],"wp:term":[{"taxonomy":"category","embeddable":true,"href":"https:\/\/www.bachmann-museum.de\/index.php?rest_route=%2Fwp%2Fv2%2Fcategories&post=3687"},{"taxonomy":"post_tag","embeddable":true,"href":"https:\/\/www.bachmann-museum.de\/index.php?rest_route=%2Fwp%2Fv2%2Ftags&post=3687"}],"curies":[{"name":"wp","href":"https:\/\/api.w.org\/{rel}","templated":true}]}}