{"id":3622,"date":"2022-12-13T14:00:00","date_gmt":"2022-12-13T12:00:00","guid":{"rendered":"https:\/\/www.bachmann-museum.de\/?p=3622"},"modified":"2022-12-13T14:01:34","modified_gmt":"2022-12-13T12:01:34","slug":"die-umlagerung-der-museumsbestaende-beginnt","status":"publish","type":"post","link":"https:\/\/www.bachmann-museum.de\/?p=3622","title":{"rendered":"Die Umlagerung der Museumsbest\u00e4nde beginnt"},"content":{"rendered":"<p><strong>Landkreis und Bachmann-Museum erarbeiten gemeinsam den aufw\u00e4ndigen Projektablauf.<br \/>\n<\/strong><\/p>\n<p><strong>In den kommenden Tagen startet ein gro\u00dfes Umlagerungsprojekt des Bachmann-Museums. Die auf dem Dachboden des Museumsgeb\u00e4udes untergebrachten Objekte zur Geologie und Arch\u00e4ologie des zentralen Elbe-Weser-Dreiecks werden zun\u00e4chst in das Erdgeschoss des Geb\u00e4udes umgelagert, um sie auf den Auszug aus dem Geb\u00e4ude vorzubereiten. Erm\u00f6glicht wird dieses Projekt durch die finanzielle Zuwendung des Landkreis Rotenburg (W\u00fcmme). \u00a0<\/strong><\/p>\n<p>Ein Bauger\u00fcst vor dem Giebel des Museumsgeb\u00e4udes ist das sichtbare Zeichen f\u00fcr den Start: bereits seit einigen Monaten bereitet die Stiftung Bachmann-Museum zusammen mit dem Landkreis Rotenburg (W\u00fcmme) die Umlagerung der Museumsobjekte aus dem Dachgeschoss in das Erdgeschoss des Geb\u00e4udes vor.<\/p>\n<p>Vor etwa 20 Jahren war das Dachgeschoss vom Landkreis Rotenburg (W\u00fcmme) als Depotfl\u00e4che f\u00fcr die geologische und arch\u00e4ologische Sammlung der Stiftung ausgebaut worden. Seitdem lagern dort etwa 12.000 geologische und 25.000 arch\u00e4ologische Objekte in sorgf\u00e4ltig beschrifteten Kartonagen.<\/p>\n<p>Zwischenzeitlich war auf dem Dachboden eine Belastung mit Lindan und PCP festgestellt worden, die vermutlich auf die fr\u00fchere Verwendung von Holzschutzmitteln am historischen Dachstuhl zur\u00fcckzuf\u00fchren ist. Auch der sich in den Jahren angesammelte Staub und die vielen Kartons sind inzwischen von dieser Kontamination betroffen. Seitdem darf der Dachboden nur noch kurz und mit Schutzkleidung betreten werden. Dabei hatten Stiftung und Landkreis noch Gl\u00fcck im Ungl\u00fcck, denn die Kartonagen haben die Objekte voraussichtlich vor dieser Kontamination gesch\u00fctzt. Die Verpackungen m\u00fcssen allerdings komplett ausgetauscht werden.<\/p>\n<p>Mit dem Aufbau des Ger\u00fcstes startet nun ein aufw\u00e4ndiger und durchorganisierter Prozess, f\u00fcr den der Landkreis die ehemaligen Wohnungen im Museumsgeb\u00e4ude zur Verf\u00fcgung stellt und die hierf\u00fcr zus\u00e4tzlich erforderliche technische Ausr\u00fcstung bereitgestellt hat. Die Objekte werden nach und nach in den Kartons \u00fcber die Luke am Giebel vom Dachboden nach unten transportiert und in einem abgetrennten Bereich im Geb\u00e4ude durch eine Spezialfirma von dem Staub gereinigt. Anschlie\u00dfend verpacken die Mitarbeiter des Museums die Objekte in neue Kartonagen. Damit keine Informationen verloren gehen, dokumentieren sie die Beschriftung auf jedem Karton und \u00fcbernehmen diese Informationen in die Datenbank des Museums. Anschlie\u00dfend werden die Kartons f\u00fcr den Auszug aus dem Geb\u00e4ude in Transportbeh\u00e4lter verpackt und in einem inzwischen ausger\u00e4umten Ausstellungsbereich gelagert.<\/p>\n<p>Gemeinsam mit dem Landkreis, mit einem Ingenieur f\u00fcr Arbeitssicherheit und Gefahrstoff-Spezialisten ist dieser Prozess in den letzten Monaten entwickelt worden. Er wird auch im Laufe des Projektes immer wieder \u00fcberpr\u00fcft, um allen Beteiligten ein sicheres Arbeiten zu erm\u00f6glichen.<\/p>\n<p>Bis voraussichtlich in das Fr\u00fchjahr hinein sind die Arbeiten geplant. \u201eObwohl uns die gro\u00dfe Zahl an Objekten, die wir bearbeiten, noch sehr viel Respekt einfl\u00f6\u00dft, freuen wir uns auf die kommenden Monate, in denen wir endlich wieder mit diesem bedeutenden Teil unserer Sammlungen arbeiten k\u00f6nnen. Nur durch die finanzielle Zuwendung des Landkreises und durch die Unterst\u00fctzung von vielen Mitarbeitern des Landkreises ist diese gro\u00dfe Herausforderung f\u00fcr uns \u00fcberhaupt umsetzbar\u201c betont Museumsleiterin Ellen Horstrup.<\/p>\n","protected":false},"excerpt":{"rendered":"<p>Landkreis und Bachmann-Museum erarbeiten gemeinsam den aufw\u00e4ndigen Projektablauf. In den kommenden Tagen startet ein gro\u00dfes Umlagerungsprojekt des Bachmann-Museums. Die auf dem Dachboden des Museumsgeb\u00e4udes untergebrachten Objekte zur Geologie und Arch\u00e4ologie des zentralen Elbe-Weser-Dreiecks werden zun\u00e4chst in das Erdgeschoss des Geb\u00e4udes umgelagert, um sie auf den Auszug aus dem Geb\u00e4ude vorzubereiten. Erm\u00f6glicht wird dieses Projekt durch [&hellip;]<\/p>\n","protected":false},"author":1,"featured_media":3616,"comment_status":"closed","ping_status":"open","sticky":false,"template":"","format":"standard","meta":{"_jetpack_newsletter_access":"","_jetpack_dont_email_post_to_subs":false,"_jetpack_newsletter_tier_id":0,"_jetpack_memberships_contains_paywalled_content":false,"_jetpack_memberships_contains_paid_content":false,"footnotes":""},"categories":[1],"tags":[],"class_list":["post-3622","post","type-post","status-publish","format-standard","has-post-thumbnail","hentry","category-allgemein"],"yoast_head":"<!-- This site is optimized with the Yoast SEO plugin v27.4 - https:\/\/yoast.com\/product\/yoast-seo-wordpress\/ -->\n<title>Die Umlagerung der Museumsbest\u00e4nde beginnt - Bachmann-Museum Bremerv\u00f6rde<\/title>\n<meta name=\"robots\" content=\"index, follow, max-snippet:-1, max-image-preview:large, max-video-preview:-1\" \/>\n<link rel=\"canonical\" href=\"https:\/\/www.bachmann-museum.de\/?p=3622\" \/>\n<meta property=\"og:locale\" content=\"de_DE\" \/>\n<meta property=\"og:type\" content=\"article\" \/>\n<meta property=\"og:title\" content=\"Die Umlagerung der Museumsbest\u00e4nde beginnt - Bachmann-Museum Bremerv\u00f6rde\" \/>\n<meta property=\"og:description\" content=\"Landkreis und Bachmann-Museum erarbeiten gemeinsam den aufw\u00e4ndigen Projektablauf. In den kommenden Tagen startet ein gro\u00dfes Umlagerungsprojekt des Bachmann-Museums. Die auf dem Dachboden des Museumsgeb\u00e4udes untergebrachten Objekte zur Geologie und Arch\u00e4ologie des zentralen Elbe-Weser-Dreiecks werden zun\u00e4chst in das Erdgeschoss des Geb\u00e4udes umgelagert, um sie auf den Auszug aus dem Geb\u00e4ude vorzubereiten. Erm\u00f6glicht wird dieses Projekt durch [&hellip;]\" \/>\n<meta property=\"og:url\" content=\"https:\/\/www.bachmann-museum.de\/?p=3622\" \/>\n<meta property=\"og:site_name\" content=\"Bachmann-Museum Bremerv\u00f6rde\" \/>\n<meta property=\"article:published_time\" content=\"2022-12-13T12:00:00+00:00\" \/>\n<meta property=\"article:modified_time\" content=\"2022-12-13T12:01:34+00:00\" \/>\n<meta property=\"og:image\" content=\"https:\/\/i0.wp.com\/www.bachmann-museum.de\/wp-content\/uploads\/2022\/12\/Geruestaufbau_Bachmann_Museum-24_11_2022-scaled.jpg?fit=2560%2C1707&ssl=1\" \/>\n\t<meta property=\"og:image:width\" content=\"2560\" \/>\n\t<meta property=\"og:image:height\" content=\"1707\" \/>\n\t<meta property=\"og:image:type\" content=\"image\/jpeg\" \/>\n<meta name=\"author\" content=\"Bachmann-Admin_1\" \/>\n<meta name=\"twitter:card\" content=\"summary_large_image\" \/>\n<meta name=\"twitter:label1\" content=\"Verfasst von\" \/>\n\t<meta name=\"twitter:data1\" content=\"Bachmann-Admin_1\" \/>\n\t<meta name=\"twitter:label2\" content=\"Gesch\u00e4tzte Lesezeit\" \/>\n\t<meta name=\"twitter:data2\" content=\"3\u00a0Minuten\" \/>\n<script type=\"application\/ld+json\" class=\"yoast-schema-graph\">{\"@context\":\"https:\\\/\\\/schema.org\",\"@graph\":[{\"@type\":\"Article\",\"@id\":\"https:\\\/\\\/www.bachmann-museum.de\\\/?p=3622#article\",\"isPartOf\":{\"@id\":\"https:\\\/\\\/www.bachmann-museum.de\\\/?p=3622\"},\"author\":{\"name\":\"Bachmann-Admin_1\",\"@id\":\"https:\\\/\\\/www.bachmann-museum.de\\\/#\\\/schema\\\/person\\\/4e0a96d1ed2480e1c23c3d5afb424bee\"},\"headline\":\"Die Umlagerung der Museumsbest\u00e4nde beginnt\",\"datePublished\":\"2022-12-13T12:00:00+00:00\",\"dateModified\":\"2022-12-13T12:01:34+00:00\",\"mainEntityOfPage\":{\"@id\":\"https:\\\/\\\/www.bachmann-museum.de\\\/?p=3622\"},\"wordCount\":507,\"image\":{\"@id\":\"https:\\\/\\\/www.bachmann-museum.de\\\/?p=3622#primaryimage\"},\"thumbnailUrl\":\"https:\\\/\\\/i0.wp.com\\\/www.bachmann-museum.de\\\/wp-content\\\/uploads\\\/2022\\\/12\\\/Geruestaufbau_Bachmann_Museum-24_11_2022-scaled.jpg?fit=2560%2C1707&ssl=1\",\"inLanguage\":\"de\"},{\"@type\":\"WebPage\",\"@id\":\"https:\\\/\\\/www.bachmann-museum.de\\\/?p=3622\",\"url\":\"https:\\\/\\\/www.bachmann-museum.de\\\/?p=3622\",\"name\":\"Die Umlagerung der Museumsbest\u00e4nde beginnt - Bachmann-Museum Bremerv\u00f6rde\",\"isPartOf\":{\"@id\":\"https:\\\/\\\/www.bachmann-museum.de\\\/#website\"},\"primaryImageOfPage\":{\"@id\":\"https:\\\/\\\/www.bachmann-museum.de\\\/?p=3622#primaryimage\"},\"image\":{\"@id\":\"https:\\\/\\\/www.bachmann-museum.de\\\/?p=3622#primaryimage\"},\"thumbnailUrl\":\"https:\\\/\\\/i0.wp.com\\\/www.bachmann-museum.de\\\/wp-content\\\/uploads\\\/2022\\\/12\\\/Geruestaufbau_Bachmann_Museum-24_11_2022-scaled.jpg?fit=2560%2C1707&ssl=1\",\"datePublished\":\"2022-12-13T12:00:00+00:00\",\"dateModified\":\"2022-12-13T12:01:34+00:00\",\"author\":{\"@id\":\"https:\\\/\\\/www.bachmann-museum.de\\\/#\\\/schema\\\/person\\\/4e0a96d1ed2480e1c23c3d5afb424bee\"},\"breadcrumb\":{\"@id\":\"https:\\\/\\\/www.bachmann-museum.de\\\/?p=3622#breadcrumb\"},\"inLanguage\":\"de\",\"potentialAction\":[{\"@type\":\"ReadAction\",\"target\":[\"https:\\\/\\\/www.bachmann-museum.de\\\/?p=3622\"]}]},{\"@type\":\"ImageObject\",\"inLanguage\":\"de\",\"@id\":\"https:\\\/\\\/www.bachmann-museum.de\\\/?p=3622#primaryimage\",\"url\":\"https:\\\/\\\/i0.wp.com\\\/www.bachmann-museum.de\\\/wp-content\\\/uploads\\\/2022\\\/12\\\/Geruestaufbau_Bachmann_Museum-24_11_2022-scaled.jpg?fit=2560%2C1707&ssl=1\",\"contentUrl\":\"https:\\\/\\\/i0.wp.com\\\/www.bachmann-museum.de\\\/wp-content\\\/uploads\\\/2022\\\/12\\\/Geruestaufbau_Bachmann_Museum-24_11_2022-scaled.jpg?fit=2560%2C1707&ssl=1\",\"width\":2560,\"height\":1707},{\"@type\":\"BreadcrumbList\",\"@id\":\"https:\\\/\\\/www.bachmann-museum.de\\\/?p=3622#breadcrumb\",\"itemListElement\":[{\"@type\":\"ListItem\",\"position\":1,\"name\":\"Start\",\"item\":\"https:\\\/\\\/www.bachmann-museum.de\\\/\"},{\"@type\":\"ListItem\",\"position\":2,\"name\":\"Die Umlagerung der Museumsbest\u00e4nde beginnt\"}]},{\"@type\":\"WebSite\",\"@id\":\"https:\\\/\\\/www.bachmann-museum.de\\\/#website\",\"url\":\"https:\\\/\\\/www.bachmann-museum.de\\\/\",\"name\":\"Bachmann-Museum Bremerv\u00f6rde\",\"description\":\"\",\"potentialAction\":[{\"@type\":\"SearchAction\",\"target\":{\"@type\":\"EntryPoint\",\"urlTemplate\":\"https:\\\/\\\/www.bachmann-museum.de\\\/?s={search_term_string}\"},\"query-input\":{\"@type\":\"PropertyValueSpecification\",\"valueRequired\":true,\"valueName\":\"search_term_string\"}}],\"inLanguage\":\"de\"},{\"@type\":\"Person\",\"@id\":\"https:\\\/\\\/www.bachmann-museum.de\\\/#\\\/schema\\\/person\\\/4e0a96d1ed2480e1c23c3d5afb424bee\",\"name\":\"Bachmann-Admin_1\",\"image\":{\"@type\":\"ImageObject\",\"inLanguage\":\"de\",\"@id\":\"https:\\\/\\\/secure.gravatar.com\\\/avatar\\\/12b64d40c777adbd0761c887e33f30e0219d4565a9373e68911205fb911bd107?s=96&d=mm&r=g\",\"url\":\"https:\\\/\\\/secure.gravatar.com\\\/avatar\\\/12b64d40c777adbd0761c887e33f30e0219d4565a9373e68911205fb911bd107?s=96&d=mm&r=g\",\"contentUrl\":\"https:\\\/\\\/secure.gravatar.com\\\/avatar\\\/12b64d40c777adbd0761c887e33f30e0219d4565a9373e68911205fb911bd107?s=96&d=mm&r=g\",\"caption\":\"Bachmann-Admin_1\"},\"url\":\"https:\\\/\\\/www.bachmann-museum.de\\\/?author=1\"}]}<\/script>\n<!-- \/ Yoast SEO plugin. -->","yoast_head_json":{"title":"Die Umlagerung der Museumsbest\u00e4nde beginnt - Bachmann-Museum Bremerv\u00f6rde","robots":{"index":"index","follow":"follow","max-snippet":"max-snippet:-1","max-image-preview":"max-image-preview:large","max-video-preview":"max-video-preview:-1"},"canonical":"https:\/\/www.bachmann-museum.de\/?p=3622","og_locale":"de_DE","og_type":"article","og_title":"Die Umlagerung der Museumsbest\u00e4nde beginnt - Bachmann-Museum Bremerv\u00f6rde","og_description":"Landkreis und Bachmann-Museum erarbeiten gemeinsam den aufw\u00e4ndigen Projektablauf. In den kommenden Tagen startet ein gro\u00dfes Umlagerungsprojekt des Bachmann-Museums. Die auf dem Dachboden des Museumsgeb\u00e4udes untergebrachten Objekte zur Geologie und Arch\u00e4ologie des zentralen Elbe-Weser-Dreiecks werden zun\u00e4chst in das Erdgeschoss des Geb\u00e4udes umgelagert, um sie auf den Auszug aus dem Geb\u00e4ude vorzubereiten. Erm\u00f6glicht wird dieses Projekt durch [&hellip;]","og_url":"https:\/\/www.bachmann-museum.de\/?p=3622","og_site_name":"Bachmann-Museum Bremerv\u00f6rde","article_published_time":"2022-12-13T12:00:00+00:00","article_modified_time":"2022-12-13T12:01:34+00:00","og_image":[{"width":2560,"height":1707,"url":"https:\/\/i0.wp.com\/www.bachmann-museum.de\/wp-content\/uploads\/2022\/12\/Geruestaufbau_Bachmann_Museum-24_11_2022-scaled.jpg?fit=2560%2C1707&ssl=1","type":"image\/jpeg"}],"author":"Bachmann-Admin_1","twitter_card":"summary_large_image","twitter_misc":{"Verfasst von":"Bachmann-Admin_1","Gesch\u00e4tzte Lesezeit":"3\u00a0Minuten"},"schema":{"@context":"https:\/\/schema.org","@graph":[{"@type":"Article","@id":"https:\/\/www.bachmann-museum.de\/?p=3622#article","isPartOf":{"@id":"https:\/\/www.bachmann-museum.de\/?p=3622"},"author":{"name":"Bachmann-Admin_1","@id":"https:\/\/www.bachmann-museum.de\/#\/schema\/person\/4e0a96d1ed2480e1c23c3d5afb424bee"},"headline":"Die Umlagerung der Museumsbest\u00e4nde beginnt","datePublished":"2022-12-13T12:00:00+00:00","dateModified":"2022-12-13T12:01:34+00:00","mainEntityOfPage":{"@id":"https:\/\/www.bachmann-museum.de\/?p=3622"},"wordCount":507,"image":{"@id":"https:\/\/www.bachmann-museum.de\/?p=3622#primaryimage"},"thumbnailUrl":"https:\/\/i0.wp.com\/www.bachmann-museum.de\/wp-content\/uploads\/2022\/12\/Geruestaufbau_Bachmann_Museum-24_11_2022-scaled.jpg?fit=2560%2C1707&ssl=1","inLanguage":"de"},{"@type":"WebPage","@id":"https:\/\/www.bachmann-museum.de\/?p=3622","url":"https:\/\/www.bachmann-museum.de\/?p=3622","name":"Die Umlagerung der Museumsbest\u00e4nde beginnt - Bachmann-Museum Bremerv\u00f6rde","isPartOf":{"@id":"https:\/\/www.bachmann-museum.de\/#website"},"primaryImageOfPage":{"@id":"https:\/\/www.bachmann-museum.de\/?p=3622#primaryimage"},"image":{"@id":"https:\/\/www.bachmann-museum.de\/?p=3622#primaryimage"},"thumbnailUrl":"https:\/\/i0.wp.com\/www.bachmann-museum.de\/wp-content\/uploads\/2022\/12\/Geruestaufbau_Bachmann_Museum-24_11_2022-scaled.jpg?fit=2560%2C1707&ssl=1","datePublished":"2022-12-13T12:00:00+00:00","dateModified":"2022-12-13T12:01:34+00:00","author":{"@id":"https:\/\/www.bachmann-museum.de\/#\/schema\/person\/4e0a96d1ed2480e1c23c3d5afb424bee"},"breadcrumb":{"@id":"https:\/\/www.bachmann-museum.de\/?p=3622#breadcrumb"},"inLanguage":"de","potentialAction":[{"@type":"ReadAction","target":["https:\/\/www.bachmann-museum.de\/?p=3622"]}]},{"@type":"ImageObject","inLanguage":"de","@id":"https:\/\/www.bachmann-museum.de\/?p=3622#primaryimage","url":"https:\/\/i0.wp.com\/www.bachmann-museum.de\/wp-content\/uploads\/2022\/12\/Geruestaufbau_Bachmann_Museum-24_11_2022-scaled.jpg?fit=2560%2C1707&ssl=1","contentUrl":"https:\/\/i0.wp.com\/www.bachmann-museum.de\/wp-content\/uploads\/2022\/12\/Geruestaufbau_Bachmann_Museum-24_11_2022-scaled.jpg?fit=2560%2C1707&ssl=1","width":2560,"height":1707},{"@type":"BreadcrumbList","@id":"https:\/\/www.bachmann-museum.de\/?p=3622#breadcrumb","itemListElement":[{"@type":"ListItem","position":1,"name":"Start","item":"https:\/\/www.bachmann-museum.de\/"},{"@type":"ListItem","position":2,"name":"Die Umlagerung der Museumsbest\u00e4nde beginnt"}]},{"@type":"WebSite","@id":"https:\/\/www.bachmann-museum.de\/#website","url":"https:\/\/www.bachmann-museum.de\/","name":"Bachmann-Museum Bremerv\u00f6rde","description":"","potentialAction":[{"@type":"SearchAction","target":{"@type":"EntryPoint","urlTemplate":"https:\/\/www.bachmann-museum.de\/?s={search_term_string}"},"query-input":{"@type":"PropertyValueSpecification","valueRequired":true,"valueName":"search_term_string"}}],"inLanguage":"de"},{"@type":"Person","@id":"https:\/\/www.bachmann-museum.de\/#\/schema\/person\/4e0a96d1ed2480e1c23c3d5afb424bee","name":"Bachmann-Admin_1","image":{"@type":"ImageObject","inLanguage":"de","@id":"https:\/\/secure.gravatar.com\/avatar\/12b64d40c777adbd0761c887e33f30e0219d4565a9373e68911205fb911bd107?s=96&d=mm&r=g","url":"https:\/\/secure.gravatar.com\/avatar\/12b64d40c777adbd0761c887e33f30e0219d4565a9373e68911205fb911bd107?s=96&d=mm&r=g","contentUrl":"https:\/\/secure.gravatar.com\/avatar\/12b64d40c777adbd0761c887e33f30e0219d4565a9373e68911205fb911bd107?s=96&d=mm&r=g","caption":"Bachmann-Admin_1"},"url":"https:\/\/www.bachmann-museum.de\/?author=1"}]}},"jetpack_featured_media_url":"https:\/\/i0.wp.com\/www.bachmann-museum.de\/wp-content\/uploads\/2022\/12\/Geruestaufbau_Bachmann_Museum-24_11_2022-scaled.jpg?fit=2560%2C1707&ssl=1","jetpack_sharing_enabled":true,"jetpack_shortlink":"https:\/\/wp.me\/p5DgYi-Wq","jetpack-related-posts":[],"_links":{"self":[{"href":"https:\/\/www.bachmann-museum.de\/index.php?rest_route=\/wp\/v2\/posts\/3622","targetHints":{"allow":["GET"]}}],"collection":[{"href":"https:\/\/www.bachmann-museum.de\/index.php?rest_route=\/wp\/v2\/posts"}],"about":[{"href":"https:\/\/www.bachmann-museum.de\/index.php?rest_route=\/wp\/v2\/types\/post"}],"author":[{"embeddable":true,"href":"https:\/\/www.bachmann-museum.de\/index.php?rest_route=\/wp\/v2\/users\/1"}],"replies":[{"embeddable":true,"href":"https:\/\/www.bachmann-museum.de\/index.php?rest_route=%2Fwp%2Fv2%2Fcomments&post=3622"}],"version-history":[{"count":2,"href":"https:\/\/www.bachmann-museum.de\/index.php?rest_route=\/wp\/v2\/posts\/3622\/revisions"}],"predecessor-version":[{"id":3624,"href":"https:\/\/www.bachmann-museum.de\/index.php?rest_route=\/wp\/v2\/posts\/3622\/revisions\/3624"}],"wp:featuredmedia":[{"embeddable":true,"href":"https:\/\/www.bachmann-museum.de\/index.php?rest_route=\/wp\/v2\/media\/3616"}],"wp:attachment":[{"href":"https:\/\/www.bachmann-museum.de\/index.php?rest_route=%2Fwp%2Fv2%2Fmedia&parent=3622"}],"wp:term":[{"taxonomy":"category","embeddable":true,"href":"https:\/\/www.bachmann-museum.de\/index.php?rest_route=%2Fwp%2Fv2%2Fcategories&post=3622"},{"taxonomy":"post_tag","embeddable":true,"href":"https:\/\/www.bachmann-museum.de\/index.php?rest_route=%2Fwp%2Fv2%2Ftags&post=3622"}],"curies":[{"name":"wp","href":"https:\/\/api.w.org\/{rel}","templated":true}]}}