{"id":3601,"date":"2022-11-04T11:20:00","date_gmt":"2022-11-04T09:20:00","guid":{"rendered":"https:\/\/www.bachmann-museum.de\/?p=3601"},"modified":"2022-11-04T11:27:34","modified_gmt":"2022-11-04T09:27:34","slug":"blick-hinter-die-kulissen","status":"publish","type":"post","link":"https:\/\/www.bachmann-museum.de\/?p=3601","title":{"rendered":"Blick hinter die Kulissen"},"content":{"rendered":"<p><strong>Projektteam stellt seine Arbeit vor.\u00a0 <\/strong><\/p>\n<p><strong>Die Ausstellung im Bachmann-Museum Bremerv\u00f6rde ist seit Mitte Mai f\u00fcr Besucher*innen geschlossen. F\u00fcr die anstehende Sanierung werden seitdem alle Ausstellungsobjekte auf ihren Auszug aus dem Geb\u00e4ude vorbereitet. Am Sonntag, den 13. November, \u00f6ffnet das Museum noch einmal seine T\u00fcren und l\u00e4dt alle G\u00e4ste zu einem Blick hinter die Kulissen und auf die Arbeit des Museumsteams ein.<\/strong><\/p>\n<p>\u201eViele Menschen fragen mich, was wir eigentlich machen, seitdem das Museum geschlossen hat. Genau das m\u00f6chten wir an dem Tag zeigen, denn f\u00fcr uns hat mit der Schlie\u00dfung der Ausstellung eine sehr spannende und auch arbeitsreiche Zeit begonnen\u201c verr\u00e4t Museumsleiterin Ellen Horstrup. Jedes Objekt der Ausstellung wird auf den Auszug aus dem Geb\u00e4ude vorbereitet. Dabei ist der Umgang mit den sehr empfindlichen geologischen und arch\u00e4ologischen Ausstellungsobjekten eine gro\u00dfe Herausforderung, die von Spezialist*innen \u00fcbernommen wird.<\/p>\n<p>Dank der finanziellen Zuwendung durch den Landkreis Rotenburg (W\u00fcmme) k\u00fcmmern sich die Diplom-Restauratorin Lena Geidner und der Inventarisierungsspezialist Lothar Safier um die Ausstellungsobjekte, wie zum Beispiel die Funde der Moorarch\u00e4ologie, die zu den Glanzlichtern der jetzt geschlossenen Ausstellung geh\u00f6rten. Als Projektkoordinator unterst\u00fctzt au\u00dferdem der Restaurator Tobias Rostig M.A. die aufw\u00e4ndigen Arbeiten.<\/p>\n<p>Warum fassen Museumsmitarbeiter*innen die Objekte nur mit Handschuhen an? Wieso hat jedes Objekt eine Nummer? Worauf muss man beim Verpacken von Museumsobjekten achten? Antworten auf diese und viele andere Fragen geben die Expert*innen in der Zeit von 14:00 bis 17:00 Uhr in den Ausstellungsr\u00e4umen und bieten dabei interessante Einblicke in ihre verantwortungsvolle Arbeit, die sonst von Besucher*innen unbemerkt hinter den Kulissen des Museums stattfindet, aber so wichtig ist.<\/p>\n<p>F\u00fcr die Besucher*innen besteht an diesem Tag die seltene Gelegenheit, einige der spannenden arch\u00e4ologischen Objekte dieser Region au\u00dferhalb der Vitrine zu sehen. Auch der Ausstellungsteil zur Steinzeit im zentralen Elbe-Weser-Dreieck, der zurzeit f\u00fcr die Schulklassenprogramme im Steinzeitlager weiterhin genutzt wird, kann besichtigt werden.<\/p>\n<p><strong>Das Bachmann-Museum hat am 13. November von 14:00 \u2013 17:00 Uhr ge\u00f6ffnet. \u00a0Amtsallee 8 in 27432 Bremerv\u00f6rde. Eintritt: 5,00 \u20ac. Wir bitten darum, im Geb\u00e4ude eine Maske zu tragen. Weitere Informationen unter der Telefonnummer 04761 &#8211; 983 4603 und www.bachmann-museum.de.<\/strong><\/p>\n","protected":false},"excerpt":{"rendered":"<p>Projektteam stellt seine Arbeit vor.\u00a0 Die Ausstellung im Bachmann-Museum Bremerv\u00f6rde ist seit Mitte Mai f\u00fcr Besucher*innen geschlossen. F\u00fcr die anstehende Sanierung werden seitdem alle Ausstellungsobjekte auf ihren Auszug aus dem Geb\u00e4ude vorbereitet. Am Sonntag, den 13. November, \u00f6ffnet das Museum noch einmal seine T\u00fcren und l\u00e4dt alle G\u00e4ste zu einem Blick hinter die Kulissen und [&hellip;]<\/p>\n","protected":false},"author":1,"featured_media":3598,"comment_status":"closed","ping_status":"open","sticky":false,"template":"","format":"standard","meta":{"_jetpack_newsletter_access":"","_jetpack_dont_email_post_to_subs":false,"_jetpack_newsletter_tier_id":0,"_jetpack_memberships_contains_paywalled_content":false,"_jetpack_memberships_contains_paid_content":false,"footnotes":""},"categories":[1],"tags":[],"class_list":["post-3601","post","type-post","status-publish","format-standard","has-post-thumbnail","hentry","category-allgemein"],"yoast_head":"<!-- This site is optimized with the Yoast SEO plugin v27.4 - https:\/\/yoast.com\/product\/yoast-seo-wordpress\/ -->\n<title>Blick hinter die Kulissen - Bachmann-Museum Bremerv\u00f6rde<\/title>\n<meta name=\"robots\" content=\"index, follow, max-snippet:-1, max-image-preview:large, max-video-preview:-1\" \/>\n<link rel=\"canonical\" href=\"https:\/\/www.bachmann-museum.de\/?p=3601\" \/>\n<meta property=\"og:locale\" content=\"de_DE\" \/>\n<meta property=\"og:type\" content=\"article\" \/>\n<meta property=\"og:title\" content=\"Blick hinter die Kulissen - Bachmann-Museum Bremerv\u00f6rde\" \/>\n<meta property=\"og:description\" content=\"Projektteam stellt seine Arbeit vor.\u00a0 Die Ausstellung im Bachmann-Museum Bremerv\u00f6rde ist seit Mitte Mai f\u00fcr Besucher*innen geschlossen. F\u00fcr die anstehende Sanierung werden seitdem alle Ausstellungsobjekte auf ihren Auszug aus dem Geb\u00e4ude vorbereitet. Am Sonntag, den 13. November, \u00f6ffnet das Museum noch einmal seine T\u00fcren und l\u00e4dt alle G\u00e4ste zu einem Blick hinter die Kulissen und [&hellip;]\" \/>\n<meta property=\"og:url\" content=\"https:\/\/www.bachmann-museum.de\/?p=3601\" \/>\n<meta property=\"og:site_name\" content=\"Bachmann-Museum Bremerv\u00f6rde\" \/>\n<meta property=\"article:published_time\" content=\"2022-11-04T09:20:00+00:00\" \/>\n<meta property=\"article:modified_time\" content=\"2022-11-04T09:27:34+00:00\" \/>\n<meta property=\"og:image\" content=\"https:\/\/i0.wp.com\/www.bachmann-museum.de\/wp-content\/uploads\/2022\/11\/PM_Blick-hinter-die-Kulissen_-Safier-Rostig_2022-scaled.jpg?fit=2560%2C1707&ssl=1\" \/>\n\t<meta property=\"og:image:width\" content=\"2560\" \/>\n\t<meta property=\"og:image:height\" content=\"1707\" \/>\n\t<meta property=\"og:image:type\" content=\"image\/jpeg\" \/>\n<meta name=\"author\" content=\"Bachmann-Admin_1\" \/>\n<meta name=\"twitter:card\" content=\"summary_large_image\" \/>\n<meta name=\"twitter:label1\" content=\"Verfasst von\" \/>\n\t<meta name=\"twitter:data1\" content=\"Bachmann-Admin_1\" \/>\n\t<meta name=\"twitter:label2\" content=\"Gesch\u00e4tzte Lesezeit\" \/>\n\t<meta name=\"twitter:data2\" content=\"2\u00a0Minuten\" \/>\n<script type=\"application\/ld+json\" class=\"yoast-schema-graph\">{\"@context\":\"https:\\\/\\\/schema.org\",\"@graph\":[{\"@type\":\"Article\",\"@id\":\"https:\\\/\\\/www.bachmann-museum.de\\\/?p=3601#article\",\"isPartOf\":{\"@id\":\"https:\\\/\\\/www.bachmann-museum.de\\\/?p=3601\"},\"author\":{\"name\":\"Bachmann-Admin_1\",\"@id\":\"https:\\\/\\\/www.bachmann-museum.de\\\/#\\\/schema\\\/person\\\/4e0a96d1ed2480e1c23c3d5afb424bee\"},\"headline\":\"Blick hinter die Kulissen\",\"datePublished\":\"2022-11-04T09:20:00+00:00\",\"dateModified\":\"2022-11-04T09:27:34+00:00\",\"mainEntityOfPage\":{\"@id\":\"https:\\\/\\\/www.bachmann-museum.de\\\/?p=3601\"},\"wordCount\":365,\"image\":{\"@id\":\"https:\\\/\\\/www.bachmann-museum.de\\\/?p=3601#primaryimage\"},\"thumbnailUrl\":\"https:\\\/\\\/i0.wp.com\\\/www.bachmann-museum.de\\\/wp-content\\\/uploads\\\/2022\\\/11\\\/PM_Blick-hinter-die-Kulissen_-Safier-Rostig_2022-scaled.jpg?fit=2560%2C1707&ssl=1\",\"inLanguage\":\"de\"},{\"@type\":\"WebPage\",\"@id\":\"https:\\\/\\\/www.bachmann-museum.de\\\/?p=3601\",\"url\":\"https:\\\/\\\/www.bachmann-museum.de\\\/?p=3601\",\"name\":\"Blick hinter die Kulissen - Bachmann-Museum Bremerv\u00f6rde\",\"isPartOf\":{\"@id\":\"https:\\\/\\\/www.bachmann-museum.de\\\/#website\"},\"primaryImageOfPage\":{\"@id\":\"https:\\\/\\\/www.bachmann-museum.de\\\/?p=3601#primaryimage\"},\"image\":{\"@id\":\"https:\\\/\\\/www.bachmann-museum.de\\\/?p=3601#primaryimage\"},\"thumbnailUrl\":\"https:\\\/\\\/i0.wp.com\\\/www.bachmann-museum.de\\\/wp-content\\\/uploads\\\/2022\\\/11\\\/PM_Blick-hinter-die-Kulissen_-Safier-Rostig_2022-scaled.jpg?fit=2560%2C1707&ssl=1\",\"datePublished\":\"2022-11-04T09:20:00+00:00\",\"dateModified\":\"2022-11-04T09:27:34+00:00\",\"author\":{\"@id\":\"https:\\\/\\\/www.bachmann-museum.de\\\/#\\\/schema\\\/person\\\/4e0a96d1ed2480e1c23c3d5afb424bee\"},\"breadcrumb\":{\"@id\":\"https:\\\/\\\/www.bachmann-museum.de\\\/?p=3601#breadcrumb\"},\"inLanguage\":\"de\",\"potentialAction\":[{\"@type\":\"ReadAction\",\"target\":[\"https:\\\/\\\/www.bachmann-museum.de\\\/?p=3601\"]}]},{\"@type\":\"ImageObject\",\"inLanguage\":\"de\",\"@id\":\"https:\\\/\\\/www.bachmann-museum.de\\\/?p=3601#primaryimage\",\"url\":\"https:\\\/\\\/i0.wp.com\\\/www.bachmann-museum.de\\\/wp-content\\\/uploads\\\/2022\\\/11\\\/PM_Blick-hinter-die-Kulissen_-Safier-Rostig_2022-scaled.jpg?fit=2560%2C1707&ssl=1\",\"contentUrl\":\"https:\\\/\\\/i0.wp.com\\\/www.bachmann-museum.de\\\/wp-content\\\/uploads\\\/2022\\\/11\\\/PM_Blick-hinter-die-Kulissen_-Safier-Rostig_2022-scaled.jpg?fit=2560%2C1707&ssl=1\",\"width\":2560,\"height\":1707},{\"@type\":\"BreadcrumbList\",\"@id\":\"https:\\\/\\\/www.bachmann-museum.de\\\/?p=3601#breadcrumb\",\"itemListElement\":[{\"@type\":\"ListItem\",\"position\":1,\"name\":\"Start\",\"item\":\"https:\\\/\\\/www.bachmann-museum.de\\\/\"},{\"@type\":\"ListItem\",\"position\":2,\"name\":\"Blick hinter die Kulissen\"}]},{\"@type\":\"WebSite\",\"@id\":\"https:\\\/\\\/www.bachmann-museum.de\\\/#website\",\"url\":\"https:\\\/\\\/www.bachmann-museum.de\\\/\",\"name\":\"Bachmann-Museum Bremerv\u00f6rde\",\"description\":\"\",\"potentialAction\":[{\"@type\":\"SearchAction\",\"target\":{\"@type\":\"EntryPoint\",\"urlTemplate\":\"https:\\\/\\\/www.bachmann-museum.de\\\/?s={search_term_string}\"},\"query-input\":{\"@type\":\"PropertyValueSpecification\",\"valueRequired\":true,\"valueName\":\"search_term_string\"}}],\"inLanguage\":\"de\"},{\"@type\":\"Person\",\"@id\":\"https:\\\/\\\/www.bachmann-museum.de\\\/#\\\/schema\\\/person\\\/4e0a96d1ed2480e1c23c3d5afb424bee\",\"name\":\"Bachmann-Admin_1\",\"image\":{\"@type\":\"ImageObject\",\"inLanguage\":\"de\",\"@id\":\"https:\\\/\\\/secure.gravatar.com\\\/avatar\\\/12b64d40c777adbd0761c887e33f30e0219d4565a9373e68911205fb911bd107?s=96&d=mm&r=g\",\"url\":\"https:\\\/\\\/secure.gravatar.com\\\/avatar\\\/12b64d40c777adbd0761c887e33f30e0219d4565a9373e68911205fb911bd107?s=96&d=mm&r=g\",\"contentUrl\":\"https:\\\/\\\/secure.gravatar.com\\\/avatar\\\/12b64d40c777adbd0761c887e33f30e0219d4565a9373e68911205fb911bd107?s=96&d=mm&r=g\",\"caption\":\"Bachmann-Admin_1\"},\"url\":\"https:\\\/\\\/www.bachmann-museum.de\\\/?author=1\"}]}<\/script>\n<!-- \/ Yoast SEO plugin. -->","yoast_head_json":{"title":"Blick hinter die Kulissen - Bachmann-Museum Bremerv\u00f6rde","robots":{"index":"index","follow":"follow","max-snippet":"max-snippet:-1","max-image-preview":"max-image-preview:large","max-video-preview":"max-video-preview:-1"},"canonical":"https:\/\/www.bachmann-museum.de\/?p=3601","og_locale":"de_DE","og_type":"article","og_title":"Blick hinter die Kulissen - Bachmann-Museum Bremerv\u00f6rde","og_description":"Projektteam stellt seine Arbeit vor.\u00a0 Die Ausstellung im Bachmann-Museum Bremerv\u00f6rde ist seit Mitte Mai f\u00fcr Besucher*innen geschlossen. F\u00fcr die anstehende Sanierung werden seitdem alle Ausstellungsobjekte auf ihren Auszug aus dem Geb\u00e4ude vorbereitet. Am Sonntag, den 13. November, \u00f6ffnet das Museum noch einmal seine T\u00fcren und l\u00e4dt alle G\u00e4ste zu einem Blick hinter die Kulissen und [&hellip;]","og_url":"https:\/\/www.bachmann-museum.de\/?p=3601","og_site_name":"Bachmann-Museum Bremerv\u00f6rde","article_published_time":"2022-11-04T09:20:00+00:00","article_modified_time":"2022-11-04T09:27:34+00:00","og_image":[{"width":2560,"height":1707,"url":"https:\/\/i0.wp.com\/www.bachmann-museum.de\/wp-content\/uploads\/2022\/11\/PM_Blick-hinter-die-Kulissen_-Safier-Rostig_2022-scaled.jpg?fit=2560%2C1707&ssl=1","type":"image\/jpeg"}],"author":"Bachmann-Admin_1","twitter_card":"summary_large_image","twitter_misc":{"Verfasst von":"Bachmann-Admin_1","Gesch\u00e4tzte Lesezeit":"2\u00a0Minuten"},"schema":{"@context":"https:\/\/schema.org","@graph":[{"@type":"Article","@id":"https:\/\/www.bachmann-museum.de\/?p=3601#article","isPartOf":{"@id":"https:\/\/www.bachmann-museum.de\/?p=3601"},"author":{"name":"Bachmann-Admin_1","@id":"https:\/\/www.bachmann-museum.de\/#\/schema\/person\/4e0a96d1ed2480e1c23c3d5afb424bee"},"headline":"Blick hinter die Kulissen","datePublished":"2022-11-04T09:20:00+00:00","dateModified":"2022-11-04T09:27:34+00:00","mainEntityOfPage":{"@id":"https:\/\/www.bachmann-museum.de\/?p=3601"},"wordCount":365,"image":{"@id":"https:\/\/www.bachmann-museum.de\/?p=3601#primaryimage"},"thumbnailUrl":"https:\/\/i0.wp.com\/www.bachmann-museum.de\/wp-content\/uploads\/2022\/11\/PM_Blick-hinter-die-Kulissen_-Safier-Rostig_2022-scaled.jpg?fit=2560%2C1707&ssl=1","inLanguage":"de"},{"@type":"WebPage","@id":"https:\/\/www.bachmann-museum.de\/?p=3601","url":"https:\/\/www.bachmann-museum.de\/?p=3601","name":"Blick hinter die Kulissen - Bachmann-Museum Bremerv\u00f6rde","isPartOf":{"@id":"https:\/\/www.bachmann-museum.de\/#website"},"primaryImageOfPage":{"@id":"https:\/\/www.bachmann-museum.de\/?p=3601#primaryimage"},"image":{"@id":"https:\/\/www.bachmann-museum.de\/?p=3601#primaryimage"},"thumbnailUrl":"https:\/\/i0.wp.com\/www.bachmann-museum.de\/wp-content\/uploads\/2022\/11\/PM_Blick-hinter-die-Kulissen_-Safier-Rostig_2022-scaled.jpg?fit=2560%2C1707&ssl=1","datePublished":"2022-11-04T09:20:00+00:00","dateModified":"2022-11-04T09:27:34+00:00","author":{"@id":"https:\/\/www.bachmann-museum.de\/#\/schema\/person\/4e0a96d1ed2480e1c23c3d5afb424bee"},"breadcrumb":{"@id":"https:\/\/www.bachmann-museum.de\/?p=3601#breadcrumb"},"inLanguage":"de","potentialAction":[{"@type":"ReadAction","target":["https:\/\/www.bachmann-museum.de\/?p=3601"]}]},{"@type":"ImageObject","inLanguage":"de","@id":"https:\/\/www.bachmann-museum.de\/?p=3601#primaryimage","url":"https:\/\/i0.wp.com\/www.bachmann-museum.de\/wp-content\/uploads\/2022\/11\/PM_Blick-hinter-die-Kulissen_-Safier-Rostig_2022-scaled.jpg?fit=2560%2C1707&ssl=1","contentUrl":"https:\/\/i0.wp.com\/www.bachmann-museum.de\/wp-content\/uploads\/2022\/11\/PM_Blick-hinter-die-Kulissen_-Safier-Rostig_2022-scaled.jpg?fit=2560%2C1707&ssl=1","width":2560,"height":1707},{"@type":"BreadcrumbList","@id":"https:\/\/www.bachmann-museum.de\/?p=3601#breadcrumb","itemListElement":[{"@type":"ListItem","position":1,"name":"Start","item":"https:\/\/www.bachmann-museum.de\/"},{"@type":"ListItem","position":2,"name":"Blick hinter die Kulissen"}]},{"@type":"WebSite","@id":"https:\/\/www.bachmann-museum.de\/#website","url":"https:\/\/www.bachmann-museum.de\/","name":"Bachmann-Museum Bremerv\u00f6rde","description":"","potentialAction":[{"@type":"SearchAction","target":{"@type":"EntryPoint","urlTemplate":"https:\/\/www.bachmann-museum.de\/?s={search_term_string}"},"query-input":{"@type":"PropertyValueSpecification","valueRequired":true,"valueName":"search_term_string"}}],"inLanguage":"de"},{"@type":"Person","@id":"https:\/\/www.bachmann-museum.de\/#\/schema\/person\/4e0a96d1ed2480e1c23c3d5afb424bee","name":"Bachmann-Admin_1","image":{"@type":"ImageObject","inLanguage":"de","@id":"https:\/\/secure.gravatar.com\/avatar\/12b64d40c777adbd0761c887e33f30e0219d4565a9373e68911205fb911bd107?s=96&d=mm&r=g","url":"https:\/\/secure.gravatar.com\/avatar\/12b64d40c777adbd0761c887e33f30e0219d4565a9373e68911205fb911bd107?s=96&d=mm&r=g","contentUrl":"https:\/\/secure.gravatar.com\/avatar\/12b64d40c777adbd0761c887e33f30e0219d4565a9373e68911205fb911bd107?s=96&d=mm&r=g","caption":"Bachmann-Admin_1"},"url":"https:\/\/www.bachmann-museum.de\/?author=1"}]}},"jetpack_featured_media_url":"https:\/\/i0.wp.com\/www.bachmann-museum.de\/wp-content\/uploads\/2022\/11\/PM_Blick-hinter-die-Kulissen_-Safier-Rostig_2022-scaled.jpg?fit=2560%2C1707&ssl=1","jetpack_sharing_enabled":true,"jetpack_shortlink":"https:\/\/wp.me\/p5DgYi-W5","jetpack-related-posts":[],"_links":{"self":[{"href":"https:\/\/www.bachmann-museum.de\/index.php?rest_route=\/wp\/v2\/posts\/3601","targetHints":{"allow":["GET"]}}],"collection":[{"href":"https:\/\/www.bachmann-museum.de\/index.php?rest_route=\/wp\/v2\/posts"}],"about":[{"href":"https:\/\/www.bachmann-museum.de\/index.php?rest_route=\/wp\/v2\/types\/post"}],"author":[{"embeddable":true,"href":"https:\/\/www.bachmann-museum.de\/index.php?rest_route=\/wp\/v2\/users\/1"}],"replies":[{"embeddable":true,"href":"https:\/\/www.bachmann-museum.de\/index.php?rest_route=%2Fwp%2Fv2%2Fcomments&post=3601"}],"version-history":[{"count":2,"href":"https:\/\/www.bachmann-museum.de\/index.php?rest_route=\/wp\/v2\/posts\/3601\/revisions"}],"predecessor-version":[{"id":3604,"href":"https:\/\/www.bachmann-museum.de\/index.php?rest_route=\/wp\/v2\/posts\/3601\/revisions\/3604"}],"wp:featuredmedia":[{"embeddable":true,"href":"https:\/\/www.bachmann-museum.de\/index.php?rest_route=\/wp\/v2\/media\/3598"}],"wp:attachment":[{"href":"https:\/\/www.bachmann-museum.de\/index.php?rest_route=%2Fwp%2Fv2%2Fmedia&parent=3601"}],"wp:term":[{"taxonomy":"category","embeddable":true,"href":"https:\/\/www.bachmann-museum.de\/index.php?rest_route=%2Fwp%2Fv2%2Fcategories&post=3601"},{"taxonomy":"post_tag","embeddable":true,"href":"https:\/\/www.bachmann-museum.de\/index.php?rest_route=%2Fwp%2Fv2%2Ftags&post=3601"}],"curies":[{"name":"wp","href":"https:\/\/api.w.org\/{rel}","templated":true}]}}