{"id":3502,"date":"2022-06-30T10:19:05","date_gmt":"2022-06-30T08:19:05","guid":{"rendered":"https:\/\/www.bachmann-museum.de\/?p=3502"},"modified":"2022-07-13T08:51:31","modified_gmt":"2022-07-13T06:51:31","slug":"familiennachmittag-im-steinzeitlager","status":"publish","type":"post","link":"https:\/\/www.bachmann-museum.de\/?p=3502","title":{"rendered":"Leider m\u00fcssen wir den Familiennachmittag absagen!"},"content":{"rendered":"<p><strong>Am ersten Ferientag bietet das Bachmann-Museum Bremerv\u00f6rde einen Familientag zum Thema Steinzeit an. Zusammen mit gro\u00dfen und kleinen Besucher*innen begibt sich Museumsp\u00e4dagogin Annette Fischer am Donnerstag, den 14. Juli 2022 von 14:00 bis 17:00 Uhr auf die Spuren der Menschen in der Mittelsteinzeit.<\/strong><\/p>\n<p>Der Familiennachmittag beginnt mit einem Rundgang zu den originalen Funden aus der Region. Im Mittelpunkt steht dabei die Frage, wie die Menschen gelebt haben. Gemeinsam entdecken die Teilnehmenden, welche Tiere in den Epochen der Alt-, Mittel- und Jungsteinzeit gejagt und verarbeitet wurden und welche Werkzeuge genutzt wurden.<\/p>\n<p>Mit diesen neuen Eindr\u00fccken begibt sich die Gruppe an den idyllischen Auesee direkt neben dem Museum. Um einen lebendigen Eindruck vom Alltag in der Steinzeit zu erhalten, werden die gro\u00dfen und kleinen Besucher*innen dort selbst aktiv und probieren nachgebaute steinzeitliche Werkzeuge aus. Sie bauen das Steinzeitlager auf und erkunden, wie ein idealer Lagerplatz ausgesehen hat. Die Teilnehmenden halten das Feuer in Gang, zwirnen B\u00e4nder und bereiten eine Obstspeise zu.<\/p>\n<p>Treffpunkt ist um 14:00 Uhr im Bachmann-Museum, Amtsallee 8, 27432 Bremerv\u00f6rde. Bei starkem Regen findet ein alternatives Programm zur Herstellung von steinzeitlichem Schmuck im Museum statt.<br \/>\nDie Teilnahme kostet f\u00fcr Kinder 4,00 \u20ac, Erwachsene 6,00 \u20ac, Familienkarte (2 Erwachsene und Kinder) 15,00 \u20ac.<\/p>\n<p>Interessierte melden sich bitte unter 04761 \u2013 9834603 an.<\/p>\n","protected":false},"excerpt":{"rendered":"<p>Am ersten Ferientag bietet das Bachmann-Museum Bremerv\u00f6rde einen Familientag zum Thema Steinzeit an. Zusammen mit gro\u00dfen und kleinen Besucher*innen begibt sich Museumsp\u00e4dagogin Annette Fischer am Donnerstag, den 14. Juli 2022 von 14:00 bis 17:00 Uhr auf die Spuren der Menschen in der Mittelsteinzeit. Der Familiennachmittag beginnt mit einem Rundgang zu den originalen Funden aus der [&hellip;]<\/p>\n","protected":false},"author":1,"featured_media":1609,"comment_status":"closed","ping_status":"open","sticky":false,"template":"","format":"standard","meta":{"_jetpack_newsletter_access":"","_jetpack_dont_email_post_to_subs":false,"_jetpack_newsletter_tier_id":0,"_jetpack_memberships_contains_paywalled_content":false,"_jetpack_memberships_contains_paid_content":false,"footnotes":""},"categories":[1],"tags":[],"class_list":["post-3502","post","type-post","status-publish","format-standard","has-post-thumbnail","hentry","category-allgemein"],"yoast_head":"<!-- This site is optimized with the Yoast SEO plugin v27.4 - https:\/\/yoast.com\/product\/yoast-seo-wordpress\/ -->\n<title>Leider m\u00fcssen wir den Familiennachmittag absagen! - Bachmann-Museum Bremerv\u00f6rde<\/title>\n<meta name=\"robots\" content=\"index, follow, max-snippet:-1, max-image-preview:large, max-video-preview:-1\" \/>\n<link rel=\"canonical\" href=\"https:\/\/www.bachmann-museum.de\/?p=3502\" \/>\n<meta property=\"og:locale\" content=\"de_DE\" \/>\n<meta property=\"og:type\" content=\"article\" \/>\n<meta property=\"og:title\" content=\"Leider m\u00fcssen wir den Familiennachmittag absagen! - Bachmann-Museum Bremerv\u00f6rde\" \/>\n<meta property=\"og:description\" content=\"Am ersten Ferientag bietet das Bachmann-Museum Bremerv\u00f6rde einen Familientag zum Thema Steinzeit an. Zusammen mit gro\u00dfen und kleinen Besucher*innen begibt sich Museumsp\u00e4dagogin Annette Fischer am Donnerstag, den 14. Juli 2022 von 14:00 bis 17:00 Uhr auf die Spuren der Menschen in der Mittelsteinzeit. Der Familiennachmittag beginnt mit einem Rundgang zu den originalen Funden aus der [&hellip;]\" \/>\n<meta property=\"og:url\" content=\"https:\/\/www.bachmann-museum.de\/?p=3502\" \/>\n<meta property=\"og:site_name\" content=\"Bachmann-Museum Bremerv\u00f6rde\" \/>\n<meta property=\"article:published_time\" content=\"2022-06-30T08:19:05+00:00\" \/>\n<meta property=\"article:modified_time\" content=\"2022-07-13T06:51:31+00:00\" \/>\n<meta property=\"og:image\" content=\"https:\/\/i0.wp.com\/www.bachmann-museum.de\/wp-content\/uploads\/2017\/07\/IMG_1977-Kopie.jpg?fit=942%2C768&ssl=1\" \/>\n\t<meta property=\"og:image:width\" content=\"942\" \/>\n\t<meta property=\"og:image:height\" content=\"768\" \/>\n\t<meta property=\"og:image:type\" content=\"image\/jpeg\" \/>\n<meta name=\"author\" content=\"Bachmann-Admin_1\" \/>\n<meta name=\"twitter:card\" content=\"summary_large_image\" \/>\n<meta name=\"twitter:label1\" content=\"Verfasst von\" \/>\n\t<meta name=\"twitter:data1\" content=\"Bachmann-Admin_1\" \/>\n\t<meta name=\"twitter:label2\" content=\"Gesch\u00e4tzte Lesezeit\" \/>\n\t<meta name=\"twitter:data2\" content=\"1\u00a0Minute\" \/>\n<script type=\"application\/ld+json\" class=\"yoast-schema-graph\">{\"@context\":\"https:\\\/\\\/schema.org\",\"@graph\":[{\"@type\":\"Article\",\"@id\":\"https:\\\/\\\/www.bachmann-museum.de\\\/?p=3502#article\",\"isPartOf\":{\"@id\":\"https:\\\/\\\/www.bachmann-museum.de\\\/?p=3502\"},\"author\":{\"name\":\"Bachmann-Admin_1\",\"@id\":\"https:\\\/\\\/www.bachmann-museum.de\\\/#\\\/schema\\\/person\\\/4e0a96d1ed2480e1c23c3d5afb424bee\"},\"headline\":\"Leider m\u00fcssen wir den Familiennachmittag absagen!\",\"datePublished\":\"2022-06-30T08:19:05+00:00\",\"dateModified\":\"2022-07-13T06:51:31+00:00\",\"mainEntityOfPage\":{\"@id\":\"https:\\\/\\\/www.bachmann-museum.de\\\/?p=3502\"},\"wordCount\":211,\"image\":{\"@id\":\"https:\\\/\\\/www.bachmann-museum.de\\\/?p=3502#primaryimage\"},\"thumbnailUrl\":\"https:\\\/\\\/i0.wp.com\\\/www.bachmann-museum.de\\\/wp-content\\\/uploads\\\/2017\\\/07\\\/IMG_1977-Kopie.jpg?fit=942%2C768&ssl=1\",\"inLanguage\":\"de\"},{\"@type\":\"WebPage\",\"@id\":\"https:\\\/\\\/www.bachmann-museum.de\\\/?p=3502\",\"url\":\"https:\\\/\\\/www.bachmann-museum.de\\\/?p=3502\",\"name\":\"Leider m\u00fcssen wir den Familiennachmittag absagen! - Bachmann-Museum Bremerv\u00f6rde\",\"isPartOf\":{\"@id\":\"https:\\\/\\\/www.bachmann-museum.de\\\/#website\"},\"primaryImageOfPage\":{\"@id\":\"https:\\\/\\\/www.bachmann-museum.de\\\/?p=3502#primaryimage\"},\"image\":{\"@id\":\"https:\\\/\\\/www.bachmann-museum.de\\\/?p=3502#primaryimage\"},\"thumbnailUrl\":\"https:\\\/\\\/i0.wp.com\\\/www.bachmann-museum.de\\\/wp-content\\\/uploads\\\/2017\\\/07\\\/IMG_1977-Kopie.jpg?fit=942%2C768&ssl=1\",\"datePublished\":\"2022-06-30T08:19:05+00:00\",\"dateModified\":\"2022-07-13T06:51:31+00:00\",\"author\":{\"@id\":\"https:\\\/\\\/www.bachmann-museum.de\\\/#\\\/schema\\\/person\\\/4e0a96d1ed2480e1c23c3d5afb424bee\"},\"breadcrumb\":{\"@id\":\"https:\\\/\\\/www.bachmann-museum.de\\\/?p=3502#breadcrumb\"},\"inLanguage\":\"de\",\"potentialAction\":[{\"@type\":\"ReadAction\",\"target\":[\"https:\\\/\\\/www.bachmann-museum.de\\\/?p=3502\"]}]},{\"@type\":\"ImageObject\",\"inLanguage\":\"de\",\"@id\":\"https:\\\/\\\/www.bachmann-museum.de\\\/?p=3502#primaryimage\",\"url\":\"https:\\\/\\\/i0.wp.com\\\/www.bachmann-museum.de\\\/wp-content\\\/uploads\\\/2017\\\/07\\\/IMG_1977-Kopie.jpg?fit=942%2C768&ssl=1\",\"contentUrl\":\"https:\\\/\\\/i0.wp.com\\\/www.bachmann-museum.de\\\/wp-content\\\/uploads\\\/2017\\\/07\\\/IMG_1977-Kopie.jpg?fit=942%2C768&ssl=1\",\"width\":942,\"height\":768},{\"@type\":\"BreadcrumbList\",\"@id\":\"https:\\\/\\\/www.bachmann-museum.de\\\/?p=3502#breadcrumb\",\"itemListElement\":[{\"@type\":\"ListItem\",\"position\":1,\"name\":\"Start\",\"item\":\"https:\\\/\\\/www.bachmann-museum.de\\\/\"},{\"@type\":\"ListItem\",\"position\":2,\"name\":\"Leider m\u00fcssen wir den Familiennachmittag absagen!\"}]},{\"@type\":\"WebSite\",\"@id\":\"https:\\\/\\\/www.bachmann-museum.de\\\/#website\",\"url\":\"https:\\\/\\\/www.bachmann-museum.de\\\/\",\"name\":\"Bachmann-Museum Bremerv\u00f6rde\",\"description\":\"\",\"potentialAction\":[{\"@type\":\"SearchAction\",\"target\":{\"@type\":\"EntryPoint\",\"urlTemplate\":\"https:\\\/\\\/www.bachmann-museum.de\\\/?s={search_term_string}\"},\"query-input\":{\"@type\":\"PropertyValueSpecification\",\"valueRequired\":true,\"valueName\":\"search_term_string\"}}],\"inLanguage\":\"de\"},{\"@type\":\"Person\",\"@id\":\"https:\\\/\\\/www.bachmann-museum.de\\\/#\\\/schema\\\/person\\\/4e0a96d1ed2480e1c23c3d5afb424bee\",\"name\":\"Bachmann-Admin_1\",\"image\":{\"@type\":\"ImageObject\",\"inLanguage\":\"de\",\"@id\":\"https:\\\/\\\/secure.gravatar.com\\\/avatar\\\/12b64d40c777adbd0761c887e33f30e0219d4565a9373e68911205fb911bd107?s=96&d=mm&r=g\",\"url\":\"https:\\\/\\\/secure.gravatar.com\\\/avatar\\\/12b64d40c777adbd0761c887e33f30e0219d4565a9373e68911205fb911bd107?s=96&d=mm&r=g\",\"contentUrl\":\"https:\\\/\\\/secure.gravatar.com\\\/avatar\\\/12b64d40c777adbd0761c887e33f30e0219d4565a9373e68911205fb911bd107?s=96&d=mm&r=g\",\"caption\":\"Bachmann-Admin_1\"},\"url\":\"https:\\\/\\\/www.bachmann-museum.de\\\/?author=1\"}]}<\/script>\n<!-- \/ Yoast SEO plugin. -->","yoast_head_json":{"title":"Leider m\u00fcssen wir den Familiennachmittag absagen! - Bachmann-Museum Bremerv\u00f6rde","robots":{"index":"index","follow":"follow","max-snippet":"max-snippet:-1","max-image-preview":"max-image-preview:large","max-video-preview":"max-video-preview:-1"},"canonical":"https:\/\/www.bachmann-museum.de\/?p=3502","og_locale":"de_DE","og_type":"article","og_title":"Leider m\u00fcssen wir den Familiennachmittag absagen! - Bachmann-Museum Bremerv\u00f6rde","og_description":"Am ersten Ferientag bietet das Bachmann-Museum Bremerv\u00f6rde einen Familientag zum Thema Steinzeit an. Zusammen mit gro\u00dfen und kleinen Besucher*innen begibt sich Museumsp\u00e4dagogin Annette Fischer am Donnerstag, den 14. Juli 2022 von 14:00 bis 17:00 Uhr auf die Spuren der Menschen in der Mittelsteinzeit. Der Familiennachmittag beginnt mit einem Rundgang zu den originalen Funden aus der [&hellip;]","og_url":"https:\/\/www.bachmann-museum.de\/?p=3502","og_site_name":"Bachmann-Museum Bremerv\u00f6rde","article_published_time":"2022-06-30T08:19:05+00:00","article_modified_time":"2022-07-13T06:51:31+00:00","og_image":[{"width":942,"height":768,"url":"https:\/\/i0.wp.com\/www.bachmann-museum.de\/wp-content\/uploads\/2017\/07\/IMG_1977-Kopie.jpg?fit=942%2C768&ssl=1","type":"image\/jpeg"}],"author":"Bachmann-Admin_1","twitter_card":"summary_large_image","twitter_misc":{"Verfasst von":"Bachmann-Admin_1","Gesch\u00e4tzte Lesezeit":"1\u00a0Minute"},"schema":{"@context":"https:\/\/schema.org","@graph":[{"@type":"Article","@id":"https:\/\/www.bachmann-museum.de\/?p=3502#article","isPartOf":{"@id":"https:\/\/www.bachmann-museum.de\/?p=3502"},"author":{"name":"Bachmann-Admin_1","@id":"https:\/\/www.bachmann-museum.de\/#\/schema\/person\/4e0a96d1ed2480e1c23c3d5afb424bee"},"headline":"Leider m\u00fcssen wir den Familiennachmittag absagen!","datePublished":"2022-06-30T08:19:05+00:00","dateModified":"2022-07-13T06:51:31+00:00","mainEntityOfPage":{"@id":"https:\/\/www.bachmann-museum.de\/?p=3502"},"wordCount":211,"image":{"@id":"https:\/\/www.bachmann-museum.de\/?p=3502#primaryimage"},"thumbnailUrl":"https:\/\/i0.wp.com\/www.bachmann-museum.de\/wp-content\/uploads\/2017\/07\/IMG_1977-Kopie.jpg?fit=942%2C768&ssl=1","inLanguage":"de"},{"@type":"WebPage","@id":"https:\/\/www.bachmann-museum.de\/?p=3502","url":"https:\/\/www.bachmann-museum.de\/?p=3502","name":"Leider m\u00fcssen wir den Familiennachmittag absagen! - Bachmann-Museum Bremerv\u00f6rde","isPartOf":{"@id":"https:\/\/www.bachmann-museum.de\/#website"},"primaryImageOfPage":{"@id":"https:\/\/www.bachmann-museum.de\/?p=3502#primaryimage"},"image":{"@id":"https:\/\/www.bachmann-museum.de\/?p=3502#primaryimage"},"thumbnailUrl":"https:\/\/i0.wp.com\/www.bachmann-museum.de\/wp-content\/uploads\/2017\/07\/IMG_1977-Kopie.jpg?fit=942%2C768&ssl=1","datePublished":"2022-06-30T08:19:05+00:00","dateModified":"2022-07-13T06:51:31+00:00","author":{"@id":"https:\/\/www.bachmann-museum.de\/#\/schema\/person\/4e0a96d1ed2480e1c23c3d5afb424bee"},"breadcrumb":{"@id":"https:\/\/www.bachmann-museum.de\/?p=3502#breadcrumb"},"inLanguage":"de","potentialAction":[{"@type":"ReadAction","target":["https:\/\/www.bachmann-museum.de\/?p=3502"]}]},{"@type":"ImageObject","inLanguage":"de","@id":"https:\/\/www.bachmann-museum.de\/?p=3502#primaryimage","url":"https:\/\/i0.wp.com\/www.bachmann-museum.de\/wp-content\/uploads\/2017\/07\/IMG_1977-Kopie.jpg?fit=942%2C768&ssl=1","contentUrl":"https:\/\/i0.wp.com\/www.bachmann-museum.de\/wp-content\/uploads\/2017\/07\/IMG_1977-Kopie.jpg?fit=942%2C768&ssl=1","width":942,"height":768},{"@type":"BreadcrumbList","@id":"https:\/\/www.bachmann-museum.de\/?p=3502#breadcrumb","itemListElement":[{"@type":"ListItem","position":1,"name":"Start","item":"https:\/\/www.bachmann-museum.de\/"},{"@type":"ListItem","position":2,"name":"Leider m\u00fcssen wir den Familiennachmittag absagen!"}]},{"@type":"WebSite","@id":"https:\/\/www.bachmann-museum.de\/#website","url":"https:\/\/www.bachmann-museum.de\/","name":"Bachmann-Museum Bremerv\u00f6rde","description":"","potentialAction":[{"@type":"SearchAction","target":{"@type":"EntryPoint","urlTemplate":"https:\/\/www.bachmann-museum.de\/?s={search_term_string}"},"query-input":{"@type":"PropertyValueSpecification","valueRequired":true,"valueName":"search_term_string"}}],"inLanguage":"de"},{"@type":"Person","@id":"https:\/\/www.bachmann-museum.de\/#\/schema\/person\/4e0a96d1ed2480e1c23c3d5afb424bee","name":"Bachmann-Admin_1","image":{"@type":"ImageObject","inLanguage":"de","@id":"https:\/\/secure.gravatar.com\/avatar\/12b64d40c777adbd0761c887e33f30e0219d4565a9373e68911205fb911bd107?s=96&d=mm&r=g","url":"https:\/\/secure.gravatar.com\/avatar\/12b64d40c777adbd0761c887e33f30e0219d4565a9373e68911205fb911bd107?s=96&d=mm&r=g","contentUrl":"https:\/\/secure.gravatar.com\/avatar\/12b64d40c777adbd0761c887e33f30e0219d4565a9373e68911205fb911bd107?s=96&d=mm&r=g","caption":"Bachmann-Admin_1"},"url":"https:\/\/www.bachmann-museum.de\/?author=1"}]}},"jetpack_featured_media_url":"https:\/\/i0.wp.com\/www.bachmann-museum.de\/wp-content\/uploads\/2017\/07\/IMG_1977-Kopie.jpg?fit=942%2C768&ssl=1","jetpack_sharing_enabled":true,"jetpack_shortlink":"https:\/\/wp.me\/p5DgYi-Uu","jetpack-related-posts":[],"_links":{"self":[{"href":"https:\/\/www.bachmann-museum.de\/index.php?rest_route=\/wp\/v2\/posts\/3502","targetHints":{"allow":["GET"]}}],"collection":[{"href":"https:\/\/www.bachmann-museum.de\/index.php?rest_route=\/wp\/v2\/posts"}],"about":[{"href":"https:\/\/www.bachmann-museum.de\/index.php?rest_route=\/wp\/v2\/types\/post"}],"author":[{"embeddable":true,"href":"https:\/\/www.bachmann-museum.de\/index.php?rest_route=\/wp\/v2\/users\/1"}],"replies":[{"embeddable":true,"href":"https:\/\/www.bachmann-museum.de\/index.php?rest_route=%2Fwp%2Fv2%2Fcomments&post=3502"}],"version-history":[{"count":5,"href":"https:\/\/www.bachmann-museum.de\/index.php?rest_route=\/wp\/v2\/posts\/3502\/revisions"}],"predecessor-version":[{"id":3508,"href":"https:\/\/www.bachmann-museum.de\/index.php?rest_route=\/wp\/v2\/posts\/3502\/revisions\/3508"}],"wp:featuredmedia":[{"embeddable":true,"href":"https:\/\/www.bachmann-museum.de\/index.php?rest_route=\/wp\/v2\/media\/1609"}],"wp:attachment":[{"href":"https:\/\/www.bachmann-museum.de\/index.php?rest_route=%2Fwp%2Fv2%2Fmedia&parent=3502"}],"wp:term":[{"taxonomy":"category","embeddable":true,"href":"https:\/\/www.bachmann-museum.de\/index.php?rest_route=%2Fwp%2Fv2%2Fcategories&post=3502"},{"taxonomy":"post_tag","embeddable":true,"href":"https:\/\/www.bachmann-museum.de\/index.php?rest_route=%2Fwp%2Fv2%2Ftags&post=3502"}],"curies":[{"name":"wp","href":"https:\/\/api.w.org\/{rel}","templated":true}]}}