{"id":3245,"date":"2021-10-28T11:39:56","date_gmt":"2021-10-28T09:39:56","guid":{"rendered":"https:\/\/www.bachmann-museum.de\/?p=3245"},"modified":"2021-11-03T11:51:30","modified_gmt":"2021-11-03T09:51:30","slug":"funde-von-der-geest-und-aus-dem-moor","status":"publish","type":"post","link":"https:\/\/www.bachmann-museum.de\/?p=3245","title":{"rendered":"Vortrag zur Dauerausstellung 07.11.2021"},"content":{"rendered":"<p><strong>Funde von der Geest und aus dem Moor<\/strong><\/p>\n<p><strong>Am Sonntag, den 7. November 2021, bietet das Bachmann-Museum um 14:00 Uhr ein neues Veranstaltungsformat an. Die Arch\u00e4ologin Meike Mittmann, wissenschaftliche Mitarbeiterin des Museums, stellt in einem reich bebilderten Vortrag die spannenden arch\u00e4ologischen Ausstellungsobjekte von der Geest und aus den Mooren der Region vor. <\/strong><\/p>\n<p>Das zentrale Elbe-Weser-Dreieck ist durch zwei gegens\u00e4tzliche Landschaften gepr\u00e4gt &#8211; die trockenen, sandigen Geestr\u00fccken und die feuchten Moorniederungen. Seit dem Ende der letzten Eiszeit vor ca. 12.000 Jahren haben Menschen in dieser Landschaft zahlreiche Besiedelungsspuren und Gegenst\u00e4nde hinterlassen.<\/p>\n<p>Die Funde von der Geest und aus den Mooren unterscheiden sich dabei erheblich. W\u00e4hrend von den sandig trockenen Geestfundpl\u00e4tzen Funde wie Grabbeigaben aus Stein, Metall und Keramik aus Gro\u00dfsteingr\u00e4bern und H\u00fcgelgr\u00e4bern stammen, haben sich im Moor auch h\u00f6lzerne Gegenst\u00e4nde wie R\u00e4der und Bohlenwege beeindruckend gut erhalten.<\/p>\n<p>In ihrem Vortrag stellt die Arch\u00e4ologin Meike Mittmann die Funde vor und erl\u00e4utert die Besonderheiten der verschiedenen Landschaften als Lebensr\u00e4ume sowie arch\u00e4ologische Fundgebiete. Im Anschluss k\u00f6nnen die Besucher in der Dauerausstellung selbst\u00e4ndig die im Vortrag vorgestellten arch\u00e4ologischen Objekte entdecken.<\/p>\n<p>\u201eIn unseren recht kleinen Ausstellungsr\u00e4umen k\u00f6nnen wir derzeit noch keine F\u00fchrungen anbieten\u201c erl\u00e4utert Museumsleiterin Ellen Horstrup \u201eDaher haben wir die Idee entwickelt, mit vielen Bildern \u00fcber unsere Ausstellungsobjekte zu erz\u00e4hlen. Die Teilnehmer k\u00f6nnen dabei bequem im Veranstaltungsraum des Museums zuh\u00f6ren und anschlie\u00dfend entspannt durch die Dauerausstellung gehen.\u201c<\/p>\n<p><strong>Der Vortrag beginnt am Sonntag, den 7. November 2021 um 14:00 Uhr im Veranstaltungsraum des Bachmann-Museums, <\/strong><strong>Amtsallee 8, 27432 Bremerv\u00f6rde. Aufgrund der begrenzten Teilnehmerzahl ist eine telefonische Anmeldung unter 04761-983 4603 erforderlich. Es gilt die 3G-Regel. Eintritt: Erwachsene 5,00 \u20ac, Kinder 3,00 \u20ac, Familienkarte (2 Erwachsene + Kinder) 12,00 \u20ac. Weitere Informationen unter www.bachmann-museum.de.<\/strong><\/p>\n<p><strong>Fotos im Anhang:<\/strong><\/p>\n<p><a href=\"https:\/\/i0.wp.com\/www.bachmann-museum.de\/wp-content\/uploads\/2021\/10\/Keramikgefaesse-Jungsteinzeit-scaled.jpg?ssl=1\"><img data-recalc-dims=\"1\" loading=\"lazy\" decoding=\"async\" data-attachment-id=\"3247\" data-permalink=\"https:\/\/www.bachmann-museum.de\/?attachment_id=3247\" data-orig-file=\"https:\/\/i0.wp.com\/www.bachmann-museum.de\/wp-content\/uploads\/2021\/10\/Keramikgefaesse-Jungsteinzeit-scaled.jpg?fit=2560%2C1709&amp;ssl=1\" data-orig-size=\"2560,1709\" data-comments-opened=\"0\" data-image-meta=\"{&quot;aperture&quot;:&quot;4.5&quot;,&quot;credit&quot;:&quot;&quot;,&quot;camera&quot;:&quot;Canon EOS 1000D&quot;,&quot;caption&quot;:&quot;&quot;,&quot;created_timestamp&quot;:&quot;1314718009&quot;,&quot;copyright&quot;:&quot;&quot;,&quot;focal_length&quot;:&quot;30&quot;,&quot;iso&quot;:&quot;200&quot;,&quot;shutter_speed&quot;:&quot;0.04&quot;,&quot;title&quot;:&quot;&quot;,&quot;orientation&quot;:&quot;1&quot;}\" data-image-title=\"Keramikgef\u00e4\u00dfe Jungsteinzeit\" data-image-description=\"\" data-image-caption=\"\" data-large-file=\"https:\/\/i0.wp.com\/www.bachmann-museum.de\/wp-content\/uploads\/2021\/10\/Keramikgefaesse-Jungsteinzeit-scaled.jpg?fit=750%2C501&amp;ssl=1\" class=\"alignleft wp-image-3247\" src=\"https:\/\/i0.wp.com\/www.bachmann-museum.de\/wp-content\/uploads\/2021\/10\/Keramikgefaesse-Jungsteinzeit.jpg?resize=132%2C88&#038;ssl=1\" alt=\"\" width=\"132\" height=\"88\" srcset=\"https:\/\/i0.wp.com\/www.bachmann-museum.de\/wp-content\/uploads\/2021\/10\/Keramikgefaesse-Jungsteinzeit-scaled.jpg?resize=1024%2C684&amp;ssl=1 1024w, https:\/\/i0.wp.com\/www.bachmann-museum.de\/wp-content\/uploads\/2021\/10\/Keramikgefaesse-Jungsteinzeit-scaled.jpg?resize=300%2C200&amp;ssl=1 300w, https:\/\/i0.wp.com\/www.bachmann-museum.de\/wp-content\/uploads\/2021\/10\/Keramikgefaesse-Jungsteinzeit-scaled.jpg?resize=768%2C513&amp;ssl=1 768w, https:\/\/i0.wp.com\/www.bachmann-museum.de\/wp-content\/uploads\/2021\/10\/Keramikgefaesse-Jungsteinzeit-scaled.jpg?resize=1536%2C1025&amp;ssl=1 1536w, https:\/\/i0.wp.com\/www.bachmann-museum.de\/wp-content\/uploads\/2021\/10\/Keramikgefaesse-Jungsteinzeit-scaled.jpg?resize=2048%2C1367&amp;ssl=1 2048w, https:\/\/i0.wp.com\/www.bachmann-museum.de\/wp-content\/uploads\/2021\/10\/Keramikgefaesse-Jungsteinzeit-scaled.jpg?w=2250&amp;ssl=1 2250w\" sizes=\"auto, (max-width: 132px) 100vw, 132px\" \/><\/a>Die ersten Bauern besiedelten vor \u00fcber 5.000 Jahren die Geest<\/p>\n<p>und stellten Keramikgef\u00e4\u00dfe wie diese aus dem Gro\u00dfsteingrab bei Heeslingen her.<\/p>\n<p>&nbsp;<\/p>\n<p><a id=\"set-post-thumbnail\" class=\"thickbox\" href=\"https:\/\/www.bachmann-museum.de\/wp-admin\/media-upload.php?post_id=3245&amp;type=image&amp;TB_iframe=1\" aria-describedby=\"set-post-thumbnail-desc\"><img data-recalc-dims=\"1\" loading=\"lazy\" decoding=\"async\" class=\"attachment-266x266 alignleft\" src=\"https:\/\/i0.wp.com\/www.bachmann-museum.de\/wp-content\/uploads\/2019\/09\/Scheibenrad_klein.jpg?resize=140%2C84&#038;ssl=1\" alt=\"\" width=\"140\" height=\"84\" \/><\/a>Das Scheibenrad aus dem Moor bei Gnarrenburg-Karlsh\u00f6fen<\/p>\n<p>hat sich \u00fcber 4.500 Jahre im Moor erhalten.<\/p>\n<p>\u00a9 Bachmann-Museum Bremerv\u00f6rde<\/p>\n<p><strong>\u00a0<\/strong><\/p>\n","protected":false},"excerpt":{"rendered":"<p>Funde von der Geest und aus dem Moor Am Sonntag, den 7. November 2021, bietet das Bachmann-Museum um 14:00 Uhr ein neues Veranstaltungsformat an. Die Arch\u00e4ologin Meike Mittmann, wissenschaftliche Mitarbeiterin des Museums, stellt in einem reich bebilderten Vortrag die spannenden arch\u00e4ologischen Ausstellungsobjekte von der Geest und aus den Mooren der Region vor. Das zentrale Elbe-Weser-Dreieck [&hellip;]<\/p>\n","protected":false},"author":1,"featured_media":3247,"comment_status":"closed","ping_status":"open","sticky":false,"template":"","format":"standard","meta":{"_jetpack_newsletter_access":"","_jetpack_dont_email_post_to_subs":false,"_jetpack_newsletter_tier_id":0,"_jetpack_memberships_contains_paywalled_content":false,"_jetpack_memberships_contains_paid_content":false,"footnotes":""},"categories":[1],"tags":[],"class_list":["post-3245","post","type-post","status-publish","format-standard","has-post-thumbnail","hentry","category-allgemein"],"yoast_head":"<!-- This site is optimized with the Yoast SEO plugin v27.4 - https:\/\/yoast.com\/product\/yoast-seo-wordpress\/ -->\n<title>Vortrag zur Dauerausstellung 07.11.2021 - Bachmann-Museum Bremerv\u00f6rde<\/title>\n<meta name=\"robots\" content=\"index, follow, max-snippet:-1, max-image-preview:large, max-video-preview:-1\" \/>\n<link rel=\"canonical\" href=\"https:\/\/www.bachmann-museum.de\/?p=3245\" \/>\n<meta property=\"og:locale\" content=\"de_DE\" \/>\n<meta property=\"og:type\" content=\"article\" \/>\n<meta property=\"og:title\" content=\"Vortrag zur Dauerausstellung 07.11.2021 - Bachmann-Museum Bremerv\u00f6rde\" \/>\n<meta property=\"og:description\" content=\"Funde von der Geest und aus dem Moor Am Sonntag, den 7. November 2021, bietet das Bachmann-Museum um 14:00 Uhr ein neues Veranstaltungsformat an. Die Arch\u00e4ologin Meike Mittmann, wissenschaftliche Mitarbeiterin des Museums, stellt in einem reich bebilderten Vortrag die spannenden arch\u00e4ologischen Ausstellungsobjekte von der Geest und aus den Mooren der Region vor. Das zentrale Elbe-Weser-Dreieck [&hellip;]\" \/>\n<meta property=\"og:url\" content=\"https:\/\/www.bachmann-museum.de\/?p=3245\" \/>\n<meta property=\"og:site_name\" content=\"Bachmann-Museum Bremerv\u00f6rde\" \/>\n<meta property=\"article:published_time\" content=\"2021-10-28T09:39:56+00:00\" \/>\n<meta property=\"article:modified_time\" content=\"2021-11-03T09:51:30+00:00\" \/>\n<meta property=\"og:image\" content=\"https:\/\/i0.wp.com\/www.bachmann-museum.de\/wp-content\/uploads\/2021\/10\/Keramikgefaesse-Jungsteinzeit-scaled.jpg?fit=2560%2C1709&ssl=1\" \/>\n\t<meta property=\"og:image:width\" content=\"2560\" \/>\n\t<meta property=\"og:image:height\" content=\"1709\" \/>\n\t<meta property=\"og:image:type\" content=\"image\/jpeg\" \/>\n<meta name=\"author\" content=\"Bachmann-Admin_1\" \/>\n<meta name=\"twitter:card\" content=\"summary_large_image\" \/>\n<meta name=\"twitter:label1\" content=\"Verfasst von\" \/>\n\t<meta name=\"twitter:data1\" content=\"Bachmann-Admin_1\" \/>\n\t<meta name=\"twitter:label2\" content=\"Gesch\u00e4tzte Lesezeit\" \/>\n\t<meta name=\"twitter:data2\" content=\"2\u00a0Minuten\" \/>\n<script type=\"application\/ld+json\" class=\"yoast-schema-graph\">{\"@context\":\"https:\\\/\\\/schema.org\",\"@graph\":[{\"@type\":\"Article\",\"@id\":\"https:\\\/\\\/www.bachmann-museum.de\\\/?p=3245#article\",\"isPartOf\":{\"@id\":\"https:\\\/\\\/www.bachmann-museum.de\\\/?p=3245\"},\"author\":{\"name\":\"Bachmann-Admin_1\",\"@id\":\"https:\\\/\\\/www.bachmann-museum.de\\\/#\\\/schema\\\/person\\\/4e0a96d1ed2480e1c23c3d5afb424bee\"},\"headline\":\"Vortrag zur Dauerausstellung 07.11.2021\",\"datePublished\":\"2021-10-28T09:39:56+00:00\",\"dateModified\":\"2021-11-03T09:51:30+00:00\",\"mainEntityOfPage\":{\"@id\":\"https:\\\/\\\/www.bachmann-museum.de\\\/?p=3245\"},\"wordCount\":338,\"image\":{\"@id\":\"https:\\\/\\\/www.bachmann-museum.de\\\/?p=3245#primaryimage\"},\"thumbnailUrl\":\"https:\\\/\\\/i0.wp.com\\\/www.bachmann-museum.de\\\/wp-content\\\/uploads\\\/2021\\\/10\\\/Keramikgefaesse-Jungsteinzeit-scaled.jpg?fit=2560%2C1709&ssl=1\",\"inLanguage\":\"de\"},{\"@type\":\"WebPage\",\"@id\":\"https:\\\/\\\/www.bachmann-museum.de\\\/?p=3245\",\"url\":\"https:\\\/\\\/www.bachmann-museum.de\\\/?p=3245\",\"name\":\"Vortrag zur Dauerausstellung 07.11.2021 - Bachmann-Museum Bremerv\u00f6rde\",\"isPartOf\":{\"@id\":\"https:\\\/\\\/www.bachmann-museum.de\\\/#website\"},\"primaryImageOfPage\":{\"@id\":\"https:\\\/\\\/www.bachmann-museum.de\\\/?p=3245#primaryimage\"},\"image\":{\"@id\":\"https:\\\/\\\/www.bachmann-museum.de\\\/?p=3245#primaryimage\"},\"thumbnailUrl\":\"https:\\\/\\\/i0.wp.com\\\/www.bachmann-museum.de\\\/wp-content\\\/uploads\\\/2021\\\/10\\\/Keramikgefaesse-Jungsteinzeit-scaled.jpg?fit=2560%2C1709&ssl=1\",\"datePublished\":\"2021-10-28T09:39:56+00:00\",\"dateModified\":\"2021-11-03T09:51:30+00:00\",\"author\":{\"@id\":\"https:\\\/\\\/www.bachmann-museum.de\\\/#\\\/schema\\\/person\\\/4e0a96d1ed2480e1c23c3d5afb424bee\"},\"breadcrumb\":{\"@id\":\"https:\\\/\\\/www.bachmann-museum.de\\\/?p=3245#breadcrumb\"},\"inLanguage\":\"de\",\"potentialAction\":[{\"@type\":\"ReadAction\",\"target\":[\"https:\\\/\\\/www.bachmann-museum.de\\\/?p=3245\"]}]},{\"@type\":\"ImageObject\",\"inLanguage\":\"de\",\"@id\":\"https:\\\/\\\/www.bachmann-museum.de\\\/?p=3245#primaryimage\",\"url\":\"https:\\\/\\\/i0.wp.com\\\/www.bachmann-museum.de\\\/wp-content\\\/uploads\\\/2021\\\/10\\\/Keramikgefaesse-Jungsteinzeit-scaled.jpg?fit=2560%2C1709&ssl=1\",\"contentUrl\":\"https:\\\/\\\/i0.wp.com\\\/www.bachmann-museum.de\\\/wp-content\\\/uploads\\\/2021\\\/10\\\/Keramikgefaesse-Jungsteinzeit-scaled.jpg?fit=2560%2C1709&ssl=1\",\"width\":2560,\"height\":1709},{\"@type\":\"BreadcrumbList\",\"@id\":\"https:\\\/\\\/www.bachmann-museum.de\\\/?p=3245#breadcrumb\",\"itemListElement\":[{\"@type\":\"ListItem\",\"position\":1,\"name\":\"Start\",\"item\":\"https:\\\/\\\/www.bachmann-museum.de\\\/\"},{\"@type\":\"ListItem\",\"position\":2,\"name\":\"Vortrag zur Dauerausstellung 07.11.2021\"}]},{\"@type\":\"WebSite\",\"@id\":\"https:\\\/\\\/www.bachmann-museum.de\\\/#website\",\"url\":\"https:\\\/\\\/www.bachmann-museum.de\\\/\",\"name\":\"Bachmann-Museum Bremerv\u00f6rde\",\"description\":\"\",\"potentialAction\":[{\"@type\":\"SearchAction\",\"target\":{\"@type\":\"EntryPoint\",\"urlTemplate\":\"https:\\\/\\\/www.bachmann-museum.de\\\/?s={search_term_string}\"},\"query-input\":{\"@type\":\"PropertyValueSpecification\",\"valueRequired\":true,\"valueName\":\"search_term_string\"}}],\"inLanguage\":\"de\"},{\"@type\":\"Person\",\"@id\":\"https:\\\/\\\/www.bachmann-museum.de\\\/#\\\/schema\\\/person\\\/4e0a96d1ed2480e1c23c3d5afb424bee\",\"name\":\"Bachmann-Admin_1\",\"image\":{\"@type\":\"ImageObject\",\"inLanguage\":\"de\",\"@id\":\"https:\\\/\\\/secure.gravatar.com\\\/avatar\\\/12b64d40c777adbd0761c887e33f30e0219d4565a9373e68911205fb911bd107?s=96&d=mm&r=g\",\"url\":\"https:\\\/\\\/secure.gravatar.com\\\/avatar\\\/12b64d40c777adbd0761c887e33f30e0219d4565a9373e68911205fb911bd107?s=96&d=mm&r=g\",\"contentUrl\":\"https:\\\/\\\/secure.gravatar.com\\\/avatar\\\/12b64d40c777adbd0761c887e33f30e0219d4565a9373e68911205fb911bd107?s=96&d=mm&r=g\",\"caption\":\"Bachmann-Admin_1\"},\"url\":\"https:\\\/\\\/www.bachmann-museum.de\\\/?author=1\"}]}<\/script>\n<!-- \/ Yoast SEO plugin. -->","yoast_head_json":{"title":"Vortrag zur Dauerausstellung 07.11.2021 - Bachmann-Museum Bremerv\u00f6rde","robots":{"index":"index","follow":"follow","max-snippet":"max-snippet:-1","max-image-preview":"max-image-preview:large","max-video-preview":"max-video-preview:-1"},"canonical":"https:\/\/www.bachmann-museum.de\/?p=3245","og_locale":"de_DE","og_type":"article","og_title":"Vortrag zur Dauerausstellung 07.11.2021 - Bachmann-Museum Bremerv\u00f6rde","og_description":"Funde von der Geest und aus dem Moor Am Sonntag, den 7. November 2021, bietet das Bachmann-Museum um 14:00 Uhr ein neues Veranstaltungsformat an. Die Arch\u00e4ologin Meike Mittmann, wissenschaftliche Mitarbeiterin des Museums, stellt in einem reich bebilderten Vortrag die spannenden arch\u00e4ologischen Ausstellungsobjekte von der Geest und aus den Mooren der Region vor. Das zentrale Elbe-Weser-Dreieck [&hellip;]","og_url":"https:\/\/www.bachmann-museum.de\/?p=3245","og_site_name":"Bachmann-Museum Bremerv\u00f6rde","article_published_time":"2021-10-28T09:39:56+00:00","article_modified_time":"2021-11-03T09:51:30+00:00","og_image":[{"width":2560,"height":1709,"url":"https:\/\/i0.wp.com\/www.bachmann-museum.de\/wp-content\/uploads\/2021\/10\/Keramikgefaesse-Jungsteinzeit-scaled.jpg?fit=2560%2C1709&ssl=1","type":"image\/jpeg"}],"author":"Bachmann-Admin_1","twitter_card":"summary_large_image","twitter_misc":{"Verfasst von":"Bachmann-Admin_1","Gesch\u00e4tzte Lesezeit":"2\u00a0Minuten"},"schema":{"@context":"https:\/\/schema.org","@graph":[{"@type":"Article","@id":"https:\/\/www.bachmann-museum.de\/?p=3245#article","isPartOf":{"@id":"https:\/\/www.bachmann-museum.de\/?p=3245"},"author":{"name":"Bachmann-Admin_1","@id":"https:\/\/www.bachmann-museum.de\/#\/schema\/person\/4e0a96d1ed2480e1c23c3d5afb424bee"},"headline":"Vortrag zur Dauerausstellung 07.11.2021","datePublished":"2021-10-28T09:39:56+00:00","dateModified":"2021-11-03T09:51:30+00:00","mainEntityOfPage":{"@id":"https:\/\/www.bachmann-museum.de\/?p=3245"},"wordCount":338,"image":{"@id":"https:\/\/www.bachmann-museum.de\/?p=3245#primaryimage"},"thumbnailUrl":"https:\/\/i0.wp.com\/www.bachmann-museum.de\/wp-content\/uploads\/2021\/10\/Keramikgefaesse-Jungsteinzeit-scaled.jpg?fit=2560%2C1709&ssl=1","inLanguage":"de"},{"@type":"WebPage","@id":"https:\/\/www.bachmann-museum.de\/?p=3245","url":"https:\/\/www.bachmann-museum.de\/?p=3245","name":"Vortrag zur Dauerausstellung 07.11.2021 - Bachmann-Museum Bremerv\u00f6rde","isPartOf":{"@id":"https:\/\/www.bachmann-museum.de\/#website"},"primaryImageOfPage":{"@id":"https:\/\/www.bachmann-museum.de\/?p=3245#primaryimage"},"image":{"@id":"https:\/\/www.bachmann-museum.de\/?p=3245#primaryimage"},"thumbnailUrl":"https:\/\/i0.wp.com\/www.bachmann-museum.de\/wp-content\/uploads\/2021\/10\/Keramikgefaesse-Jungsteinzeit-scaled.jpg?fit=2560%2C1709&ssl=1","datePublished":"2021-10-28T09:39:56+00:00","dateModified":"2021-11-03T09:51:30+00:00","author":{"@id":"https:\/\/www.bachmann-museum.de\/#\/schema\/person\/4e0a96d1ed2480e1c23c3d5afb424bee"},"breadcrumb":{"@id":"https:\/\/www.bachmann-museum.de\/?p=3245#breadcrumb"},"inLanguage":"de","potentialAction":[{"@type":"ReadAction","target":["https:\/\/www.bachmann-museum.de\/?p=3245"]}]},{"@type":"ImageObject","inLanguage":"de","@id":"https:\/\/www.bachmann-museum.de\/?p=3245#primaryimage","url":"https:\/\/i0.wp.com\/www.bachmann-museum.de\/wp-content\/uploads\/2021\/10\/Keramikgefaesse-Jungsteinzeit-scaled.jpg?fit=2560%2C1709&ssl=1","contentUrl":"https:\/\/i0.wp.com\/www.bachmann-museum.de\/wp-content\/uploads\/2021\/10\/Keramikgefaesse-Jungsteinzeit-scaled.jpg?fit=2560%2C1709&ssl=1","width":2560,"height":1709},{"@type":"BreadcrumbList","@id":"https:\/\/www.bachmann-museum.de\/?p=3245#breadcrumb","itemListElement":[{"@type":"ListItem","position":1,"name":"Start","item":"https:\/\/www.bachmann-museum.de\/"},{"@type":"ListItem","position":2,"name":"Vortrag zur Dauerausstellung 07.11.2021"}]},{"@type":"WebSite","@id":"https:\/\/www.bachmann-museum.de\/#website","url":"https:\/\/www.bachmann-museum.de\/","name":"Bachmann-Museum Bremerv\u00f6rde","description":"","potentialAction":[{"@type":"SearchAction","target":{"@type":"EntryPoint","urlTemplate":"https:\/\/www.bachmann-museum.de\/?s={search_term_string}"},"query-input":{"@type":"PropertyValueSpecification","valueRequired":true,"valueName":"search_term_string"}}],"inLanguage":"de"},{"@type":"Person","@id":"https:\/\/www.bachmann-museum.de\/#\/schema\/person\/4e0a96d1ed2480e1c23c3d5afb424bee","name":"Bachmann-Admin_1","image":{"@type":"ImageObject","inLanguage":"de","@id":"https:\/\/secure.gravatar.com\/avatar\/12b64d40c777adbd0761c887e33f30e0219d4565a9373e68911205fb911bd107?s=96&d=mm&r=g","url":"https:\/\/secure.gravatar.com\/avatar\/12b64d40c777adbd0761c887e33f30e0219d4565a9373e68911205fb911bd107?s=96&d=mm&r=g","contentUrl":"https:\/\/secure.gravatar.com\/avatar\/12b64d40c777adbd0761c887e33f30e0219d4565a9373e68911205fb911bd107?s=96&d=mm&r=g","caption":"Bachmann-Admin_1"},"url":"https:\/\/www.bachmann-museum.de\/?author=1"}]}},"jetpack_featured_media_url":"https:\/\/i0.wp.com\/www.bachmann-museum.de\/wp-content\/uploads\/2021\/10\/Keramikgefaesse-Jungsteinzeit-scaled.jpg?fit=2560%2C1709&ssl=1","jetpack_sharing_enabled":true,"jetpack_shortlink":"https:\/\/wp.me\/p5DgYi-Ql","jetpack-related-posts":[],"_links":{"self":[{"href":"https:\/\/www.bachmann-museum.de\/index.php?rest_route=\/wp\/v2\/posts\/3245","targetHints":{"allow":["GET"]}}],"collection":[{"href":"https:\/\/www.bachmann-museum.de\/index.php?rest_route=\/wp\/v2\/posts"}],"about":[{"href":"https:\/\/www.bachmann-museum.de\/index.php?rest_route=\/wp\/v2\/types\/post"}],"author":[{"embeddable":true,"href":"https:\/\/www.bachmann-museum.de\/index.php?rest_route=\/wp\/v2\/users\/1"}],"replies":[{"embeddable":true,"href":"https:\/\/www.bachmann-museum.de\/index.php?rest_route=%2Fwp%2Fv2%2Fcomments&post=3245"}],"version-history":[{"count":15,"href":"https:\/\/www.bachmann-museum.de\/index.php?rest_route=\/wp\/v2\/posts\/3245\/revisions"}],"predecessor-version":[{"id":3266,"href":"https:\/\/www.bachmann-museum.de\/index.php?rest_route=\/wp\/v2\/posts\/3245\/revisions\/3266"}],"wp:featuredmedia":[{"embeddable":true,"href":"https:\/\/www.bachmann-museum.de\/index.php?rest_route=\/wp\/v2\/media\/3247"}],"wp:attachment":[{"href":"https:\/\/www.bachmann-museum.de\/index.php?rest_route=%2Fwp%2Fv2%2Fmedia&parent=3245"}],"wp:term":[{"taxonomy":"category","embeddable":true,"href":"https:\/\/www.bachmann-museum.de\/index.php?rest_route=%2Fwp%2Fv2%2Fcategories&post=3245"},{"taxonomy":"post_tag","embeddable":true,"href":"https:\/\/www.bachmann-museum.de\/index.php?rest_route=%2Fwp%2Fv2%2Ftags&post=3245"}],"curies":[{"name":"wp","href":"https:\/\/api.w.org\/{rel}","templated":true}]}}