{"id":3133,"date":"2021-06-18T12:26:46","date_gmt":"2021-06-18T10:26:46","guid":{"rendered":"https:\/\/www.bachmann-museum.de\/?p=3133"},"modified":"2022-09-02T08:39:33","modified_gmt":"2022-09-02T06:39:33","slug":"neuerscheinung-zur-moorkolonisation","status":"publish","type":"post","link":"https:\/\/www.bachmann-museum.de\/?p=3133","title":{"rendered":"Publikation zur Moorkolonisation"},"content":{"rendered":"<p><strong>Das Bachmann-Museum Bremerv\u00f6rde ver\u00f6ffentlicht eine reich bebilderte Zusammenfassung der Vortr\u00e4ge von Dr. Horst R\u00f6ssler<\/strong><\/p>\n<p><strong><a href=\"https:\/\/i0.wp.com\/www.bachmann-museum.de\/wp-content\/uploads\/2021\/06\/Moorpublikation.png?ssl=1\"><img data-recalc-dims=\"1\" loading=\"lazy\" decoding=\"async\" data-attachment-id=\"3148\" data-permalink=\"https:\/\/www.bachmann-museum.de\/?attachment_id=3148\" data-orig-file=\"https:\/\/i0.wp.com\/www.bachmann-museum.de\/wp-content\/uploads\/2021\/06\/Moorpublikation.png?fit=319%2C451&amp;ssl=1\" data-orig-size=\"319,451\" data-comments-opened=\"0\" data-image-meta=\"{&quot;aperture&quot;:&quot;0&quot;,&quot;credit&quot;:&quot;&quot;,&quot;camera&quot;:&quot;&quot;,&quot;caption&quot;:&quot;&quot;,&quot;created_timestamp&quot;:&quot;0&quot;,&quot;copyright&quot;:&quot;&quot;,&quot;focal_length&quot;:&quot;0&quot;,&quot;iso&quot;:&quot;0&quot;,&quot;shutter_speed&quot;:&quot;0&quot;,&quot;title&quot;:&quot;&quot;,&quot;orientation&quot;:&quot;0&quot;}\" data-image-title=\"Moorpublikation\" data-image-description=\"\" data-image-caption=\"\" data-large-file=\"https:\/\/i0.wp.com\/www.bachmann-museum.de\/wp-content\/uploads\/2021\/06\/Moorpublikation.png?fit=319%2C451&amp;ssl=1\" class=\"alignleft size-full wp-image-3148\" src=\"https:\/\/i0.wp.com\/www.bachmann-museum.de\/wp-content\/uploads\/2021\/06\/Moorpublikation.png?resize=319%2C451&#038;ssl=1\" alt=\"\" width=\"319\" height=\"451\" srcset=\"https:\/\/i0.wp.com\/www.bachmann-museum.de\/wp-content\/uploads\/2021\/06\/Moorpublikation.png?w=319&amp;ssl=1 319w, https:\/\/i0.wp.com\/www.bachmann-museum.de\/wp-content\/uploads\/2021\/06\/Moorpublikation.png?resize=212%2C300&amp;ssl=1 212w\" sizes=\"auto, (max-width: 319px) 100vw, 319px\" \/><\/a>Unter dem Titel \u201eDen eersten sien Dot, den tweeten sien Not \u2026 Moorkolonisation im Elbe-Weser-Dreieck (1750-1880)\u201c bietet das Bachmann-Museum einen \u00dcberblick \u00fcber die staatlich organisierte und planm\u00e4\u00dfig durchgef\u00fchrte Moorkolonisation in den heutigen Landkreisen Osterholz und Rotenburg (W\u00fcmme) an. Darin stellt der Bremer Historiker Dr. Horst R\u00f6ssler, den viele Menschen aus der Region durch seine Vortr\u00e4ge kennen, ein zentrales Thema der Geschichte des Elbe-Weser-Raumes im 18. und 19. Jahrhundert anschaulich dar.<\/strong><\/p>\n<p>Die Kolonisation der Moore, die in der Mitte des 18. Jahrhunderts begann, hat das Elbe-Weser-Dreieck bis heute gepr\u00e4gt. \u201eDiese Urbarmachung und Besiedlung der gro\u00dfen Moorgebiete war staatlich organisiert und dirigiert. Es war ein \u00fcber Generationen hinweg laufender und durchaus m\u00fchseliger Prozess\u201c, betont Dr. R\u00f6ssler. Der bis heute bekannte Ausspruch \u201eDen eersten sien Dot, den tweeten sien Not, den dr\u00fctten sien Brot\u201c macht deutlich, unter welchen harten Lebensbedingungen die Menschen in den Moorgebieten lange Zeit lebten. Dennoch war die Moorkolonisation ein Erfolgsprojekt, denn im Verlauf von etwa einem Jahr-hundert entstanden in den eigentlich f\u00fcr Menschen lebensfeindlichen Mooren auf dem Gebiet der ehemaligen \u00c4mter Lilienthal, Osterholz, Ottersberg und Bremerv\u00f6rde mehrere tausend Bauernstellen in \u00fcber siebzig neuen D\u00f6rfern.<\/p>\n<figure id=\"attachment_3134\" aria-describedby=\"caption-attachment-3134\" style=\"width: 204px\" class=\"wp-caption alignright\"><a href=\"https:\/\/i0.wp.com\/www.bachmann-museum.de\/wp-content\/uploads\/2021\/06\/Foto-Horst-Roessler.jpg?ssl=1\"><img data-recalc-dims=\"1\" loading=\"lazy\" decoding=\"async\" data-attachment-id=\"3134\" data-permalink=\"https:\/\/www.bachmann-museum.de\/?attachment_id=3134\" data-orig-file=\"https:\/\/i0.wp.com\/www.bachmann-museum.de\/wp-content\/uploads\/2021\/06\/Foto-Horst-Roessler-e1631194785593.jpg?fit=696%2C842&amp;ssl=1\" data-orig-size=\"696,842\" data-comments-opened=\"0\" data-image-meta=\"{&quot;aperture&quot;:&quot;0&quot;,&quot;credit&quot;:&quot;&quot;,&quot;camera&quot;:&quot;HP Scanjet djf4200&quot;,&quot;caption&quot;:&quot;&quot;,&quot;created_timestamp&quot;:&quot;1398699102&quot;,&quot;copyright&quot;:&quot;&quot;,&quot;focal_length&quot;:&quot;0&quot;,&quot;iso&quot;:&quot;0&quot;,&quot;shutter_speed&quot;:&quot;0&quot;,&quot;title&quot;:&quot;&quot;,&quot;orientation&quot;:&quot;1&quot;}\" data-image-title=\"Foto Horst R\u00f6\u00dfler\" data-image-description=\"\" data-image-caption=\"&lt;p&gt;Dr. Horst R\u00f6ssler&lt;\/p&gt;\n\" data-large-file=\"https:\/\/i0.wp.com\/www.bachmann-museum.de\/wp-content\/uploads\/2021\/06\/Foto-Horst-Roessler-e1631194785593.jpg?fit=696%2C842&amp;ssl=1\" class=\"size-medium wp-image-3134\" src=\"https:\/\/i0.wp.com\/www.bachmann-museum.de\/wp-content\/uploads\/2021\/06\/Foto-Horst-Roessler.jpg?resize=204%2C300&#038;ssl=1\" alt=\"\" width=\"204\" height=\"300\" \/><\/a><figcaption id=\"caption-attachment-3134\" class=\"wp-caption-text\">Dr. Horst R\u00f6ssler<\/figcaption><\/figure>\n<p>Wie sehr dieses Thema die Menschen heute interessiert, hat das Museumsteam 2018 und 2019 auf eindrucksvolle Weise erfahren, als insgesamt mehr als etwa 450 Teilnehmer zu den Vortr\u00e4gen \u00fcber die Moorkolonisation von Dr. R\u00f6ssler kamen. \u201eViele Vortragsbesucher haben gefragt, ob man die vielen Informationen von Herrn R\u00f6ssler nachlesen kann\u201c, verr\u00e4t Museumsleiterin Ellen Horstrup. Diesem Wunsch kann das Museum mit der neuen Publikation nun nachkommen, wenn auch wegen der Corona-Pandemie mit etwas Versp\u00e4tung. \u201eMein gro\u00dfer Dank gilt Herrn R\u00f6ssler, der seine Vortr\u00e4ge zu einem anschaulichen \u00dcberblick zusammengefasst hat und dem Landschaftsverband Stade, der die Umsetzung durch seine F\u00f6rderung mit Mitteln des Landes Niedersachsen \u00fcberhaupt erst m\u00f6glich gemacht hat\u201c, erkl\u00e4rt die Museumsleiterin.<\/p>\n<figure id=\"attachment_3135\" aria-describedby=\"caption-attachment-3135\" style=\"width: 241px\" class=\"wp-caption alignleft\"><a href=\"https:\/\/i0.wp.com\/www.bachmann-museum.de\/wp-content\/uploads\/2021\/06\/Findorff_01-scaled.jpg?ssl=1\"><img data-recalc-dims=\"1\" loading=\"lazy\" decoding=\"async\" data-attachment-id=\"3135\" data-permalink=\"https:\/\/www.bachmann-museum.de\/?attachment_id=3135\" data-orig-file=\"https:\/\/i0.wp.com\/www.bachmann-museum.de\/wp-content\/uploads\/2021\/06\/Findorff_01-scaled.jpg?fit=2054%2C2560&amp;ssl=1\" data-orig-size=\"2054,2560\" data-comments-opened=\"0\" data-image-meta=\"{&quot;aperture&quot;:&quot;2.2&quot;,&quot;credit&quot;:&quot;&quot;,&quot;camera&quot;:&quot;NIKON D600&quot;,&quot;caption&quot;:&quot;????????????????????????????????????&quot;,&quot;created_timestamp&quot;:&quot;1395940215&quot;,&quot;copyright&quot;:&quot;&quot;,&quot;focal_length&quot;:&quot;85&quot;,&quot;iso&quot;:&quot;1250&quot;,&quot;shutter_speed&quot;:&quot;0.01&quot;,&quot;title&quot;:&quot;&quot;,&quot;orientation&quot;:&quot;1&quot;}\" data-image-title=\"Findorff_01\" data-image-description=\"\" data-image-caption=\"&lt;p&gt;Moorkommissar J\u00fcrgen Christian Findorff (1720 \u2013 1792)&lt;\/p&gt;\n\" data-large-file=\"https:\/\/i0.wp.com\/www.bachmann-museum.de\/wp-content\/uploads\/2021\/06\/Findorff_01-scaled.jpg?fit=750%2C934&amp;ssl=1\" class=\"size-medium wp-image-3135\" src=\"https:\/\/i0.wp.com\/www.bachmann-museum.de\/wp-content\/uploads\/2021\/06\/Findorff_01.jpg?resize=241%2C300&#038;ssl=1\" alt=\"\" width=\"241\" height=\"300\" srcset=\"https:\/\/i0.wp.com\/www.bachmann-museum.de\/wp-content\/uploads\/2021\/06\/Findorff_01-scaled.jpg?resize=241%2C300&amp;ssl=1 241w, https:\/\/i0.wp.com\/www.bachmann-museum.de\/wp-content\/uploads\/2021\/06\/Findorff_01-scaled.jpg?resize=822%2C1024&amp;ssl=1 822w, https:\/\/i0.wp.com\/www.bachmann-museum.de\/wp-content\/uploads\/2021\/06\/Findorff_01-scaled.jpg?resize=768%2C957&amp;ssl=1 768w, https:\/\/i0.wp.com\/www.bachmann-museum.de\/wp-content\/uploads\/2021\/06\/Findorff_01-scaled.jpg?resize=1233%2C1536&amp;ssl=1 1233w, https:\/\/i0.wp.com\/www.bachmann-museum.de\/wp-content\/uploads\/2021\/06\/Findorff_01-scaled.jpg?resize=1643%2C2048&amp;ssl=1 1643w, https:\/\/i0.wp.com\/www.bachmann-museum.de\/wp-content\/uploads\/2021\/06\/Findorff_01-scaled.jpg?w=1500&amp;ssl=1 1500w\" sizes=\"auto, (max-width: 241px) 100vw, 241px\" \/><\/a><figcaption id=\"caption-attachment-3135\" class=\"wp-caption-text\">Moorkommissar J\u00fcrgen Christian Findorff (1720 \u2013 1792)<\/figcaption><\/figure>\n<p>Die Publikation, die als Band 2 der Schriften des Bachmann-Museums erscheint, ist ein Beitrag des Museums zum 300. Geburtstag des \u201eMoorkommissars\u201c J\u00fcrgen Christian Findorff. Das Layout der Schriftenreihe wurde f\u00fcr diesen Band komplett \u00fcberarbeitet und professionell gestaltet. Zahlreiche Abbildungen, darunter viele Objekte aus dem Bachmann-Museum und dem Kreisarchiv des Landkreises Rotenburg, erg\u00e4nzen mit Landschaftsfotos und Gem\u00e4lden anschaulich den Text. Zwei gro\u00dfformatige Karten aus dem 18. Jahrhundert, die bisher selten ver\u00f6ffentlicht wurden, sind in gut lesbarer Qualit\u00e4t im ausklappbaren Umschlag wiedergegeben. Text und Abbildungen bieten auf 36 Seiten im DIN A4 Format einen anschaulichen, kurzweiligen und wissenschaftlich fundierten \u00dcberblick \u00fcber die Moorkolonisation.<\/p>\n<p>Der neue Band ist f\u00fcr 7,90 Euro im Bachmann-Museum Bremerv\u00f6rde (Amtsallee 8, 27432 Bremerv\u00f6rde) erh\u00e4ltlich. Von montags bis freitags kann die Publikation in der Museumsverwaltung erworben werden. Der Versand ist ebenfalls m\u00f6glich. Weitere Informationen und Bestellungen unter 04761-983 4603 oder museum@lk-row.de<\/p>\n<p>&nbsp;<\/p>\n","protected":false},"excerpt":{"rendered":"<p>Das Bachmann-Museum Bremerv\u00f6rde ver\u00f6ffentlicht eine reich bebilderte Zusammenfassung der Vortr\u00e4ge von Dr. Horst R\u00f6ssler Unter dem Titel \u201eDen eersten sien Dot, den tweeten sien Not \u2026 Moorkolonisation im Elbe-Weser-Dreieck (1750-1880)\u201c bietet das Bachmann-Museum einen \u00dcberblick \u00fcber die staatlich organisierte und planm\u00e4\u00dfig durchgef\u00fchrte Moorkolonisation in den heutigen Landkreisen Osterholz und Rotenburg (W\u00fcmme) an. Darin stellt der [&hellip;]<\/p>\n","protected":false},"author":1,"featured_media":3542,"comment_status":"closed","ping_status":"open","sticky":false,"template":"","format":"standard","meta":{"_jetpack_newsletter_access":"","_jetpack_dont_email_post_to_subs":false,"_jetpack_newsletter_tier_id":0,"_jetpack_memberships_contains_paywalled_content":false,"_jetpack_memberships_contains_paid_content":false,"footnotes":""},"categories":[1],"tags":[],"class_list":["post-3133","post","type-post","status-publish","format-standard","has-post-thumbnail","hentry","category-allgemein"],"yoast_head":"<!-- This site is optimized with the Yoast SEO plugin v27.4 - https:\/\/yoast.com\/product\/yoast-seo-wordpress\/ -->\n<title>Publikation zur Moorkolonisation - Bachmann-Museum Bremerv\u00f6rde<\/title>\n<meta name=\"robots\" content=\"index, follow, max-snippet:-1, max-image-preview:large, max-video-preview:-1\" \/>\n<link rel=\"canonical\" href=\"https:\/\/www.bachmann-museum.de\/?p=3133\" \/>\n<meta property=\"og:locale\" content=\"de_DE\" \/>\n<meta property=\"og:type\" content=\"article\" \/>\n<meta property=\"og:title\" content=\"Publikation zur Moorkolonisation - Bachmann-Museum Bremerv\u00f6rde\" \/>\n<meta property=\"og:description\" content=\"Das Bachmann-Museum Bremerv\u00f6rde ver\u00f6ffentlicht eine reich bebilderte Zusammenfassung der Vortr\u00e4ge von Dr. Horst R\u00f6ssler Unter dem Titel \u201eDen eersten sien Dot, den tweeten sien Not \u2026 Moorkolonisation im Elbe-Weser-Dreieck (1750-1880)\u201c bietet das Bachmann-Museum einen \u00dcberblick \u00fcber die staatlich organisierte und planm\u00e4\u00dfig durchgef\u00fchrte Moorkolonisation in den heutigen Landkreisen Osterholz und Rotenburg (W\u00fcmme) an. Darin stellt der [&hellip;]\" \/>\n<meta property=\"og:url\" content=\"https:\/\/www.bachmann-museum.de\/?p=3133\" \/>\n<meta property=\"og:site_name\" content=\"Bachmann-Museum Bremerv\u00f6rde\" \/>\n<meta property=\"article:published_time\" content=\"2021-06-18T10:26:46+00:00\" \/>\n<meta property=\"article:modified_time\" content=\"2022-09-02T06:39:33+00:00\" \/>\n<meta property=\"og:image\" content=\"https:\/\/i0.wp.com\/www.bachmann-museum.de\/wp-content\/uploads\/2021\/06\/Bachmann-Museum-Schriften-Band-2_Moorkolonisation-Roessler-1-pdf-e1701253981931.jpg?fit=1058%2C751&ssl=1\" \/>\n\t<meta property=\"og:image:width\" content=\"1058\" \/>\n\t<meta property=\"og:image:height\" content=\"751\" \/>\n\t<meta property=\"og:image:type\" content=\"image\/jpeg\" \/>\n<meta name=\"author\" content=\"Bachmann-Admin_1\" \/>\n<meta name=\"twitter:card\" content=\"summary_large_image\" \/>\n<meta name=\"twitter:label1\" content=\"Verfasst von\" \/>\n\t<meta name=\"twitter:data1\" content=\"Bachmann-Admin_1\" \/>\n\t<meta name=\"twitter:label2\" content=\"Gesch\u00e4tzte Lesezeit\" \/>\n\t<meta name=\"twitter:data2\" content=\"3\u00a0Minuten\" \/>\n<script type=\"application\/ld+json\" class=\"yoast-schema-graph\">{\"@context\":\"https:\\\/\\\/schema.org\",\"@graph\":[{\"@type\":\"Article\",\"@id\":\"https:\\\/\\\/www.bachmann-museum.de\\\/?p=3133#article\",\"isPartOf\":{\"@id\":\"https:\\\/\\\/www.bachmann-museum.de\\\/?p=3133\"},\"author\":{\"name\":\"Bachmann-Admin_1\",\"@id\":\"https:\\\/\\\/www.bachmann-museum.de\\\/#\\\/schema\\\/person\\\/4e0a96d1ed2480e1c23c3d5afb424bee\"},\"headline\":\"Publikation zur Moorkolonisation\",\"datePublished\":\"2021-06-18T10:26:46+00:00\",\"dateModified\":\"2022-09-02T06:39:33+00:00\",\"mainEntityOfPage\":{\"@id\":\"https:\\\/\\\/www.bachmann-museum.de\\\/?p=3133\"},\"wordCount\":505,\"image\":{\"@id\":\"https:\\\/\\\/www.bachmann-museum.de\\\/?p=3133#primaryimage\"},\"thumbnailUrl\":\"https:\\\/\\\/i0.wp.com\\\/www.bachmann-museum.de\\\/wp-content\\\/uploads\\\/2021\\\/06\\\/Bachmann-Museum-Schriften-Band-2_Moorkolonisation-Roessler-1-pdf-e1701253981931.jpg?fit=1058%2C751&ssl=1\",\"inLanguage\":\"de\"},{\"@type\":\"WebPage\",\"@id\":\"https:\\\/\\\/www.bachmann-museum.de\\\/?p=3133\",\"url\":\"https:\\\/\\\/www.bachmann-museum.de\\\/?p=3133\",\"name\":\"Publikation zur Moorkolonisation - Bachmann-Museum Bremerv\u00f6rde\",\"isPartOf\":{\"@id\":\"https:\\\/\\\/www.bachmann-museum.de\\\/#website\"},\"primaryImageOfPage\":{\"@id\":\"https:\\\/\\\/www.bachmann-museum.de\\\/?p=3133#primaryimage\"},\"image\":{\"@id\":\"https:\\\/\\\/www.bachmann-museum.de\\\/?p=3133#primaryimage\"},\"thumbnailUrl\":\"https:\\\/\\\/i0.wp.com\\\/www.bachmann-museum.de\\\/wp-content\\\/uploads\\\/2021\\\/06\\\/Bachmann-Museum-Schriften-Band-2_Moorkolonisation-Roessler-1-pdf-e1701253981931.jpg?fit=1058%2C751&ssl=1\",\"datePublished\":\"2021-06-18T10:26:46+00:00\",\"dateModified\":\"2022-09-02T06:39:33+00:00\",\"author\":{\"@id\":\"https:\\\/\\\/www.bachmann-museum.de\\\/#\\\/schema\\\/person\\\/4e0a96d1ed2480e1c23c3d5afb424bee\"},\"breadcrumb\":{\"@id\":\"https:\\\/\\\/www.bachmann-museum.de\\\/?p=3133#breadcrumb\"},\"inLanguage\":\"de\",\"potentialAction\":[{\"@type\":\"ReadAction\",\"target\":[\"https:\\\/\\\/www.bachmann-museum.de\\\/?p=3133\"]}]},{\"@type\":\"ImageObject\",\"inLanguage\":\"de\",\"@id\":\"https:\\\/\\\/www.bachmann-museum.de\\\/?p=3133#primaryimage\",\"url\":\"https:\\\/\\\/i0.wp.com\\\/www.bachmann-museum.de\\\/wp-content\\\/uploads\\\/2021\\\/06\\\/Bachmann-Museum-Schriften-Band-2_Moorkolonisation-Roessler-1-pdf-e1701253981931.jpg?fit=1058%2C751&ssl=1\",\"contentUrl\":\"https:\\\/\\\/i0.wp.com\\\/www.bachmann-museum.de\\\/wp-content\\\/uploads\\\/2021\\\/06\\\/Bachmann-Museum-Schriften-Band-2_Moorkolonisation-Roessler-1-pdf-e1701253981931.jpg?fit=1058%2C751&ssl=1\",\"width\":1058,\"height\":751,\"caption\":\"Schriften Band 2\"},{\"@type\":\"BreadcrumbList\",\"@id\":\"https:\\\/\\\/www.bachmann-museum.de\\\/?p=3133#breadcrumb\",\"itemListElement\":[{\"@type\":\"ListItem\",\"position\":1,\"name\":\"Start\",\"item\":\"https:\\\/\\\/www.bachmann-museum.de\\\/\"},{\"@type\":\"ListItem\",\"position\":2,\"name\":\"Publikation zur Moorkolonisation\"}]},{\"@type\":\"WebSite\",\"@id\":\"https:\\\/\\\/www.bachmann-museum.de\\\/#website\",\"url\":\"https:\\\/\\\/www.bachmann-museum.de\\\/\",\"name\":\"Bachmann-Museum Bremerv\u00f6rde\",\"description\":\"\",\"potentialAction\":[{\"@type\":\"SearchAction\",\"target\":{\"@type\":\"EntryPoint\",\"urlTemplate\":\"https:\\\/\\\/www.bachmann-museum.de\\\/?s={search_term_string}\"},\"query-input\":{\"@type\":\"PropertyValueSpecification\",\"valueRequired\":true,\"valueName\":\"search_term_string\"}}],\"inLanguage\":\"de\"},{\"@type\":\"Person\",\"@id\":\"https:\\\/\\\/www.bachmann-museum.de\\\/#\\\/schema\\\/person\\\/4e0a96d1ed2480e1c23c3d5afb424bee\",\"name\":\"Bachmann-Admin_1\",\"image\":{\"@type\":\"ImageObject\",\"inLanguage\":\"de\",\"@id\":\"https:\\\/\\\/secure.gravatar.com\\\/avatar\\\/12b64d40c777adbd0761c887e33f30e0219d4565a9373e68911205fb911bd107?s=96&d=mm&r=g\",\"url\":\"https:\\\/\\\/secure.gravatar.com\\\/avatar\\\/12b64d40c777adbd0761c887e33f30e0219d4565a9373e68911205fb911bd107?s=96&d=mm&r=g\",\"contentUrl\":\"https:\\\/\\\/secure.gravatar.com\\\/avatar\\\/12b64d40c777adbd0761c887e33f30e0219d4565a9373e68911205fb911bd107?s=96&d=mm&r=g\",\"caption\":\"Bachmann-Admin_1\"},\"url\":\"https:\\\/\\\/www.bachmann-museum.de\\\/?author=1\"}]}<\/script>\n<!-- \/ Yoast SEO plugin. -->","yoast_head_json":{"title":"Publikation zur Moorkolonisation - Bachmann-Museum Bremerv\u00f6rde","robots":{"index":"index","follow":"follow","max-snippet":"max-snippet:-1","max-image-preview":"max-image-preview:large","max-video-preview":"max-video-preview:-1"},"canonical":"https:\/\/www.bachmann-museum.de\/?p=3133","og_locale":"de_DE","og_type":"article","og_title":"Publikation zur Moorkolonisation - Bachmann-Museum Bremerv\u00f6rde","og_description":"Das Bachmann-Museum Bremerv\u00f6rde ver\u00f6ffentlicht eine reich bebilderte Zusammenfassung der Vortr\u00e4ge von Dr. Horst R\u00f6ssler Unter dem Titel \u201eDen eersten sien Dot, den tweeten sien Not \u2026 Moorkolonisation im Elbe-Weser-Dreieck (1750-1880)\u201c bietet das Bachmann-Museum einen \u00dcberblick \u00fcber die staatlich organisierte und planm\u00e4\u00dfig durchgef\u00fchrte Moorkolonisation in den heutigen Landkreisen Osterholz und Rotenburg (W\u00fcmme) an. Darin stellt der [&hellip;]","og_url":"https:\/\/www.bachmann-museum.de\/?p=3133","og_site_name":"Bachmann-Museum Bremerv\u00f6rde","article_published_time":"2021-06-18T10:26:46+00:00","article_modified_time":"2022-09-02T06:39:33+00:00","og_image":[{"width":1058,"height":751,"url":"https:\/\/i0.wp.com\/www.bachmann-museum.de\/wp-content\/uploads\/2021\/06\/Bachmann-Museum-Schriften-Band-2_Moorkolonisation-Roessler-1-pdf-e1701253981931.jpg?fit=1058%2C751&ssl=1","type":"image\/jpeg"}],"author":"Bachmann-Admin_1","twitter_card":"summary_large_image","twitter_misc":{"Verfasst von":"Bachmann-Admin_1","Gesch\u00e4tzte Lesezeit":"3\u00a0Minuten"},"schema":{"@context":"https:\/\/schema.org","@graph":[{"@type":"Article","@id":"https:\/\/www.bachmann-museum.de\/?p=3133#article","isPartOf":{"@id":"https:\/\/www.bachmann-museum.de\/?p=3133"},"author":{"name":"Bachmann-Admin_1","@id":"https:\/\/www.bachmann-museum.de\/#\/schema\/person\/4e0a96d1ed2480e1c23c3d5afb424bee"},"headline":"Publikation zur Moorkolonisation","datePublished":"2021-06-18T10:26:46+00:00","dateModified":"2022-09-02T06:39:33+00:00","mainEntityOfPage":{"@id":"https:\/\/www.bachmann-museum.de\/?p=3133"},"wordCount":505,"image":{"@id":"https:\/\/www.bachmann-museum.de\/?p=3133#primaryimage"},"thumbnailUrl":"https:\/\/i0.wp.com\/www.bachmann-museum.de\/wp-content\/uploads\/2021\/06\/Bachmann-Museum-Schriften-Band-2_Moorkolonisation-Roessler-1-pdf-e1701253981931.jpg?fit=1058%2C751&ssl=1","inLanguage":"de"},{"@type":"WebPage","@id":"https:\/\/www.bachmann-museum.de\/?p=3133","url":"https:\/\/www.bachmann-museum.de\/?p=3133","name":"Publikation zur Moorkolonisation - Bachmann-Museum Bremerv\u00f6rde","isPartOf":{"@id":"https:\/\/www.bachmann-museum.de\/#website"},"primaryImageOfPage":{"@id":"https:\/\/www.bachmann-museum.de\/?p=3133#primaryimage"},"image":{"@id":"https:\/\/www.bachmann-museum.de\/?p=3133#primaryimage"},"thumbnailUrl":"https:\/\/i0.wp.com\/www.bachmann-museum.de\/wp-content\/uploads\/2021\/06\/Bachmann-Museum-Schriften-Band-2_Moorkolonisation-Roessler-1-pdf-e1701253981931.jpg?fit=1058%2C751&ssl=1","datePublished":"2021-06-18T10:26:46+00:00","dateModified":"2022-09-02T06:39:33+00:00","author":{"@id":"https:\/\/www.bachmann-museum.de\/#\/schema\/person\/4e0a96d1ed2480e1c23c3d5afb424bee"},"breadcrumb":{"@id":"https:\/\/www.bachmann-museum.de\/?p=3133#breadcrumb"},"inLanguage":"de","potentialAction":[{"@type":"ReadAction","target":["https:\/\/www.bachmann-museum.de\/?p=3133"]}]},{"@type":"ImageObject","inLanguage":"de","@id":"https:\/\/www.bachmann-museum.de\/?p=3133#primaryimage","url":"https:\/\/i0.wp.com\/www.bachmann-museum.de\/wp-content\/uploads\/2021\/06\/Bachmann-Museum-Schriften-Band-2_Moorkolonisation-Roessler-1-pdf-e1701253981931.jpg?fit=1058%2C751&ssl=1","contentUrl":"https:\/\/i0.wp.com\/www.bachmann-museum.de\/wp-content\/uploads\/2021\/06\/Bachmann-Museum-Schriften-Band-2_Moorkolonisation-Roessler-1-pdf-e1701253981931.jpg?fit=1058%2C751&ssl=1","width":1058,"height":751,"caption":"Schriften Band 2"},{"@type":"BreadcrumbList","@id":"https:\/\/www.bachmann-museum.de\/?p=3133#breadcrumb","itemListElement":[{"@type":"ListItem","position":1,"name":"Start","item":"https:\/\/www.bachmann-museum.de\/"},{"@type":"ListItem","position":2,"name":"Publikation zur Moorkolonisation"}]},{"@type":"WebSite","@id":"https:\/\/www.bachmann-museum.de\/#website","url":"https:\/\/www.bachmann-museum.de\/","name":"Bachmann-Museum Bremerv\u00f6rde","description":"","potentialAction":[{"@type":"SearchAction","target":{"@type":"EntryPoint","urlTemplate":"https:\/\/www.bachmann-museum.de\/?s={search_term_string}"},"query-input":{"@type":"PropertyValueSpecification","valueRequired":true,"valueName":"search_term_string"}}],"inLanguage":"de"},{"@type":"Person","@id":"https:\/\/www.bachmann-museum.de\/#\/schema\/person\/4e0a96d1ed2480e1c23c3d5afb424bee","name":"Bachmann-Admin_1","image":{"@type":"ImageObject","inLanguage":"de","@id":"https:\/\/secure.gravatar.com\/avatar\/12b64d40c777adbd0761c887e33f30e0219d4565a9373e68911205fb911bd107?s=96&d=mm&r=g","url":"https:\/\/secure.gravatar.com\/avatar\/12b64d40c777adbd0761c887e33f30e0219d4565a9373e68911205fb911bd107?s=96&d=mm&r=g","contentUrl":"https:\/\/secure.gravatar.com\/avatar\/12b64d40c777adbd0761c887e33f30e0219d4565a9373e68911205fb911bd107?s=96&d=mm&r=g","caption":"Bachmann-Admin_1"},"url":"https:\/\/www.bachmann-museum.de\/?author=1"}]}},"jetpack_featured_media_url":"https:\/\/i0.wp.com\/www.bachmann-museum.de\/wp-content\/uploads\/2021\/06\/Bachmann-Museum-Schriften-Band-2_Moorkolonisation-Roessler-1-pdf-e1701253981931.jpg?fit=1058%2C751&ssl=1","jetpack_sharing_enabled":true,"jetpack_shortlink":"https:\/\/wp.me\/p5DgYi-Ox","jetpack-related-posts":[],"_links":{"self":[{"href":"https:\/\/www.bachmann-museum.de\/index.php?rest_route=\/wp\/v2\/posts\/3133","targetHints":{"allow":["GET"]}}],"collection":[{"href":"https:\/\/www.bachmann-museum.de\/index.php?rest_route=\/wp\/v2\/posts"}],"about":[{"href":"https:\/\/www.bachmann-museum.de\/index.php?rest_route=\/wp\/v2\/types\/post"}],"author":[{"embeddable":true,"href":"https:\/\/www.bachmann-museum.de\/index.php?rest_route=\/wp\/v2\/users\/1"}],"replies":[{"embeddable":true,"href":"https:\/\/www.bachmann-museum.de\/index.php?rest_route=%2Fwp%2Fv2%2Fcomments&post=3133"}],"version-history":[{"count":16,"href":"https:\/\/www.bachmann-museum.de\/index.php?rest_route=\/wp\/v2\/posts\/3133\/revisions"}],"predecessor-version":[{"id":3493,"href":"https:\/\/www.bachmann-museum.de\/index.php?rest_route=\/wp\/v2\/posts\/3133\/revisions\/3493"}],"wp:featuredmedia":[{"embeddable":true,"href":"https:\/\/www.bachmann-museum.de\/index.php?rest_route=\/wp\/v2\/media\/3542"}],"wp:attachment":[{"href":"https:\/\/www.bachmann-museum.de\/index.php?rest_route=%2Fwp%2Fv2%2Fmedia&parent=3133"}],"wp:term":[{"taxonomy":"category","embeddable":true,"href":"https:\/\/www.bachmann-museum.de\/index.php?rest_route=%2Fwp%2Fv2%2Fcategories&post=3133"},{"taxonomy":"post_tag","embeddable":true,"href":"https:\/\/www.bachmann-museum.de\/index.php?rest_route=%2Fwp%2Fv2%2Ftags&post=3133"}],"curies":[{"name":"wp","href":"https:\/\/api.w.org\/{rel}","templated":true}]}}