{"id":3104,"date":"2021-06-04T15:02:28","date_gmt":"2021-06-04T13:02:28","guid":{"rendered":"https:\/\/www.bachmann-museum.de\/?p=3104"},"modified":"2021-06-04T15:11:09","modified_gmt":"2021-06-04T13:11:09","slug":"schlossgeschichte-bremervoerdes-bald-fuer-schulklassen-erfahrbar","status":"publish","type":"post","link":"https:\/\/www.bachmann-museum.de\/?p=3104","title":{"rendered":"Schlossgeschichte Bremerv\u00f6rdes bald f\u00fcr Schulklassen erfahrbar"},"content":{"rendered":"<p><strong>\u00a0<\/strong><strong>Das Bachmann-Museum Bremerv\u00f6rde erh\u00e4lt fantasievolle Ausstattung f\u00fcr ein GeoCache-Programm<\/strong><\/p>\n<p><strong>Das museumsp\u00e4dagogische Programm \u201eDie GeoCache-Expedition: Auf der Suche nach dem verschwundenen Schloss\u201c vermittelt Schulklassen in Zukunft auf moderne und spielerische Weise Wissen \u00fcber das Mittelalter und die Fr\u00fche Neuzeit. Dank der Unterst\u00fctzung durch die EWE-Stiftung konnte das Bachmann-Museum Bremerv\u00f6rde robustes und wetterfestes Material zur Umsetzung des Programms erwerben.<\/strong><\/p>\n<figure id=\"attachment_3115\" aria-describedby=\"caption-attachment-3115\" style=\"width: 507px\" class=\"wp-caption alignleft\"><a href=\"https:\/\/i0.wp.com\/www.bachmann-museum.de\/wp-content\/uploads\/2021\/06\/Foto-Material-scaled.jpg?ssl=1\"><img data-recalc-dims=\"1\" loading=\"lazy\" decoding=\"async\" data-attachment-id=\"3115\" data-permalink=\"https:\/\/www.bachmann-museum.de\/?attachment_id=3115\" data-orig-file=\"https:\/\/i0.wp.com\/www.bachmann-museum.de\/wp-content\/uploads\/2021\/06\/Foto-Material-scaled.jpg?fit=2382%2C2560&amp;ssl=1\" data-orig-size=\"2382,2560\" data-comments-opened=\"0\" data-image-meta=\"{&quot;aperture&quot;:&quot;7.1&quot;,&quot;credit&quot;:&quot;&quot;,&quot;camera&quot;:&quot;Canon EOS 1300D&quot;,&quot;caption&quot;:&quot;&quot;,&quot;created_timestamp&quot;:&quot;1618494064&quot;,&quot;copyright&quot;:&quot;&quot;,&quot;focal_length&quot;:&quot;27&quot;,&quot;iso&quot;:&quot;100&quot;,&quot;shutter_speed&quot;:&quot;0.005&quot;,&quot;title&quot;:&quot;&quot;,&quot;orientation&quot;:&quot;1&quot;}\" data-image-title=\"Foto Material\" data-image-description=\"\" data-image-caption=\"&lt;p&gt;Sabrina L\u00f6cher und Andreas Schley vom Museumsteam freuen sich \u00fcber die neue Ausstattung f\u00fcr das geplante Geocache-Programm. &lt;\/p&gt;\n\" data-large-file=\"https:\/\/i0.wp.com\/www.bachmann-museum.de\/wp-content\/uploads\/2021\/06\/Foto-Material-scaled.jpg?fit=750%2C806&amp;ssl=1\" class=\" wp-image-3115\" src=\"https:\/\/i0.wp.com\/www.bachmann-museum.de\/wp-content\/uploads\/2021\/06\/Foto-Material.jpg?resize=507%2C545&#038;ssl=1\" alt=\"\" width=\"507\" height=\"545\" srcset=\"https:\/\/i0.wp.com\/www.bachmann-museum.de\/wp-content\/uploads\/2021\/06\/Foto-Material-scaled.jpg?resize=953%2C1024&amp;ssl=1 953w, https:\/\/i0.wp.com\/www.bachmann-museum.de\/wp-content\/uploads\/2021\/06\/Foto-Material-scaled.jpg?resize=279%2C300&amp;ssl=1 279w, https:\/\/i0.wp.com\/www.bachmann-museum.de\/wp-content\/uploads\/2021\/06\/Foto-Material-scaled.jpg?resize=768%2C825&amp;ssl=1 768w, https:\/\/i0.wp.com\/www.bachmann-museum.de\/wp-content\/uploads\/2021\/06\/Foto-Material-scaled.jpg?resize=1429%2C1536&amp;ssl=1 1429w, https:\/\/i0.wp.com\/www.bachmann-museum.de\/wp-content\/uploads\/2021\/06\/Foto-Material-scaled.jpg?w=1500&amp;ssl=1 1500w, https:\/\/i0.wp.com\/www.bachmann-museum.de\/wp-content\/uploads\/2021\/06\/Foto-Material-scaled.jpg?w=2250&amp;ssl=1 2250w\" sizes=\"auto, (max-width: 507px) 100vw, 507px\" \/><\/a><figcaption id=\"caption-attachment-3115\" class=\"wp-caption-text\">Sabrina L\u00f6cher und Andreas Schley vom Museumsteam freuen sich \u00fcber die neue Ausstattung f\u00fcr das geplante Geocache-Programm.<\/figcaption><\/figure>\n<p>Gro\u00df war die Freude beim Museumsteam als vor Kurzem ein schweres Paket mit hell leuchtendem Inhalt bei ihnen eintraf. Darin enthalten: 120 neongelbe Warnwesten mit bunten aufgedruckten Wappen. \u201eDas sind die Familienwappen von Burgm\u00e4nnern der Burg Voerde, adlige M\u00e4nner, die die Burg bewachten und verteidigten. Die Vorlagen f\u00fcr die Abbildung der Wappen auf den Westen hat der Sammlungsgr\u00fcnder des Museums August Bachmann vor vielen Jahren zusammen mit Schulkindern f\u00fcr das damalige Kreisheimatmuseum hergestellt. Es ist sch\u00f6n, dass wir diese Vorlagen auch f\u00fcr neue Schulprogramme und Kindergeburtstage nutzen k\u00f6nnen.\u201c so der Museumsp\u00e4dagoge Andreas Schley. Die Wappen dienen zur Bildung von Teams und die hellen Warnwesten f\u00fcr Sichtbarkeit auf dem Gel\u00e4nde.<\/p>\n<p>Neben den Westen erwarb das Museum auch bedruckte Holzschatullen und rei\u00dffestes Papier, das sich wie Leder anf\u00fchlt. Weitere Neuanschaffungen verr\u00e4t das Museumsteam noch nicht. Sie sollen eine \u00dcberraschung f\u00fcr die Kinder sein, die an dem GeoCache-Programm teilnehmen.<\/p>\n<p>In dem Programm begeben sich Gruppen mit Hilfe von GPS-Ger\u00e4ten und Koordinaten auf eine Suche nach wasserfesten Beh\u00e4ltern, sogenannten GeoCaches. Dabei erkunden die Kinder das ehemalige Schlossgel\u00e4nde um das Museum herum. Das Museum bildet den idealen Ausgangsort f\u00fcr alle gro\u00dfen und kleinen Entdeckerinnen und Entdecker, die mehr \u00fcber das Schloss und die Zeit des Mittelalters und der Fr\u00fchen Neuzeit erfahren wollen. Die Kinder lernen spielerisch sowie lehrplanorientiert historische Inhalte zur Regionalgeschichte und nutzen dabei moderne Hilfsmittel zur Orientierung im Raum.<\/p>\n<p>Das Schloss Bremerv\u00f6rde war der bedeutendste Residenzort der Bremer Erzbisch\u00f6fe, welche die zu Beginn des 12. Jahrhunderts errichtete Burg im Laufe der Jahrhunderte zur gr\u00f6\u00dften Schlossanlage im Elbe-Weser Dreieck ausbauten. W\u00e4hrend des Drei\u00dfigj\u00e4hrigen Krieges mehrfach erobert, wurde die Festungsanlage 1682 abgetragen. Das Bachmann-Museum befindet sich im letzten verbliebenden Bauwerk des Schlosses. Es ist zugleich das \u00e4ltesten Geb\u00e4ude der Stadt Bremerv\u00f6rde.<\/p>\n<p>Das Museum ist wegen der Covid-19-Pandemie weiterhin geschlossen. Veranstaltungen und Kindergeburtstage k\u00f6nnen nicht stattfinden. Das Museumsteam hofft jedoch bald wieder f\u00fcr Besucher \u00f6ffnen zu k\u00f6nnen. Informationen dazu stehen immer aktuell auf www.bachmann-museum.de.<\/p>\n","protected":false},"excerpt":{"rendered":"<p>\u00a0Das Bachmann-Museum Bremerv\u00f6rde erh\u00e4lt fantasievolle Ausstattung f\u00fcr ein GeoCache-Programm Das museumsp\u00e4dagogische Programm \u201eDie GeoCache-Expedition: Auf der Suche nach dem verschwundenen Schloss\u201c vermittelt Schulklassen in Zukunft auf moderne und spielerische Weise Wissen \u00fcber das Mittelalter und die Fr\u00fche Neuzeit. Dank der Unterst\u00fctzung durch die EWE-Stiftung konnte das Bachmann-Museum Bremerv\u00f6rde robustes und wetterfestes Material zur Umsetzung des [&hellip;]<\/p>\n","protected":false},"author":1,"featured_media":3115,"comment_status":"closed","ping_status":"open","sticky":false,"template":"","format":"standard","meta":{"_jetpack_newsletter_access":"","_jetpack_dont_email_post_to_subs":false,"_jetpack_newsletter_tier_id":0,"_jetpack_memberships_contains_paywalled_content":false,"_jetpack_memberships_contains_paid_content":false,"footnotes":""},"categories":[1],"tags":[],"class_list":["post-3104","post","type-post","status-publish","format-standard","has-post-thumbnail","hentry","category-allgemein"],"yoast_head":"<!-- This site is optimized with the Yoast SEO plugin v27.4 - https:\/\/yoast.com\/product\/yoast-seo-wordpress\/ -->\n<title>Schlossgeschichte Bremerv\u00f6rdes bald f\u00fcr Schulklassen erfahrbar - Bachmann-Museum Bremerv\u00f6rde<\/title>\n<meta name=\"robots\" content=\"index, follow, max-snippet:-1, max-image-preview:large, max-video-preview:-1\" \/>\n<link rel=\"canonical\" href=\"https:\/\/www.bachmann-museum.de\/?p=3104\" \/>\n<meta property=\"og:locale\" content=\"de_DE\" \/>\n<meta property=\"og:type\" content=\"article\" \/>\n<meta property=\"og:title\" content=\"Schlossgeschichte Bremerv\u00f6rdes bald f\u00fcr Schulklassen erfahrbar - Bachmann-Museum Bremerv\u00f6rde\" \/>\n<meta property=\"og:description\" content=\"\u00a0Das Bachmann-Museum Bremerv\u00f6rde erh\u00e4lt fantasievolle Ausstattung f\u00fcr ein GeoCache-Programm Das museumsp\u00e4dagogische Programm \u201eDie GeoCache-Expedition: Auf der Suche nach dem verschwundenen Schloss\u201c vermittelt Schulklassen in Zukunft auf moderne und spielerische Weise Wissen \u00fcber das Mittelalter und die Fr\u00fche Neuzeit. Dank der Unterst\u00fctzung durch die EWE-Stiftung konnte das Bachmann-Museum Bremerv\u00f6rde robustes und wetterfestes Material zur Umsetzung des [&hellip;]\" \/>\n<meta property=\"og:url\" content=\"https:\/\/www.bachmann-museum.de\/?p=3104\" \/>\n<meta property=\"og:site_name\" content=\"Bachmann-Museum Bremerv\u00f6rde\" \/>\n<meta property=\"article:published_time\" content=\"2021-06-04T13:02:28+00:00\" \/>\n<meta property=\"article:modified_time\" content=\"2021-06-04T13:11:09+00:00\" \/>\n<meta property=\"og:image\" content=\"https:\/\/i0.wp.com\/www.bachmann-museum.de\/wp-content\/uploads\/2021\/06\/Foto-Material-scaled.jpg?fit=2382%2C2560&ssl=1\" \/>\n\t<meta property=\"og:image:width\" content=\"2382\" \/>\n\t<meta property=\"og:image:height\" content=\"2560\" \/>\n\t<meta property=\"og:image:type\" content=\"image\/jpeg\" \/>\n<meta name=\"author\" content=\"Bachmann-Admin_1\" \/>\n<meta name=\"twitter:card\" content=\"summary_large_image\" \/>\n<meta name=\"twitter:label1\" content=\"Verfasst von\" \/>\n\t<meta name=\"twitter:data1\" content=\"Bachmann-Admin_1\" \/>\n\t<meta name=\"twitter:label2\" content=\"Gesch\u00e4tzte Lesezeit\" \/>\n\t<meta name=\"twitter:data2\" content=\"2\u00a0Minuten\" \/>\n<script type=\"application\/ld+json\" class=\"yoast-schema-graph\">{\"@context\":\"https:\\\/\\\/schema.org\",\"@graph\":[{\"@type\":\"Article\",\"@id\":\"https:\\\/\\\/www.bachmann-museum.de\\\/?p=3104#article\",\"isPartOf\":{\"@id\":\"https:\\\/\\\/www.bachmann-museum.de\\\/?p=3104\"},\"author\":{\"name\":\"Bachmann-Admin_1\",\"@id\":\"https:\\\/\\\/www.bachmann-museum.de\\\/#\\\/schema\\\/person\\\/4e0a96d1ed2480e1c23c3d5afb424bee\"},\"headline\":\"Schlossgeschichte Bremerv\u00f6rdes bald f\u00fcr Schulklassen erfahrbar\",\"datePublished\":\"2021-06-04T13:02:28+00:00\",\"dateModified\":\"2021-06-04T13:11:09+00:00\",\"mainEntityOfPage\":{\"@id\":\"https:\\\/\\\/www.bachmann-museum.de\\\/?p=3104\"},\"wordCount\":448,\"image\":{\"@id\":\"https:\\\/\\\/www.bachmann-museum.de\\\/?p=3104#primaryimage\"},\"thumbnailUrl\":\"https:\\\/\\\/i0.wp.com\\\/www.bachmann-museum.de\\\/wp-content\\\/uploads\\\/2021\\\/06\\\/Foto-Material-scaled.jpg?fit=2382%2C2560&ssl=1\",\"inLanguage\":\"de\"},{\"@type\":\"WebPage\",\"@id\":\"https:\\\/\\\/www.bachmann-museum.de\\\/?p=3104\",\"url\":\"https:\\\/\\\/www.bachmann-museum.de\\\/?p=3104\",\"name\":\"Schlossgeschichte Bremerv\u00f6rdes bald f\u00fcr Schulklassen erfahrbar - Bachmann-Museum Bremerv\u00f6rde\",\"isPartOf\":{\"@id\":\"https:\\\/\\\/www.bachmann-museum.de\\\/#website\"},\"primaryImageOfPage\":{\"@id\":\"https:\\\/\\\/www.bachmann-museum.de\\\/?p=3104#primaryimage\"},\"image\":{\"@id\":\"https:\\\/\\\/www.bachmann-museum.de\\\/?p=3104#primaryimage\"},\"thumbnailUrl\":\"https:\\\/\\\/i0.wp.com\\\/www.bachmann-museum.de\\\/wp-content\\\/uploads\\\/2021\\\/06\\\/Foto-Material-scaled.jpg?fit=2382%2C2560&ssl=1\",\"datePublished\":\"2021-06-04T13:02:28+00:00\",\"dateModified\":\"2021-06-04T13:11:09+00:00\",\"author\":{\"@id\":\"https:\\\/\\\/www.bachmann-museum.de\\\/#\\\/schema\\\/person\\\/4e0a96d1ed2480e1c23c3d5afb424bee\"},\"breadcrumb\":{\"@id\":\"https:\\\/\\\/www.bachmann-museum.de\\\/?p=3104#breadcrumb\"},\"inLanguage\":\"de\",\"potentialAction\":[{\"@type\":\"ReadAction\",\"target\":[\"https:\\\/\\\/www.bachmann-museum.de\\\/?p=3104\"]}]},{\"@type\":\"ImageObject\",\"inLanguage\":\"de\",\"@id\":\"https:\\\/\\\/www.bachmann-museum.de\\\/?p=3104#primaryimage\",\"url\":\"https:\\\/\\\/i0.wp.com\\\/www.bachmann-museum.de\\\/wp-content\\\/uploads\\\/2021\\\/06\\\/Foto-Material-scaled.jpg?fit=2382%2C2560&ssl=1\",\"contentUrl\":\"https:\\\/\\\/i0.wp.com\\\/www.bachmann-museum.de\\\/wp-content\\\/uploads\\\/2021\\\/06\\\/Foto-Material-scaled.jpg?fit=2382%2C2560&ssl=1\",\"width\":2382,\"height\":2560,\"caption\":\"Sabrina L\u00f6cher und Andreas Schley vom Museumsteam freuen sich \u00fcber die neue Ausstattung f\u00fcr das geplante Geocache-Programm.\"},{\"@type\":\"BreadcrumbList\",\"@id\":\"https:\\\/\\\/www.bachmann-museum.de\\\/?p=3104#breadcrumb\",\"itemListElement\":[{\"@type\":\"ListItem\",\"position\":1,\"name\":\"Start\",\"item\":\"https:\\\/\\\/www.bachmann-museum.de\\\/\"},{\"@type\":\"ListItem\",\"position\":2,\"name\":\"Schlossgeschichte Bremerv\u00f6rdes bald f\u00fcr Schulklassen erfahrbar\"}]},{\"@type\":\"WebSite\",\"@id\":\"https:\\\/\\\/www.bachmann-museum.de\\\/#website\",\"url\":\"https:\\\/\\\/www.bachmann-museum.de\\\/\",\"name\":\"Bachmann-Museum Bremerv\u00f6rde\",\"description\":\"\",\"potentialAction\":[{\"@type\":\"SearchAction\",\"target\":{\"@type\":\"EntryPoint\",\"urlTemplate\":\"https:\\\/\\\/www.bachmann-museum.de\\\/?s={search_term_string}\"},\"query-input\":{\"@type\":\"PropertyValueSpecification\",\"valueRequired\":true,\"valueName\":\"search_term_string\"}}],\"inLanguage\":\"de\"},{\"@type\":\"Person\",\"@id\":\"https:\\\/\\\/www.bachmann-museum.de\\\/#\\\/schema\\\/person\\\/4e0a96d1ed2480e1c23c3d5afb424bee\",\"name\":\"Bachmann-Admin_1\",\"image\":{\"@type\":\"ImageObject\",\"inLanguage\":\"de\",\"@id\":\"https:\\\/\\\/secure.gravatar.com\\\/avatar\\\/12b64d40c777adbd0761c887e33f30e0219d4565a9373e68911205fb911bd107?s=96&d=mm&r=g\",\"url\":\"https:\\\/\\\/secure.gravatar.com\\\/avatar\\\/12b64d40c777adbd0761c887e33f30e0219d4565a9373e68911205fb911bd107?s=96&d=mm&r=g\",\"contentUrl\":\"https:\\\/\\\/secure.gravatar.com\\\/avatar\\\/12b64d40c777adbd0761c887e33f30e0219d4565a9373e68911205fb911bd107?s=96&d=mm&r=g\",\"caption\":\"Bachmann-Admin_1\"},\"url\":\"https:\\\/\\\/www.bachmann-museum.de\\\/?author=1\"}]}<\/script>\n<!-- \/ Yoast SEO plugin. -->","yoast_head_json":{"title":"Schlossgeschichte Bremerv\u00f6rdes bald f\u00fcr Schulklassen erfahrbar - Bachmann-Museum Bremerv\u00f6rde","robots":{"index":"index","follow":"follow","max-snippet":"max-snippet:-1","max-image-preview":"max-image-preview:large","max-video-preview":"max-video-preview:-1"},"canonical":"https:\/\/www.bachmann-museum.de\/?p=3104","og_locale":"de_DE","og_type":"article","og_title":"Schlossgeschichte Bremerv\u00f6rdes bald f\u00fcr Schulklassen erfahrbar - Bachmann-Museum Bremerv\u00f6rde","og_description":"\u00a0Das Bachmann-Museum Bremerv\u00f6rde erh\u00e4lt fantasievolle Ausstattung f\u00fcr ein GeoCache-Programm Das museumsp\u00e4dagogische Programm \u201eDie GeoCache-Expedition: Auf der Suche nach dem verschwundenen Schloss\u201c vermittelt Schulklassen in Zukunft auf moderne und spielerische Weise Wissen \u00fcber das Mittelalter und die Fr\u00fche Neuzeit. Dank der Unterst\u00fctzung durch die EWE-Stiftung konnte das Bachmann-Museum Bremerv\u00f6rde robustes und wetterfestes Material zur Umsetzung des [&hellip;]","og_url":"https:\/\/www.bachmann-museum.de\/?p=3104","og_site_name":"Bachmann-Museum Bremerv\u00f6rde","article_published_time":"2021-06-04T13:02:28+00:00","article_modified_time":"2021-06-04T13:11:09+00:00","og_image":[{"width":2382,"height":2560,"url":"https:\/\/i0.wp.com\/www.bachmann-museum.de\/wp-content\/uploads\/2021\/06\/Foto-Material-scaled.jpg?fit=2382%2C2560&ssl=1","type":"image\/jpeg"}],"author":"Bachmann-Admin_1","twitter_card":"summary_large_image","twitter_misc":{"Verfasst von":"Bachmann-Admin_1","Gesch\u00e4tzte Lesezeit":"2\u00a0Minuten"},"schema":{"@context":"https:\/\/schema.org","@graph":[{"@type":"Article","@id":"https:\/\/www.bachmann-museum.de\/?p=3104#article","isPartOf":{"@id":"https:\/\/www.bachmann-museum.de\/?p=3104"},"author":{"name":"Bachmann-Admin_1","@id":"https:\/\/www.bachmann-museum.de\/#\/schema\/person\/4e0a96d1ed2480e1c23c3d5afb424bee"},"headline":"Schlossgeschichte Bremerv\u00f6rdes bald f\u00fcr Schulklassen erfahrbar","datePublished":"2021-06-04T13:02:28+00:00","dateModified":"2021-06-04T13:11:09+00:00","mainEntityOfPage":{"@id":"https:\/\/www.bachmann-museum.de\/?p=3104"},"wordCount":448,"image":{"@id":"https:\/\/www.bachmann-museum.de\/?p=3104#primaryimage"},"thumbnailUrl":"https:\/\/i0.wp.com\/www.bachmann-museum.de\/wp-content\/uploads\/2021\/06\/Foto-Material-scaled.jpg?fit=2382%2C2560&ssl=1","inLanguage":"de"},{"@type":"WebPage","@id":"https:\/\/www.bachmann-museum.de\/?p=3104","url":"https:\/\/www.bachmann-museum.de\/?p=3104","name":"Schlossgeschichte Bremerv\u00f6rdes bald f\u00fcr Schulklassen erfahrbar - Bachmann-Museum Bremerv\u00f6rde","isPartOf":{"@id":"https:\/\/www.bachmann-museum.de\/#website"},"primaryImageOfPage":{"@id":"https:\/\/www.bachmann-museum.de\/?p=3104#primaryimage"},"image":{"@id":"https:\/\/www.bachmann-museum.de\/?p=3104#primaryimage"},"thumbnailUrl":"https:\/\/i0.wp.com\/www.bachmann-museum.de\/wp-content\/uploads\/2021\/06\/Foto-Material-scaled.jpg?fit=2382%2C2560&ssl=1","datePublished":"2021-06-04T13:02:28+00:00","dateModified":"2021-06-04T13:11:09+00:00","author":{"@id":"https:\/\/www.bachmann-museum.de\/#\/schema\/person\/4e0a96d1ed2480e1c23c3d5afb424bee"},"breadcrumb":{"@id":"https:\/\/www.bachmann-museum.de\/?p=3104#breadcrumb"},"inLanguage":"de","potentialAction":[{"@type":"ReadAction","target":["https:\/\/www.bachmann-museum.de\/?p=3104"]}]},{"@type":"ImageObject","inLanguage":"de","@id":"https:\/\/www.bachmann-museum.de\/?p=3104#primaryimage","url":"https:\/\/i0.wp.com\/www.bachmann-museum.de\/wp-content\/uploads\/2021\/06\/Foto-Material-scaled.jpg?fit=2382%2C2560&ssl=1","contentUrl":"https:\/\/i0.wp.com\/www.bachmann-museum.de\/wp-content\/uploads\/2021\/06\/Foto-Material-scaled.jpg?fit=2382%2C2560&ssl=1","width":2382,"height":2560,"caption":"Sabrina L\u00f6cher und Andreas Schley vom Museumsteam freuen sich \u00fcber die neue Ausstattung f\u00fcr das geplante Geocache-Programm."},{"@type":"BreadcrumbList","@id":"https:\/\/www.bachmann-museum.de\/?p=3104#breadcrumb","itemListElement":[{"@type":"ListItem","position":1,"name":"Start","item":"https:\/\/www.bachmann-museum.de\/"},{"@type":"ListItem","position":2,"name":"Schlossgeschichte Bremerv\u00f6rdes bald f\u00fcr Schulklassen erfahrbar"}]},{"@type":"WebSite","@id":"https:\/\/www.bachmann-museum.de\/#website","url":"https:\/\/www.bachmann-museum.de\/","name":"Bachmann-Museum Bremerv\u00f6rde","description":"","potentialAction":[{"@type":"SearchAction","target":{"@type":"EntryPoint","urlTemplate":"https:\/\/www.bachmann-museum.de\/?s={search_term_string}"},"query-input":{"@type":"PropertyValueSpecification","valueRequired":true,"valueName":"search_term_string"}}],"inLanguage":"de"},{"@type":"Person","@id":"https:\/\/www.bachmann-museum.de\/#\/schema\/person\/4e0a96d1ed2480e1c23c3d5afb424bee","name":"Bachmann-Admin_1","image":{"@type":"ImageObject","inLanguage":"de","@id":"https:\/\/secure.gravatar.com\/avatar\/12b64d40c777adbd0761c887e33f30e0219d4565a9373e68911205fb911bd107?s=96&d=mm&r=g","url":"https:\/\/secure.gravatar.com\/avatar\/12b64d40c777adbd0761c887e33f30e0219d4565a9373e68911205fb911bd107?s=96&d=mm&r=g","contentUrl":"https:\/\/secure.gravatar.com\/avatar\/12b64d40c777adbd0761c887e33f30e0219d4565a9373e68911205fb911bd107?s=96&d=mm&r=g","caption":"Bachmann-Admin_1"},"url":"https:\/\/www.bachmann-museum.de\/?author=1"}]}},"jetpack_featured_media_url":"https:\/\/i0.wp.com\/www.bachmann-museum.de\/wp-content\/uploads\/2021\/06\/Foto-Material-scaled.jpg?fit=2382%2C2560&ssl=1","jetpack_sharing_enabled":true,"jetpack_shortlink":"https:\/\/wp.me\/p5DgYi-O4","jetpack-related-posts":[],"_links":{"self":[{"href":"https:\/\/www.bachmann-museum.de\/index.php?rest_route=\/wp\/v2\/posts\/3104","targetHints":{"allow":["GET"]}}],"collection":[{"href":"https:\/\/www.bachmann-museum.de\/index.php?rest_route=\/wp\/v2\/posts"}],"about":[{"href":"https:\/\/www.bachmann-museum.de\/index.php?rest_route=\/wp\/v2\/types\/post"}],"author":[{"embeddable":true,"href":"https:\/\/www.bachmann-museum.de\/index.php?rest_route=\/wp\/v2\/users\/1"}],"replies":[{"embeddable":true,"href":"https:\/\/www.bachmann-museum.de\/index.php?rest_route=%2Fwp%2Fv2%2Fcomments&post=3104"}],"version-history":[{"count":6,"href":"https:\/\/www.bachmann-museum.de\/index.php?rest_route=\/wp\/v2\/posts\/3104\/revisions"}],"predecessor-version":[{"id":3118,"href":"https:\/\/www.bachmann-museum.de\/index.php?rest_route=\/wp\/v2\/posts\/3104\/revisions\/3118"}],"wp:featuredmedia":[{"embeddable":true,"href":"https:\/\/www.bachmann-museum.de\/index.php?rest_route=\/wp\/v2\/media\/3115"}],"wp:attachment":[{"href":"https:\/\/www.bachmann-museum.de\/index.php?rest_route=%2Fwp%2Fv2%2Fmedia&parent=3104"}],"wp:term":[{"taxonomy":"category","embeddable":true,"href":"https:\/\/www.bachmann-museum.de\/index.php?rest_route=%2Fwp%2Fv2%2Fcategories&post=3104"},{"taxonomy":"post_tag","embeddable":true,"href":"https:\/\/www.bachmann-museum.de\/index.php?rest_route=%2Fwp%2Fv2%2Ftags&post=3104"}],"curies":[{"name":"wp","href":"https:\/\/api.w.org\/{rel}","templated":true}]}}