{"id":3022,"date":"2021-02-17T16:04:59","date_gmt":"2021-02-17T14:04:59","guid":{"rendered":"http:\/\/www.bachmann-museum.de\/?p=3022"},"modified":"2021-02-17T16:04:59","modified_gmt":"2021-02-17T14:04:59","slug":"bachmann-museum-baut-digitalisierung-aus","status":"publish","type":"post","link":"https:\/\/www.bachmann-museum.de\/?p=3022","title":{"rendered":"Bachmann-Museum baut Digitalisierung aus"},"content":{"rendered":"<figure id=\"attachment_3023\" aria-describedby=\"caption-attachment-3023\" style=\"width: 300px\" class=\"wp-caption alignleft\"><a href=\"https:\/\/i0.wp.com\/www.bachmann-museum.de\/wp-content\/uploads\/2021\/02\/BMB-Inventarisierung-2021-scaled.jpg?ssl=1\"><img data-recalc-dims=\"1\" loading=\"lazy\" decoding=\"async\" data-attachment-id=\"3023\" data-permalink=\"https:\/\/www.bachmann-museum.de\/?attachment_id=3023\" data-orig-file=\"https:\/\/i0.wp.com\/www.bachmann-museum.de\/wp-content\/uploads\/2021\/02\/BMB-Inventarisierung-2021-scaled.jpg?fit=2560%2C1547&amp;ssl=1\" data-orig-size=\"2560,1547\" data-comments-opened=\"0\" data-image-meta=\"{&quot;aperture&quot;:&quot;3.5&quot;,&quot;credit&quot;:&quot;&quot;,&quot;camera&quot;:&quot;Canon EOS 1300D&quot;,&quot;caption&quot;:&quot;&quot;,&quot;created_timestamp&quot;:&quot;1610635108&quot;,&quot;copyright&quot;:&quot;&quot;,&quot;focal_length&quot;:&quot;20&quot;,&quot;iso&quot;:&quot;800&quot;,&quot;shutter_speed&quot;:&quot;0.025&quot;,&quot;title&quot;:&quot;&quot;,&quot;orientation&quot;:&quot;1&quot;}\" data-image-title=\"BMB Inventarisierung 2021\" data-image-description=\"\" data-image-caption=\"\" data-large-file=\"https:\/\/i0.wp.com\/www.bachmann-museum.de\/wp-content\/uploads\/2021\/02\/BMB-Inventarisierung-2021-scaled.jpg?fit=750%2C453&amp;ssl=1\" class=\"size-medium wp-image-3023\" src=\"https:\/\/i0.wp.com\/www.bachmann-museum.de\/wp-content\/uploads\/2021\/02\/BMB-Inventarisierung-2021.jpg?resize=300%2C181&#038;ssl=1\" alt=\"\" width=\"300\" height=\"181\" srcset=\"https:\/\/i0.wp.com\/www.bachmann-museum.de\/wp-content\/uploads\/2021\/02\/BMB-Inventarisierung-2021-scaled.jpg?resize=300%2C181&amp;ssl=1 300w, https:\/\/i0.wp.com\/www.bachmann-museum.de\/wp-content\/uploads\/2021\/02\/BMB-Inventarisierung-2021-scaled.jpg?resize=1024%2C619&amp;ssl=1 1024w, https:\/\/i0.wp.com\/www.bachmann-museum.de\/wp-content\/uploads\/2021\/02\/BMB-Inventarisierung-2021-scaled.jpg?resize=768%2C464&amp;ssl=1 768w, https:\/\/i0.wp.com\/www.bachmann-museum.de\/wp-content\/uploads\/2021\/02\/BMB-Inventarisierung-2021-scaled.jpg?resize=1536%2C928&amp;ssl=1 1536w, https:\/\/i0.wp.com\/www.bachmann-museum.de\/wp-content\/uploads\/2021\/02\/BMB-Inventarisierung-2021-scaled.jpg?resize=2048%2C1238&amp;ssl=1 2048w, https:\/\/i0.wp.com\/www.bachmann-museum.de\/wp-content\/uploads\/2021\/02\/BMB-Inventarisierung-2021-scaled.jpg?w=2250&amp;ssl=1 2250w\" sizes=\"auto, (max-width: 300px) 100vw, 300px\" \/><\/a><figcaption id=\"caption-attachment-3023\" class=\"wp-caption-text\">Museumsleiterin Ellen Horstrup, Amtsleiter Marcus Oberstedt und Wissenschaftliche Museumsmitarbeiterin Meike Mittmann mit den neuen Tablet-Computern f\u00fcr die digitale Inventarisierung<\/figcaption><\/figure>\n<p><strong>Amtsleiter des Landkreises informiert sich \u00fcber Museumssammlungen<\/strong><\/p>\n<p><strong>Das Bachmann-Museum Bremerv\u00f6rde beherbergt sch\u00e4tzungsweise 83.000 Objekte zur Geologie, Arch\u00e4ologie, Geschichte und Volkskunde des zentralen Elbe-Weser-Dreiecks. Untergebracht sind diese f\u00fcr die Geschichte der Region wertvollen Objekte an mehreren Standorten in Bremerv\u00f6rde. Das Museumsteam baut in diesem Jahr dank einer F\u00f6rderung durch den Landschaftsverband Stade aus Mitteln des Landes Niedersachsen die Ausstattung f\u00fcr die digitale Inventarisierung und Standortverwaltung aus.<\/strong><\/p>\n<p>Sich mit den Museumsobjekten zu besch\u00e4ftigen, geh\u00f6rt zu den wichtigsten und spannendsten Aufgaben der Museumswissenschaftler: aus welchem Ort kommt das Objekt, wem hat es einst geh\u00f6rt und in welchen geschichtlichen Zusammenhang geh\u00f6rt es. Schon August Bachmann, der Gr\u00fcnder der Sammlungen, hat umfangreiche Aufzeichnungen erstellt, sobald er ein Objekt in seine Sammlungen aufgenommen hat. Was damals noch sorgf\u00e4ltig per Hand dokumentiert wurde, wird heute in der digitalen Datenbank des Museums gespeichert.<\/p>\n<p>Einen Eindruck von der Gr\u00f6\u00dfe der Sammlungen und den Herausforderungen der Digitalisierungsarbeiten verschaffte sich Marcus Oberstedt, der seit November 2020 die Leitung des Schulverwaltungs- und Kulturamtes des Landkreises Rotenburg (W\u00fcmme) \u00fcbernommen hat. Bereits mehr als 16.000 Objektnummern hat das Museumsteam in den letzten Jahren vergeben, um in einem ersten Schritt die Basisdaten der Objekte digital zu erfassen. Jetzt konnte das Team dank der F\u00f6rderung durch das Nieders\u00e4chsische Investitionsprogramm f\u00fcr kleine kulturelle Einrichtungen Tablet-Computer, Drucker und weiteres Arbeitsmaterial anschaffen, um diese digitale Schnellaufnahme der Objekte zu beschleunigen. Die neue Ausstattung erm\u00f6glicht die Dokumentation der Museumsobjekte direkt in den f\u00fcnf Museumsdepots. Dabei lassen sich zuk\u00fcnftig vor Ort auch bereits vorhandene Objektinformationen abrufen, aber auch komplett neue Datens\u00e4tze erstellen oder vorhandene Informationen erg\u00e4nzen.<\/p>\n<p>\u201eWenn man bedenkt, dass wir an f\u00fcnf Depotstandorten in Bremerv\u00f6rde arbeiten, bisher aber nur von unseren station\u00e4ren Arbeitspl\u00e4tzen im B\u00fcro mit der Datenbank arbeiten konnten, wird glaube ich jedem klar, was f\u00fcr eine Erleichterung diese neue Ausstattung f\u00fcr unsere Arbeit im Museum bedeutet\u201c, freut sich Meike Mittmann, wissenschaftliche Mitarbeiterin des Museums.<\/p>\n<p>Noch dazu kommt, dass mit der steigenden Bekanntheit der Sammlungen immer mehr wissenschaftliche Anfragen und Leihanfragen anderer Museen f\u00fcr Ausstellungen im Museum ankommen und jedes Jahr k\u00fcmmern sich Restauratoren um den Erhalt einiger Museumsobjekte. \u201eEs hat uns bisher viel Zeit gekostet, alle Objekte in allen Depots im Blick zu behalten. Auch bei dieser Standortverwaltung hilft uns die neue Ausstattung sehr.\u201c erkl\u00e4rt Museumsleiterin Ellen Horstrup besonders im Hinblick auf die anstehende Sanierung des Museumsgeb\u00e4udes, f\u00fcr die gro\u00dfe Depotbereiche umziehen m\u00fcssen.<\/p>\n<p>Beeindruckt von der Gr\u00f6\u00dfe und Vielfalt der Museumssammlungen zeigte sich auch Marcus Oberstedt. \u201eIch habe noch gar nicht alle Depotbereiche sehen k\u00f6nnen, bin aber jetzt schon erstaunt, wie viele au\u00dfergew\u00f6hnliche Objekte sich in den Museumsdepots befinden.\u201c Bei seinem Besuch informierte sich der neue Amtsleiter auch \u00fcber die Vorbereitungen zu einem gro\u00dfen Inventarisierungsprojekt, das der Landkreis in diesem Jahr finanziell erm\u00f6glicht und bei dem die neue mobile digitale Ausstattung intensiv genutzt wird.<br \/>\nBisher sind die digitalen Objektdaten nur von den Museumsmitarbeiter*innen einsehbar, damit zum Beispiel der Datenschutz gew\u00e4hrleistet ist. In Zukunft ist geplant, einige Objekte auch online f\u00fcr jedermann sichtbar zu machen.<\/p>\n","protected":false},"excerpt":{"rendered":"<p>Amtsleiter des Landkreises informiert sich \u00fcber Museumssammlungen Das Bachmann-Museum Bremerv\u00f6rde beherbergt sch\u00e4tzungsweise 83.000 Objekte zur Geologie, Arch\u00e4ologie, Geschichte und Volkskunde des zentralen Elbe-Weser-Dreiecks. Untergebracht sind diese f\u00fcr die Geschichte der Region wertvollen Objekte an mehreren Standorten in Bremerv\u00f6rde. Das Museumsteam baut in diesem Jahr dank einer F\u00f6rderung durch den Landschaftsverband Stade aus Mitteln des Landes [&hellip;]<\/p>\n","protected":false},"author":1,"featured_media":3023,"comment_status":"closed","ping_status":"open","sticky":false,"template":"","format":"standard","meta":{"_jetpack_newsletter_access":"","_jetpack_dont_email_post_to_subs":false,"_jetpack_newsletter_tier_id":0,"_jetpack_memberships_contains_paywalled_content":false,"_jetpack_memberships_contains_paid_content":false,"footnotes":""},"categories":[1],"tags":[],"class_list":["post-3022","post","type-post","status-publish","format-standard","has-post-thumbnail","hentry","category-allgemein"],"yoast_head":"<!-- This site is optimized with the Yoast SEO plugin v27.4 - https:\/\/yoast.com\/product\/yoast-seo-wordpress\/ -->\n<title>Bachmann-Museum baut Digitalisierung aus - Bachmann-Museum Bremerv\u00f6rde<\/title>\n<meta name=\"robots\" content=\"index, follow, max-snippet:-1, max-image-preview:large, max-video-preview:-1\" \/>\n<link rel=\"canonical\" href=\"https:\/\/www.bachmann-museum.de\/?p=3022\" \/>\n<meta property=\"og:locale\" content=\"de_DE\" \/>\n<meta property=\"og:type\" content=\"article\" \/>\n<meta property=\"og:title\" content=\"Bachmann-Museum baut Digitalisierung aus - Bachmann-Museum Bremerv\u00f6rde\" \/>\n<meta property=\"og:description\" content=\"Amtsleiter des Landkreises informiert sich \u00fcber Museumssammlungen Das Bachmann-Museum Bremerv\u00f6rde beherbergt sch\u00e4tzungsweise 83.000 Objekte zur Geologie, Arch\u00e4ologie, Geschichte und Volkskunde des zentralen Elbe-Weser-Dreiecks. Untergebracht sind diese f\u00fcr die Geschichte der Region wertvollen Objekte an mehreren Standorten in Bremerv\u00f6rde. Das Museumsteam baut in diesem Jahr dank einer F\u00f6rderung durch den Landschaftsverband Stade aus Mitteln des Landes [&hellip;]\" \/>\n<meta property=\"og:url\" content=\"https:\/\/www.bachmann-museum.de\/?p=3022\" \/>\n<meta property=\"og:site_name\" content=\"Bachmann-Museum Bremerv\u00f6rde\" \/>\n<meta property=\"article:published_time\" content=\"2021-02-17T14:04:59+00:00\" \/>\n<meta property=\"og:image\" content=\"https:\/\/i0.wp.com\/www.bachmann-museum.de\/wp-content\/uploads\/2021\/02\/BMB-Inventarisierung-2021-scaled.jpg?fit=2560%2C1547&ssl=1\" \/>\n\t<meta property=\"og:image:width\" content=\"2560\" \/>\n\t<meta property=\"og:image:height\" content=\"1547\" \/>\n\t<meta property=\"og:image:type\" content=\"image\/jpeg\" \/>\n<meta name=\"author\" content=\"Bachmann-Admin_1\" \/>\n<meta name=\"twitter:card\" content=\"summary_large_image\" \/>\n<meta name=\"twitter:label1\" content=\"Verfasst von\" \/>\n\t<meta name=\"twitter:data1\" content=\"Bachmann-Admin_1\" \/>\n\t<meta name=\"twitter:label2\" content=\"Gesch\u00e4tzte Lesezeit\" \/>\n\t<meta name=\"twitter:data2\" content=\"3\u00a0Minuten\" \/>\n<script type=\"application\/ld+json\" class=\"yoast-schema-graph\">{\"@context\":\"https:\\\/\\\/schema.org\",\"@graph\":[{\"@type\":\"Article\",\"@id\":\"https:\\\/\\\/www.bachmann-museum.de\\\/?p=3022#article\",\"isPartOf\":{\"@id\":\"https:\\\/\\\/www.bachmann-museum.de\\\/?p=3022\"},\"author\":{\"name\":\"Bachmann-Admin_1\",\"@id\":\"https:\\\/\\\/www.bachmann-museum.de\\\/#\\\/schema\\\/person\\\/4e0a96d1ed2480e1c23c3d5afb424bee\"},\"headline\":\"Bachmann-Museum baut Digitalisierung aus\",\"datePublished\":\"2021-02-17T14:04:59+00:00\",\"mainEntityOfPage\":{\"@id\":\"https:\\\/\\\/www.bachmann-museum.de\\\/?p=3022\"},\"wordCount\":560,\"image\":{\"@id\":\"https:\\\/\\\/www.bachmann-museum.de\\\/?p=3022#primaryimage\"},\"thumbnailUrl\":\"https:\\\/\\\/i0.wp.com\\\/www.bachmann-museum.de\\\/wp-content\\\/uploads\\\/2021\\\/02\\\/BMB-Inventarisierung-2021-scaled.jpg?fit=2560%2C1547&ssl=1\",\"inLanguage\":\"de\"},{\"@type\":\"WebPage\",\"@id\":\"https:\\\/\\\/www.bachmann-museum.de\\\/?p=3022\",\"url\":\"https:\\\/\\\/www.bachmann-museum.de\\\/?p=3022\",\"name\":\"Bachmann-Museum baut Digitalisierung aus - Bachmann-Museum Bremerv\u00f6rde\",\"isPartOf\":{\"@id\":\"https:\\\/\\\/www.bachmann-museum.de\\\/#website\"},\"primaryImageOfPage\":{\"@id\":\"https:\\\/\\\/www.bachmann-museum.de\\\/?p=3022#primaryimage\"},\"image\":{\"@id\":\"https:\\\/\\\/www.bachmann-museum.de\\\/?p=3022#primaryimage\"},\"thumbnailUrl\":\"https:\\\/\\\/i0.wp.com\\\/www.bachmann-museum.de\\\/wp-content\\\/uploads\\\/2021\\\/02\\\/BMB-Inventarisierung-2021-scaled.jpg?fit=2560%2C1547&ssl=1\",\"datePublished\":\"2021-02-17T14:04:59+00:00\",\"author\":{\"@id\":\"https:\\\/\\\/www.bachmann-museum.de\\\/#\\\/schema\\\/person\\\/4e0a96d1ed2480e1c23c3d5afb424bee\"},\"breadcrumb\":{\"@id\":\"https:\\\/\\\/www.bachmann-museum.de\\\/?p=3022#breadcrumb\"},\"inLanguage\":\"de\",\"potentialAction\":[{\"@type\":\"ReadAction\",\"target\":[\"https:\\\/\\\/www.bachmann-museum.de\\\/?p=3022\"]}]},{\"@type\":\"ImageObject\",\"inLanguage\":\"de\",\"@id\":\"https:\\\/\\\/www.bachmann-museum.de\\\/?p=3022#primaryimage\",\"url\":\"https:\\\/\\\/i0.wp.com\\\/www.bachmann-museum.de\\\/wp-content\\\/uploads\\\/2021\\\/02\\\/BMB-Inventarisierung-2021-scaled.jpg?fit=2560%2C1547&ssl=1\",\"contentUrl\":\"https:\\\/\\\/i0.wp.com\\\/www.bachmann-museum.de\\\/wp-content\\\/uploads\\\/2021\\\/02\\\/BMB-Inventarisierung-2021-scaled.jpg?fit=2560%2C1547&ssl=1\",\"width\":2560,\"height\":1547},{\"@type\":\"BreadcrumbList\",\"@id\":\"https:\\\/\\\/www.bachmann-museum.de\\\/?p=3022#breadcrumb\",\"itemListElement\":[{\"@type\":\"ListItem\",\"position\":1,\"name\":\"Start\",\"item\":\"https:\\\/\\\/www.bachmann-museum.de\\\/\"},{\"@type\":\"ListItem\",\"position\":2,\"name\":\"Bachmann-Museum baut Digitalisierung aus\"}]},{\"@type\":\"WebSite\",\"@id\":\"https:\\\/\\\/www.bachmann-museum.de\\\/#website\",\"url\":\"https:\\\/\\\/www.bachmann-museum.de\\\/\",\"name\":\"Bachmann-Museum Bremerv\u00f6rde\",\"description\":\"\",\"potentialAction\":[{\"@type\":\"SearchAction\",\"target\":{\"@type\":\"EntryPoint\",\"urlTemplate\":\"https:\\\/\\\/www.bachmann-museum.de\\\/?s={search_term_string}\"},\"query-input\":{\"@type\":\"PropertyValueSpecification\",\"valueRequired\":true,\"valueName\":\"search_term_string\"}}],\"inLanguage\":\"de\"},{\"@type\":\"Person\",\"@id\":\"https:\\\/\\\/www.bachmann-museum.de\\\/#\\\/schema\\\/person\\\/4e0a96d1ed2480e1c23c3d5afb424bee\",\"name\":\"Bachmann-Admin_1\",\"image\":{\"@type\":\"ImageObject\",\"inLanguage\":\"de\",\"@id\":\"https:\\\/\\\/secure.gravatar.com\\\/avatar\\\/12b64d40c777adbd0761c887e33f30e0219d4565a9373e68911205fb911bd107?s=96&d=mm&r=g\",\"url\":\"https:\\\/\\\/secure.gravatar.com\\\/avatar\\\/12b64d40c777adbd0761c887e33f30e0219d4565a9373e68911205fb911bd107?s=96&d=mm&r=g\",\"contentUrl\":\"https:\\\/\\\/secure.gravatar.com\\\/avatar\\\/12b64d40c777adbd0761c887e33f30e0219d4565a9373e68911205fb911bd107?s=96&d=mm&r=g\",\"caption\":\"Bachmann-Admin_1\"},\"url\":\"https:\\\/\\\/www.bachmann-museum.de\\\/?author=1\"}]}<\/script>\n<!-- \/ Yoast SEO plugin. -->","yoast_head_json":{"title":"Bachmann-Museum baut Digitalisierung aus - Bachmann-Museum Bremerv\u00f6rde","robots":{"index":"index","follow":"follow","max-snippet":"max-snippet:-1","max-image-preview":"max-image-preview:large","max-video-preview":"max-video-preview:-1"},"canonical":"https:\/\/www.bachmann-museum.de\/?p=3022","og_locale":"de_DE","og_type":"article","og_title":"Bachmann-Museum baut Digitalisierung aus - Bachmann-Museum Bremerv\u00f6rde","og_description":"Amtsleiter des Landkreises informiert sich \u00fcber Museumssammlungen Das Bachmann-Museum Bremerv\u00f6rde beherbergt sch\u00e4tzungsweise 83.000 Objekte zur Geologie, Arch\u00e4ologie, Geschichte und Volkskunde des zentralen Elbe-Weser-Dreiecks. Untergebracht sind diese f\u00fcr die Geschichte der Region wertvollen Objekte an mehreren Standorten in Bremerv\u00f6rde. Das Museumsteam baut in diesem Jahr dank einer F\u00f6rderung durch den Landschaftsverband Stade aus Mitteln des Landes [&hellip;]","og_url":"https:\/\/www.bachmann-museum.de\/?p=3022","og_site_name":"Bachmann-Museum Bremerv\u00f6rde","article_published_time":"2021-02-17T14:04:59+00:00","og_image":[{"width":2560,"height":1547,"url":"https:\/\/i0.wp.com\/www.bachmann-museum.de\/wp-content\/uploads\/2021\/02\/BMB-Inventarisierung-2021-scaled.jpg?fit=2560%2C1547&ssl=1","type":"image\/jpeg"}],"author":"Bachmann-Admin_1","twitter_card":"summary_large_image","twitter_misc":{"Verfasst von":"Bachmann-Admin_1","Gesch\u00e4tzte Lesezeit":"3\u00a0Minuten"},"schema":{"@context":"https:\/\/schema.org","@graph":[{"@type":"Article","@id":"https:\/\/www.bachmann-museum.de\/?p=3022#article","isPartOf":{"@id":"https:\/\/www.bachmann-museum.de\/?p=3022"},"author":{"name":"Bachmann-Admin_1","@id":"https:\/\/www.bachmann-museum.de\/#\/schema\/person\/4e0a96d1ed2480e1c23c3d5afb424bee"},"headline":"Bachmann-Museum baut Digitalisierung aus","datePublished":"2021-02-17T14:04:59+00:00","mainEntityOfPage":{"@id":"https:\/\/www.bachmann-museum.de\/?p=3022"},"wordCount":560,"image":{"@id":"https:\/\/www.bachmann-museum.de\/?p=3022#primaryimage"},"thumbnailUrl":"https:\/\/i0.wp.com\/www.bachmann-museum.de\/wp-content\/uploads\/2021\/02\/BMB-Inventarisierung-2021-scaled.jpg?fit=2560%2C1547&ssl=1","inLanguage":"de"},{"@type":"WebPage","@id":"https:\/\/www.bachmann-museum.de\/?p=3022","url":"https:\/\/www.bachmann-museum.de\/?p=3022","name":"Bachmann-Museum baut Digitalisierung aus - Bachmann-Museum Bremerv\u00f6rde","isPartOf":{"@id":"https:\/\/www.bachmann-museum.de\/#website"},"primaryImageOfPage":{"@id":"https:\/\/www.bachmann-museum.de\/?p=3022#primaryimage"},"image":{"@id":"https:\/\/www.bachmann-museum.de\/?p=3022#primaryimage"},"thumbnailUrl":"https:\/\/i0.wp.com\/www.bachmann-museum.de\/wp-content\/uploads\/2021\/02\/BMB-Inventarisierung-2021-scaled.jpg?fit=2560%2C1547&ssl=1","datePublished":"2021-02-17T14:04:59+00:00","author":{"@id":"https:\/\/www.bachmann-museum.de\/#\/schema\/person\/4e0a96d1ed2480e1c23c3d5afb424bee"},"breadcrumb":{"@id":"https:\/\/www.bachmann-museum.de\/?p=3022#breadcrumb"},"inLanguage":"de","potentialAction":[{"@type":"ReadAction","target":["https:\/\/www.bachmann-museum.de\/?p=3022"]}]},{"@type":"ImageObject","inLanguage":"de","@id":"https:\/\/www.bachmann-museum.de\/?p=3022#primaryimage","url":"https:\/\/i0.wp.com\/www.bachmann-museum.de\/wp-content\/uploads\/2021\/02\/BMB-Inventarisierung-2021-scaled.jpg?fit=2560%2C1547&ssl=1","contentUrl":"https:\/\/i0.wp.com\/www.bachmann-museum.de\/wp-content\/uploads\/2021\/02\/BMB-Inventarisierung-2021-scaled.jpg?fit=2560%2C1547&ssl=1","width":2560,"height":1547},{"@type":"BreadcrumbList","@id":"https:\/\/www.bachmann-museum.de\/?p=3022#breadcrumb","itemListElement":[{"@type":"ListItem","position":1,"name":"Start","item":"https:\/\/www.bachmann-museum.de\/"},{"@type":"ListItem","position":2,"name":"Bachmann-Museum baut Digitalisierung aus"}]},{"@type":"WebSite","@id":"https:\/\/www.bachmann-museum.de\/#website","url":"https:\/\/www.bachmann-museum.de\/","name":"Bachmann-Museum Bremerv\u00f6rde","description":"","potentialAction":[{"@type":"SearchAction","target":{"@type":"EntryPoint","urlTemplate":"https:\/\/www.bachmann-museum.de\/?s={search_term_string}"},"query-input":{"@type":"PropertyValueSpecification","valueRequired":true,"valueName":"search_term_string"}}],"inLanguage":"de"},{"@type":"Person","@id":"https:\/\/www.bachmann-museum.de\/#\/schema\/person\/4e0a96d1ed2480e1c23c3d5afb424bee","name":"Bachmann-Admin_1","image":{"@type":"ImageObject","inLanguage":"de","@id":"https:\/\/secure.gravatar.com\/avatar\/12b64d40c777adbd0761c887e33f30e0219d4565a9373e68911205fb911bd107?s=96&d=mm&r=g","url":"https:\/\/secure.gravatar.com\/avatar\/12b64d40c777adbd0761c887e33f30e0219d4565a9373e68911205fb911bd107?s=96&d=mm&r=g","contentUrl":"https:\/\/secure.gravatar.com\/avatar\/12b64d40c777adbd0761c887e33f30e0219d4565a9373e68911205fb911bd107?s=96&d=mm&r=g","caption":"Bachmann-Admin_1"},"url":"https:\/\/www.bachmann-museum.de\/?author=1"}]}},"jetpack_featured_media_url":"https:\/\/i0.wp.com\/www.bachmann-museum.de\/wp-content\/uploads\/2021\/02\/BMB-Inventarisierung-2021-scaled.jpg?fit=2560%2C1547&ssl=1","jetpack_sharing_enabled":true,"jetpack_shortlink":"https:\/\/wp.me\/p5DgYi-MK","jetpack-related-posts":[],"_links":{"self":[{"href":"https:\/\/www.bachmann-museum.de\/index.php?rest_route=\/wp\/v2\/posts\/3022","targetHints":{"allow":["GET"]}}],"collection":[{"href":"https:\/\/www.bachmann-museum.de\/index.php?rest_route=\/wp\/v2\/posts"}],"about":[{"href":"https:\/\/www.bachmann-museum.de\/index.php?rest_route=\/wp\/v2\/types\/post"}],"author":[{"embeddable":true,"href":"https:\/\/www.bachmann-museum.de\/index.php?rest_route=\/wp\/v2\/users\/1"}],"replies":[{"embeddable":true,"href":"https:\/\/www.bachmann-museum.de\/index.php?rest_route=%2Fwp%2Fv2%2Fcomments&post=3022"}],"version-history":[{"count":1,"href":"https:\/\/www.bachmann-museum.de\/index.php?rest_route=\/wp\/v2\/posts\/3022\/revisions"}],"predecessor-version":[{"id":3024,"href":"https:\/\/www.bachmann-museum.de\/index.php?rest_route=\/wp\/v2\/posts\/3022\/revisions\/3024"}],"wp:featuredmedia":[{"embeddable":true,"href":"https:\/\/www.bachmann-museum.de\/index.php?rest_route=\/wp\/v2\/media\/3023"}],"wp:attachment":[{"href":"https:\/\/www.bachmann-museum.de\/index.php?rest_route=%2Fwp%2Fv2%2Fmedia&parent=3022"}],"wp:term":[{"taxonomy":"category","embeddable":true,"href":"https:\/\/www.bachmann-museum.de\/index.php?rest_route=%2Fwp%2Fv2%2Fcategories&post=3022"},{"taxonomy":"post_tag","embeddable":true,"href":"https:\/\/www.bachmann-museum.de\/index.php?rest_route=%2Fwp%2Fv2%2Ftags&post=3022"}],"curies":[{"name":"wp","href":"https:\/\/api.w.org\/{rel}","templated":true}]}}