{"id":2990,"date":"2020-12-18T13:32:35","date_gmt":"2020-12-18T11:32:35","guid":{"rendered":"http:\/\/www.bachmann-museum.de\/?p=2990"},"modified":"2020-12-18T13:51:24","modified_gmt":"2020-12-18T11:51:24","slug":"neues-mobiliar-fuer-veranstaltungsraum","status":"publish","type":"post","link":"https:\/\/www.bachmann-museum.de\/?p=2990","title":{"rendered":"Neues Mobiliar f\u00fcr Veranstaltungsraum"},"content":{"rendered":"<figure id=\"attachment_3002\" aria-describedby=\"caption-attachment-3002\" style=\"width: 300px\" class=\"wp-caption alignleft\"><a href=\"https:\/\/i0.wp.com\/www.bachmann-museum.de\/wp-content\/uploads\/2020\/12\/Museumsteam-mit-Moebeln-draussen.jpg?ssl=1\"><img data-recalc-dims=\"1\" loading=\"lazy\" decoding=\"async\" data-attachment-id=\"3002\" data-permalink=\"https:\/\/www.bachmann-museum.de\/?attachment_id=3002\" data-orig-file=\"https:\/\/i0.wp.com\/www.bachmann-museum.de\/wp-content\/uploads\/2020\/12\/Museumsteam-mit-Moebeln-draussen.jpg?fit=1732%2C1154&amp;ssl=1\" data-orig-size=\"1732,1154\" data-comments-opened=\"0\" data-image-meta=\"{&quot;aperture&quot;:&quot;0&quot;,&quot;credit&quot;:&quot;&quot;,&quot;camera&quot;:&quot;&quot;,&quot;caption&quot;:&quot;&quot;,&quot;created_timestamp&quot;:&quot;1605614869&quot;,&quot;copyright&quot;:&quot;&quot;,&quot;focal_length&quot;:&quot;0&quot;,&quot;iso&quot;:&quot;0&quot;,&quot;shutter_speed&quot;:&quot;0&quot;,&quot;title&quot;:&quot;&quot;,&quot;orientation&quot;:&quot;1&quot;}\" data-image-title=\"Museumsteam mit M\u00f6beln drau\u00dfen\" data-image-description=\"\" data-image-caption=\"&lt;p&gt;Freuen sich \u00fcber das neue Mobiliar: Andreas Schley (Museumsp\u00e4dagogik), Ellen Horstrup (Museumsleiterin), Simone Gr\u00f6schel (Verwaltung) und Viktoria Veitenhansl (FSJ Denkmalpflege)&lt;\/p&gt;\n\" data-large-file=\"https:\/\/i0.wp.com\/www.bachmann-museum.de\/wp-content\/uploads\/2020\/12\/Museumsteam-mit-Moebeln-draussen.jpg?fit=750%2C500&amp;ssl=1\" class=\"size-medium wp-image-3002\" src=\"https:\/\/i0.wp.com\/www.bachmann-museum.de\/wp-content\/uploads\/2020\/12\/Museumsteam-mit-Moebeln-draussen.jpg?resize=300%2C200&#038;ssl=1\" alt=\"\" width=\"300\" height=\"200\" srcset=\"https:\/\/i0.wp.com\/www.bachmann-museum.de\/wp-content\/uploads\/2020\/12\/Museumsteam-mit-Moebeln-draussen.jpg?resize=300%2C200&amp;ssl=1 300w, https:\/\/i0.wp.com\/www.bachmann-museum.de\/wp-content\/uploads\/2020\/12\/Museumsteam-mit-Moebeln-draussen.jpg?resize=1024%2C682&amp;ssl=1 1024w, https:\/\/i0.wp.com\/www.bachmann-museum.de\/wp-content\/uploads\/2020\/12\/Museumsteam-mit-Moebeln-draussen.jpg?resize=768%2C512&amp;ssl=1 768w, https:\/\/i0.wp.com\/www.bachmann-museum.de\/wp-content\/uploads\/2020\/12\/Museumsteam-mit-Moebeln-draussen.jpg?resize=1536%2C1023&amp;ssl=1 1536w, https:\/\/i0.wp.com\/www.bachmann-museum.de\/wp-content\/uploads\/2020\/12\/Museumsteam-mit-Moebeln-draussen.jpg?w=1732&amp;ssl=1 1732w\" sizes=\"auto, (max-width: 300px) 100vw, 300px\" \/><\/a><figcaption id=\"caption-attachment-3002\" class=\"wp-caption-text\">Freuen sich \u00fcber das neue Mobiliar: Andreas Schley (Museumsp\u00e4dagogik), Ellen Horstrup (Museumsleiterin), Simone Gr\u00f6schel (Verwaltung) und Viktoria Veitenhansl (FSJ Denkmalpflege)<\/figcaption><\/figure>\n<p><strong>F\u00f6rderprojekt st\u00e4rkt Arbeit des Bachmann-Museums Bremerv\u00f6rde<\/strong><\/p>\n<p><strong>Neues Mobiliar wird gro\u00dfem Interesse an Veranstaltungen gerecht<\/strong><\/p>\n<p>Seit einigen Jahren steigen die Besucherzahlen im Bachmann-Museum bei Vortr\u00e4gen und F\u00fchrungen, aber auch die Besuche von Schulklassen und Kindergeburtstage nehmen zu. Mit neuem praktischem Mobiliar kann das Museum nun dieser Entwicklung gerecht werden und eine bessere Teilhabe an seinen kulturellen Angeboten im l\u00e4ndlich gepr\u00e4gten Elbe-Weser-Dreieck erm\u00f6glichen. Die neue Ausstattung wird gef\u00f6rdert von der Beauftragten der Bundesregierung f\u00fcr Kultur und Medien aufgrund eines Beschlusses des Deutschen Bundestages.<br \/>\nPraktisch, bequem und zahlenm\u00e4\u00dfig deutlich gr\u00f6\u00dfer sollte das neue Mobiliar f\u00fcr den Veranstaltungsraum sein und damit den steigenden Besucherzahlen bei Veranstaltungen im Bachmann-Museum gerecht werden. Das war das Ziel des F\u00f6rderantrags, den das Museum Anfang Mai an das \u201eSoforthilfeprogramm Heimatmuseen\u201c stellte. Als regionale Kultureinrichtung im l\u00e4ndlichen Raum suchte das Museum Unterst\u00fctzung, um seinen verschiedenen Besuchergruppen eine bessere Aufenthaltsqualit\u00e4t bieten zu k\u00f6nnen. Daher war die Freude im Museumsteam \u00fcber die Zusage gro\u00df.<\/p>\n<p>Das Soforthilfeprogramm ist Bestandteil des F\u00f6rderprogramms \u201eKultur in l\u00e4ndlichen R\u00e4umen\u201c des Deutschen Verbands f\u00fcr Arch\u00e4ologie (DVA) und st\u00e4rkt regionale kulturelle Akteure in ihrem Betrieb und ihrer Weiterentwicklung. Seit dem Start des Programms im April 2020 konnten insgesamt 150 Projekte mit einem F\u00f6rdervolumen von 2,5 Millionen Euro unterst\u00fctzt werden. \u201eWir freuen uns sehr \u00fcber diesen gro\u00dfen Erfolg\u201c erkl\u00e4rt Dr. Greta Civis, Gebietsreferentin beim DVA, die dem Bachmann-Museum als direkte Ansprechpartnerin zur Seite steht.<\/p>\n<p>Die gute Nachricht \u00fcber die F\u00f6rderung verk\u00fcndete der Bundestagsabgeordnete Oliver Grundmann im Juli 2020 und w\u00fcnschte dem Museum, bald wieder Schulklassen und Besuchergruppen empfangen zu k\u00f6nnen. \u201eDie guten W\u00fcnsche von Herrn Grundmann und die Nachricht \u00fcber die F\u00f6rderung kamen f\u00fcr uns genau zum richtigen Zeitpunkt, denn die Schlie\u00dfung des Museums im M\u00e4rz und die Absage aller Veranstaltungen und Schulklassenprogramme ist uns &#8211; wie allen Kultureinrichtungen &#8211; sehr schwer gefallen. Obwohl das Museum inzwischen wegen der Corona-Ma\u00dfnahmen wieder schlie\u00dfen musste, sind wir sehr optimistisch, im Laufe des Jahres 2021 unsere neuen M\u00f6bel ausgiebig nutzen zu k\u00f6nnen\u201c verr\u00e4t Museumsleiterin Ellen Horstrup.<\/p>\n<p>Denn seit November stehen 100 neue St\u00fchle und 20 neue Tische inklusive Transportwagen im Veranstaltungsraum. Das neue Mobiliar erleichtert die Arbeit des Museumsteams sehr. Alle Schulklassenprogramme, Vortr\u00e4ge, Familienangebote finden in den Veranstaltungsraum statt, au\u00dferdem alle Lehrerfortbildungen, Workshops und die Sitzungen der Stiftungsgremien. In den vergangenen Jahren hat das Museumsteam bis zu dreimal pro Tag den Raum umger\u00e4umt. Mit der neuen Ausstattung geht das zuk\u00fcnftig schneller und einfacher. Au\u00dferdem sind St\u00fchle und Tische stapelbar und k\u00f6nnen so komplett in dem kleinen Lagerraum untergebracht werden, in dem ein neuer Schrank jetzt auch Stauraum bietet. Und nicht zuletzt sind die neuen St\u00fchle deutlich bequemer, wie das Museumsteam selbst in den letzten Tagen schon getestet hat.<\/p>\n<p>Die Planung der Vortr\u00e4ge und museumsp\u00e4dagogischen Angebote f\u00fcr das kommende Jahr l\u00e4uft bereits. Zum Beispiel wird sich das Museum mit Vortr\u00e4gen und F\u00fchrungen an dem auf 2021 verschobenen Jubil\u00e4umsjahr f\u00fcr J\u00fcrgen-Christian Findorff beteiligen. Bis zum 10. Januar 2021 bleibt das Museum allerdings noch geschlossen. Aktuelle Informationen \u00fcber \u00d6ffnungszeiten und Veranstaltungen sind unter www.bachmann-museum.de. zu finden.<\/p>\n","protected":false},"excerpt":{"rendered":"<p>F\u00f6rderprojekt st\u00e4rkt Arbeit des Bachmann-Museums Bremerv\u00f6rde Neues Mobiliar wird gro\u00dfem Interesse an Veranstaltungen gerecht Seit einigen Jahren steigen die Besucherzahlen im Bachmann-Museum bei Vortr\u00e4gen und F\u00fchrungen, aber auch die Besuche von Schulklassen und Kindergeburtstage nehmen zu. Mit neuem praktischem Mobiliar kann das Museum nun dieser Entwicklung gerecht werden und eine bessere Teilhabe an seinen kulturellen [&hellip;]<\/p>\n","protected":false},"author":1,"featured_media":3002,"comment_status":"closed","ping_status":"open","sticky":false,"template":"","format":"standard","meta":{"_jetpack_newsletter_access":"","_jetpack_dont_email_post_to_subs":false,"_jetpack_newsletter_tier_id":0,"_jetpack_memberships_contains_paywalled_content":false,"_jetpack_memberships_contains_paid_content":false,"footnotes":""},"categories":[1],"tags":[],"class_list":["post-2990","post","type-post","status-publish","format-standard","has-post-thumbnail","hentry","category-allgemein"],"yoast_head":"<!-- This site is optimized with the Yoast SEO plugin v27.4 - https:\/\/yoast.com\/product\/yoast-seo-wordpress\/ -->\n<title>Neues Mobiliar f\u00fcr Veranstaltungsraum - Bachmann-Museum Bremerv\u00f6rde<\/title>\n<meta name=\"robots\" content=\"index, follow, max-snippet:-1, max-image-preview:large, max-video-preview:-1\" \/>\n<link rel=\"canonical\" href=\"https:\/\/www.bachmann-museum.de\/?p=2990\" \/>\n<meta property=\"og:locale\" content=\"de_DE\" \/>\n<meta property=\"og:type\" content=\"article\" \/>\n<meta property=\"og:title\" content=\"Neues Mobiliar f\u00fcr Veranstaltungsraum - Bachmann-Museum Bremerv\u00f6rde\" \/>\n<meta property=\"og:description\" content=\"F\u00f6rderprojekt st\u00e4rkt Arbeit des Bachmann-Museums Bremerv\u00f6rde Neues Mobiliar wird gro\u00dfem Interesse an Veranstaltungen gerecht Seit einigen Jahren steigen die Besucherzahlen im Bachmann-Museum bei Vortr\u00e4gen und F\u00fchrungen, aber auch die Besuche von Schulklassen und Kindergeburtstage nehmen zu. Mit neuem praktischem Mobiliar kann das Museum nun dieser Entwicklung gerecht werden und eine bessere Teilhabe an seinen kulturellen [&hellip;]\" \/>\n<meta property=\"og:url\" content=\"https:\/\/www.bachmann-museum.de\/?p=2990\" \/>\n<meta property=\"og:site_name\" content=\"Bachmann-Museum Bremerv\u00f6rde\" \/>\n<meta property=\"article:published_time\" content=\"2020-12-18T11:32:35+00:00\" \/>\n<meta property=\"article:modified_time\" content=\"2020-12-18T11:51:24+00:00\" \/>\n<meta property=\"og:image\" content=\"https:\/\/i0.wp.com\/www.bachmann-museum.de\/wp-content\/uploads\/2020\/12\/Museumsteam-mit-Moebeln-draussen.jpg?fit=1732%2C1154&ssl=1\" \/>\n\t<meta property=\"og:image:width\" content=\"1732\" \/>\n\t<meta property=\"og:image:height\" content=\"1154\" \/>\n\t<meta property=\"og:image:type\" content=\"image\/jpeg\" \/>\n<meta name=\"author\" content=\"Bachmann-Admin_1\" \/>\n<meta name=\"twitter:card\" content=\"summary_large_image\" \/>\n<meta name=\"twitter:label1\" content=\"Verfasst von\" \/>\n\t<meta name=\"twitter:data1\" content=\"Bachmann-Admin_1\" \/>\n\t<meta name=\"twitter:label2\" content=\"Gesch\u00e4tzte Lesezeit\" \/>\n\t<meta name=\"twitter:data2\" content=\"3\u00a0Minuten\" \/>\n<script type=\"application\/ld+json\" class=\"yoast-schema-graph\">{\"@context\":\"https:\\\/\\\/schema.org\",\"@graph\":[{\"@type\":\"Article\",\"@id\":\"https:\\\/\\\/www.bachmann-museum.de\\\/?p=2990#article\",\"isPartOf\":{\"@id\":\"https:\\\/\\\/www.bachmann-museum.de\\\/?p=2990\"},\"author\":{\"name\":\"Bachmann-Admin_1\",\"@id\":\"https:\\\/\\\/www.bachmann-museum.de\\\/#\\\/schema\\\/person\\\/4e0a96d1ed2480e1c23c3d5afb424bee\"},\"headline\":\"Neues Mobiliar f\u00fcr Veranstaltungsraum\",\"datePublished\":\"2020-12-18T11:32:35+00:00\",\"dateModified\":\"2020-12-18T11:51:24+00:00\",\"mainEntityOfPage\":{\"@id\":\"https:\\\/\\\/www.bachmann-museum.de\\\/?p=2990\"},\"wordCount\":577,\"image\":{\"@id\":\"https:\\\/\\\/www.bachmann-museum.de\\\/?p=2990#primaryimage\"},\"thumbnailUrl\":\"https:\\\/\\\/i0.wp.com\\\/www.bachmann-museum.de\\\/wp-content\\\/uploads\\\/2020\\\/12\\\/Museumsteam-mit-Moebeln-draussen.jpg?fit=1732%2C1154&ssl=1\",\"inLanguage\":\"de\"},{\"@type\":\"WebPage\",\"@id\":\"https:\\\/\\\/www.bachmann-museum.de\\\/?p=2990\",\"url\":\"https:\\\/\\\/www.bachmann-museum.de\\\/?p=2990\",\"name\":\"Neues Mobiliar f\u00fcr Veranstaltungsraum - Bachmann-Museum Bremerv\u00f6rde\",\"isPartOf\":{\"@id\":\"https:\\\/\\\/www.bachmann-museum.de\\\/#website\"},\"primaryImageOfPage\":{\"@id\":\"https:\\\/\\\/www.bachmann-museum.de\\\/?p=2990#primaryimage\"},\"image\":{\"@id\":\"https:\\\/\\\/www.bachmann-museum.de\\\/?p=2990#primaryimage\"},\"thumbnailUrl\":\"https:\\\/\\\/i0.wp.com\\\/www.bachmann-museum.de\\\/wp-content\\\/uploads\\\/2020\\\/12\\\/Museumsteam-mit-Moebeln-draussen.jpg?fit=1732%2C1154&ssl=1\",\"datePublished\":\"2020-12-18T11:32:35+00:00\",\"dateModified\":\"2020-12-18T11:51:24+00:00\",\"author\":{\"@id\":\"https:\\\/\\\/www.bachmann-museum.de\\\/#\\\/schema\\\/person\\\/4e0a96d1ed2480e1c23c3d5afb424bee\"},\"breadcrumb\":{\"@id\":\"https:\\\/\\\/www.bachmann-museum.de\\\/?p=2990#breadcrumb\"},\"inLanguage\":\"de\",\"potentialAction\":[{\"@type\":\"ReadAction\",\"target\":[\"https:\\\/\\\/www.bachmann-museum.de\\\/?p=2990\"]}]},{\"@type\":\"ImageObject\",\"inLanguage\":\"de\",\"@id\":\"https:\\\/\\\/www.bachmann-museum.de\\\/?p=2990#primaryimage\",\"url\":\"https:\\\/\\\/i0.wp.com\\\/www.bachmann-museum.de\\\/wp-content\\\/uploads\\\/2020\\\/12\\\/Museumsteam-mit-Moebeln-draussen.jpg?fit=1732%2C1154&ssl=1\",\"contentUrl\":\"https:\\\/\\\/i0.wp.com\\\/www.bachmann-museum.de\\\/wp-content\\\/uploads\\\/2020\\\/12\\\/Museumsteam-mit-Moebeln-draussen.jpg?fit=1732%2C1154&ssl=1\",\"width\":1732,\"height\":1154,\"caption\":\"Freuen sich \u00fcber das neue Mobiliar: Andreas Schley (Museumsp\u00e4dagogik), Ellen Horstrup (Museumsleiterin), Simone Gr\u00f6schel (Verwaltung) und Viktoria Veitenhansl (FSJ Denkmalpflege)\"},{\"@type\":\"BreadcrumbList\",\"@id\":\"https:\\\/\\\/www.bachmann-museum.de\\\/?p=2990#breadcrumb\",\"itemListElement\":[{\"@type\":\"ListItem\",\"position\":1,\"name\":\"Start\",\"item\":\"https:\\\/\\\/www.bachmann-museum.de\\\/\"},{\"@type\":\"ListItem\",\"position\":2,\"name\":\"Neues Mobiliar f\u00fcr Veranstaltungsraum\"}]},{\"@type\":\"WebSite\",\"@id\":\"https:\\\/\\\/www.bachmann-museum.de\\\/#website\",\"url\":\"https:\\\/\\\/www.bachmann-museum.de\\\/\",\"name\":\"Bachmann-Museum Bremerv\u00f6rde\",\"description\":\"\",\"potentialAction\":[{\"@type\":\"SearchAction\",\"target\":{\"@type\":\"EntryPoint\",\"urlTemplate\":\"https:\\\/\\\/www.bachmann-museum.de\\\/?s={search_term_string}\"},\"query-input\":{\"@type\":\"PropertyValueSpecification\",\"valueRequired\":true,\"valueName\":\"search_term_string\"}}],\"inLanguage\":\"de\"},{\"@type\":\"Person\",\"@id\":\"https:\\\/\\\/www.bachmann-museum.de\\\/#\\\/schema\\\/person\\\/4e0a96d1ed2480e1c23c3d5afb424bee\",\"name\":\"Bachmann-Admin_1\",\"image\":{\"@type\":\"ImageObject\",\"inLanguage\":\"de\",\"@id\":\"https:\\\/\\\/secure.gravatar.com\\\/avatar\\\/12b64d40c777adbd0761c887e33f30e0219d4565a9373e68911205fb911bd107?s=96&d=mm&r=g\",\"url\":\"https:\\\/\\\/secure.gravatar.com\\\/avatar\\\/12b64d40c777adbd0761c887e33f30e0219d4565a9373e68911205fb911bd107?s=96&d=mm&r=g\",\"contentUrl\":\"https:\\\/\\\/secure.gravatar.com\\\/avatar\\\/12b64d40c777adbd0761c887e33f30e0219d4565a9373e68911205fb911bd107?s=96&d=mm&r=g\",\"caption\":\"Bachmann-Admin_1\"},\"url\":\"https:\\\/\\\/www.bachmann-museum.de\\\/?author=1\"}]}<\/script>\n<!-- \/ Yoast SEO plugin. -->","yoast_head_json":{"title":"Neues Mobiliar f\u00fcr Veranstaltungsraum - Bachmann-Museum Bremerv\u00f6rde","robots":{"index":"index","follow":"follow","max-snippet":"max-snippet:-1","max-image-preview":"max-image-preview:large","max-video-preview":"max-video-preview:-1"},"canonical":"https:\/\/www.bachmann-museum.de\/?p=2990","og_locale":"de_DE","og_type":"article","og_title":"Neues Mobiliar f\u00fcr Veranstaltungsraum - Bachmann-Museum Bremerv\u00f6rde","og_description":"F\u00f6rderprojekt st\u00e4rkt Arbeit des Bachmann-Museums Bremerv\u00f6rde Neues Mobiliar wird gro\u00dfem Interesse an Veranstaltungen gerecht Seit einigen Jahren steigen die Besucherzahlen im Bachmann-Museum bei Vortr\u00e4gen und F\u00fchrungen, aber auch die Besuche von Schulklassen und Kindergeburtstage nehmen zu. Mit neuem praktischem Mobiliar kann das Museum nun dieser Entwicklung gerecht werden und eine bessere Teilhabe an seinen kulturellen [&hellip;]","og_url":"https:\/\/www.bachmann-museum.de\/?p=2990","og_site_name":"Bachmann-Museum Bremerv\u00f6rde","article_published_time":"2020-12-18T11:32:35+00:00","article_modified_time":"2020-12-18T11:51:24+00:00","og_image":[{"width":1732,"height":1154,"url":"https:\/\/i0.wp.com\/www.bachmann-museum.de\/wp-content\/uploads\/2020\/12\/Museumsteam-mit-Moebeln-draussen.jpg?fit=1732%2C1154&ssl=1","type":"image\/jpeg"}],"author":"Bachmann-Admin_1","twitter_card":"summary_large_image","twitter_misc":{"Verfasst von":"Bachmann-Admin_1","Gesch\u00e4tzte Lesezeit":"3\u00a0Minuten"},"schema":{"@context":"https:\/\/schema.org","@graph":[{"@type":"Article","@id":"https:\/\/www.bachmann-museum.de\/?p=2990#article","isPartOf":{"@id":"https:\/\/www.bachmann-museum.de\/?p=2990"},"author":{"name":"Bachmann-Admin_1","@id":"https:\/\/www.bachmann-museum.de\/#\/schema\/person\/4e0a96d1ed2480e1c23c3d5afb424bee"},"headline":"Neues Mobiliar f\u00fcr Veranstaltungsraum","datePublished":"2020-12-18T11:32:35+00:00","dateModified":"2020-12-18T11:51:24+00:00","mainEntityOfPage":{"@id":"https:\/\/www.bachmann-museum.de\/?p=2990"},"wordCount":577,"image":{"@id":"https:\/\/www.bachmann-museum.de\/?p=2990#primaryimage"},"thumbnailUrl":"https:\/\/i0.wp.com\/www.bachmann-museum.de\/wp-content\/uploads\/2020\/12\/Museumsteam-mit-Moebeln-draussen.jpg?fit=1732%2C1154&ssl=1","inLanguage":"de"},{"@type":"WebPage","@id":"https:\/\/www.bachmann-museum.de\/?p=2990","url":"https:\/\/www.bachmann-museum.de\/?p=2990","name":"Neues Mobiliar f\u00fcr Veranstaltungsraum - Bachmann-Museum Bremerv\u00f6rde","isPartOf":{"@id":"https:\/\/www.bachmann-museum.de\/#website"},"primaryImageOfPage":{"@id":"https:\/\/www.bachmann-museum.de\/?p=2990#primaryimage"},"image":{"@id":"https:\/\/www.bachmann-museum.de\/?p=2990#primaryimage"},"thumbnailUrl":"https:\/\/i0.wp.com\/www.bachmann-museum.de\/wp-content\/uploads\/2020\/12\/Museumsteam-mit-Moebeln-draussen.jpg?fit=1732%2C1154&ssl=1","datePublished":"2020-12-18T11:32:35+00:00","dateModified":"2020-12-18T11:51:24+00:00","author":{"@id":"https:\/\/www.bachmann-museum.de\/#\/schema\/person\/4e0a96d1ed2480e1c23c3d5afb424bee"},"breadcrumb":{"@id":"https:\/\/www.bachmann-museum.de\/?p=2990#breadcrumb"},"inLanguage":"de","potentialAction":[{"@type":"ReadAction","target":["https:\/\/www.bachmann-museum.de\/?p=2990"]}]},{"@type":"ImageObject","inLanguage":"de","@id":"https:\/\/www.bachmann-museum.de\/?p=2990#primaryimage","url":"https:\/\/i0.wp.com\/www.bachmann-museum.de\/wp-content\/uploads\/2020\/12\/Museumsteam-mit-Moebeln-draussen.jpg?fit=1732%2C1154&ssl=1","contentUrl":"https:\/\/i0.wp.com\/www.bachmann-museum.de\/wp-content\/uploads\/2020\/12\/Museumsteam-mit-Moebeln-draussen.jpg?fit=1732%2C1154&ssl=1","width":1732,"height":1154,"caption":"Freuen sich \u00fcber das neue Mobiliar: Andreas Schley (Museumsp\u00e4dagogik), Ellen Horstrup (Museumsleiterin), Simone Gr\u00f6schel (Verwaltung) und Viktoria Veitenhansl (FSJ Denkmalpflege)"},{"@type":"BreadcrumbList","@id":"https:\/\/www.bachmann-museum.de\/?p=2990#breadcrumb","itemListElement":[{"@type":"ListItem","position":1,"name":"Start","item":"https:\/\/www.bachmann-museum.de\/"},{"@type":"ListItem","position":2,"name":"Neues Mobiliar f\u00fcr Veranstaltungsraum"}]},{"@type":"WebSite","@id":"https:\/\/www.bachmann-museum.de\/#website","url":"https:\/\/www.bachmann-museum.de\/","name":"Bachmann-Museum Bremerv\u00f6rde","description":"","potentialAction":[{"@type":"SearchAction","target":{"@type":"EntryPoint","urlTemplate":"https:\/\/www.bachmann-museum.de\/?s={search_term_string}"},"query-input":{"@type":"PropertyValueSpecification","valueRequired":true,"valueName":"search_term_string"}}],"inLanguage":"de"},{"@type":"Person","@id":"https:\/\/www.bachmann-museum.de\/#\/schema\/person\/4e0a96d1ed2480e1c23c3d5afb424bee","name":"Bachmann-Admin_1","image":{"@type":"ImageObject","inLanguage":"de","@id":"https:\/\/secure.gravatar.com\/avatar\/12b64d40c777adbd0761c887e33f30e0219d4565a9373e68911205fb911bd107?s=96&d=mm&r=g","url":"https:\/\/secure.gravatar.com\/avatar\/12b64d40c777adbd0761c887e33f30e0219d4565a9373e68911205fb911bd107?s=96&d=mm&r=g","contentUrl":"https:\/\/secure.gravatar.com\/avatar\/12b64d40c777adbd0761c887e33f30e0219d4565a9373e68911205fb911bd107?s=96&d=mm&r=g","caption":"Bachmann-Admin_1"},"url":"https:\/\/www.bachmann-museum.de\/?author=1"}]}},"jetpack_featured_media_url":"https:\/\/i0.wp.com\/www.bachmann-museum.de\/wp-content\/uploads\/2020\/12\/Museumsteam-mit-Moebeln-draussen.jpg?fit=1732%2C1154&ssl=1","jetpack_sharing_enabled":true,"jetpack_shortlink":"https:\/\/wp.me\/p5DgYi-Me","jetpack-related-posts":[],"_links":{"self":[{"href":"https:\/\/www.bachmann-museum.de\/index.php?rest_route=\/wp\/v2\/posts\/2990","targetHints":{"allow":["GET"]}}],"collection":[{"href":"https:\/\/www.bachmann-museum.de\/index.php?rest_route=\/wp\/v2\/posts"}],"about":[{"href":"https:\/\/www.bachmann-museum.de\/index.php?rest_route=\/wp\/v2\/types\/post"}],"author":[{"embeddable":true,"href":"https:\/\/www.bachmann-museum.de\/index.php?rest_route=\/wp\/v2\/users\/1"}],"replies":[{"embeddable":true,"href":"https:\/\/www.bachmann-museum.de\/index.php?rest_route=%2Fwp%2Fv2%2Fcomments&post=2990"}],"version-history":[{"count":3,"href":"https:\/\/www.bachmann-museum.de\/index.php?rest_route=\/wp\/v2\/posts\/2990\/revisions"}],"predecessor-version":[{"id":3004,"href":"https:\/\/www.bachmann-museum.de\/index.php?rest_route=\/wp\/v2\/posts\/2990\/revisions\/3004"}],"wp:featuredmedia":[{"embeddable":true,"href":"https:\/\/www.bachmann-museum.de\/index.php?rest_route=\/wp\/v2\/media\/3002"}],"wp:attachment":[{"href":"https:\/\/www.bachmann-museum.de\/index.php?rest_route=%2Fwp%2Fv2%2Fmedia&parent=2990"}],"wp:term":[{"taxonomy":"category","embeddable":true,"href":"https:\/\/www.bachmann-museum.de\/index.php?rest_route=%2Fwp%2Fv2%2Fcategories&post=2990"},{"taxonomy":"post_tag","embeddable":true,"href":"https:\/\/www.bachmann-museum.de\/index.php?rest_route=%2Fwp%2Fv2%2Ftags&post=2990"}],"curies":[{"name":"wp","href":"https:\/\/api.w.org\/{rel}","templated":true}]}}