{"id":2983,"date":"2020-12-17T14:29:15","date_gmt":"2020-12-17T12:29:15","guid":{"rendered":"http:\/\/www.bachmann-museum.de\/?p=2983"},"modified":"2020-12-17T14:29:15","modified_gmt":"2020-12-17T12:29:15","slug":"ausbau-und-konservierung-eines-400-jahre-alten-deckengemaeldes","status":"publish","type":"post","link":"https:\/\/www.bachmann-museum.de\/?p=2983","title":{"rendered":"Ausbau und Konservierung eines 400 Jahre alten Deckengem\u00e4ldes"},"content":{"rendered":"<figure id=\"attachment_2987\" aria-describedby=\"caption-attachment-2987\" style=\"width: 300px\" class=\"wp-caption alignleft\"><a href=\"https:\/\/i0.wp.com\/www.bachmann-museum.de\/wp-content\/uploads\/2020\/12\/BMB3060-Montage-Alter-Eingang-_-Foto-Ahrends-scaled.jpg?ssl=1\"><img data-recalc-dims=\"1\" loading=\"lazy\" decoding=\"async\" data-attachment-id=\"2987\" data-permalink=\"https:\/\/www.bachmann-museum.de\/?attachment_id=2987\" data-orig-file=\"https:\/\/i0.wp.com\/www.bachmann-museum.de\/wp-content\/uploads\/2020\/12\/BMB3060-Montage-Alter-Eingang-_-Foto-Ahrends-scaled.jpg?fit=2560%2C1700&amp;ssl=1\" data-orig-size=\"2560,1700\" data-comments-opened=\"0\" data-image-meta=\"{&quot;aperture&quot;:&quot;4&quot;,&quot;credit&quot;:&quot;&quot;,&quot;camera&quot;:&quot;NIKON D90&quot;,&quot;caption&quot;:&quot;&quot;,&quot;created_timestamp&quot;:&quot;1541441012&quot;,&quot;copyright&quot;:&quot;&quot;,&quot;focal_length&quot;:&quot;18&quot;,&quot;iso&quot;:&quot;640&quot;,&quot;shutter_speed&quot;:&quot;0.016666666666667&quot;,&quot;title&quot;:&quot;&quot;,&quot;orientation&quot;:&quot;1&quot;}\" data-image-title=\"BMB3060 Montage Alter Eingang _ Foto Ahrends\" data-image-description=\"\" data-image-caption=\"&lt;p&gt;Ansicht der Holzbohlendecke vor der Abnahme und der Reinigung im Alten Eingang des Kanzleifl\u00fcgels. Es heben sich die wei\u00dfen Fl\u00e4chen der \u00dcbermalungen von 1970 deutlich hervor. Die Bilder der Medaillons illustrieren Geschichten des Alten Testaments und sind aufgrund der Verschmutzungen stark nachgedunkelt und kaum zu erkennen.&lt;\/p&gt;\n\" data-large-file=\"https:\/\/i0.wp.com\/www.bachmann-museum.de\/wp-content\/uploads\/2020\/12\/BMB3060-Montage-Alter-Eingang-_-Foto-Ahrends-scaled.jpg?fit=750%2C498&amp;ssl=1\" class=\"size-medium wp-image-2987\" src=\"https:\/\/i0.wp.com\/www.bachmann-museum.de\/wp-content\/uploads\/2020\/12\/BMB3060-Montage-Alter-Eingang-_-Foto-Ahrends.jpg?resize=300%2C199&#038;ssl=1\" alt=\"\" width=\"300\" height=\"199\" srcset=\"https:\/\/i0.wp.com\/www.bachmann-museum.de\/wp-content\/uploads\/2020\/12\/BMB3060-Montage-Alter-Eingang-_-Foto-Ahrends-scaled.jpg?resize=300%2C199&amp;ssl=1 300w, https:\/\/i0.wp.com\/www.bachmann-museum.de\/wp-content\/uploads\/2020\/12\/BMB3060-Montage-Alter-Eingang-_-Foto-Ahrends-scaled.jpg?resize=1024%2C680&amp;ssl=1 1024w, https:\/\/i0.wp.com\/www.bachmann-museum.de\/wp-content\/uploads\/2020\/12\/BMB3060-Montage-Alter-Eingang-_-Foto-Ahrends-scaled.jpg?resize=768%2C510&amp;ssl=1 768w, https:\/\/i0.wp.com\/www.bachmann-museum.de\/wp-content\/uploads\/2020\/12\/BMB3060-Montage-Alter-Eingang-_-Foto-Ahrends-scaled.jpg?resize=1536%2C1020&amp;ssl=1 1536w, https:\/\/i0.wp.com\/www.bachmann-museum.de\/wp-content\/uploads\/2020\/12\/BMB3060-Montage-Alter-Eingang-_-Foto-Ahrends-scaled.jpg?resize=2048%2C1360&amp;ssl=1 2048w, https:\/\/i0.wp.com\/www.bachmann-museum.de\/wp-content\/uploads\/2020\/12\/BMB3060-Montage-Alter-Eingang-_-Foto-Ahrends-scaled.jpg?w=2250&amp;ssl=1 2250w\" sizes=\"auto, (max-width: 300px) 100vw, 300px\" \/><\/a><figcaption id=\"caption-attachment-2987\" class=\"wp-caption-text\">Ansicht der Holzbohlendecke vor der Abnahme und der Reinigung im Alten Eingang des Kanzleifl\u00fcgels. Es heben sich die wei\u00dfen Fl\u00e4chen der \u00dcbermalungen von 1970 deutlich hervor. Die Bilder der Medaillons illustrieren Geschichten des Alten Testaments und sind aufgrund der Verschmutzungen stark nachgedunkelt und kaum zu erkennen.<\/figcaption><\/figure>\n<p><strong>Gem\u00e4lderestauratoren bearbeiten au\u00dfergew\u00f6hnliches Zeugnis Bremerv\u00f6rder Geschichte<\/strong><\/p>\n<p><strong>400 Jahre alte bemalte Holzbohlendecke verl\u00e4sst den Alten Eingang im Bachmann-Museum<\/strong><\/p>\n<p><strong>Der Diplomrestaurator Gerold Ahrends baute in diesem Herbst im Bachmann-Museum eine bemalte Holzbohlendecke aus, bearbeitete sie behutsam und lagerte die einzelnen Bohlen sicher in einer Spezialkiste ein. Mit dem Deckengem\u00e4lde verl\u00e4sst das letzte und gr\u00f6\u00dfte Objekt den Kanzleifl\u00fcgel des Museums. Dieses bisher aufw\u00e4ndigste Restaurierungsprojekt des Museums ist ein weiterer Schritt f\u00fcr die Sanierung des \u00fcber 400 Jahre alten ehemaligen Schlossgeb\u00e4udes.<\/strong><\/p>\n<p>Auf Initiative des ehrenamtlichen Denkmalpflegers und Sammlungsgr\u00fcnders August Bachmann ist das aus neun \u00fcber 4,60 Meter langen Bohlen bestehende Deckengem\u00e4lde 1951 vor dem Abbruch eines Hauses in der Alten Stra\u00dfe in Bremerv\u00f6rde ausgebaut worden. Die Bohlen lagerten zun\u00e4chst im Bremerv\u00f6rder Rathaus, dann auf dem Dachboden des heutigen Bachmann-Museums, bevor sie 1971, an der Raumdecke des Alten Eingangs fest eingebaut wurden. Zwei Restauratoren erg\u00e4nzten Teile der Bildmedaillons und nahmen \u00dcbermalungen vor. Besucher des Bachmann-Museums nahmen das Kunstwerk in den letzten Jahrzehnten allerdings kaum wahr, da es sich in 3,6 Meter H\u00f6he in einem Durchgangsraum befand.<\/p>\n<p>Die Malerei zeigt in zwei von Bl\u00e4tterranken umgebenen Medaillons christliche Motive: Abrahams Opferung seines Sohnes Isaak sowie Jakobs Traum von der Himmelsleiter. Nach ersten Einsch\u00e4tzungen des Restaurators Gerold Ahrends k\u00f6nnte die Malerei um 1620 entstanden sein. Damit z\u00e4hlt es zu den wenigen Geb\u00e4udeteilen, die die Zerst\u00f6rungen des 30j\u00e4hrigen Krieges (1618-1648) und der folgenden Belagerungen in Bremerv\u00f6rde \u00fcberstanden haben.<\/p>\n<figure id=\"attachment_2988\" aria-describedby=\"caption-attachment-2988\" style=\"width: 146px\" class=\"wp-caption alignright\"><a href=\"https:\/\/i0.wp.com\/www.bachmann-museum.de\/wp-content\/uploads\/2020\/12\/BMB3060-Reinigung_02-scaled.jpg?ssl=1\"><img data-recalc-dims=\"1\" loading=\"lazy\" decoding=\"async\" data-attachment-id=\"2988\" data-permalink=\"https:\/\/www.bachmann-museum.de\/?attachment_id=2988\" data-orig-file=\"https:\/\/i0.wp.com\/www.bachmann-museum.de\/wp-content\/uploads\/2020\/12\/BMB3060-Reinigung_02-scaled.jpg?fit=1249%2C2560&amp;ssl=1\" data-orig-size=\"1249,2560\" data-comments-opened=\"0\" data-image-meta=\"{&quot;aperture&quot;:&quot;3.5&quot;,&quot;credit&quot;:&quot;&quot;,&quot;camera&quot;:&quot;Canon EOS 1300D&quot;,&quot;caption&quot;:&quot;&quot;,&quot;created_timestamp&quot;:&quot;1603960997&quot;,&quot;copyright&quot;:&quot;&quot;,&quot;focal_length&quot;:&quot;23&quot;,&quot;iso&quot;:&quot;800&quot;,&quot;shutter_speed&quot;:&quot;0.016666666666667&quot;,&quot;title&quot;:&quot;&quot;,&quot;orientation&quot;:&quot;1&quot;}\" data-image-title=\"BMB3060 Reinigung_02\" data-image-description=\"\" data-image-caption=\"&lt;p&gt;Die empfindlichen Malschichten der ausgebauten Bohlen des Deckengem\u00e4ldes wurden behutsam gereinigt und abgel\u00f6ste Bereiche wieder mit dem Holz verbunden.&lt;\/p&gt;\n\" data-large-file=\"https:\/\/i0.wp.com\/www.bachmann-museum.de\/wp-content\/uploads\/2020\/12\/BMB3060-Reinigung_02-scaled.jpg?fit=500%2C1024&amp;ssl=1\" class=\"size-medium wp-image-2988\" src=\"https:\/\/i0.wp.com\/www.bachmann-museum.de\/wp-content\/uploads\/2020\/12\/BMB3060-Reinigung_02.jpg?resize=146%2C300&#038;ssl=1\" alt=\"\" width=\"146\" height=\"300\" srcset=\"https:\/\/i0.wp.com\/www.bachmann-museum.de\/wp-content\/uploads\/2020\/12\/BMB3060-Reinigung_02-scaled.jpg?resize=146%2C300&amp;ssl=1 146w, https:\/\/i0.wp.com\/www.bachmann-museum.de\/wp-content\/uploads\/2020\/12\/BMB3060-Reinigung_02-scaled.jpg?resize=500%2C1024&amp;ssl=1 500w, https:\/\/i0.wp.com\/www.bachmann-museum.de\/wp-content\/uploads\/2020\/12\/BMB3060-Reinigung_02-scaled.jpg?resize=999%2C2048&amp;ssl=1 999w, https:\/\/i0.wp.com\/www.bachmann-museum.de\/wp-content\/uploads\/2020\/12\/BMB3060-Reinigung_02-scaled.jpg?w=1249&amp;ssl=1 1249w\" sizes=\"auto, (max-width: 146px) 100vw, 146px\" \/><\/a><figcaption id=\"caption-attachment-2988\" class=\"wp-caption-text\">Die empfindlichen Malschichten der ausgebauten Bohlen des Deckengem\u00e4ldes wurden behutsam gereinigt und abgel\u00f6ste Bereiche wieder mit dem Holz verbunden.<\/figcaption><\/figure>\n<p>Der Spezialist f\u00fcr Gem\u00e4lde und gefasste Holzobjekte hat sich lange im Vorfeld seiner Arbeit im Museum intensiv mit dem Gem\u00e4lde besch\u00e4ftigt. \u201eDabei haben wir festgestellt, dass die Bohlen aus Kiefernholz bestehen und die Malerei mit Leimfarben auf einem Kreidegrund ausgef\u00fchrt wurde.\u201c so der Experte. \u201eBei ihrem Wiedereinbau vor fast 50 Jahren sind die Bohlen fest an die Deckenbalken des Raumes genagelt und die N\u00e4gel tief in das Holz versenkt worden.\u201c<\/p>\n<p>Der Ausbau der empfindlichen H\u00f6lzer erforderte ein behutsames Vorgehen, bei dem er mit seiner Kollegin Henriette Br\u00fcning auf einem Ger\u00fcst stehend jeden Nagel einzeln hinter der Bohle l\u00f6ste. Im ersten Reinigungsschritt saugten die Fachleute anschlie\u00dfend lose aufliegenden Schmutz und Schimmel von der Gem\u00e4ldeoberfl\u00e4che. Die eingesetzten Sauger sind sehr genau in ihrer Leistung regulierbar um lockere Farbschichten nicht zu besch\u00e4digen und mit besonderen Filtern ausgestattet um auch feinste St\u00e4ube und Schimmelsporen zu filtern. Mit weichen, trockenen Schw\u00e4mmen und feinen Ziegenhaarpinseln beseitigten sie in einem zweiten Schritt fester anhaftende Verunreinigungen. \u201eDie Malerei ist noch nie vollst\u00e4ndig gereinigt worden. Auf Staub, Schmutzablagerungen und den Farben der alten Retuschierung hat sich durch das in den letzten Jahren zu feuchte Raumklima an einigen Stellen Schimmel entwickelt, den wir nun ebenfalls entfernt haben.\u201c so Ahrends.<\/p>\n<p>In aufw\u00e4ndiger Kleinarbeit konnten danach Zentimeter f\u00fcr Zentimeter auf der \u00fcber 11 qm Gem\u00e4ldefl\u00e4che mit Tupfern und unsichtbar auftrocknenden Leimen die durch die Nageleinschl\u00e4ge und das arbeitende Holz gel\u00f6sten Malschichten wieder angedr\u00fcckt und gefestigt werden. Der Restaurator fotografierte alle Arbeitsschritte und dokumentierte die eingesetzten Materialien genau. Diese Informationen sind wichtige Grundlagen f\u00fcr alle weiteren Forschungen und Arbeiten mit dem Gem\u00e4lde.<\/p>\n<p>Gerold Ahrends hat als erster Fachmann seit 50 Jahren die Holzbohlen w\u00e4hrenddessen genau untersucht \u201eWir k\u00f6nnen alte Befestigungsspuren an den Bohlen erkennen, die darauf hindeuten, dass der Boden \u00fcber dem Deckengem\u00e4lde nicht als Lagerraum f\u00fcr schwere G\u00fcter gedient hat und sehr wenig begangen worden ist, wie es zum Beispiel bei Kirchenb\u00f6den der Fall ist. Auch die Auswahl der Motive deutet auf einen kirchlichen Zusammenhang. Das Deckengem\u00e4lde k\u00f6nnte vor seiner Nutzung in dem Geb\u00e4ude in der Alten Stra\u00dfe also urspr\u00fcnglich Teil einer Kirchenausstattung gewesen sein.\u201c<\/p>\n<p>Die Museumsleiterin Ellen Horstrup M.A. freut sich \u00fcber den Einsatz des Spezialisten: \u201eIch bin erleichtert, dass die empfindlichen Malereien nun gesichert sind und hoffe, dass wir dieses au\u00dfergew\u00f6hnliche Objekt zur Stadtgeschichte nach der Sanierung in der neuen Dauerausstellung zeigen k\u00f6nnen.\u201c<\/p>\n<p>Die Teile der Holzbohlendecke lagern bis dahin einzeln gepolstert in einer vom Restaurator speziell hergestellten gro\u00dfen Kiste, in der die Luftfeuchtigkeit genau geregelt wird. Der Landkreis Rotenburg (W\u00fcmme) \u00fcbernahm als Geb\u00e4udeeigent\u00fcmer die Kosten f\u00fcr die Arbeit der Restauratoren. Mit dem Ausbau dieses gr\u00f6\u00dften Objekts aus dem Kanzleifl\u00fcgel des Museums ist ein wichtiger Schritt zur Herstellung der Baufreiheit im Vorfeld der Sanierung bew\u00e4ltigt.<\/p>\n<figure id=\"attachment_2985\" aria-describedby=\"caption-attachment-2985\" style=\"width: 2560px\" class=\"wp-caption alignleft\"><a href=\"https:\/\/i0.wp.com\/www.bachmann-museum.de\/wp-content\/uploads\/2020\/12\/BMB3060-Deckengemaelde_beide-Bilder01-1-scaled.jpg?ssl=1\"><img data-recalc-dims=\"1\" loading=\"lazy\" decoding=\"async\" data-attachment-id=\"2985\" data-permalink=\"https:\/\/www.bachmann-museum.de\/?attachment_id=2985\" data-orig-file=\"https:\/\/i0.wp.com\/www.bachmann-museum.de\/wp-content\/uploads\/2020\/12\/BMB3060-Deckengemaelde_beide-Bilder01-1-scaled.jpg?fit=2560%2C1272&amp;ssl=1\" data-orig-size=\"2560,1272\" data-comments-opened=\"0\" data-image-meta=\"{&quot;aperture&quot;:&quot;0&quot;,&quot;credit&quot;:&quot;&quot;,&quot;camera&quot;:&quot;&quot;,&quot;caption&quot;:&quot;&quot;,&quot;created_timestamp&quot;:&quot;0&quot;,&quot;copyright&quot;:&quot;&quot;,&quot;focal_length&quot;:&quot;0&quot;,&quot;iso&quot;:&quot;0&quot;,&quot;shutter_speed&quot;:&quot;0&quot;,&quot;title&quot;:&quot;&quot;,&quot;orientation&quot;:&quot;0&quot;}\" data-image-title=\"BMB3060 Deckengem\u00e4lde_beide Bilder01 (1)\" data-image-description=\"\" data-image-caption=\"&lt;p&gt;Das linke Bild zeigt Abraham, wie er seinen Sohn Isaak opfern will. Beide stehen auf einem baumbestandenen H\u00fcgel. Ein Engel schwebt \u00fcber Abrahams Kopf. Die Umschrift lautet: \u201eDer Engel Gottes Rieff Abraham Abraham Lege Deine Hand Nicht an Den Knaben Den nu weis Ich Dass Du Gott F\u00fcrchtest I Genesis Cap. 22-11\u201c&lt;br \/&gt;\nIm rechten Medaillon ist Jacob schlafend unter B\u00e4umen dargestellt. Ihm erscheint im Traum eine Leiter auf der Engel auf- und absteigen. Nach dem Erwachen nennt Jacob den Ort seines Traums \u201eSt\u00e4tte Gottes oder Pforte des Himmels\u201c. Die Umschrift lautet \u201eWie Heilig ist Diese Stett, hie ist Nichts anders. Denn Gottes Haus. und hir ist Die Pforte Des Himmels. I Genesis Cap. 28-17\u201c&lt;\/p&gt;\n\" data-large-file=\"https:\/\/i0.wp.com\/www.bachmann-museum.de\/wp-content\/uploads\/2020\/12\/BMB3060-Deckengemaelde_beide-Bilder01-1-scaled.jpg?fit=750%2C373&amp;ssl=1\" class=\"size-full wp-image-2985\" src=\"https:\/\/i0.wp.com\/www.bachmann-museum.de\/wp-content\/uploads\/2020\/12\/BMB3060-Deckengemaelde_beide-Bilder01-1-scaled.jpg?resize=750%2C373&#038;ssl=1\" alt=\"\" width=\"750\" height=\"373\" srcset=\"https:\/\/i0.wp.com\/www.bachmann-museum.de\/wp-content\/uploads\/2020\/12\/BMB3060-Deckengemaelde_beide-Bilder01-1-scaled.jpg?w=2560&amp;ssl=1 2560w, https:\/\/i0.wp.com\/www.bachmann-museum.de\/wp-content\/uploads\/2020\/12\/BMB3060-Deckengemaelde_beide-Bilder01-1-scaled.jpg?resize=300%2C149&amp;ssl=1 300w, https:\/\/i0.wp.com\/www.bachmann-museum.de\/wp-content\/uploads\/2020\/12\/BMB3060-Deckengemaelde_beide-Bilder01-1-scaled.jpg?resize=1024%2C509&amp;ssl=1 1024w, https:\/\/i0.wp.com\/www.bachmann-museum.de\/wp-content\/uploads\/2020\/12\/BMB3060-Deckengemaelde_beide-Bilder01-1-scaled.jpg?resize=768%2C382&amp;ssl=1 768w, https:\/\/i0.wp.com\/www.bachmann-museum.de\/wp-content\/uploads\/2020\/12\/BMB3060-Deckengemaelde_beide-Bilder01-1-scaled.jpg?resize=1536%2C763&amp;ssl=1 1536w, https:\/\/i0.wp.com\/www.bachmann-museum.de\/wp-content\/uploads\/2020\/12\/BMB3060-Deckengemaelde_beide-Bilder01-1-scaled.jpg?resize=2048%2C1017&amp;ssl=1 2048w, https:\/\/i0.wp.com\/www.bachmann-museum.de\/wp-content\/uploads\/2020\/12\/BMB3060-Deckengemaelde_beide-Bilder01-1-scaled.jpg?w=2250&amp;ssl=1 2250w\" sizes=\"auto, (max-width: 750px) 100vw, 750px\" \/><\/a><figcaption id=\"caption-attachment-2985\" class=\"wp-caption-text\">Das linke Bild zeigt Abraham, wie er seinen Sohn Isaak opfern will. Beide stehen auf einem baumbestandenen H\u00fcgel. Ein Engel schwebt \u00fcber Abrahams Kopf. Die Umschrift lautet: \u201eDer Engel Gottes Rieff Abraham Abraham Lege Deine Hand Nicht an Den Knaben Den nu weis Ich Dass Du Gott F\u00fcrchtest I Genesis Cap. 22-11\u201c<br \/>Im rechten Medaillon ist Jacob schlafend unter B\u00e4umen dargestellt. Ihm erscheint im Traum eine Leiter auf der Engel auf- und absteigen. Nach dem Erwachen nennt Jacob den Ort seines Traums \u201eSt\u00e4tte Gottes oder Pforte des Himmels\u201c. Die Umschrift lautet \u201eWie Heilig ist Diese Stett, hie ist Nichts anders. Denn Gottes Haus. und hir ist Die Pforte Des Himmels. I Genesis Cap. 28-17\u201c<\/figcaption><\/figure>\n","protected":false},"excerpt":{"rendered":"<p>Gem\u00e4lderestauratoren bearbeiten au\u00dfergew\u00f6hnliches Zeugnis Bremerv\u00f6rder Geschichte 400 Jahre alte bemalte Holzbohlendecke verl\u00e4sst den Alten Eingang im Bachmann-Museum Der Diplomrestaurator Gerold Ahrends baute in diesem Herbst im Bachmann-Museum eine bemalte Holzbohlendecke aus, bearbeitete sie behutsam und lagerte die einzelnen Bohlen sicher in einer Spezialkiste ein. Mit dem Deckengem\u00e4lde verl\u00e4sst das letzte und gr\u00f6\u00dfte Objekt den Kanzleifl\u00fcgel [&hellip;]<\/p>\n","protected":false},"author":1,"featured_media":2987,"comment_status":"closed","ping_status":"open","sticky":false,"template":"","format":"standard","meta":{"_jetpack_newsletter_access":"","_jetpack_dont_email_post_to_subs":false,"_jetpack_newsletter_tier_id":0,"_jetpack_memberships_contains_paywalled_content":false,"_jetpack_memberships_contains_paid_content":false,"footnotes":""},"categories":[1],"tags":[],"class_list":["post-2983","post","type-post","status-publish","format-standard","has-post-thumbnail","hentry","category-allgemein"],"yoast_head":"<!-- This site is optimized with the Yoast SEO plugin v27.4 - https:\/\/yoast.com\/product\/yoast-seo-wordpress\/ -->\n<title>Ausbau und Konservierung eines 400 Jahre alten Deckengem\u00e4ldes - Bachmann-Museum Bremerv\u00f6rde<\/title>\n<meta name=\"robots\" content=\"index, follow, max-snippet:-1, max-image-preview:large, max-video-preview:-1\" \/>\n<link rel=\"canonical\" href=\"https:\/\/www.bachmann-museum.de\/?p=2983\" \/>\n<meta property=\"og:locale\" content=\"de_DE\" \/>\n<meta property=\"og:type\" content=\"article\" \/>\n<meta property=\"og:title\" content=\"Ausbau und Konservierung eines 400 Jahre alten Deckengem\u00e4ldes - Bachmann-Museum Bremerv\u00f6rde\" \/>\n<meta property=\"og:description\" content=\"Gem\u00e4lderestauratoren bearbeiten au\u00dfergew\u00f6hnliches Zeugnis Bremerv\u00f6rder Geschichte 400 Jahre alte bemalte Holzbohlendecke verl\u00e4sst den Alten Eingang im Bachmann-Museum Der Diplomrestaurator Gerold Ahrends baute in diesem Herbst im Bachmann-Museum eine bemalte Holzbohlendecke aus, bearbeitete sie behutsam und lagerte die einzelnen Bohlen sicher in einer Spezialkiste ein. Mit dem Deckengem\u00e4lde verl\u00e4sst das letzte und gr\u00f6\u00dfte Objekt den Kanzleifl\u00fcgel [&hellip;]\" \/>\n<meta property=\"og:url\" content=\"https:\/\/www.bachmann-museum.de\/?p=2983\" \/>\n<meta property=\"og:site_name\" content=\"Bachmann-Museum Bremerv\u00f6rde\" \/>\n<meta property=\"article:published_time\" content=\"2020-12-17T12:29:15+00:00\" \/>\n<meta property=\"og:image\" content=\"https:\/\/i0.wp.com\/www.bachmann-museum.de\/wp-content\/uploads\/2020\/12\/BMB3060-Montage-Alter-Eingang-_-Foto-Ahrends-scaled.jpg?fit=2560%2C1700&ssl=1\" \/>\n\t<meta property=\"og:image:width\" content=\"2560\" \/>\n\t<meta property=\"og:image:height\" content=\"1700\" \/>\n\t<meta property=\"og:image:type\" content=\"image\/jpeg\" \/>\n<meta name=\"author\" content=\"Bachmann-Admin_1\" \/>\n<meta name=\"twitter:card\" content=\"summary_large_image\" \/>\n<meta name=\"twitter:label1\" content=\"Verfasst von\" \/>\n\t<meta name=\"twitter:data1\" content=\"Bachmann-Admin_1\" \/>\n\t<meta name=\"twitter:label2\" content=\"Gesch\u00e4tzte Lesezeit\" \/>\n\t<meta name=\"twitter:data2\" content=\"5\u00a0Minuten\" \/>\n<script type=\"application\/ld+json\" class=\"yoast-schema-graph\">{\"@context\":\"https:\\\/\\\/schema.org\",\"@graph\":[{\"@type\":\"Article\",\"@id\":\"https:\\\/\\\/www.bachmann-museum.de\\\/?p=2983#article\",\"isPartOf\":{\"@id\":\"https:\\\/\\\/www.bachmann-museum.de\\\/?p=2983\"},\"author\":{\"name\":\"Bachmann-Admin_1\",\"@id\":\"https:\\\/\\\/www.bachmann-museum.de\\\/#\\\/schema\\\/person\\\/4e0a96d1ed2480e1c23c3d5afb424bee\"},\"headline\":\"Ausbau und Konservierung eines 400 Jahre alten Deckengem\u00e4ldes\",\"datePublished\":\"2020-12-17T12:29:15+00:00\",\"mainEntityOfPage\":{\"@id\":\"https:\\\/\\\/www.bachmann-museum.de\\\/?p=2983\"},\"wordCount\":957,\"image\":{\"@id\":\"https:\\\/\\\/www.bachmann-museum.de\\\/?p=2983#primaryimage\"},\"thumbnailUrl\":\"https:\\\/\\\/i0.wp.com\\\/www.bachmann-museum.de\\\/wp-content\\\/uploads\\\/2020\\\/12\\\/BMB3060-Montage-Alter-Eingang-_-Foto-Ahrends-scaled.jpg?fit=2560%2C1700&ssl=1\",\"inLanguage\":\"de\"},{\"@type\":\"WebPage\",\"@id\":\"https:\\\/\\\/www.bachmann-museum.de\\\/?p=2983\",\"url\":\"https:\\\/\\\/www.bachmann-museum.de\\\/?p=2983\",\"name\":\"Ausbau und Konservierung eines 400 Jahre alten Deckengem\u00e4ldes - Bachmann-Museum Bremerv\u00f6rde\",\"isPartOf\":{\"@id\":\"https:\\\/\\\/www.bachmann-museum.de\\\/#website\"},\"primaryImageOfPage\":{\"@id\":\"https:\\\/\\\/www.bachmann-museum.de\\\/?p=2983#primaryimage\"},\"image\":{\"@id\":\"https:\\\/\\\/www.bachmann-museum.de\\\/?p=2983#primaryimage\"},\"thumbnailUrl\":\"https:\\\/\\\/i0.wp.com\\\/www.bachmann-museum.de\\\/wp-content\\\/uploads\\\/2020\\\/12\\\/BMB3060-Montage-Alter-Eingang-_-Foto-Ahrends-scaled.jpg?fit=2560%2C1700&ssl=1\",\"datePublished\":\"2020-12-17T12:29:15+00:00\",\"author\":{\"@id\":\"https:\\\/\\\/www.bachmann-museum.de\\\/#\\\/schema\\\/person\\\/4e0a96d1ed2480e1c23c3d5afb424bee\"},\"breadcrumb\":{\"@id\":\"https:\\\/\\\/www.bachmann-museum.de\\\/?p=2983#breadcrumb\"},\"inLanguage\":\"de\",\"potentialAction\":[{\"@type\":\"ReadAction\",\"target\":[\"https:\\\/\\\/www.bachmann-museum.de\\\/?p=2983\"]}]},{\"@type\":\"ImageObject\",\"inLanguage\":\"de\",\"@id\":\"https:\\\/\\\/www.bachmann-museum.de\\\/?p=2983#primaryimage\",\"url\":\"https:\\\/\\\/i0.wp.com\\\/www.bachmann-museum.de\\\/wp-content\\\/uploads\\\/2020\\\/12\\\/BMB3060-Montage-Alter-Eingang-_-Foto-Ahrends-scaled.jpg?fit=2560%2C1700&ssl=1\",\"contentUrl\":\"https:\\\/\\\/i0.wp.com\\\/www.bachmann-museum.de\\\/wp-content\\\/uploads\\\/2020\\\/12\\\/BMB3060-Montage-Alter-Eingang-_-Foto-Ahrends-scaled.jpg?fit=2560%2C1700&ssl=1\",\"width\":2560,\"height\":1700,\"caption\":\"Ansicht der Holzbohlendecke vor der Abnahme und der Reinigung im Alten Eingang des Kanzleifl\u00fcgels. Es heben sich die wei\u00dfen Fl\u00e4chen der \u00dcbermalungen von 1970 deutlich hervor. Die Bilder der Medaillons illustrieren Geschichten des Alten Testaments und sind aufgrund der Verschmutzungen stark nachgedunkelt und kaum zu erkennen.\"},{\"@type\":\"BreadcrumbList\",\"@id\":\"https:\\\/\\\/www.bachmann-museum.de\\\/?p=2983#breadcrumb\",\"itemListElement\":[{\"@type\":\"ListItem\",\"position\":1,\"name\":\"Start\",\"item\":\"https:\\\/\\\/www.bachmann-museum.de\\\/\"},{\"@type\":\"ListItem\",\"position\":2,\"name\":\"Ausbau und Konservierung eines 400 Jahre alten Deckengem\u00e4ldes\"}]},{\"@type\":\"WebSite\",\"@id\":\"https:\\\/\\\/www.bachmann-museum.de\\\/#website\",\"url\":\"https:\\\/\\\/www.bachmann-museum.de\\\/\",\"name\":\"Bachmann-Museum Bremerv\u00f6rde\",\"description\":\"\",\"potentialAction\":[{\"@type\":\"SearchAction\",\"target\":{\"@type\":\"EntryPoint\",\"urlTemplate\":\"https:\\\/\\\/www.bachmann-museum.de\\\/?s={search_term_string}\"},\"query-input\":{\"@type\":\"PropertyValueSpecification\",\"valueRequired\":true,\"valueName\":\"search_term_string\"}}],\"inLanguage\":\"de\"},{\"@type\":\"Person\",\"@id\":\"https:\\\/\\\/www.bachmann-museum.de\\\/#\\\/schema\\\/person\\\/4e0a96d1ed2480e1c23c3d5afb424bee\",\"name\":\"Bachmann-Admin_1\",\"image\":{\"@type\":\"ImageObject\",\"inLanguage\":\"de\",\"@id\":\"https:\\\/\\\/secure.gravatar.com\\\/avatar\\\/12b64d40c777adbd0761c887e33f30e0219d4565a9373e68911205fb911bd107?s=96&d=mm&r=g\",\"url\":\"https:\\\/\\\/secure.gravatar.com\\\/avatar\\\/12b64d40c777adbd0761c887e33f30e0219d4565a9373e68911205fb911bd107?s=96&d=mm&r=g\",\"contentUrl\":\"https:\\\/\\\/secure.gravatar.com\\\/avatar\\\/12b64d40c777adbd0761c887e33f30e0219d4565a9373e68911205fb911bd107?s=96&d=mm&r=g\",\"caption\":\"Bachmann-Admin_1\"},\"url\":\"https:\\\/\\\/www.bachmann-museum.de\\\/?author=1\"}]}<\/script>\n<!-- \/ Yoast SEO plugin. -->","yoast_head_json":{"title":"Ausbau und Konservierung eines 400 Jahre alten Deckengem\u00e4ldes - Bachmann-Museum Bremerv\u00f6rde","robots":{"index":"index","follow":"follow","max-snippet":"max-snippet:-1","max-image-preview":"max-image-preview:large","max-video-preview":"max-video-preview:-1"},"canonical":"https:\/\/www.bachmann-museum.de\/?p=2983","og_locale":"de_DE","og_type":"article","og_title":"Ausbau und Konservierung eines 400 Jahre alten Deckengem\u00e4ldes - Bachmann-Museum Bremerv\u00f6rde","og_description":"Gem\u00e4lderestauratoren bearbeiten au\u00dfergew\u00f6hnliches Zeugnis Bremerv\u00f6rder Geschichte 400 Jahre alte bemalte Holzbohlendecke verl\u00e4sst den Alten Eingang im Bachmann-Museum Der Diplomrestaurator Gerold Ahrends baute in diesem Herbst im Bachmann-Museum eine bemalte Holzbohlendecke aus, bearbeitete sie behutsam und lagerte die einzelnen Bohlen sicher in einer Spezialkiste ein. Mit dem Deckengem\u00e4lde verl\u00e4sst das letzte und gr\u00f6\u00dfte Objekt den Kanzleifl\u00fcgel [&hellip;]","og_url":"https:\/\/www.bachmann-museum.de\/?p=2983","og_site_name":"Bachmann-Museum Bremerv\u00f6rde","article_published_time":"2020-12-17T12:29:15+00:00","og_image":[{"width":2560,"height":1700,"url":"https:\/\/i0.wp.com\/www.bachmann-museum.de\/wp-content\/uploads\/2020\/12\/BMB3060-Montage-Alter-Eingang-_-Foto-Ahrends-scaled.jpg?fit=2560%2C1700&ssl=1","type":"image\/jpeg"}],"author":"Bachmann-Admin_1","twitter_card":"summary_large_image","twitter_misc":{"Verfasst von":"Bachmann-Admin_1","Gesch\u00e4tzte Lesezeit":"5\u00a0Minuten"},"schema":{"@context":"https:\/\/schema.org","@graph":[{"@type":"Article","@id":"https:\/\/www.bachmann-museum.de\/?p=2983#article","isPartOf":{"@id":"https:\/\/www.bachmann-museum.de\/?p=2983"},"author":{"name":"Bachmann-Admin_1","@id":"https:\/\/www.bachmann-museum.de\/#\/schema\/person\/4e0a96d1ed2480e1c23c3d5afb424bee"},"headline":"Ausbau und Konservierung eines 400 Jahre alten Deckengem\u00e4ldes","datePublished":"2020-12-17T12:29:15+00:00","mainEntityOfPage":{"@id":"https:\/\/www.bachmann-museum.de\/?p=2983"},"wordCount":957,"image":{"@id":"https:\/\/www.bachmann-museum.de\/?p=2983#primaryimage"},"thumbnailUrl":"https:\/\/i0.wp.com\/www.bachmann-museum.de\/wp-content\/uploads\/2020\/12\/BMB3060-Montage-Alter-Eingang-_-Foto-Ahrends-scaled.jpg?fit=2560%2C1700&ssl=1","inLanguage":"de"},{"@type":"WebPage","@id":"https:\/\/www.bachmann-museum.de\/?p=2983","url":"https:\/\/www.bachmann-museum.de\/?p=2983","name":"Ausbau und Konservierung eines 400 Jahre alten Deckengem\u00e4ldes - Bachmann-Museum Bremerv\u00f6rde","isPartOf":{"@id":"https:\/\/www.bachmann-museum.de\/#website"},"primaryImageOfPage":{"@id":"https:\/\/www.bachmann-museum.de\/?p=2983#primaryimage"},"image":{"@id":"https:\/\/www.bachmann-museum.de\/?p=2983#primaryimage"},"thumbnailUrl":"https:\/\/i0.wp.com\/www.bachmann-museum.de\/wp-content\/uploads\/2020\/12\/BMB3060-Montage-Alter-Eingang-_-Foto-Ahrends-scaled.jpg?fit=2560%2C1700&ssl=1","datePublished":"2020-12-17T12:29:15+00:00","author":{"@id":"https:\/\/www.bachmann-museum.de\/#\/schema\/person\/4e0a96d1ed2480e1c23c3d5afb424bee"},"breadcrumb":{"@id":"https:\/\/www.bachmann-museum.de\/?p=2983#breadcrumb"},"inLanguage":"de","potentialAction":[{"@type":"ReadAction","target":["https:\/\/www.bachmann-museum.de\/?p=2983"]}]},{"@type":"ImageObject","inLanguage":"de","@id":"https:\/\/www.bachmann-museum.de\/?p=2983#primaryimage","url":"https:\/\/i0.wp.com\/www.bachmann-museum.de\/wp-content\/uploads\/2020\/12\/BMB3060-Montage-Alter-Eingang-_-Foto-Ahrends-scaled.jpg?fit=2560%2C1700&ssl=1","contentUrl":"https:\/\/i0.wp.com\/www.bachmann-museum.de\/wp-content\/uploads\/2020\/12\/BMB3060-Montage-Alter-Eingang-_-Foto-Ahrends-scaled.jpg?fit=2560%2C1700&ssl=1","width":2560,"height":1700,"caption":"Ansicht der Holzbohlendecke vor der Abnahme und der Reinigung im Alten Eingang des Kanzleifl\u00fcgels. Es heben sich die wei\u00dfen Fl\u00e4chen der \u00dcbermalungen von 1970 deutlich hervor. Die Bilder der Medaillons illustrieren Geschichten des Alten Testaments und sind aufgrund der Verschmutzungen stark nachgedunkelt und kaum zu erkennen."},{"@type":"BreadcrumbList","@id":"https:\/\/www.bachmann-museum.de\/?p=2983#breadcrumb","itemListElement":[{"@type":"ListItem","position":1,"name":"Start","item":"https:\/\/www.bachmann-museum.de\/"},{"@type":"ListItem","position":2,"name":"Ausbau und Konservierung eines 400 Jahre alten Deckengem\u00e4ldes"}]},{"@type":"WebSite","@id":"https:\/\/www.bachmann-museum.de\/#website","url":"https:\/\/www.bachmann-museum.de\/","name":"Bachmann-Museum Bremerv\u00f6rde","description":"","potentialAction":[{"@type":"SearchAction","target":{"@type":"EntryPoint","urlTemplate":"https:\/\/www.bachmann-museum.de\/?s={search_term_string}"},"query-input":{"@type":"PropertyValueSpecification","valueRequired":true,"valueName":"search_term_string"}}],"inLanguage":"de"},{"@type":"Person","@id":"https:\/\/www.bachmann-museum.de\/#\/schema\/person\/4e0a96d1ed2480e1c23c3d5afb424bee","name":"Bachmann-Admin_1","image":{"@type":"ImageObject","inLanguage":"de","@id":"https:\/\/secure.gravatar.com\/avatar\/12b64d40c777adbd0761c887e33f30e0219d4565a9373e68911205fb911bd107?s=96&d=mm&r=g","url":"https:\/\/secure.gravatar.com\/avatar\/12b64d40c777adbd0761c887e33f30e0219d4565a9373e68911205fb911bd107?s=96&d=mm&r=g","contentUrl":"https:\/\/secure.gravatar.com\/avatar\/12b64d40c777adbd0761c887e33f30e0219d4565a9373e68911205fb911bd107?s=96&d=mm&r=g","caption":"Bachmann-Admin_1"},"url":"https:\/\/www.bachmann-museum.de\/?author=1"}]}},"jetpack_featured_media_url":"https:\/\/i0.wp.com\/www.bachmann-museum.de\/wp-content\/uploads\/2020\/12\/BMB3060-Montage-Alter-Eingang-_-Foto-Ahrends-scaled.jpg?fit=2560%2C1700&ssl=1","jetpack_sharing_enabled":true,"jetpack_shortlink":"https:\/\/wp.me\/p5DgYi-M7","jetpack-related-posts":[],"_links":{"self":[{"href":"https:\/\/www.bachmann-museum.de\/index.php?rest_route=\/wp\/v2\/posts\/2983","targetHints":{"allow":["GET"]}}],"collection":[{"href":"https:\/\/www.bachmann-museum.de\/index.php?rest_route=\/wp\/v2\/posts"}],"about":[{"href":"https:\/\/www.bachmann-museum.de\/index.php?rest_route=\/wp\/v2\/types\/post"}],"author":[{"embeddable":true,"href":"https:\/\/www.bachmann-museum.de\/index.php?rest_route=\/wp\/v2\/users\/1"}],"replies":[{"embeddable":true,"href":"https:\/\/www.bachmann-museum.de\/index.php?rest_route=%2Fwp%2Fv2%2Fcomments&post=2983"}],"version-history":[{"count":1,"href":"https:\/\/www.bachmann-museum.de\/index.php?rest_route=\/wp\/v2\/posts\/2983\/revisions"}],"predecessor-version":[{"id":2989,"href":"https:\/\/www.bachmann-museum.de\/index.php?rest_route=\/wp\/v2\/posts\/2983\/revisions\/2989"}],"wp:featuredmedia":[{"embeddable":true,"href":"https:\/\/www.bachmann-museum.de\/index.php?rest_route=\/wp\/v2\/media\/2987"}],"wp:attachment":[{"href":"https:\/\/www.bachmann-museum.de\/index.php?rest_route=%2Fwp%2Fv2%2Fmedia&parent=2983"}],"wp:term":[{"taxonomy":"category","embeddable":true,"href":"https:\/\/www.bachmann-museum.de\/index.php?rest_route=%2Fwp%2Fv2%2Fcategories&post=2983"},{"taxonomy":"post_tag","embeddable":true,"href":"https:\/\/www.bachmann-museum.de\/index.php?rest_route=%2Fwp%2Fv2%2Ftags&post=2983"}],"curies":[{"name":"wp","href":"https:\/\/api.w.org\/{rel}","templated":true}]}}