{"id":2935,"date":"2020-07-21T13:20:18","date_gmt":"2020-07-21T11:20:18","guid":{"rendered":"http:\/\/www.bachmann-museum.de\/?p=2935"},"modified":"2020-07-21T13:33:16","modified_gmt":"2020-07-21T11:33:16","slug":"bachmann-museum-sucht-weiterhin-hinweise-auf-historische-kanonenkugeln-aus-bremervoerde","status":"publish","type":"post","link":"https:\/\/www.bachmann-museum.de\/?p=2935","title":{"rendered":"Bachmann Museum sucht weiterhin Hinweise auf historische Kanonenkugeln aus Bremerv\u00f6rde"},"content":{"rendered":"<figure id=\"attachment_2936\" aria-describedby=\"caption-attachment-2936\" style=\"width: 300px\" class=\"wp-caption alignleft\"><a href=\"https:\/\/i0.wp.com\/www.bachmann-museum.de\/wp-content\/uploads\/2020\/07\/Foto-Presseaufruf-2-scaled.jpg?ssl=1\"><img data-recalc-dims=\"1\" loading=\"lazy\" decoding=\"async\" data-attachment-id=\"2936\" data-permalink=\"https:\/\/www.bachmann-museum.de\/?attachment_id=2936\" data-orig-file=\"https:\/\/i0.wp.com\/www.bachmann-museum.de\/wp-content\/uploads\/2020\/07\/Foto-Presseaufruf-2-scaled-e1595330701723.jpg?fit=2560%2C2060&amp;ssl=1\" data-orig-size=\"2560,2060\" data-comments-opened=\"0\" data-image-meta=\"{&quot;aperture&quot;:&quot;4.5&quot;,&quot;credit&quot;:&quot;&quot;,&quot;camera&quot;:&quot;Canon EOS 1300D&quot;,&quot;caption&quot;:&quot;&quot;,&quot;created_timestamp&quot;:&quot;1592215887&quot;,&quot;copyright&quot;:&quot;&quot;,&quot;focal_length&quot;:&quot;30&quot;,&quot;iso&quot;:&quot;640&quot;,&quot;shutter_speed&quot;:&quot;0.025&quot;,&quot;title&quot;:&quot;&quot;,&quot;orientation&quot;:&quot;1&quot;}\" data-image-title=\"Foto Presseaufruf 2\" data-image-description=\"\" data-image-caption=\"\" data-large-file=\"https:\/\/i0.wp.com\/www.bachmann-museum.de\/wp-content\/uploads\/2020\/07\/Foto-Presseaufruf-2-scaled-e1595330701723.jpg?fit=750%2C604&amp;ssl=1\" class=\"wp-image-2936 size-medium\" src=\"https:\/\/i0.wp.com\/www.bachmann-museum.de\/wp-content\/uploads\/2020\/07\/Foto-Presseaufruf-2.jpg?resize=300%2C288&#038;ssl=1\" alt=\"\" width=\"300\" height=\"288\" \/><\/a><figcaption id=\"caption-attachment-2936\" class=\"wp-caption-text\">Historiker Andreas Schley mit einem Bruchst\u00fcck einer hohlen Bombe. Hinter ihm sind Kanonenkugeln aus den Sammlungen des Bachmann-Museums zu sehen, die derzeit erforscht werden.<\/figcaption><\/figure>\n<p>In den Sammlungen des Bachmann-Museums Bremerv\u00f6rde befinden sich \u00fcber 100 Kanonenkugeln, die derzeit in dem Projekt \u201eErforschung und Erhalt Bremerv\u00f6rder Kanonenkugeln\u201c von dem Historiker Andreas Schley M.A. untersucht werden. Das Museumsteam vermutet, dass noch weitere Kanonenkugeln in Bremerv\u00f6rde existieren, die f\u00fcr das Projekt wertvolle Informationen liefern k\u00f6nnen.<\/p>\n<p>Inzwischen haben sich \u00fcber 20 Personen aus Bremerv\u00f6rde und Umgebung mit Hinweisen beim Bachmann-Museum gemeldet. Andreas Schley zeigt sich beeindruckt von dem Engagement: \u201eMit einer derartig starken Resonanz haben wir nicht gerechnet. Ich bin freudig \u00fcberrascht \u00fcber die Anzahl und Detailliertheit der R\u00fcckmeldungen. Die Menschen sind sehr hilfsbereit und schicken mir Fotos und Ma\u00dfangaben ihrer Kugeln. Ein Herr ist sogar in den Supermarkt gegangen um seine Kugel zu wiegen.\u201c<\/p>\n<p>Laut dem Historiker handelt es sich bei mindestens acht gemeldeten Funden um Kanonenkugeln. Die Geschosse sind von den Besitzern selbst oder ihren Vorfahren bei Garten- oder Bauarbeiten ausgegraben worden. Innerhalb der Familien wurden diese arch\u00e4ologischen Entdeckungen oft von Generation zu Generation weitergegeben. Auch unter den Funden, bei denen es sich nicht um Kanonenkugeln handelt, gibt es interessante St\u00fccke. Mehre Personen haben runde Feuersteine in ihrem Besitz, bei denen es sich um Fossilien handelt, die viele Millionen Jahre alt sind.<\/p>\n<p>Die Kugeln haben eine unmittelbare Beziehung zur Bremerv\u00f6rder Stadtgeschichte. Im 17. Jahrhundert war das mit starken Befestigungen versehene Schloss Bremerv\u00f6rde mehrfach Schauplatz milit\u00e4rischer Auseinandersetzungen, bei denen Kanonen von entscheidender Bedeutung waren. Die Kanonen selbst sind nicht erhalten geblieben daf\u00fcr aber ihre Munition. \u201eEin Ziel des Projektes ist es, m\u00f6glichst viele Informationen \u00fcber diesen besonderen Objektbestand zu sammeln. Meldungen von Kanonenkugeln helfen dabei die verwendeten Kanonentypen zu identifizieren und eine Karte der Fundorte zu erweitern\u201c, fasst Andreas Schley den Zweck seines Aufrufs zusammen. F\u00fcr das Projekt steht er mit Historikern und Arch\u00e4ologen aus dem europ\u00e4ischen Raum in Kontakt und betreibt Quellenforschung zu den in Bremerv\u00f6rde verwendeten Kanonen. Dabei wird immer deutlicher, dass die Menge der in Bremerv\u00f6rde gefundenen Kanonenkugeln au\u00dfergew\u00f6hnlich gro\u00df ist. Jeder Anruf und weitere gemeldete Fund verst\u00e4rkt diesen Eindruck noch weiter.<\/p>\n<p>Um das Projekt umsetzen zu k\u00f6nnen, haben sich mit der EWE Stiftung, der Stadt Bremerv\u00f6rde, dem Ortsrat Bremerv\u00f6rde, der Arch\u00e4ologischen Gesellschaft im Landkreis Rotenburg (W\u00fcmme), der Kreisarch\u00e4ologie Rotenburg (W\u00fcmme) und einer privaten Spenderin so viele Unterst\u00fctzer gefunden wie bei keinem Projekt des Museums zuvor.<\/p>\n<p>Andreas Schley und das Bachmann-Museum Bremerv\u00f6rde freuen sich auch weiterhin \u00fcber Hinweise. Die gesuchten Kugeln bestehen aus Eisen, Blei oder Stein und variieren stark in ihrer Gr\u00f6\u00dfe. Sie k\u00f6nnen so klein wie ein Tischtennisball aber auch so gro\u00df wie ein Basketball sein. Durch jahrelange Lagerung im Boden weisen die eisernen Geschosse h\u00e4ufig Rostspuren und manchmal auch Dellen auf. Ebenfalls interessant f\u00fcr das Projekt sind Bruchst\u00fccke eiserner Kanonenkugeln oder Splitter fr\u00fchneuzeitlicher hohler Bomben.<\/p>\n<p>Andreas Schley ist telefonisch im Bachmann-Museum unter der Nummer 04761-983 4611 oder per Email an andreas.schley@lk-row.de zu erreichen. Auf Grund des Corona-Virus weist das Museumsteam darauf hin, dass Objektbeurteilungen vor Ort nur nach vorheriger Terminabsprache m\u00f6glich sind.<\/p>\n","protected":false},"excerpt":{"rendered":"<p>In den Sammlungen des Bachmann-Museums Bremerv\u00f6rde befinden sich \u00fcber 100 Kanonenkugeln, die derzeit in dem Projekt \u201eErforschung und Erhalt Bremerv\u00f6rder Kanonenkugeln\u201c von dem Historiker Andreas Schley M.A. untersucht werden. Das Museumsteam vermutet, dass noch weitere Kanonenkugeln in Bremerv\u00f6rde existieren, die f\u00fcr das Projekt wertvolle Informationen liefern k\u00f6nnen. Inzwischen haben sich \u00fcber 20 Personen aus Bremerv\u00f6rde [&hellip;]<\/p>\n","protected":false},"author":1,"featured_media":2936,"comment_status":"closed","ping_status":"open","sticky":false,"template":"","format":"standard","meta":{"_jetpack_newsletter_access":"","_jetpack_dont_email_post_to_subs":false,"_jetpack_newsletter_tier_id":0,"_jetpack_memberships_contains_paywalled_content":false,"_jetpack_memberships_contains_paid_content":false,"footnotes":""},"categories":[1],"tags":[],"class_list":["post-2935","post","type-post","status-publish","format-standard","has-post-thumbnail","hentry","category-allgemein"],"yoast_head":"<!-- This site is optimized with the Yoast SEO plugin v27.4 - https:\/\/yoast.com\/product\/yoast-seo-wordpress\/ -->\n<title>Bachmann Museum sucht weiterhin Hinweise auf historische Kanonenkugeln aus Bremerv\u00f6rde - Bachmann-Museum Bremerv\u00f6rde<\/title>\n<meta name=\"robots\" content=\"index, follow, max-snippet:-1, max-image-preview:large, max-video-preview:-1\" \/>\n<link rel=\"canonical\" href=\"https:\/\/www.bachmann-museum.de\/?p=2935\" \/>\n<meta property=\"og:locale\" content=\"de_DE\" \/>\n<meta property=\"og:type\" content=\"article\" \/>\n<meta property=\"og:title\" content=\"Bachmann Museum sucht weiterhin Hinweise auf historische Kanonenkugeln aus Bremerv\u00f6rde - Bachmann-Museum Bremerv\u00f6rde\" \/>\n<meta property=\"og:description\" content=\"In den Sammlungen des Bachmann-Museums Bremerv\u00f6rde befinden sich \u00fcber 100 Kanonenkugeln, die derzeit in dem Projekt \u201eErforschung und Erhalt Bremerv\u00f6rder Kanonenkugeln\u201c von dem Historiker Andreas Schley M.A. untersucht werden. Das Museumsteam vermutet, dass noch weitere Kanonenkugeln in Bremerv\u00f6rde existieren, die f\u00fcr das Projekt wertvolle Informationen liefern k\u00f6nnen. Inzwischen haben sich \u00fcber 20 Personen aus Bremerv\u00f6rde [&hellip;]\" \/>\n<meta property=\"og:url\" content=\"https:\/\/www.bachmann-museum.de\/?p=2935\" \/>\n<meta property=\"og:site_name\" content=\"Bachmann-Museum Bremerv\u00f6rde\" \/>\n<meta property=\"article:published_time\" content=\"2020-07-21T11:20:18+00:00\" \/>\n<meta property=\"article:modified_time\" content=\"2020-07-21T11:33:16+00:00\" \/>\n<meta property=\"og:image\" content=\"https:\/\/i0.wp.com\/www.bachmann-museum.de\/wp-content\/uploads\/2020\/07\/Foto-Presseaufruf-2-scaled-e1595330701723.jpg?fit=2560%2C2060&ssl=1\" \/>\n\t<meta property=\"og:image:width\" content=\"2560\" \/>\n\t<meta property=\"og:image:height\" content=\"2060\" \/>\n\t<meta property=\"og:image:type\" content=\"image\/jpeg\" \/>\n<meta name=\"author\" content=\"Bachmann-Admin_1\" \/>\n<meta name=\"twitter:card\" content=\"summary_large_image\" \/>\n<meta name=\"twitter:label1\" content=\"Verfasst von\" \/>\n\t<meta name=\"twitter:data1\" content=\"Bachmann-Admin_1\" \/>\n\t<meta name=\"twitter:label2\" content=\"Gesch\u00e4tzte Lesezeit\" \/>\n\t<meta name=\"twitter:data2\" content=\"3\u00a0Minuten\" \/>\n<script type=\"application\/ld+json\" class=\"yoast-schema-graph\">{\"@context\":\"https:\\\/\\\/schema.org\",\"@graph\":[{\"@type\":\"Article\",\"@id\":\"https:\\\/\\\/www.bachmann-museum.de\\\/?p=2935#article\",\"isPartOf\":{\"@id\":\"https:\\\/\\\/www.bachmann-museum.de\\\/?p=2935\"},\"author\":{\"name\":\"Bachmann-Admin_1\",\"@id\":\"https:\\\/\\\/www.bachmann-museum.de\\\/#\\\/schema\\\/person\\\/4e0a96d1ed2480e1c23c3d5afb424bee\"},\"headline\":\"Bachmann Museum sucht weiterhin Hinweise auf historische Kanonenkugeln aus Bremerv\u00f6rde\",\"datePublished\":\"2020-07-21T11:20:18+00:00\",\"dateModified\":\"2020-07-21T11:33:16+00:00\",\"mainEntityOfPage\":{\"@id\":\"https:\\\/\\\/www.bachmann-museum.de\\\/?p=2935\"},\"wordCount\":562,\"image\":{\"@id\":\"https:\\\/\\\/www.bachmann-museum.de\\\/?p=2935#primaryimage\"},\"thumbnailUrl\":\"https:\\\/\\\/i0.wp.com\\\/www.bachmann-museum.de\\\/wp-content\\\/uploads\\\/2020\\\/07\\\/Foto-Presseaufruf-2-scaled-e1595330701723.jpg?fit=2560%2C2060&ssl=1\",\"inLanguage\":\"de\"},{\"@type\":\"WebPage\",\"@id\":\"https:\\\/\\\/www.bachmann-museum.de\\\/?p=2935\",\"url\":\"https:\\\/\\\/www.bachmann-museum.de\\\/?p=2935\",\"name\":\"Bachmann Museum sucht weiterhin Hinweise auf historische Kanonenkugeln aus Bremerv\u00f6rde - Bachmann-Museum Bremerv\u00f6rde\",\"isPartOf\":{\"@id\":\"https:\\\/\\\/www.bachmann-museum.de\\\/#website\"},\"primaryImageOfPage\":{\"@id\":\"https:\\\/\\\/www.bachmann-museum.de\\\/?p=2935#primaryimage\"},\"image\":{\"@id\":\"https:\\\/\\\/www.bachmann-museum.de\\\/?p=2935#primaryimage\"},\"thumbnailUrl\":\"https:\\\/\\\/i0.wp.com\\\/www.bachmann-museum.de\\\/wp-content\\\/uploads\\\/2020\\\/07\\\/Foto-Presseaufruf-2-scaled-e1595330701723.jpg?fit=2560%2C2060&ssl=1\",\"datePublished\":\"2020-07-21T11:20:18+00:00\",\"dateModified\":\"2020-07-21T11:33:16+00:00\",\"author\":{\"@id\":\"https:\\\/\\\/www.bachmann-museum.de\\\/#\\\/schema\\\/person\\\/4e0a96d1ed2480e1c23c3d5afb424bee\"},\"breadcrumb\":{\"@id\":\"https:\\\/\\\/www.bachmann-museum.de\\\/?p=2935#breadcrumb\"},\"inLanguage\":\"de\",\"potentialAction\":[{\"@type\":\"ReadAction\",\"target\":[\"https:\\\/\\\/www.bachmann-museum.de\\\/?p=2935\"]}]},{\"@type\":\"ImageObject\",\"inLanguage\":\"de\",\"@id\":\"https:\\\/\\\/www.bachmann-museum.de\\\/?p=2935#primaryimage\",\"url\":\"https:\\\/\\\/i0.wp.com\\\/www.bachmann-museum.de\\\/wp-content\\\/uploads\\\/2020\\\/07\\\/Foto-Presseaufruf-2-scaled-e1595330701723.jpg?fit=2560%2C2060&ssl=1\",\"contentUrl\":\"https:\\\/\\\/i0.wp.com\\\/www.bachmann-museum.de\\\/wp-content\\\/uploads\\\/2020\\\/07\\\/Foto-Presseaufruf-2-scaled-e1595330701723.jpg?fit=2560%2C2060&ssl=1\",\"width\":2560,\"height\":2060},{\"@type\":\"BreadcrumbList\",\"@id\":\"https:\\\/\\\/www.bachmann-museum.de\\\/?p=2935#breadcrumb\",\"itemListElement\":[{\"@type\":\"ListItem\",\"position\":1,\"name\":\"Start\",\"item\":\"https:\\\/\\\/www.bachmann-museum.de\\\/\"},{\"@type\":\"ListItem\",\"position\":2,\"name\":\"Bachmann Museum sucht weiterhin Hinweise auf historische Kanonenkugeln aus Bremerv\u00f6rde\"}]},{\"@type\":\"WebSite\",\"@id\":\"https:\\\/\\\/www.bachmann-museum.de\\\/#website\",\"url\":\"https:\\\/\\\/www.bachmann-museum.de\\\/\",\"name\":\"Bachmann-Museum Bremerv\u00f6rde\",\"description\":\"\",\"potentialAction\":[{\"@type\":\"SearchAction\",\"target\":{\"@type\":\"EntryPoint\",\"urlTemplate\":\"https:\\\/\\\/www.bachmann-museum.de\\\/?s={search_term_string}\"},\"query-input\":{\"@type\":\"PropertyValueSpecification\",\"valueRequired\":true,\"valueName\":\"search_term_string\"}}],\"inLanguage\":\"de\"},{\"@type\":\"Person\",\"@id\":\"https:\\\/\\\/www.bachmann-museum.de\\\/#\\\/schema\\\/person\\\/4e0a96d1ed2480e1c23c3d5afb424bee\",\"name\":\"Bachmann-Admin_1\",\"image\":{\"@type\":\"ImageObject\",\"inLanguage\":\"de\",\"@id\":\"https:\\\/\\\/secure.gravatar.com\\\/avatar\\\/12b64d40c777adbd0761c887e33f30e0219d4565a9373e68911205fb911bd107?s=96&d=mm&r=g\",\"url\":\"https:\\\/\\\/secure.gravatar.com\\\/avatar\\\/12b64d40c777adbd0761c887e33f30e0219d4565a9373e68911205fb911bd107?s=96&d=mm&r=g\",\"contentUrl\":\"https:\\\/\\\/secure.gravatar.com\\\/avatar\\\/12b64d40c777adbd0761c887e33f30e0219d4565a9373e68911205fb911bd107?s=96&d=mm&r=g\",\"caption\":\"Bachmann-Admin_1\"},\"url\":\"https:\\\/\\\/www.bachmann-museum.de\\\/?author=1\"}]}<\/script>\n<!-- \/ Yoast SEO plugin. -->","yoast_head_json":{"title":"Bachmann Museum sucht weiterhin Hinweise auf historische Kanonenkugeln aus Bremerv\u00f6rde - Bachmann-Museum Bremerv\u00f6rde","robots":{"index":"index","follow":"follow","max-snippet":"max-snippet:-1","max-image-preview":"max-image-preview:large","max-video-preview":"max-video-preview:-1"},"canonical":"https:\/\/www.bachmann-museum.de\/?p=2935","og_locale":"de_DE","og_type":"article","og_title":"Bachmann Museum sucht weiterhin Hinweise auf historische Kanonenkugeln aus Bremerv\u00f6rde - Bachmann-Museum Bremerv\u00f6rde","og_description":"In den Sammlungen des Bachmann-Museums Bremerv\u00f6rde befinden sich \u00fcber 100 Kanonenkugeln, die derzeit in dem Projekt \u201eErforschung und Erhalt Bremerv\u00f6rder Kanonenkugeln\u201c von dem Historiker Andreas Schley M.A. untersucht werden. Das Museumsteam vermutet, dass noch weitere Kanonenkugeln in Bremerv\u00f6rde existieren, die f\u00fcr das Projekt wertvolle Informationen liefern k\u00f6nnen. Inzwischen haben sich \u00fcber 20 Personen aus Bremerv\u00f6rde [&hellip;]","og_url":"https:\/\/www.bachmann-museum.de\/?p=2935","og_site_name":"Bachmann-Museum Bremerv\u00f6rde","article_published_time":"2020-07-21T11:20:18+00:00","article_modified_time":"2020-07-21T11:33:16+00:00","og_image":[{"width":2560,"height":2060,"url":"https:\/\/i0.wp.com\/www.bachmann-museum.de\/wp-content\/uploads\/2020\/07\/Foto-Presseaufruf-2-scaled-e1595330701723.jpg?fit=2560%2C2060&ssl=1","type":"image\/jpeg"}],"author":"Bachmann-Admin_1","twitter_card":"summary_large_image","twitter_misc":{"Verfasst von":"Bachmann-Admin_1","Gesch\u00e4tzte Lesezeit":"3\u00a0Minuten"},"schema":{"@context":"https:\/\/schema.org","@graph":[{"@type":"Article","@id":"https:\/\/www.bachmann-museum.de\/?p=2935#article","isPartOf":{"@id":"https:\/\/www.bachmann-museum.de\/?p=2935"},"author":{"name":"Bachmann-Admin_1","@id":"https:\/\/www.bachmann-museum.de\/#\/schema\/person\/4e0a96d1ed2480e1c23c3d5afb424bee"},"headline":"Bachmann Museum sucht weiterhin Hinweise auf historische Kanonenkugeln aus Bremerv\u00f6rde","datePublished":"2020-07-21T11:20:18+00:00","dateModified":"2020-07-21T11:33:16+00:00","mainEntityOfPage":{"@id":"https:\/\/www.bachmann-museum.de\/?p=2935"},"wordCount":562,"image":{"@id":"https:\/\/www.bachmann-museum.de\/?p=2935#primaryimage"},"thumbnailUrl":"https:\/\/i0.wp.com\/www.bachmann-museum.de\/wp-content\/uploads\/2020\/07\/Foto-Presseaufruf-2-scaled-e1595330701723.jpg?fit=2560%2C2060&ssl=1","inLanguage":"de"},{"@type":"WebPage","@id":"https:\/\/www.bachmann-museum.de\/?p=2935","url":"https:\/\/www.bachmann-museum.de\/?p=2935","name":"Bachmann Museum sucht weiterhin Hinweise auf historische Kanonenkugeln aus Bremerv\u00f6rde - Bachmann-Museum Bremerv\u00f6rde","isPartOf":{"@id":"https:\/\/www.bachmann-museum.de\/#website"},"primaryImageOfPage":{"@id":"https:\/\/www.bachmann-museum.de\/?p=2935#primaryimage"},"image":{"@id":"https:\/\/www.bachmann-museum.de\/?p=2935#primaryimage"},"thumbnailUrl":"https:\/\/i0.wp.com\/www.bachmann-museum.de\/wp-content\/uploads\/2020\/07\/Foto-Presseaufruf-2-scaled-e1595330701723.jpg?fit=2560%2C2060&ssl=1","datePublished":"2020-07-21T11:20:18+00:00","dateModified":"2020-07-21T11:33:16+00:00","author":{"@id":"https:\/\/www.bachmann-museum.de\/#\/schema\/person\/4e0a96d1ed2480e1c23c3d5afb424bee"},"breadcrumb":{"@id":"https:\/\/www.bachmann-museum.de\/?p=2935#breadcrumb"},"inLanguage":"de","potentialAction":[{"@type":"ReadAction","target":["https:\/\/www.bachmann-museum.de\/?p=2935"]}]},{"@type":"ImageObject","inLanguage":"de","@id":"https:\/\/www.bachmann-museum.de\/?p=2935#primaryimage","url":"https:\/\/i0.wp.com\/www.bachmann-museum.de\/wp-content\/uploads\/2020\/07\/Foto-Presseaufruf-2-scaled-e1595330701723.jpg?fit=2560%2C2060&ssl=1","contentUrl":"https:\/\/i0.wp.com\/www.bachmann-museum.de\/wp-content\/uploads\/2020\/07\/Foto-Presseaufruf-2-scaled-e1595330701723.jpg?fit=2560%2C2060&ssl=1","width":2560,"height":2060},{"@type":"BreadcrumbList","@id":"https:\/\/www.bachmann-museum.de\/?p=2935#breadcrumb","itemListElement":[{"@type":"ListItem","position":1,"name":"Start","item":"https:\/\/www.bachmann-museum.de\/"},{"@type":"ListItem","position":2,"name":"Bachmann Museum sucht weiterhin Hinweise auf historische Kanonenkugeln aus Bremerv\u00f6rde"}]},{"@type":"WebSite","@id":"https:\/\/www.bachmann-museum.de\/#website","url":"https:\/\/www.bachmann-museum.de\/","name":"Bachmann-Museum Bremerv\u00f6rde","description":"","potentialAction":[{"@type":"SearchAction","target":{"@type":"EntryPoint","urlTemplate":"https:\/\/www.bachmann-museum.de\/?s={search_term_string}"},"query-input":{"@type":"PropertyValueSpecification","valueRequired":true,"valueName":"search_term_string"}}],"inLanguage":"de"},{"@type":"Person","@id":"https:\/\/www.bachmann-museum.de\/#\/schema\/person\/4e0a96d1ed2480e1c23c3d5afb424bee","name":"Bachmann-Admin_1","image":{"@type":"ImageObject","inLanguage":"de","@id":"https:\/\/secure.gravatar.com\/avatar\/12b64d40c777adbd0761c887e33f30e0219d4565a9373e68911205fb911bd107?s=96&d=mm&r=g","url":"https:\/\/secure.gravatar.com\/avatar\/12b64d40c777adbd0761c887e33f30e0219d4565a9373e68911205fb911bd107?s=96&d=mm&r=g","contentUrl":"https:\/\/secure.gravatar.com\/avatar\/12b64d40c777adbd0761c887e33f30e0219d4565a9373e68911205fb911bd107?s=96&d=mm&r=g","caption":"Bachmann-Admin_1"},"url":"https:\/\/www.bachmann-museum.de\/?author=1"}]}},"jetpack_featured_media_url":"https:\/\/i0.wp.com\/www.bachmann-museum.de\/wp-content\/uploads\/2020\/07\/Foto-Presseaufruf-2-scaled-e1595330701723.jpg?fit=2560%2C2060&ssl=1","jetpack_sharing_enabled":true,"jetpack_shortlink":"https:\/\/wp.me\/p5DgYi-Ll","jetpack-related-posts":[],"_links":{"self":[{"href":"https:\/\/www.bachmann-museum.de\/index.php?rest_route=\/wp\/v2\/posts\/2935","targetHints":{"allow":["GET"]}}],"collection":[{"href":"https:\/\/www.bachmann-museum.de\/index.php?rest_route=\/wp\/v2\/posts"}],"about":[{"href":"https:\/\/www.bachmann-museum.de\/index.php?rest_route=\/wp\/v2\/types\/post"}],"author":[{"embeddable":true,"href":"https:\/\/www.bachmann-museum.de\/index.php?rest_route=\/wp\/v2\/users\/1"}],"replies":[{"embeddable":true,"href":"https:\/\/www.bachmann-museum.de\/index.php?rest_route=%2Fwp%2Fv2%2Fcomments&post=2935"}],"version-history":[{"count":2,"href":"https:\/\/www.bachmann-museum.de\/index.php?rest_route=\/wp\/v2\/posts\/2935\/revisions"}],"predecessor-version":[{"id":2938,"href":"https:\/\/www.bachmann-museum.de\/index.php?rest_route=\/wp\/v2\/posts\/2935\/revisions\/2938"}],"wp:featuredmedia":[{"embeddable":true,"href":"https:\/\/www.bachmann-museum.de\/index.php?rest_route=\/wp\/v2\/media\/2936"}],"wp:attachment":[{"href":"https:\/\/www.bachmann-museum.de\/index.php?rest_route=%2Fwp%2Fv2%2Fmedia&parent=2935"}],"wp:term":[{"taxonomy":"category","embeddable":true,"href":"https:\/\/www.bachmann-museum.de\/index.php?rest_route=%2Fwp%2Fv2%2Fcategories&post=2935"},{"taxonomy":"post_tag","embeddable":true,"href":"https:\/\/www.bachmann-museum.de\/index.php?rest_route=%2Fwp%2Fv2%2Ftags&post=2935"}],"curies":[{"name":"wp","href":"https:\/\/api.w.org\/{rel}","templated":true}]}}