{"id":2809,"date":"2020-04-16T11:55:58","date_gmt":"2020-04-16T09:55:58","guid":{"rendered":"http:\/\/www.bachmann-museum.de\/?p=2809"},"modified":"2020-04-16T12:37:31","modified_gmt":"2020-04-16T10:37:31","slug":"bachmann-museum-sucht-hinweise-auf-historische-kanonenkugeln-aus-bremervoerde","status":"publish","type":"post","link":"https:\/\/www.bachmann-museum.de\/?p=2809","title":{"rendered":"Bachmann-Museum sucht Hinweise auf historische Kanonenkugeln aus Bremerv\u00f6rde"},"content":{"rendered":"<p><strong>Wissenschaftler Andreas Schley M.A. erforscht Kanonenkugeln als Teil der Stadtgeschichte.<\/strong><\/p>\n<p><strong>Mehr als 100 Kanonenkugeln aus Bremerv\u00f6rde befinden sich heute in der arch\u00e4ologischen Sammlung des Bachmann-Museums. In dem Projekt \u201eErforschung und Erhalt Bremerv\u00f6rder Kanonenkugeln\u201c<\/strong> <strong>besch\u00e4ftigt sich der Historiker und Volont\u00e4r des Bachmann-Museums Andreas Schley M.A. mit diesen spannenden Objekten aus der Geschichte der Stadt. Er hofft dabei auch auf Hinweise \u00fcber weitere Kanonenkugeln aus dem Stadtgebiet.<\/strong><\/p>\n<figure id=\"attachment_2810\" aria-describedby=\"caption-attachment-2810\" style=\"width: 287px\" class=\"wp-caption alignleft\"><a href=\"https:\/\/i0.wp.com\/www.bachmann-museum.de\/wp-content\/uploads\/2020\/04\/Foto-Presseaufruf.png?ssl=1\"><img data-recalc-dims=\"1\" loading=\"lazy\" decoding=\"async\" data-attachment-id=\"2810\" data-permalink=\"https:\/\/www.bachmann-museum.de\/?attachment_id=2810\" data-orig-file=\"https:\/\/i0.wp.com\/www.bachmann-museum.de\/wp-content\/uploads\/2020\/04\/Foto-Presseaufruf.png?fit=3734%2C3456&amp;ssl=1\" data-orig-size=\"3734,3456\" data-comments-opened=\"0\" data-image-meta=\"{&quot;aperture&quot;:&quot;0&quot;,&quot;credit&quot;:&quot;&quot;,&quot;camera&quot;:&quot;&quot;,&quot;caption&quot;:&quot;&quot;,&quot;created_timestamp&quot;:&quot;0&quot;,&quot;copyright&quot;:&quot;&quot;,&quot;focal_length&quot;:&quot;0&quot;,&quot;iso&quot;:&quot;0&quot;,&quot;shutter_speed&quot;:&quot;0&quot;,&quot;title&quot;:&quot;&quot;,&quot;orientation&quot;:&quot;0&quot;}\" data-image-title=\"Foto Presseaufruf\" data-image-description=\"\" data-image-caption=\"\" data-large-file=\"https:\/\/i0.wp.com\/www.bachmann-museum.de\/wp-content\/uploads\/2020\/04\/Foto-Presseaufruf.png?fit=750%2C694&amp;ssl=1\" class=\"wp-image-2810\" src=\"https:\/\/i0.wp.com\/www.bachmann-museum.de\/wp-content\/uploads\/2020\/04\/Foto-Presseaufruf.png?resize=287%2C266&#038;ssl=1\" alt=\"\" width=\"287\" height=\"266\" srcset=\"https:\/\/i0.wp.com\/www.bachmann-museum.de\/wp-content\/uploads\/2020\/04\/Foto-Presseaufruf.png?resize=1024%2C948&amp;ssl=1 1024w, https:\/\/i0.wp.com\/www.bachmann-museum.de\/wp-content\/uploads\/2020\/04\/Foto-Presseaufruf.png?resize=300%2C278&amp;ssl=1 300w, https:\/\/i0.wp.com\/www.bachmann-museum.de\/wp-content\/uploads\/2020\/04\/Foto-Presseaufruf.png?resize=768%2C711&amp;ssl=1 768w, https:\/\/i0.wp.com\/www.bachmann-museum.de\/wp-content\/uploads\/2020\/04\/Foto-Presseaufruf.png?resize=1536%2C1422&amp;ssl=1 1536w, https:\/\/i0.wp.com\/www.bachmann-museum.de\/wp-content\/uploads\/2020\/04\/Foto-Presseaufruf.png?resize=2048%2C1896&amp;ssl=1 2048w, https:\/\/i0.wp.com\/www.bachmann-museum.de\/wp-content\/uploads\/2020\/04\/Foto-Presseaufruf.png?w=2250&amp;ssl=1 2250w\" sizes=\"auto, (max-width: 287px) 100vw, 287px\" \/><\/a><figcaption id=\"caption-attachment-2810\" class=\"wp-caption-text\">Andreas Schley mit Kanonenkugeln und einem Kupferstich der Belagerung des Schlosses Bremerv\u00f6rde im Jahre 1657, auf dem der Einsatz von Kanonen zu sehen ist.<\/figcaption><\/figure>\n<p>Ziel des Projektes zur Erforschung und zum Erhalt der Kanonenkugeln ist es, m\u00f6glichst viele Informationen \u00fcber diesen besonderen Objektbestand herauszubekommen. Au\u00dferdem sollen einige der Kugeln, die seit vielen Jahrzehnten im Depot des Museums verwahrt werden, restauriert werden, damit sie sp\u00e4ter in der neuen Dauerausstellung des Museums gezeigt werden k\u00f6nnen. Um dieses Vorhaben umsetzen zu k\u00f6nnen, haben sich mit der EWE Stiftung, der Stadt Bremerv\u00f6rde, dem Ortsrat Bremerv\u00f6rde, der Arch\u00e4ologischen Gesellschaft im Landkreis Rotenburg (W\u00fcmme), der Kreisarch\u00e4ologie Rotenburg (W\u00fcmme) und einer privaten Spenderin so viele Unterst\u00fctzer gefunden wie bei keinem Projekt des Museums zuvor.<\/p>\n<p>Schon der Weg der Kanonenkugeln in die Museumssammlung ist bemerkenswert. Viele Kugeln wurden im Laufe des 20. Jahrhunderts bei der Gartenarbeit oder bei Bauarbeiten im heutigen Stadtgebiet gefunden und von den Einwohnern bei August Bachmann abgegeben, der die zum Teil sehr schweren Objekte sorgf\u00e4ltig aufbewahrte und zu jeder Kugel den Fundort notierte.<\/p>\n<p>\u201eWir gehen zur Zeit davon aus, dass die meisten Kugeln aus dem 17. Jahrhundert stammen, als der Ort und das mit starken Befestigungen versehene Schloss immer wieder Schauplatz milit\u00e4rischer Auseinandersetzungen waren. Bei den Belagerungen des Schlosses spielten Kanonen eine entscheidende Rolle. Um ein freies Schussfeld auf herannahende Feinde zu haben, ordnete der Festungskommandant im Jahr 1646 sogar die Zerst\u00f6rung des Ortes an, dessen H\u00e4user zu dieser Zeit noch in der N\u00e4he der Festungsgr\u00e4ben lagen.\u201c, fasst Andreas Schley seine ersten Eindr\u00fccke zusammen.<\/p>\n<p>Der erste wichtige Arbeitsschritt zur Erforschung der Kanonenkugeln ist die Kartierung der Fundorte. \u00a0\u201eBemerkenswert ist, dass sich diese Fundorte der Kugeln fast \u00fcber das gesamte Stadtgebiet und das Umland verteilen. Neben dem ehemaligen Festungsbereich stammen besonders viele Kugeln vor allem aus dem Fresenburgsmoor sowie dem Bereich entlang der Neuen und der Alten Stra\u00dfe.\u201c, berichtet Andreas Schley.<\/p>\n<p>Die Fundumst\u00e4nde lassen vermuten, dass es noch weitere Kanonenkugeln aus Bremerv\u00f6rde gibt. Daher baut Andreas Schley auf die Mithilfe von allen, die eine Kanonenkugel aus Eisen, Blei oder Stein aus Bremerv\u00f6rde haben oder Hinweise dazu geben k\u00f6nnen. Er bittet darum, sich mit ihm telefonisch (04761\/983 4611) oder per mail (<a href=\"mailto:andreas.schley@lk-row.de\">andreas.schley@lk-row.de<\/a>) in Verbindung zu setzen. Die gesuchten Kanonenkugeln haben einen Durchmesser von mindestens 3 cm, k\u00f6nnen aber auch durchaus etwa so gro\u00df wie ein Basketball sein. Durch die lange Lagerung im Boden k\u00f6nnte das Eisen spr\u00f6de geworden sein und die Kanonenkugel nicht mehr exakt rund sein. Auch Beulen oder Dellen in der Kugel sind m\u00f6glich. F\u00fcr das Projekt interessant sind auch Bruchst\u00fccke von Eisen- oder Steinkugeln. \u201eJeder Hinweis auf eine weitere Kugel ist f\u00fcr mich wichtig\u201c betont Andreas Schley, der inzwischen mit Arch\u00e4ologen und Historikern aus mehreren europ\u00e4ischen L\u00e4ndern im Austausch \u00fcber die Bremerv\u00f6rder Kanonenkugeln steht.<\/p>\n<p><strong>Andreas Schley ist telefonisch im Bachmann-Museum unter der Nummer 04761-983 4611 oder per Email an <\/strong><a href=\"mailto:andreas.schley@lk-row.de\"><strong>andreas.schley@lk-row.de<\/strong><\/a> <strong>zu erreichen<\/strong>. <strong>Da das Museum aufgrund des Corona-Virus f\u00fcr Besucher geschlossen ist, bittet das Museumsteam, auf <\/strong><strong>pers\u00f6nliche Besuche zu verzichten.\u00a0\u00a0 <\/strong><\/p>\n<figure id=\"attachment_2811\" aria-describedby=\"caption-attachment-2811\" style=\"width: 767px\" class=\"wp-caption alignleft\"><a href=\"https:\/\/i0.wp.com\/www.bachmann-museum.de\/wp-content\/uploads\/2020\/04\/Kupferstich-Schloss-Bremerv%C3%B6rde-Belagerung-1657-Ausschnitt.jpg?ssl=1\"><img data-recalc-dims=\"1\" loading=\"lazy\" decoding=\"async\" data-attachment-id=\"2811\" data-permalink=\"https:\/\/www.bachmann-museum.de\/?attachment_id=2811\" data-orig-file=\"https:\/\/i0.wp.com\/www.bachmann-museum.de\/wp-content\/uploads\/2020\/04\/Kupferstich-Schloss-Bremerv%C3%B6rde-Belagerung-1657-Ausschnitt.jpg?fit=1177%2C411&amp;ssl=1\" data-orig-size=\"1177,411\" data-comments-opened=\"0\" data-image-meta=\"{&quot;aperture&quot;:&quot;0&quot;,&quot;credit&quot;:&quot;&quot;,&quot;camera&quot;:&quot;&quot;,&quot;caption&quot;:&quot;&quot;,&quot;created_timestamp&quot;:&quot;0&quot;,&quot;copyright&quot;:&quot;&quot;,&quot;focal_length&quot;:&quot;0&quot;,&quot;iso&quot;:&quot;0&quot;,&quot;shutter_speed&quot;:&quot;0&quot;,&quot;title&quot;:&quot;&quot;,&quot;orientation&quot;:&quot;0&quot;}\" data-image-title=\"Kupferstich Schloss Bremerv\u00f6rde Belagerung 1657 Ausschnitt\" data-image-description=\"\" data-image-caption=\"\" data-large-file=\"https:\/\/i0.wp.com\/www.bachmann-museum.de\/wp-content\/uploads\/2020\/04\/Kupferstich-Schloss-Bremerv%C3%B6rde-Belagerung-1657-Ausschnitt.jpg?fit=750%2C262&amp;ssl=1\" class=\"wp-image-2811\" src=\"https:\/\/i0.wp.com\/www.bachmann-museum.de\/wp-content\/uploads\/2020\/04\/Kupferstich-Schloss-Bremerv%C3%B6rde-Belagerung-1657-Ausschnitt.jpg?resize=750%2C262&#038;ssl=1\" alt=\"\" width=\"750\" height=\"262\" srcset=\"https:\/\/i0.wp.com\/www.bachmann-museum.de\/wp-content\/uploads\/2020\/04\/Kupferstich-Schloss-Bremerv%C3%B6rde-Belagerung-1657-Ausschnitt.jpg?resize=1024%2C358&amp;ssl=1 1024w, https:\/\/i0.wp.com\/www.bachmann-museum.de\/wp-content\/uploads\/2020\/04\/Kupferstich-Schloss-Bremerv%C3%B6rde-Belagerung-1657-Ausschnitt.jpg?resize=300%2C105&amp;ssl=1 300w, https:\/\/i0.wp.com\/www.bachmann-museum.de\/wp-content\/uploads\/2020\/04\/Kupferstich-Schloss-Bremerv%C3%B6rde-Belagerung-1657-Ausschnitt.jpg?resize=768%2C268&amp;ssl=1 768w, https:\/\/i0.wp.com\/www.bachmann-museum.de\/wp-content\/uploads\/2020\/04\/Kupferstich-Schloss-Bremerv%C3%B6rde-Belagerung-1657-Ausschnitt.jpg?w=1177&amp;ssl=1 1177w\" sizes=\"auto, (max-width: 750px) 100vw, 750px\" \/><\/a><figcaption id=\"caption-attachment-2811\" class=\"wp-caption-text\">Kupferstich der Belagerung des Schlosses Bremerv\u00f6rde von 1657<\/figcaption><\/figure>\n<p>&nbsp;<\/p>\n<p>&nbsp;<\/p>\n<p>&nbsp;<\/p>\n<p>&nbsp;<\/p>\n<p>&nbsp;<\/p>\n<p>&nbsp;<\/p>\n<p>&nbsp;<\/p>\n<p>&nbsp;<\/p>\n","protected":false},"excerpt":{"rendered":"<p>Wissenschaftler Andreas Schley M.A. erforscht Kanonenkugeln als Teil der Stadtgeschichte. Mehr als 100 Kanonenkugeln aus Bremerv\u00f6rde befinden sich heute in der arch\u00e4ologischen Sammlung des Bachmann-Museums. In dem Projekt \u201eErforschung und Erhalt Bremerv\u00f6rder Kanonenkugeln\u201c besch\u00e4ftigt sich der Historiker und Volont\u00e4r des Bachmann-Museums Andreas Schley M.A. mit diesen spannenden Objekten aus der Geschichte der Stadt. Er hofft [&hellip;]<\/p>\n","protected":false},"author":1,"featured_media":2826,"comment_status":"closed","ping_status":"open","sticky":false,"template":"","format":"standard","meta":{"_jetpack_newsletter_access":"","_jetpack_dont_email_post_to_subs":false,"_jetpack_newsletter_tier_id":0,"_jetpack_memberships_contains_paywalled_content":false,"_jetpack_memberships_contains_paid_content":false,"footnotes":""},"categories":[1],"tags":[],"class_list":["post-2809","post","type-post","status-publish","format-standard","has-post-thumbnail","hentry","category-allgemein"],"yoast_head":"<!-- This site is optimized with the Yoast SEO plugin v27.4 - https:\/\/yoast.com\/product\/yoast-seo-wordpress\/ -->\n<title>Bachmann-Museum sucht Hinweise auf historische Kanonenkugeln aus Bremerv\u00f6rde - Bachmann-Museum Bremerv\u00f6rde<\/title>\n<meta name=\"robots\" content=\"index, follow, max-snippet:-1, max-image-preview:large, max-video-preview:-1\" \/>\n<link rel=\"canonical\" href=\"https:\/\/www.bachmann-museum.de\/?p=2809\" \/>\n<meta property=\"og:locale\" content=\"de_DE\" \/>\n<meta property=\"og:type\" content=\"article\" \/>\n<meta property=\"og:title\" content=\"Bachmann-Museum sucht Hinweise auf historische Kanonenkugeln aus Bremerv\u00f6rde - Bachmann-Museum Bremerv\u00f6rde\" \/>\n<meta property=\"og:description\" content=\"Wissenschaftler Andreas Schley M.A. erforscht Kanonenkugeln als Teil der Stadtgeschichte. Mehr als 100 Kanonenkugeln aus Bremerv\u00f6rde befinden sich heute in der arch\u00e4ologischen Sammlung des Bachmann-Museums. In dem Projekt \u201eErforschung und Erhalt Bremerv\u00f6rder Kanonenkugeln\u201c besch\u00e4ftigt sich der Historiker und Volont\u00e4r des Bachmann-Museums Andreas Schley M.A. mit diesen spannenden Objekten aus der Geschichte der Stadt. Er hofft [&hellip;]\" \/>\n<meta property=\"og:url\" content=\"https:\/\/www.bachmann-museum.de\/?p=2809\" \/>\n<meta property=\"og:site_name\" content=\"Bachmann-Museum Bremerv\u00f6rde\" \/>\n<meta property=\"article:published_time\" content=\"2020-04-16T09:55:58+00:00\" \/>\n<meta property=\"article:modified_time\" content=\"2020-04-16T10:37:31+00:00\" \/>\n<meta property=\"og:image\" content=\"https:\/\/www.bachmann-museum.de\/wp-content\/uploads\/2020\/04\/Foto-Aufruf-Kanonenkugeln-klein-1024x847.png\" \/>\n\t<meta property=\"og:image:width\" content=\"1024\" \/>\n\t<meta property=\"og:image:height\" content=\"847\" \/>\n\t<meta property=\"og:image:type\" content=\"image\/png\" \/>\n<meta name=\"author\" content=\"Bachmann-Admin_1\" \/>\n<meta name=\"twitter:card\" content=\"summary_large_image\" \/>\n<meta name=\"twitter:label1\" content=\"Verfasst von\" \/>\n\t<meta name=\"twitter:data1\" content=\"Bachmann-Admin_1\" \/>\n\t<meta name=\"twitter:label2\" content=\"Gesch\u00e4tzte Lesezeit\" \/>\n\t<meta name=\"twitter:data2\" content=\"3\u00a0Minuten\" \/>\n<script type=\"application\/ld+json\" class=\"yoast-schema-graph\">{\"@context\":\"https:\\\/\\\/schema.org\",\"@graph\":[{\"@type\":\"Article\",\"@id\":\"https:\\\/\\\/www.bachmann-museum.de\\\/?p=2809#article\",\"isPartOf\":{\"@id\":\"https:\\\/\\\/www.bachmann-museum.de\\\/?p=2809\"},\"author\":{\"name\":\"Bachmann-Admin_1\",\"@id\":\"https:\\\/\\\/www.bachmann-museum.de\\\/#\\\/schema\\\/person\\\/4e0a96d1ed2480e1c23c3d5afb424bee\"},\"headline\":\"Bachmann-Museum sucht Hinweise auf historische Kanonenkugeln aus Bremerv\u00f6rde\",\"datePublished\":\"2020-04-16T09:55:58+00:00\",\"dateModified\":\"2020-04-16T10:37:31+00:00\",\"mainEntityOfPage\":{\"@id\":\"https:\\\/\\\/www.bachmann-museum.de\\\/?p=2809\"},\"wordCount\":633,\"image\":{\"@id\":\"https:\\\/\\\/www.bachmann-museum.de\\\/?p=2809#primaryimage\"},\"thumbnailUrl\":\"https:\\\/\\\/i0.wp.com\\\/www.bachmann-museum.de\\\/wp-content\\\/uploads\\\/2020\\\/04\\\/Foto-Aufruf-Kanonenkugeln-klein.png?fit=3733%2C3088&ssl=1\",\"inLanguage\":\"de\"},{\"@type\":\"WebPage\",\"@id\":\"https:\\\/\\\/www.bachmann-museum.de\\\/?p=2809\",\"url\":\"https:\\\/\\\/www.bachmann-museum.de\\\/?p=2809\",\"name\":\"Bachmann-Museum sucht Hinweise auf historische Kanonenkugeln aus Bremerv\u00f6rde - Bachmann-Museum Bremerv\u00f6rde\",\"isPartOf\":{\"@id\":\"https:\\\/\\\/www.bachmann-museum.de\\\/#website\"},\"primaryImageOfPage\":{\"@id\":\"https:\\\/\\\/www.bachmann-museum.de\\\/?p=2809#primaryimage\"},\"image\":{\"@id\":\"https:\\\/\\\/www.bachmann-museum.de\\\/?p=2809#primaryimage\"},\"thumbnailUrl\":\"https:\\\/\\\/i0.wp.com\\\/www.bachmann-museum.de\\\/wp-content\\\/uploads\\\/2020\\\/04\\\/Foto-Aufruf-Kanonenkugeln-klein.png?fit=3733%2C3088&ssl=1\",\"datePublished\":\"2020-04-16T09:55:58+00:00\",\"dateModified\":\"2020-04-16T10:37:31+00:00\",\"author\":{\"@id\":\"https:\\\/\\\/www.bachmann-museum.de\\\/#\\\/schema\\\/person\\\/4e0a96d1ed2480e1c23c3d5afb424bee\"},\"breadcrumb\":{\"@id\":\"https:\\\/\\\/www.bachmann-museum.de\\\/?p=2809#breadcrumb\"},\"inLanguage\":\"de\",\"potentialAction\":[{\"@type\":\"ReadAction\",\"target\":[\"https:\\\/\\\/www.bachmann-museum.de\\\/?p=2809\"]}]},{\"@type\":\"ImageObject\",\"inLanguage\":\"de\",\"@id\":\"https:\\\/\\\/www.bachmann-museum.de\\\/?p=2809#primaryimage\",\"url\":\"https:\\\/\\\/i0.wp.com\\\/www.bachmann-museum.de\\\/wp-content\\\/uploads\\\/2020\\\/04\\\/Foto-Aufruf-Kanonenkugeln-klein.png?fit=3733%2C3088&ssl=1\",\"contentUrl\":\"https:\\\/\\\/i0.wp.com\\\/www.bachmann-museum.de\\\/wp-content\\\/uploads\\\/2020\\\/04\\\/Foto-Aufruf-Kanonenkugeln-klein.png?fit=3733%2C3088&ssl=1\",\"width\":3733,\"height\":3088},{\"@type\":\"BreadcrumbList\",\"@id\":\"https:\\\/\\\/www.bachmann-museum.de\\\/?p=2809#breadcrumb\",\"itemListElement\":[{\"@type\":\"ListItem\",\"position\":1,\"name\":\"Start\",\"item\":\"https:\\\/\\\/www.bachmann-museum.de\\\/\"},{\"@type\":\"ListItem\",\"position\":2,\"name\":\"Bachmann-Museum sucht Hinweise auf historische Kanonenkugeln aus Bremerv\u00f6rde\"}]},{\"@type\":\"WebSite\",\"@id\":\"https:\\\/\\\/www.bachmann-museum.de\\\/#website\",\"url\":\"https:\\\/\\\/www.bachmann-museum.de\\\/\",\"name\":\"Bachmann-Museum Bremerv\u00f6rde\",\"description\":\"\",\"potentialAction\":[{\"@type\":\"SearchAction\",\"target\":{\"@type\":\"EntryPoint\",\"urlTemplate\":\"https:\\\/\\\/www.bachmann-museum.de\\\/?s={search_term_string}\"},\"query-input\":{\"@type\":\"PropertyValueSpecification\",\"valueRequired\":true,\"valueName\":\"search_term_string\"}}],\"inLanguage\":\"de\"},{\"@type\":\"Person\",\"@id\":\"https:\\\/\\\/www.bachmann-museum.de\\\/#\\\/schema\\\/person\\\/4e0a96d1ed2480e1c23c3d5afb424bee\",\"name\":\"Bachmann-Admin_1\",\"image\":{\"@type\":\"ImageObject\",\"inLanguage\":\"de\",\"@id\":\"https:\\\/\\\/secure.gravatar.com\\\/avatar\\\/12b64d40c777adbd0761c887e33f30e0219d4565a9373e68911205fb911bd107?s=96&d=mm&r=g\",\"url\":\"https:\\\/\\\/secure.gravatar.com\\\/avatar\\\/12b64d40c777adbd0761c887e33f30e0219d4565a9373e68911205fb911bd107?s=96&d=mm&r=g\",\"contentUrl\":\"https:\\\/\\\/secure.gravatar.com\\\/avatar\\\/12b64d40c777adbd0761c887e33f30e0219d4565a9373e68911205fb911bd107?s=96&d=mm&r=g\",\"caption\":\"Bachmann-Admin_1\"},\"url\":\"https:\\\/\\\/www.bachmann-museum.de\\\/?author=1\"}]}<\/script>\n<!-- \/ Yoast SEO plugin. -->","yoast_head_json":{"title":"Bachmann-Museum sucht Hinweise auf historische Kanonenkugeln aus Bremerv\u00f6rde - Bachmann-Museum Bremerv\u00f6rde","robots":{"index":"index","follow":"follow","max-snippet":"max-snippet:-1","max-image-preview":"max-image-preview:large","max-video-preview":"max-video-preview:-1"},"canonical":"https:\/\/www.bachmann-museum.de\/?p=2809","og_locale":"de_DE","og_type":"article","og_title":"Bachmann-Museum sucht Hinweise auf historische Kanonenkugeln aus Bremerv\u00f6rde - Bachmann-Museum Bremerv\u00f6rde","og_description":"Wissenschaftler Andreas Schley M.A. erforscht Kanonenkugeln als Teil der Stadtgeschichte. Mehr als 100 Kanonenkugeln aus Bremerv\u00f6rde befinden sich heute in der arch\u00e4ologischen Sammlung des Bachmann-Museums. In dem Projekt \u201eErforschung und Erhalt Bremerv\u00f6rder Kanonenkugeln\u201c besch\u00e4ftigt sich der Historiker und Volont\u00e4r des Bachmann-Museums Andreas Schley M.A. mit diesen spannenden Objekten aus der Geschichte der Stadt. Er hofft [&hellip;]","og_url":"https:\/\/www.bachmann-museum.de\/?p=2809","og_site_name":"Bachmann-Museum Bremerv\u00f6rde","article_published_time":"2020-04-16T09:55:58+00:00","article_modified_time":"2020-04-16T10:37:31+00:00","og_image":[{"width":1024,"height":847,"url":"https:\/\/www.bachmann-museum.de\/wp-content\/uploads\/2020\/04\/Foto-Aufruf-Kanonenkugeln-klein-1024x847.png","type":"image\/png"}],"author":"Bachmann-Admin_1","twitter_card":"summary_large_image","twitter_misc":{"Verfasst von":"Bachmann-Admin_1","Gesch\u00e4tzte Lesezeit":"3\u00a0Minuten"},"schema":{"@context":"https:\/\/schema.org","@graph":[{"@type":"Article","@id":"https:\/\/www.bachmann-museum.de\/?p=2809#article","isPartOf":{"@id":"https:\/\/www.bachmann-museum.de\/?p=2809"},"author":{"name":"Bachmann-Admin_1","@id":"https:\/\/www.bachmann-museum.de\/#\/schema\/person\/4e0a96d1ed2480e1c23c3d5afb424bee"},"headline":"Bachmann-Museum sucht Hinweise auf historische Kanonenkugeln aus Bremerv\u00f6rde","datePublished":"2020-04-16T09:55:58+00:00","dateModified":"2020-04-16T10:37:31+00:00","mainEntityOfPage":{"@id":"https:\/\/www.bachmann-museum.de\/?p=2809"},"wordCount":633,"image":{"@id":"https:\/\/www.bachmann-museum.de\/?p=2809#primaryimage"},"thumbnailUrl":"https:\/\/i0.wp.com\/www.bachmann-museum.de\/wp-content\/uploads\/2020\/04\/Foto-Aufruf-Kanonenkugeln-klein.png?fit=3733%2C3088&ssl=1","inLanguage":"de"},{"@type":"WebPage","@id":"https:\/\/www.bachmann-museum.de\/?p=2809","url":"https:\/\/www.bachmann-museum.de\/?p=2809","name":"Bachmann-Museum sucht Hinweise auf historische Kanonenkugeln aus Bremerv\u00f6rde - Bachmann-Museum Bremerv\u00f6rde","isPartOf":{"@id":"https:\/\/www.bachmann-museum.de\/#website"},"primaryImageOfPage":{"@id":"https:\/\/www.bachmann-museum.de\/?p=2809#primaryimage"},"image":{"@id":"https:\/\/www.bachmann-museum.de\/?p=2809#primaryimage"},"thumbnailUrl":"https:\/\/i0.wp.com\/www.bachmann-museum.de\/wp-content\/uploads\/2020\/04\/Foto-Aufruf-Kanonenkugeln-klein.png?fit=3733%2C3088&ssl=1","datePublished":"2020-04-16T09:55:58+00:00","dateModified":"2020-04-16T10:37:31+00:00","author":{"@id":"https:\/\/www.bachmann-museum.de\/#\/schema\/person\/4e0a96d1ed2480e1c23c3d5afb424bee"},"breadcrumb":{"@id":"https:\/\/www.bachmann-museum.de\/?p=2809#breadcrumb"},"inLanguage":"de","potentialAction":[{"@type":"ReadAction","target":["https:\/\/www.bachmann-museum.de\/?p=2809"]}]},{"@type":"ImageObject","inLanguage":"de","@id":"https:\/\/www.bachmann-museum.de\/?p=2809#primaryimage","url":"https:\/\/i0.wp.com\/www.bachmann-museum.de\/wp-content\/uploads\/2020\/04\/Foto-Aufruf-Kanonenkugeln-klein.png?fit=3733%2C3088&ssl=1","contentUrl":"https:\/\/i0.wp.com\/www.bachmann-museum.de\/wp-content\/uploads\/2020\/04\/Foto-Aufruf-Kanonenkugeln-klein.png?fit=3733%2C3088&ssl=1","width":3733,"height":3088},{"@type":"BreadcrumbList","@id":"https:\/\/www.bachmann-museum.de\/?p=2809#breadcrumb","itemListElement":[{"@type":"ListItem","position":1,"name":"Start","item":"https:\/\/www.bachmann-museum.de\/"},{"@type":"ListItem","position":2,"name":"Bachmann-Museum sucht Hinweise auf historische Kanonenkugeln aus Bremerv\u00f6rde"}]},{"@type":"WebSite","@id":"https:\/\/www.bachmann-museum.de\/#website","url":"https:\/\/www.bachmann-museum.de\/","name":"Bachmann-Museum Bremerv\u00f6rde","description":"","potentialAction":[{"@type":"SearchAction","target":{"@type":"EntryPoint","urlTemplate":"https:\/\/www.bachmann-museum.de\/?s={search_term_string}"},"query-input":{"@type":"PropertyValueSpecification","valueRequired":true,"valueName":"search_term_string"}}],"inLanguage":"de"},{"@type":"Person","@id":"https:\/\/www.bachmann-museum.de\/#\/schema\/person\/4e0a96d1ed2480e1c23c3d5afb424bee","name":"Bachmann-Admin_1","image":{"@type":"ImageObject","inLanguage":"de","@id":"https:\/\/secure.gravatar.com\/avatar\/12b64d40c777adbd0761c887e33f30e0219d4565a9373e68911205fb911bd107?s=96&d=mm&r=g","url":"https:\/\/secure.gravatar.com\/avatar\/12b64d40c777adbd0761c887e33f30e0219d4565a9373e68911205fb911bd107?s=96&d=mm&r=g","contentUrl":"https:\/\/secure.gravatar.com\/avatar\/12b64d40c777adbd0761c887e33f30e0219d4565a9373e68911205fb911bd107?s=96&d=mm&r=g","caption":"Bachmann-Admin_1"},"url":"https:\/\/www.bachmann-museum.de\/?author=1"}]}},"jetpack_featured_media_url":"https:\/\/i0.wp.com\/www.bachmann-museum.de\/wp-content\/uploads\/2020\/04\/Foto-Aufruf-Kanonenkugeln-klein.png?fit=3733%2C3088&ssl=1","jetpack_sharing_enabled":true,"jetpack_shortlink":"https:\/\/wp.me\/p5DgYi-Jj","jetpack-related-posts":[],"_links":{"self":[{"href":"https:\/\/www.bachmann-museum.de\/index.php?rest_route=\/wp\/v2\/posts\/2809","targetHints":{"allow":["GET"]}}],"collection":[{"href":"https:\/\/www.bachmann-museum.de\/index.php?rest_route=\/wp\/v2\/posts"}],"about":[{"href":"https:\/\/www.bachmann-museum.de\/index.php?rest_route=\/wp\/v2\/types\/post"}],"author":[{"embeddable":true,"href":"https:\/\/www.bachmann-museum.de\/index.php?rest_route=\/wp\/v2\/users\/1"}],"replies":[{"embeddable":true,"href":"https:\/\/www.bachmann-museum.de\/index.php?rest_route=%2Fwp%2Fv2%2Fcomments&post=2809"}],"version-history":[{"count":13,"href":"https:\/\/www.bachmann-museum.de\/index.php?rest_route=\/wp\/v2\/posts\/2809\/revisions"}],"predecessor-version":[{"id":2828,"href":"https:\/\/www.bachmann-museum.de\/index.php?rest_route=\/wp\/v2\/posts\/2809\/revisions\/2828"}],"wp:featuredmedia":[{"embeddable":true,"href":"https:\/\/www.bachmann-museum.de\/index.php?rest_route=\/wp\/v2\/media\/2826"}],"wp:attachment":[{"href":"https:\/\/www.bachmann-museum.de\/index.php?rest_route=%2Fwp%2Fv2%2Fmedia&parent=2809"}],"wp:term":[{"taxonomy":"category","embeddable":true,"href":"https:\/\/www.bachmann-museum.de\/index.php?rest_route=%2Fwp%2Fv2%2Fcategories&post=2809"},{"taxonomy":"post_tag","embeddable":true,"href":"https:\/\/www.bachmann-museum.de\/index.php?rest_route=%2Fwp%2Fv2%2Ftags&post=2809"}],"curies":[{"name":"wp","href":"https:\/\/api.w.org\/{rel}","templated":true}]}}