{"id":276,"date":"2015-01-22T16:52:21","date_gmt":"2015-01-22T14:52:21","guid":{"rendered":"http:\/\/www.bachmann-museum.de\/?p=276"},"modified":"2015-01-23T10:29:11","modified_gmt":"2015-01-23T08:29:11","slug":"gesichtsurne","status":"publish","type":"post","link":"https:\/\/www.bachmann-museum.de\/?p=276","title":{"rendered":"Gesichtsurne"},"content":{"rendered":"<p style=\"text-align: justify;\"><a href=\"https:\/\/i0.wp.com\/www.bachmann-museum.de\/wp-content\/uploads\/2015\/01\/Gesichtsurne_03.jpg?ssl=1\"><img data-recalc-dims=\"1\" loading=\"lazy\" decoding=\"async\" data-attachment-id=\"293\" data-permalink=\"https:\/\/www.bachmann-museum.de\/?attachment_id=293\" data-orig-file=\"https:\/\/i0.wp.com\/www.bachmann-museum.de\/wp-content\/uploads\/2015\/01\/Gesichtsurne_03.jpg?fit=861%2C768&amp;ssl=1\" data-orig-size=\"861,768\" data-comments-opened=\"0\" data-image-meta=\"{&quot;aperture&quot;:&quot;5.6&quot;,&quot;credit&quot;:&quot;&quot;,&quot;camera&quot;:&quot;NIKON D600&quot;,&quot;caption&quot;:&quot;&quot;,&quot;created_timestamp&quot;:&quot;1396025758&quot;,&quot;copyright&quot;:&quot;&quot;,&quot;focal_length&quot;:&quot;85&quot;,&quot;iso&quot;:&quot;1000&quot;,&quot;shutter_speed&quot;:&quot;0.004&quot;,&quot;title&quot;:&quot;&quot;,&quot;orientation&quot;:&quot;1&quot;}\" data-image-title=\"Gesichtsurne_03\" data-image-description=\"\" data-image-caption=\"\" data-large-file=\"https:\/\/i0.wp.com\/www.bachmann-museum.de\/wp-content\/uploads\/2015\/01\/Gesichtsurne_03.jpg?fit=750%2C669&amp;ssl=1\" class=\"alignleft wp-image-293\" src=\"https:\/\/i0.wp.com\/www.bachmann-museum.de\/wp-content\/uploads\/2015\/01\/Gesichtsurne_03.jpg?resize=400%2C357&#038;ssl=1\" alt=\"Gesichtsurne_03\" width=\"400\" height=\"357\" srcset=\"https:\/\/i0.wp.com\/www.bachmann-museum.de\/wp-content\/uploads\/2015\/01\/Gesichtsurne_03.jpg?resize=300%2C268&amp;ssl=1 300w, https:\/\/i0.wp.com\/www.bachmann-museum.de\/wp-content\/uploads\/2015\/01\/Gesichtsurne_03.jpg?w=861&amp;ssl=1 861w\" sizes=\"auto, (max-width: 400px) 100vw, 400px\" \/><\/a>Als Gesichtsurnen werden Gef\u00e4\u00dfe bezeichnet auf denen Partien eines menschlichen Gesichts angedeutet sind. Der Gef\u00e4\u00dfhenkel steht f\u00fcr die Nase, die \u00fcber dem Henkel in Punkten endenden Linien k\u00f6nnen als Augen angesehen werden und die drei Rillen unter dem Henkel markieren den Mund. Ob das angedeutete Gesicht im Zusammenhang mit dem Menschen stand, der im Gef\u00e4\u00df bestattet wurde, l\u00e4sst sich heute nicht mehr feststellen. Auff\u00e4llig ist, dass diese Gef\u00e4\u00dfe bislang nur in der Verwendung als Urnen gefunden worden sind.<br \/>\nBruchst\u00fccke von Keramikgef\u00e4\u00dfen wie diesem sind oft die fr\u00fchesten Hinweisst\u00fccke an denen Arch\u00e4ologen eine Fundstelle erkennen k\u00f6nnen.<\/p>\n<p>Autor: Meike Mittmann<br \/>\nQuelle: Hofmann 2008<\/p>\n<h6>Fundort: Basdahl, Klusterkamp<br \/>\nDatierung: fr\u00fche Eisenzeit um 500 v. Chr.<br \/>\nMaterial: Keramik<br \/>\nGr\u00f6\u00dfe: H 26; Dm 14 &#8211; 22,5 cm<\/h6>\n","protected":false},"excerpt":{"rendered":"<p>Als Gesichtsurnen werden Gef\u00e4\u00dfe bezeichnet auf denen Partien eines menschlichen Gesichts angedeutet sind. Der Gef\u00e4\u00dfhenkel steht f\u00fcr die Nase, die \u00fcber dem Henkel in Punkten endenden Linien k\u00f6nnen als Augen angesehen werden und die drei Rillen unter dem Henkel markieren den Mund. Ob das angedeutete Gesicht im Zusammenhang mit dem Menschen stand, der im Gef\u00e4\u00df [&hellip;]<\/p>\n","protected":false},"author":1,"featured_media":277,"comment_status":"closed","ping_status":"open","sticky":false,"template":"","format":"standard","meta":{"_jetpack_newsletter_access":"","_jetpack_dont_email_post_to_subs":false,"_jetpack_newsletter_tier_id":0,"_jetpack_memberships_contains_paywalled_content":false,"_jetpack_memberships_contains_paid_content":false,"footnotes":""},"categories":[4],"tags":[],"class_list":["post-276","post","type-post","status-publish","format-standard","has-post-thumbnail","hentry","category-blick-in-die-sammlungen"],"yoast_head":"<!-- This site is optimized with the Yoast SEO plugin v27.4 - https:\/\/yoast.com\/product\/yoast-seo-wordpress\/ -->\n<title>Gesichtsurne - Bachmann-Museum Bremerv\u00f6rde<\/title>\n<meta name=\"robots\" content=\"index, follow, max-snippet:-1, max-image-preview:large, max-video-preview:-1\" \/>\n<link rel=\"canonical\" href=\"https:\/\/www.bachmann-museum.de\/?p=276\" \/>\n<meta property=\"og:locale\" content=\"de_DE\" \/>\n<meta property=\"og:type\" content=\"article\" \/>\n<meta property=\"og:title\" content=\"Gesichtsurne - Bachmann-Museum Bremerv\u00f6rde\" \/>\n<meta property=\"og:description\" content=\"Als Gesichtsurnen werden Gef\u00e4\u00dfe bezeichnet auf denen Partien eines menschlichen Gesichts angedeutet sind. Der Gef\u00e4\u00dfhenkel steht f\u00fcr die Nase, die \u00fcber dem Henkel in Punkten endenden Linien k\u00f6nnen als Augen angesehen werden und die drei Rillen unter dem Henkel markieren den Mund. Ob das angedeutete Gesicht im Zusammenhang mit dem Menschen stand, der im Gef\u00e4\u00df [&hellip;]\" \/>\n<meta property=\"og:url\" content=\"https:\/\/www.bachmann-museum.de\/?p=276\" \/>\n<meta property=\"og:site_name\" content=\"Bachmann-Museum Bremerv\u00f6rde\" \/>\n<meta property=\"article:published_time\" content=\"2015-01-22T14:52:21+00:00\" \/>\n<meta property=\"article:modified_time\" content=\"2015-01-23T08:29:11+00:00\" \/>\n<meta property=\"og:image\" content=\"https:\/\/i0.wp.com\/www.bachmann-museum.de\/wp-content\/uploads\/2015\/01\/Gesichtsurne.jpg?fit=1772%2C1181&ssl=1\" \/>\n\t<meta property=\"og:image:width\" content=\"1772\" \/>\n\t<meta property=\"og:image:height\" content=\"1181\" \/>\n\t<meta property=\"og:image:type\" content=\"image\/jpeg\" \/>\n<meta name=\"author\" content=\"Bachmann-Admin_1\" \/>\n<meta name=\"twitter:card\" content=\"summary_large_image\" \/>\n<meta name=\"twitter:label1\" content=\"Verfasst von\" \/>\n\t<meta name=\"twitter:data1\" content=\"Bachmann-Admin_1\" \/>\n\t<meta name=\"twitter:label2\" content=\"Gesch\u00e4tzte Lesezeit\" \/>\n\t<meta name=\"twitter:data2\" content=\"1\u00a0Minute\" \/>\n<script type=\"application\/ld+json\" class=\"yoast-schema-graph\">{\"@context\":\"https:\\\/\\\/schema.org\",\"@graph\":[{\"@type\":\"Article\",\"@id\":\"https:\\\/\\\/www.bachmann-museum.de\\\/?p=276#article\",\"isPartOf\":{\"@id\":\"https:\\\/\\\/www.bachmann-museum.de\\\/?p=276\"},\"author\":{\"name\":\"Bachmann-Admin_1\",\"@id\":\"https:\\\/\\\/www.bachmann-museum.de\\\/#\\\/schema\\\/person\\\/4e0a96d1ed2480e1c23c3d5afb424bee\"},\"headline\":\"Gesichtsurne\",\"datePublished\":\"2015-01-22T14:52:21+00:00\",\"dateModified\":\"2015-01-23T08:29:11+00:00\",\"mainEntityOfPage\":{\"@id\":\"https:\\\/\\\/www.bachmann-museum.de\\\/?p=276\"},\"wordCount\":132,\"image\":{\"@id\":\"https:\\\/\\\/www.bachmann-museum.de\\\/?p=276#primaryimage\"},\"thumbnailUrl\":\"https:\\\/\\\/i0.wp.com\\\/www.bachmann-museum.de\\\/wp-content\\\/uploads\\\/2015\\\/01\\\/Gesichtsurne.jpg?fit=1772%2C1181&ssl=1\",\"articleSection\":[\"Blick in die Sammlungen\"],\"inLanguage\":\"de\"},{\"@type\":\"WebPage\",\"@id\":\"https:\\\/\\\/www.bachmann-museum.de\\\/?p=276\",\"url\":\"https:\\\/\\\/www.bachmann-museum.de\\\/?p=276\",\"name\":\"Gesichtsurne - Bachmann-Museum Bremerv\u00f6rde\",\"isPartOf\":{\"@id\":\"https:\\\/\\\/www.bachmann-museum.de\\\/#website\"},\"primaryImageOfPage\":{\"@id\":\"https:\\\/\\\/www.bachmann-museum.de\\\/?p=276#primaryimage\"},\"image\":{\"@id\":\"https:\\\/\\\/www.bachmann-museum.de\\\/?p=276#primaryimage\"},\"thumbnailUrl\":\"https:\\\/\\\/i0.wp.com\\\/www.bachmann-museum.de\\\/wp-content\\\/uploads\\\/2015\\\/01\\\/Gesichtsurne.jpg?fit=1772%2C1181&ssl=1\",\"datePublished\":\"2015-01-22T14:52:21+00:00\",\"dateModified\":\"2015-01-23T08:29:11+00:00\",\"author\":{\"@id\":\"https:\\\/\\\/www.bachmann-museum.de\\\/#\\\/schema\\\/person\\\/4e0a96d1ed2480e1c23c3d5afb424bee\"},\"breadcrumb\":{\"@id\":\"https:\\\/\\\/www.bachmann-museum.de\\\/?p=276#breadcrumb\"},\"inLanguage\":\"de\",\"potentialAction\":[{\"@type\":\"ReadAction\",\"target\":[\"https:\\\/\\\/www.bachmann-museum.de\\\/?p=276\"]}]},{\"@type\":\"ImageObject\",\"inLanguage\":\"de\",\"@id\":\"https:\\\/\\\/www.bachmann-museum.de\\\/?p=276#primaryimage\",\"url\":\"https:\\\/\\\/i0.wp.com\\\/www.bachmann-museum.de\\\/wp-content\\\/uploads\\\/2015\\\/01\\\/Gesichtsurne.jpg?fit=1772%2C1181&ssl=1\",\"contentUrl\":\"https:\\\/\\\/i0.wp.com\\\/www.bachmann-museum.de\\\/wp-content\\\/uploads\\\/2015\\\/01\\\/Gesichtsurne.jpg?fit=1772%2C1181&ssl=1\",\"width\":1772,\"height\":1181},{\"@type\":\"BreadcrumbList\",\"@id\":\"https:\\\/\\\/www.bachmann-museum.de\\\/?p=276#breadcrumb\",\"itemListElement\":[{\"@type\":\"ListItem\",\"position\":1,\"name\":\"Start\",\"item\":\"https:\\\/\\\/www.bachmann-museum.de\\\/\"},{\"@type\":\"ListItem\",\"position\":2,\"name\":\"Gesichtsurne\"}]},{\"@type\":\"WebSite\",\"@id\":\"https:\\\/\\\/www.bachmann-museum.de\\\/#website\",\"url\":\"https:\\\/\\\/www.bachmann-museum.de\\\/\",\"name\":\"Bachmann-Museum Bremerv\u00f6rde\",\"description\":\"\",\"potentialAction\":[{\"@type\":\"SearchAction\",\"target\":{\"@type\":\"EntryPoint\",\"urlTemplate\":\"https:\\\/\\\/www.bachmann-museum.de\\\/?s={search_term_string}\"},\"query-input\":{\"@type\":\"PropertyValueSpecification\",\"valueRequired\":true,\"valueName\":\"search_term_string\"}}],\"inLanguage\":\"de\"},{\"@type\":\"Person\",\"@id\":\"https:\\\/\\\/www.bachmann-museum.de\\\/#\\\/schema\\\/person\\\/4e0a96d1ed2480e1c23c3d5afb424bee\",\"name\":\"Bachmann-Admin_1\",\"image\":{\"@type\":\"ImageObject\",\"inLanguage\":\"de\",\"@id\":\"https:\\\/\\\/secure.gravatar.com\\\/avatar\\\/12b64d40c777adbd0761c887e33f30e0219d4565a9373e68911205fb911bd107?s=96&d=mm&r=g\",\"url\":\"https:\\\/\\\/secure.gravatar.com\\\/avatar\\\/12b64d40c777adbd0761c887e33f30e0219d4565a9373e68911205fb911bd107?s=96&d=mm&r=g\",\"contentUrl\":\"https:\\\/\\\/secure.gravatar.com\\\/avatar\\\/12b64d40c777adbd0761c887e33f30e0219d4565a9373e68911205fb911bd107?s=96&d=mm&r=g\",\"caption\":\"Bachmann-Admin_1\"},\"url\":\"https:\\\/\\\/www.bachmann-museum.de\\\/?author=1\"}]}<\/script>\n<!-- \/ Yoast SEO plugin. -->","yoast_head_json":{"title":"Gesichtsurne - Bachmann-Museum Bremerv\u00f6rde","robots":{"index":"index","follow":"follow","max-snippet":"max-snippet:-1","max-image-preview":"max-image-preview:large","max-video-preview":"max-video-preview:-1"},"canonical":"https:\/\/www.bachmann-museum.de\/?p=276","og_locale":"de_DE","og_type":"article","og_title":"Gesichtsurne - Bachmann-Museum Bremerv\u00f6rde","og_description":"Als Gesichtsurnen werden Gef\u00e4\u00dfe bezeichnet auf denen Partien eines menschlichen Gesichts angedeutet sind. Der Gef\u00e4\u00dfhenkel steht f\u00fcr die Nase, die \u00fcber dem Henkel in Punkten endenden Linien k\u00f6nnen als Augen angesehen werden und die drei Rillen unter dem Henkel markieren den Mund. Ob das angedeutete Gesicht im Zusammenhang mit dem Menschen stand, der im Gef\u00e4\u00df [&hellip;]","og_url":"https:\/\/www.bachmann-museum.de\/?p=276","og_site_name":"Bachmann-Museum Bremerv\u00f6rde","article_published_time":"2015-01-22T14:52:21+00:00","article_modified_time":"2015-01-23T08:29:11+00:00","og_image":[{"width":1772,"height":1181,"url":"https:\/\/i0.wp.com\/www.bachmann-museum.de\/wp-content\/uploads\/2015\/01\/Gesichtsurne.jpg?fit=1772%2C1181&ssl=1","type":"image\/jpeg"}],"author":"Bachmann-Admin_1","twitter_card":"summary_large_image","twitter_misc":{"Verfasst von":"Bachmann-Admin_1","Gesch\u00e4tzte Lesezeit":"1\u00a0Minute"},"schema":{"@context":"https:\/\/schema.org","@graph":[{"@type":"Article","@id":"https:\/\/www.bachmann-museum.de\/?p=276#article","isPartOf":{"@id":"https:\/\/www.bachmann-museum.de\/?p=276"},"author":{"name":"Bachmann-Admin_1","@id":"https:\/\/www.bachmann-museum.de\/#\/schema\/person\/4e0a96d1ed2480e1c23c3d5afb424bee"},"headline":"Gesichtsurne","datePublished":"2015-01-22T14:52:21+00:00","dateModified":"2015-01-23T08:29:11+00:00","mainEntityOfPage":{"@id":"https:\/\/www.bachmann-museum.de\/?p=276"},"wordCount":132,"image":{"@id":"https:\/\/www.bachmann-museum.de\/?p=276#primaryimage"},"thumbnailUrl":"https:\/\/i0.wp.com\/www.bachmann-museum.de\/wp-content\/uploads\/2015\/01\/Gesichtsurne.jpg?fit=1772%2C1181&ssl=1","articleSection":["Blick in die Sammlungen"],"inLanguage":"de"},{"@type":"WebPage","@id":"https:\/\/www.bachmann-museum.de\/?p=276","url":"https:\/\/www.bachmann-museum.de\/?p=276","name":"Gesichtsurne - Bachmann-Museum Bremerv\u00f6rde","isPartOf":{"@id":"https:\/\/www.bachmann-museum.de\/#website"},"primaryImageOfPage":{"@id":"https:\/\/www.bachmann-museum.de\/?p=276#primaryimage"},"image":{"@id":"https:\/\/www.bachmann-museum.de\/?p=276#primaryimage"},"thumbnailUrl":"https:\/\/i0.wp.com\/www.bachmann-museum.de\/wp-content\/uploads\/2015\/01\/Gesichtsurne.jpg?fit=1772%2C1181&ssl=1","datePublished":"2015-01-22T14:52:21+00:00","dateModified":"2015-01-23T08:29:11+00:00","author":{"@id":"https:\/\/www.bachmann-museum.de\/#\/schema\/person\/4e0a96d1ed2480e1c23c3d5afb424bee"},"breadcrumb":{"@id":"https:\/\/www.bachmann-museum.de\/?p=276#breadcrumb"},"inLanguage":"de","potentialAction":[{"@type":"ReadAction","target":["https:\/\/www.bachmann-museum.de\/?p=276"]}]},{"@type":"ImageObject","inLanguage":"de","@id":"https:\/\/www.bachmann-museum.de\/?p=276#primaryimage","url":"https:\/\/i0.wp.com\/www.bachmann-museum.de\/wp-content\/uploads\/2015\/01\/Gesichtsurne.jpg?fit=1772%2C1181&ssl=1","contentUrl":"https:\/\/i0.wp.com\/www.bachmann-museum.de\/wp-content\/uploads\/2015\/01\/Gesichtsurne.jpg?fit=1772%2C1181&ssl=1","width":1772,"height":1181},{"@type":"BreadcrumbList","@id":"https:\/\/www.bachmann-museum.de\/?p=276#breadcrumb","itemListElement":[{"@type":"ListItem","position":1,"name":"Start","item":"https:\/\/www.bachmann-museum.de\/"},{"@type":"ListItem","position":2,"name":"Gesichtsurne"}]},{"@type":"WebSite","@id":"https:\/\/www.bachmann-museum.de\/#website","url":"https:\/\/www.bachmann-museum.de\/","name":"Bachmann-Museum Bremerv\u00f6rde","description":"","potentialAction":[{"@type":"SearchAction","target":{"@type":"EntryPoint","urlTemplate":"https:\/\/www.bachmann-museum.de\/?s={search_term_string}"},"query-input":{"@type":"PropertyValueSpecification","valueRequired":true,"valueName":"search_term_string"}}],"inLanguage":"de"},{"@type":"Person","@id":"https:\/\/www.bachmann-museum.de\/#\/schema\/person\/4e0a96d1ed2480e1c23c3d5afb424bee","name":"Bachmann-Admin_1","image":{"@type":"ImageObject","inLanguage":"de","@id":"https:\/\/secure.gravatar.com\/avatar\/12b64d40c777adbd0761c887e33f30e0219d4565a9373e68911205fb911bd107?s=96&d=mm&r=g","url":"https:\/\/secure.gravatar.com\/avatar\/12b64d40c777adbd0761c887e33f30e0219d4565a9373e68911205fb911bd107?s=96&d=mm&r=g","contentUrl":"https:\/\/secure.gravatar.com\/avatar\/12b64d40c777adbd0761c887e33f30e0219d4565a9373e68911205fb911bd107?s=96&d=mm&r=g","caption":"Bachmann-Admin_1"},"url":"https:\/\/www.bachmann-museum.de\/?author=1"}]}},"jetpack_featured_media_url":"https:\/\/i0.wp.com\/www.bachmann-museum.de\/wp-content\/uploads\/2015\/01\/Gesichtsurne.jpg?fit=1772%2C1181&ssl=1","jetpack_sharing_enabled":true,"jetpack_shortlink":"https:\/\/wp.me\/p5DgYi-4s","jetpack-related-posts":[],"_links":{"self":[{"href":"https:\/\/www.bachmann-museum.de\/index.php?rest_route=\/wp\/v2\/posts\/276","targetHints":{"allow":["GET"]}}],"collection":[{"href":"https:\/\/www.bachmann-museum.de\/index.php?rest_route=\/wp\/v2\/posts"}],"about":[{"href":"https:\/\/www.bachmann-museum.de\/index.php?rest_route=\/wp\/v2\/types\/post"}],"author":[{"embeddable":true,"href":"https:\/\/www.bachmann-museum.de\/index.php?rest_route=\/wp\/v2\/users\/1"}],"replies":[{"embeddable":true,"href":"https:\/\/www.bachmann-museum.de\/index.php?rest_route=%2Fwp%2Fv2%2Fcomments&post=276"}],"version-history":[{"count":4,"href":"https:\/\/www.bachmann-museum.de\/index.php?rest_route=\/wp\/v2\/posts\/276\/revisions"}],"predecessor-version":[{"id":311,"href":"https:\/\/www.bachmann-museum.de\/index.php?rest_route=\/wp\/v2\/posts\/276\/revisions\/311"}],"wp:featuredmedia":[{"embeddable":true,"href":"https:\/\/www.bachmann-museum.de\/index.php?rest_route=\/wp\/v2\/media\/277"}],"wp:attachment":[{"href":"https:\/\/www.bachmann-museum.de\/index.php?rest_route=%2Fwp%2Fv2%2Fmedia&parent=276"}],"wp:term":[{"taxonomy":"category","embeddable":true,"href":"https:\/\/www.bachmann-museum.de\/index.php?rest_route=%2Fwp%2Fv2%2Fcategories&post=276"},{"taxonomy":"post_tag","embeddable":true,"href":"https:\/\/www.bachmann-museum.de\/index.php?rest_route=%2Fwp%2Fv2%2Ftags&post=276"}],"curies":[{"name":"wp","href":"https:\/\/api.w.org\/{rel}","templated":true}]}}