{"id":273,"date":"2015-01-22T16:49:55","date_gmt":"2015-01-22T14:49:55","guid":{"rendered":"http:\/\/www.bachmann-museum.de\/?p=273"},"modified":"2015-01-26T17:45:44","modified_gmt":"2015-01-26T15:45:44","slug":"faustkeil","status":"publish","type":"post","link":"https:\/\/www.bachmann-museum.de\/?p=273","title":{"rendered":"Faustkeil"},"content":{"rendered":"<p><strong><a href=\"https:\/\/i0.wp.com\/www.bachmann-museum.de\/wp-content\/uploads\/2015\/01\/Faustkeil_02.jpg?ssl=1\"><img data-recalc-dims=\"1\" loading=\"lazy\" decoding=\"async\" data-attachment-id=\"306\" data-permalink=\"https:\/\/www.bachmann-museum.de\/?attachment_id=306\" data-orig-file=\"https:\/\/i0.wp.com\/www.bachmann-museum.de\/wp-content\/uploads\/2015\/01\/Faustkeil_02.jpg?fit=768%2C820&amp;ssl=1\" data-orig-size=\"768,820\" data-comments-opened=\"0\" data-image-meta=\"{&quot;aperture&quot;:&quot;8&quot;,&quot;credit&quot;:&quot;&quot;,&quot;camera&quot;:&quot;NIKON D600&quot;,&quot;caption&quot;:&quot;&quot;,&quot;created_timestamp&quot;:&quot;1395910957&quot;,&quot;copyright&quot;:&quot;&quot;,&quot;focal_length&quot;:&quot;85&quot;,&quot;iso&quot;:&quot;1250&quot;,&quot;shutter_speed&quot;:&quot;0.008&quot;,&quot;title&quot;:&quot;&quot;,&quot;orientation&quot;:&quot;1&quot;}\" data-image-title=\"Faustkeil_02\" data-image-description=\"\" data-image-caption=\"\" data-large-file=\"https:\/\/i0.wp.com\/www.bachmann-museum.de\/wp-content\/uploads\/2015\/01\/Faustkeil_02.jpg?fit=750%2C801&amp;ssl=1\" class=\"alignleft wp-image-306\" src=\"https:\/\/i0.wp.com\/www.bachmann-museum.de\/wp-content\/uploads\/2015\/01\/Faustkeil_02.jpg?resize=400%2C427&#038;ssl=1\" alt=\"Faustkeil_02\" width=\"400\" height=\"427\" srcset=\"https:\/\/i0.wp.com\/www.bachmann-museum.de\/wp-content\/uploads\/2015\/01\/Faustkeil_02.jpg?w=768&amp;ssl=1 768w, https:\/\/i0.wp.com\/www.bachmann-museum.de\/wp-content\/uploads\/2015\/01\/Faustkeil_02.jpg?resize=281%2C300&amp;ssl=1 281w\" sizes=\"auto, (max-width: 400px) 100vw, 400px\" \/><\/a>Der Faustkeil von Schee\u00dfel<\/strong><\/p>\n<p style=\"text-align: justify;\">Der Faustkeil ist ein zweiseitig bearbeitetes, spitz zulaufendes Steinwerkzeug mit gerundeter Basis, das multifunktional zum Schneiden, Schaben, Hacken oder Bohren verwendet werden konnte. Das in einer ausgereiften Schlagtechnik systematisch hergestellte Ger\u00e4t wurde aus plattenf\u00f6rmigem, selten vorkommenden Gestein hergestellt.<br \/>\nW\u00e4hrend der Eiszeit kann das St\u00fcck mit Brocken gefrorenen Erdreichs aus dem Nordosten der Region an seinen Fundort in Schee\u00dfel geschoben worden sein. Der Fund ist das fr\u00fcheste Belegst\u00fcck f\u00fcr die Anwesenheit von Fr\u00fchmenschen in der Gegend des heutigen Nordwestdeutschlands. Der Faustkeil wurde vor 60 Jahren von einem Heimatforscher zuf\u00e4llig in einer Fuhre Lehm entdeckt.<\/p>\n<p>Autor: Meike Mittmann<br \/>\nQuelle: Dehnke 1970; Thieme 1997<\/p>\n<h6>Fundort: Schee\u00dfel<br \/>\nDatierung: Altsteinzeit, 600.000 bis 400.000 Jahre vor heute<br \/>\nMaterial: Geschiebe (Vulkanit)<br \/>\nGr\u00f6\u00dfe: L 17 x B 9,5 x H 6 cm<\/h6>\n","protected":false},"excerpt":{"rendered":"<p>Der Faustkeil von Schee\u00dfel Der Faustkeil ist ein zweiseitig bearbeitetes, spitz zulaufendes Steinwerkzeug mit gerundeter Basis, das multifunktional zum Schneiden, Schaben, Hacken oder Bohren verwendet werden konnte. Das in einer ausgereiften Schlagtechnik systematisch hergestellte Ger\u00e4t wurde aus plattenf\u00f6rmigem, selten vorkommenden Gestein hergestellt. W\u00e4hrend der Eiszeit kann das St\u00fcck mit Brocken gefrorenen Erdreichs aus dem Nordosten [&hellip;]<\/p>\n","protected":false},"author":1,"featured_media":368,"comment_status":"closed","ping_status":"open","sticky":false,"template":"","format":"standard","meta":{"_jetpack_newsletter_access":"","_jetpack_dont_email_post_to_subs":false,"_jetpack_newsletter_tier_id":0,"_jetpack_memberships_contains_paywalled_content":false,"_jetpack_memberships_contains_paid_content":false,"footnotes":""},"categories":[4],"tags":[],"class_list":["post-273","post","type-post","status-publish","format-standard","has-post-thumbnail","hentry","category-blick-in-die-sammlungen"],"yoast_head":"<!-- This site is optimized with the Yoast SEO plugin v27.4 - https:\/\/yoast.com\/product\/yoast-seo-wordpress\/ -->\n<title>Faustkeil - Bachmann-Museum Bremerv\u00f6rde<\/title>\n<meta name=\"robots\" content=\"index, follow, max-snippet:-1, max-image-preview:large, max-video-preview:-1\" \/>\n<link rel=\"canonical\" href=\"https:\/\/www.bachmann-museum.de\/?p=273\" \/>\n<meta property=\"og:locale\" content=\"de_DE\" \/>\n<meta property=\"og:type\" content=\"article\" \/>\n<meta property=\"og:title\" content=\"Faustkeil - Bachmann-Museum Bremerv\u00f6rde\" \/>\n<meta property=\"og:description\" content=\"Der Faustkeil von Schee\u00dfel Der Faustkeil ist ein zweiseitig bearbeitetes, spitz zulaufendes Steinwerkzeug mit gerundeter Basis, das multifunktional zum Schneiden, Schaben, Hacken oder Bohren verwendet werden konnte. Das in einer ausgereiften Schlagtechnik systematisch hergestellte Ger\u00e4t wurde aus plattenf\u00f6rmigem, selten vorkommenden Gestein hergestellt. W\u00e4hrend der Eiszeit kann das St\u00fcck mit Brocken gefrorenen Erdreichs aus dem Nordosten [&hellip;]\" \/>\n<meta property=\"og:url\" content=\"https:\/\/www.bachmann-museum.de\/?p=273\" \/>\n<meta property=\"og:site_name\" content=\"Bachmann-Museum Bremerv\u00f6rde\" \/>\n<meta property=\"article:published_time\" content=\"2015-01-22T14:49:55+00:00\" \/>\n<meta property=\"article:modified_time\" content=\"2015-01-26T15:45:44+00:00\" \/>\n<meta property=\"og:image\" content=\"https:\/\/i0.wp.com\/www.bachmann-museum.de\/wp-content\/uploads\/2015\/01\/Faustkeil.jpg?fit=1772%2C1299&ssl=1\" \/>\n\t<meta property=\"og:image:width\" content=\"1772\" \/>\n\t<meta property=\"og:image:height\" content=\"1299\" \/>\n\t<meta property=\"og:image:type\" content=\"image\/jpeg\" \/>\n<meta name=\"author\" content=\"Bachmann-Admin_1\" \/>\n<meta name=\"twitter:card\" content=\"summary_large_image\" \/>\n<meta name=\"twitter:label1\" content=\"Verfasst von\" \/>\n\t<meta name=\"twitter:data1\" content=\"Bachmann-Admin_1\" \/>\n\t<meta name=\"twitter:label2\" content=\"Gesch\u00e4tzte Lesezeit\" \/>\n\t<meta name=\"twitter:data2\" content=\"1\u00a0Minute\" \/>\n<script type=\"application\/ld+json\" class=\"yoast-schema-graph\">{\"@context\":\"https:\\\/\\\/schema.org\",\"@graph\":[{\"@type\":\"Article\",\"@id\":\"https:\\\/\\\/www.bachmann-museum.de\\\/?p=273#article\",\"isPartOf\":{\"@id\":\"https:\\\/\\\/www.bachmann-museum.de\\\/?p=273\"},\"author\":{\"name\":\"Bachmann-Admin_1\",\"@id\":\"https:\\\/\\\/www.bachmann-museum.de\\\/#\\\/schema\\\/person\\\/4e0a96d1ed2480e1c23c3d5afb424bee\"},\"headline\":\"Faustkeil\",\"datePublished\":\"2015-01-22T14:49:55+00:00\",\"dateModified\":\"2015-01-26T15:45:44+00:00\",\"mainEntityOfPage\":{\"@id\":\"https:\\\/\\\/www.bachmann-museum.de\\\/?p=273\"},\"wordCount\":134,\"image\":{\"@id\":\"https:\\\/\\\/www.bachmann-museum.de\\\/?p=273#primaryimage\"},\"thumbnailUrl\":\"https:\\\/\\\/i0.wp.com\\\/www.bachmann-museum.de\\\/wp-content\\\/uploads\\\/2015\\\/01\\\/Faustkeil.jpg?fit=1772%2C1299&ssl=1\",\"articleSection\":[\"Blick in die Sammlungen\"],\"inLanguage\":\"de\"},{\"@type\":\"WebPage\",\"@id\":\"https:\\\/\\\/www.bachmann-museum.de\\\/?p=273\",\"url\":\"https:\\\/\\\/www.bachmann-museum.de\\\/?p=273\",\"name\":\"Faustkeil - Bachmann-Museum Bremerv\u00f6rde\",\"isPartOf\":{\"@id\":\"https:\\\/\\\/www.bachmann-museum.de\\\/#website\"},\"primaryImageOfPage\":{\"@id\":\"https:\\\/\\\/www.bachmann-museum.de\\\/?p=273#primaryimage\"},\"image\":{\"@id\":\"https:\\\/\\\/www.bachmann-museum.de\\\/?p=273#primaryimage\"},\"thumbnailUrl\":\"https:\\\/\\\/i0.wp.com\\\/www.bachmann-museum.de\\\/wp-content\\\/uploads\\\/2015\\\/01\\\/Faustkeil.jpg?fit=1772%2C1299&ssl=1\",\"datePublished\":\"2015-01-22T14:49:55+00:00\",\"dateModified\":\"2015-01-26T15:45:44+00:00\",\"author\":{\"@id\":\"https:\\\/\\\/www.bachmann-museum.de\\\/#\\\/schema\\\/person\\\/4e0a96d1ed2480e1c23c3d5afb424bee\"},\"breadcrumb\":{\"@id\":\"https:\\\/\\\/www.bachmann-museum.de\\\/?p=273#breadcrumb\"},\"inLanguage\":\"de\",\"potentialAction\":[{\"@type\":\"ReadAction\",\"target\":[\"https:\\\/\\\/www.bachmann-museum.de\\\/?p=273\"]}]},{\"@type\":\"ImageObject\",\"inLanguage\":\"de\",\"@id\":\"https:\\\/\\\/www.bachmann-museum.de\\\/?p=273#primaryimage\",\"url\":\"https:\\\/\\\/i0.wp.com\\\/www.bachmann-museum.de\\\/wp-content\\\/uploads\\\/2015\\\/01\\\/Faustkeil.jpg?fit=1772%2C1299&ssl=1\",\"contentUrl\":\"https:\\\/\\\/i0.wp.com\\\/www.bachmann-museum.de\\\/wp-content\\\/uploads\\\/2015\\\/01\\\/Faustkeil.jpg?fit=1772%2C1299&ssl=1\",\"width\":1772,\"height\":1299},{\"@type\":\"BreadcrumbList\",\"@id\":\"https:\\\/\\\/www.bachmann-museum.de\\\/?p=273#breadcrumb\",\"itemListElement\":[{\"@type\":\"ListItem\",\"position\":1,\"name\":\"Start\",\"item\":\"https:\\\/\\\/www.bachmann-museum.de\\\/\"},{\"@type\":\"ListItem\",\"position\":2,\"name\":\"Faustkeil\"}]},{\"@type\":\"WebSite\",\"@id\":\"https:\\\/\\\/www.bachmann-museum.de\\\/#website\",\"url\":\"https:\\\/\\\/www.bachmann-museum.de\\\/\",\"name\":\"Bachmann-Museum Bremerv\u00f6rde\",\"description\":\"\",\"potentialAction\":[{\"@type\":\"SearchAction\",\"target\":{\"@type\":\"EntryPoint\",\"urlTemplate\":\"https:\\\/\\\/www.bachmann-museum.de\\\/?s={search_term_string}\"},\"query-input\":{\"@type\":\"PropertyValueSpecification\",\"valueRequired\":true,\"valueName\":\"search_term_string\"}}],\"inLanguage\":\"de\"},{\"@type\":\"Person\",\"@id\":\"https:\\\/\\\/www.bachmann-museum.de\\\/#\\\/schema\\\/person\\\/4e0a96d1ed2480e1c23c3d5afb424bee\",\"name\":\"Bachmann-Admin_1\",\"image\":{\"@type\":\"ImageObject\",\"inLanguage\":\"de\",\"@id\":\"https:\\\/\\\/secure.gravatar.com\\\/avatar\\\/12b64d40c777adbd0761c887e33f30e0219d4565a9373e68911205fb911bd107?s=96&d=mm&r=g\",\"url\":\"https:\\\/\\\/secure.gravatar.com\\\/avatar\\\/12b64d40c777adbd0761c887e33f30e0219d4565a9373e68911205fb911bd107?s=96&d=mm&r=g\",\"contentUrl\":\"https:\\\/\\\/secure.gravatar.com\\\/avatar\\\/12b64d40c777adbd0761c887e33f30e0219d4565a9373e68911205fb911bd107?s=96&d=mm&r=g\",\"caption\":\"Bachmann-Admin_1\"},\"url\":\"https:\\\/\\\/www.bachmann-museum.de\\\/?author=1\"}]}<\/script>\n<!-- \/ Yoast SEO plugin. -->","yoast_head_json":{"title":"Faustkeil - Bachmann-Museum Bremerv\u00f6rde","robots":{"index":"index","follow":"follow","max-snippet":"max-snippet:-1","max-image-preview":"max-image-preview:large","max-video-preview":"max-video-preview:-1"},"canonical":"https:\/\/www.bachmann-museum.de\/?p=273","og_locale":"de_DE","og_type":"article","og_title":"Faustkeil - Bachmann-Museum Bremerv\u00f6rde","og_description":"Der Faustkeil von Schee\u00dfel Der Faustkeil ist ein zweiseitig bearbeitetes, spitz zulaufendes Steinwerkzeug mit gerundeter Basis, das multifunktional zum Schneiden, Schaben, Hacken oder Bohren verwendet werden konnte. Das in einer ausgereiften Schlagtechnik systematisch hergestellte Ger\u00e4t wurde aus plattenf\u00f6rmigem, selten vorkommenden Gestein hergestellt. W\u00e4hrend der Eiszeit kann das St\u00fcck mit Brocken gefrorenen Erdreichs aus dem Nordosten [&hellip;]","og_url":"https:\/\/www.bachmann-museum.de\/?p=273","og_site_name":"Bachmann-Museum Bremerv\u00f6rde","article_published_time":"2015-01-22T14:49:55+00:00","article_modified_time":"2015-01-26T15:45:44+00:00","og_image":[{"width":1772,"height":1299,"url":"https:\/\/i0.wp.com\/www.bachmann-museum.de\/wp-content\/uploads\/2015\/01\/Faustkeil.jpg?fit=1772%2C1299&ssl=1","type":"image\/jpeg"}],"author":"Bachmann-Admin_1","twitter_card":"summary_large_image","twitter_misc":{"Verfasst von":"Bachmann-Admin_1","Gesch\u00e4tzte Lesezeit":"1\u00a0Minute"},"schema":{"@context":"https:\/\/schema.org","@graph":[{"@type":"Article","@id":"https:\/\/www.bachmann-museum.de\/?p=273#article","isPartOf":{"@id":"https:\/\/www.bachmann-museum.de\/?p=273"},"author":{"name":"Bachmann-Admin_1","@id":"https:\/\/www.bachmann-museum.de\/#\/schema\/person\/4e0a96d1ed2480e1c23c3d5afb424bee"},"headline":"Faustkeil","datePublished":"2015-01-22T14:49:55+00:00","dateModified":"2015-01-26T15:45:44+00:00","mainEntityOfPage":{"@id":"https:\/\/www.bachmann-museum.de\/?p=273"},"wordCount":134,"image":{"@id":"https:\/\/www.bachmann-museum.de\/?p=273#primaryimage"},"thumbnailUrl":"https:\/\/i0.wp.com\/www.bachmann-museum.de\/wp-content\/uploads\/2015\/01\/Faustkeil.jpg?fit=1772%2C1299&ssl=1","articleSection":["Blick in die Sammlungen"],"inLanguage":"de"},{"@type":"WebPage","@id":"https:\/\/www.bachmann-museum.de\/?p=273","url":"https:\/\/www.bachmann-museum.de\/?p=273","name":"Faustkeil - Bachmann-Museum Bremerv\u00f6rde","isPartOf":{"@id":"https:\/\/www.bachmann-museum.de\/#website"},"primaryImageOfPage":{"@id":"https:\/\/www.bachmann-museum.de\/?p=273#primaryimage"},"image":{"@id":"https:\/\/www.bachmann-museum.de\/?p=273#primaryimage"},"thumbnailUrl":"https:\/\/i0.wp.com\/www.bachmann-museum.de\/wp-content\/uploads\/2015\/01\/Faustkeil.jpg?fit=1772%2C1299&ssl=1","datePublished":"2015-01-22T14:49:55+00:00","dateModified":"2015-01-26T15:45:44+00:00","author":{"@id":"https:\/\/www.bachmann-museum.de\/#\/schema\/person\/4e0a96d1ed2480e1c23c3d5afb424bee"},"breadcrumb":{"@id":"https:\/\/www.bachmann-museum.de\/?p=273#breadcrumb"},"inLanguage":"de","potentialAction":[{"@type":"ReadAction","target":["https:\/\/www.bachmann-museum.de\/?p=273"]}]},{"@type":"ImageObject","inLanguage":"de","@id":"https:\/\/www.bachmann-museum.de\/?p=273#primaryimage","url":"https:\/\/i0.wp.com\/www.bachmann-museum.de\/wp-content\/uploads\/2015\/01\/Faustkeil.jpg?fit=1772%2C1299&ssl=1","contentUrl":"https:\/\/i0.wp.com\/www.bachmann-museum.de\/wp-content\/uploads\/2015\/01\/Faustkeil.jpg?fit=1772%2C1299&ssl=1","width":1772,"height":1299},{"@type":"BreadcrumbList","@id":"https:\/\/www.bachmann-museum.de\/?p=273#breadcrumb","itemListElement":[{"@type":"ListItem","position":1,"name":"Start","item":"https:\/\/www.bachmann-museum.de\/"},{"@type":"ListItem","position":2,"name":"Faustkeil"}]},{"@type":"WebSite","@id":"https:\/\/www.bachmann-museum.de\/#website","url":"https:\/\/www.bachmann-museum.de\/","name":"Bachmann-Museum Bremerv\u00f6rde","description":"","potentialAction":[{"@type":"SearchAction","target":{"@type":"EntryPoint","urlTemplate":"https:\/\/www.bachmann-museum.de\/?s={search_term_string}"},"query-input":{"@type":"PropertyValueSpecification","valueRequired":true,"valueName":"search_term_string"}}],"inLanguage":"de"},{"@type":"Person","@id":"https:\/\/www.bachmann-museum.de\/#\/schema\/person\/4e0a96d1ed2480e1c23c3d5afb424bee","name":"Bachmann-Admin_1","image":{"@type":"ImageObject","inLanguage":"de","@id":"https:\/\/secure.gravatar.com\/avatar\/12b64d40c777adbd0761c887e33f30e0219d4565a9373e68911205fb911bd107?s=96&d=mm&r=g","url":"https:\/\/secure.gravatar.com\/avatar\/12b64d40c777adbd0761c887e33f30e0219d4565a9373e68911205fb911bd107?s=96&d=mm&r=g","contentUrl":"https:\/\/secure.gravatar.com\/avatar\/12b64d40c777adbd0761c887e33f30e0219d4565a9373e68911205fb911bd107?s=96&d=mm&r=g","caption":"Bachmann-Admin_1"},"url":"https:\/\/www.bachmann-museum.de\/?author=1"}]}},"jetpack_featured_media_url":"https:\/\/i0.wp.com\/www.bachmann-museum.de\/wp-content\/uploads\/2015\/01\/Faustkeil.jpg?fit=1772%2C1299&ssl=1","jetpack_sharing_enabled":true,"jetpack_shortlink":"https:\/\/wp.me\/p5DgYi-4p","jetpack-related-posts":[],"_links":{"self":[{"href":"https:\/\/www.bachmann-museum.de\/index.php?rest_route=\/wp\/v2\/posts\/273","targetHints":{"allow":["GET"]}}],"collection":[{"href":"https:\/\/www.bachmann-museum.de\/index.php?rest_route=\/wp\/v2\/posts"}],"about":[{"href":"https:\/\/www.bachmann-museum.de\/index.php?rest_route=\/wp\/v2\/types\/post"}],"author":[{"embeddable":true,"href":"https:\/\/www.bachmann-museum.de\/index.php?rest_route=\/wp\/v2\/users\/1"}],"replies":[{"embeddable":true,"href":"https:\/\/www.bachmann-museum.de\/index.php?rest_route=%2Fwp%2Fv2%2Fcomments&post=273"}],"version-history":[{"count":4,"href":"https:\/\/www.bachmann-museum.de\/index.php?rest_route=\/wp\/v2\/posts\/273\/revisions"}],"predecessor-version":[{"id":312,"href":"https:\/\/www.bachmann-museum.de\/index.php?rest_route=\/wp\/v2\/posts\/273\/revisions\/312"}],"wp:featuredmedia":[{"embeddable":true,"href":"https:\/\/www.bachmann-museum.de\/index.php?rest_route=\/wp\/v2\/media\/368"}],"wp:attachment":[{"href":"https:\/\/www.bachmann-museum.de\/index.php?rest_route=%2Fwp%2Fv2%2Fmedia&parent=273"}],"wp:term":[{"taxonomy":"category","embeddable":true,"href":"https:\/\/www.bachmann-museum.de\/index.php?rest_route=%2Fwp%2Fv2%2Fcategories&post=273"},{"taxonomy":"post_tag","embeddable":true,"href":"https:\/\/www.bachmann-museum.de\/index.php?rest_route=%2Fwp%2Fv2%2Ftags&post=273"}],"curies":[{"name":"wp","href":"https:\/\/api.w.org\/{rel}","templated":true}]}}