{"id":268,"date":"2015-01-22T16:38:28","date_gmt":"2015-01-22T14:38:28","guid":{"rendered":"http:\/\/www.bachmann-museum.de\/?p=268"},"modified":"2015-01-26T17:44:13","modified_gmt":"2015-01-26T15:44:13","slug":"wella-junior","status":"publish","type":"post","link":"https:\/\/www.bachmann-museum.de\/?p=268","title":{"rendered":"Wella junior"},"content":{"rendered":"<p style=\"text-align: justify;\"><a href=\"https:\/\/i0.wp.com\/www.bachmann-museum.de\/wp-content\/uploads\/2015\/01\/Dauerwellenger%C3%A4t_01.jpg?ssl=1\"><img data-recalc-dims=\"1\" loading=\"lazy\" decoding=\"async\" data-attachment-id=\"309\" data-permalink=\"https:\/\/www.bachmann-museum.de\/?attachment_id=309\" data-orig-file=\"https:\/\/i0.wp.com\/www.bachmann-museum.de\/wp-content\/uploads\/2015\/01\/Dauerwellenger%C3%A4t_01.jpg?fit=846%2C768&amp;ssl=1\" data-orig-size=\"846,768\" data-comments-opened=\"0\" data-image-meta=\"{&quot;aperture&quot;:&quot;3.5&quot;,&quot;credit&quot;:&quot;&quot;,&quot;camera&quot;:&quot;NIKON D600&quot;,&quot;caption&quot;:&quot;&quot;,&quot;created_timestamp&quot;:&quot;1396542291&quot;,&quot;copyright&quot;:&quot;&quot;,&quot;focal_length&quot;:&quot;85&quot;,&quot;iso&quot;:&quot;1000&quot;,&quot;shutter_speed&quot;:&quot;0.008&quot;,&quot;title&quot;:&quot;&quot;,&quot;orientation&quot;:&quot;1&quot;}\" data-image-title=\"Dauerwellenger\u00e4t_01\" data-image-description=\"\" data-image-caption=\"\" data-large-file=\"https:\/\/i0.wp.com\/www.bachmann-museum.de\/wp-content\/uploads\/2015\/01\/Dauerwellenger%C3%A4t_01.jpg?fit=750%2C681&amp;ssl=1\" class=\"alignleft wp-image-309\" src=\"https:\/\/i0.wp.com\/www.bachmann-museum.de\/wp-content\/uploads\/2015\/01\/Dauerwellenger%C3%A4t_01.jpg?resize=420%2C381&#038;ssl=1\" alt=\"Dauerwellenger\u00e4t_01\" width=\"420\" height=\"381\" srcset=\"https:\/\/i0.wp.com\/www.bachmann-museum.de\/wp-content\/uploads\/2015\/01\/Dauerwellenger%C3%A4t_01.jpg?w=846&amp;ssl=1 846w, https:\/\/i0.wp.com\/www.bachmann-museum.de\/wp-content\/uploads\/2015\/01\/Dauerwellenger%C3%A4t_01.jpg?resize=300%2C272&amp;ssl=1 300w\" sizes=\"auto, (max-width: 420px) 100vw, 420px\" \/><\/a>Zu Beginn des 20. Jahrhundert ver\u00e4nderten eine Reihe von chemischen und technischen Neuerungen das Friseurhandwerk. Neue chemische Mittel f\u00e4rbten die Haare dauerhaft und elektrische Dauerwellger\u00e4te hielten Einzug in die Friseurl\u00e4den. Auch die Haarmode reagierte auf die immer neuen Modetrends, die von den Filmstars der 20er und 30er Jahre vorgelebt wurden.<br \/>\nAls erster einigerma\u00dfen handliche Dauerwellapparat kam ab etwa 1932 der Wella-Junior auf den Markt. Die Werbung f\u00fcr das Ger\u00e4t, das auch in einem Friseursalon in Bremerv\u00f6rde kunstvolle Frisuren schuf, versprach den Friseuren die einfache Bedienung und den Erfolg: \u201eJeder Kopf wird eine Reklamearbeit\u201c.<\/p>\n<p>Autor: Ellen Horstrup<br \/>\nQuelle: Janecke 2004<\/p>\n<h6 style=\"text-align: justify;\">Hersteller: Firma Rothenkirchen<br \/>\nVerwendungsort: Bremerv\u00f6rde<br \/>\nDatierung: 1930er Jahre<br \/>\nMaterial: Metall, Gummi, Bakelit, Glas<br \/>\nH\u00f6he: 145 cm (inkl. B\u00fcgel)<\/h6>\n","protected":false},"excerpt":{"rendered":"<p>Zu Beginn des 20. Jahrhundert ver\u00e4nderten eine Reihe von chemischen und technischen Neuerungen das Friseurhandwerk. Neue chemische Mittel f\u00e4rbten die Haare dauerhaft und elektrische Dauerwellger\u00e4te hielten Einzug in die Friseurl\u00e4den. Auch die Haarmode reagierte auf die immer neuen Modetrends, die von den Filmstars der 20er und 30er Jahre vorgelebt wurden. Als erster einigerma\u00dfen handliche Dauerwellapparat [&hellip;]<\/p>\n","protected":false},"author":1,"featured_media":366,"comment_status":"closed","ping_status":"open","sticky":false,"template":"","format":"standard","meta":{"_jetpack_newsletter_access":"","_jetpack_dont_email_post_to_subs":false,"_jetpack_newsletter_tier_id":0,"_jetpack_memberships_contains_paywalled_content":false,"_jetpack_memberships_contains_paid_content":false,"footnotes":""},"categories":[4],"tags":[],"class_list":["post-268","post","type-post","status-publish","format-standard","has-post-thumbnail","hentry","category-blick-in-die-sammlungen"],"yoast_head":"<!-- This site is optimized with the Yoast SEO plugin v27.4 - https:\/\/yoast.com\/product\/yoast-seo-wordpress\/ -->\n<title>Wella junior - Bachmann-Museum Bremerv\u00f6rde<\/title>\n<meta name=\"robots\" content=\"index, follow, max-snippet:-1, max-image-preview:large, max-video-preview:-1\" \/>\n<link rel=\"canonical\" href=\"https:\/\/www.bachmann-museum.de\/?p=268\" \/>\n<meta property=\"og:locale\" content=\"de_DE\" \/>\n<meta property=\"og:type\" content=\"article\" \/>\n<meta property=\"og:title\" content=\"Wella junior - Bachmann-Museum Bremerv\u00f6rde\" \/>\n<meta property=\"og:description\" content=\"Zu Beginn des 20. Jahrhundert ver\u00e4nderten eine Reihe von chemischen und technischen Neuerungen das Friseurhandwerk. Neue chemische Mittel f\u00e4rbten die Haare dauerhaft und elektrische Dauerwellger\u00e4te hielten Einzug in die Friseurl\u00e4den. Auch die Haarmode reagierte auf die immer neuen Modetrends, die von den Filmstars der 20er und 30er Jahre vorgelebt wurden. Als erster einigerma\u00dfen handliche Dauerwellapparat [&hellip;]\" \/>\n<meta property=\"og:url\" content=\"https:\/\/www.bachmann-museum.de\/?p=268\" \/>\n<meta property=\"og:site_name\" content=\"Bachmann-Museum Bremerv\u00f6rde\" \/>\n<meta property=\"article:published_time\" content=\"2015-01-22T14:38:28+00:00\" \/>\n<meta property=\"article:modified_time\" content=\"2015-01-26T15:44:13+00:00\" \/>\n<meta property=\"og:image\" content=\"https:\/\/i0.wp.com\/www.bachmann-museum.de\/wp-content\/uploads\/2015\/01\/Dauerwellenger%C3%A4t.jpg?fit=1772%2C1299&ssl=1\" \/>\n\t<meta property=\"og:image:width\" content=\"1772\" \/>\n\t<meta property=\"og:image:height\" content=\"1299\" \/>\n\t<meta property=\"og:image:type\" content=\"image\/jpeg\" \/>\n<meta name=\"author\" content=\"Bachmann-Admin_1\" \/>\n<meta name=\"twitter:card\" content=\"summary_large_image\" \/>\n<meta name=\"twitter:label1\" content=\"Verfasst von\" \/>\n\t<meta name=\"twitter:data1\" content=\"Bachmann-Admin_1\" \/>\n\t<meta name=\"twitter:label2\" content=\"Gesch\u00e4tzte Lesezeit\" \/>\n\t<meta name=\"twitter:data2\" content=\"1\u00a0Minute\" \/>\n<script type=\"application\/ld+json\" class=\"yoast-schema-graph\">{\"@context\":\"https:\\\/\\\/schema.org\",\"@graph\":[{\"@type\":\"Article\",\"@id\":\"https:\\\/\\\/www.bachmann-museum.de\\\/?p=268#article\",\"isPartOf\":{\"@id\":\"https:\\\/\\\/www.bachmann-museum.de\\\/?p=268\"},\"author\":{\"name\":\"Bachmann-Admin_1\",\"@id\":\"https:\\\/\\\/www.bachmann-museum.de\\\/#\\\/schema\\\/person\\\/4e0a96d1ed2480e1c23c3d5afb424bee\"},\"headline\":\"Wella junior\",\"datePublished\":\"2015-01-22T14:38:28+00:00\",\"dateModified\":\"2015-01-26T15:44:13+00:00\",\"mainEntityOfPage\":{\"@id\":\"https:\\\/\\\/www.bachmann-museum.de\\\/?p=268\"},\"wordCount\":126,\"image\":{\"@id\":\"https:\\\/\\\/www.bachmann-museum.de\\\/?p=268#primaryimage\"},\"thumbnailUrl\":\"https:\\\/\\\/i0.wp.com\\\/www.bachmann-museum.de\\\/wp-content\\\/uploads\\\/2015\\\/01\\\/Dauerwellenger%C3%A4t.jpg?fit=1772%2C1299&ssl=1\",\"articleSection\":[\"Blick in die Sammlungen\"],\"inLanguage\":\"de\"},{\"@type\":\"WebPage\",\"@id\":\"https:\\\/\\\/www.bachmann-museum.de\\\/?p=268\",\"url\":\"https:\\\/\\\/www.bachmann-museum.de\\\/?p=268\",\"name\":\"Wella junior - Bachmann-Museum Bremerv\u00f6rde\",\"isPartOf\":{\"@id\":\"https:\\\/\\\/www.bachmann-museum.de\\\/#website\"},\"primaryImageOfPage\":{\"@id\":\"https:\\\/\\\/www.bachmann-museum.de\\\/?p=268#primaryimage\"},\"image\":{\"@id\":\"https:\\\/\\\/www.bachmann-museum.de\\\/?p=268#primaryimage\"},\"thumbnailUrl\":\"https:\\\/\\\/i0.wp.com\\\/www.bachmann-museum.de\\\/wp-content\\\/uploads\\\/2015\\\/01\\\/Dauerwellenger%C3%A4t.jpg?fit=1772%2C1299&ssl=1\",\"datePublished\":\"2015-01-22T14:38:28+00:00\",\"dateModified\":\"2015-01-26T15:44:13+00:00\",\"author\":{\"@id\":\"https:\\\/\\\/www.bachmann-museum.de\\\/#\\\/schema\\\/person\\\/4e0a96d1ed2480e1c23c3d5afb424bee\"},\"breadcrumb\":{\"@id\":\"https:\\\/\\\/www.bachmann-museum.de\\\/?p=268#breadcrumb\"},\"inLanguage\":\"de\",\"potentialAction\":[{\"@type\":\"ReadAction\",\"target\":[\"https:\\\/\\\/www.bachmann-museum.de\\\/?p=268\"]}]},{\"@type\":\"ImageObject\",\"inLanguage\":\"de\",\"@id\":\"https:\\\/\\\/www.bachmann-museum.de\\\/?p=268#primaryimage\",\"url\":\"https:\\\/\\\/i0.wp.com\\\/www.bachmann-museum.de\\\/wp-content\\\/uploads\\\/2015\\\/01\\\/Dauerwellenger%C3%A4t.jpg?fit=1772%2C1299&ssl=1\",\"contentUrl\":\"https:\\\/\\\/i0.wp.com\\\/www.bachmann-museum.de\\\/wp-content\\\/uploads\\\/2015\\\/01\\\/Dauerwellenger%C3%A4t.jpg?fit=1772%2C1299&ssl=1\",\"width\":1772,\"height\":1299},{\"@type\":\"BreadcrumbList\",\"@id\":\"https:\\\/\\\/www.bachmann-museum.de\\\/?p=268#breadcrumb\",\"itemListElement\":[{\"@type\":\"ListItem\",\"position\":1,\"name\":\"Start\",\"item\":\"https:\\\/\\\/www.bachmann-museum.de\\\/\"},{\"@type\":\"ListItem\",\"position\":2,\"name\":\"Wella junior\"}]},{\"@type\":\"WebSite\",\"@id\":\"https:\\\/\\\/www.bachmann-museum.de\\\/#website\",\"url\":\"https:\\\/\\\/www.bachmann-museum.de\\\/\",\"name\":\"Bachmann-Museum Bremerv\u00f6rde\",\"description\":\"\",\"potentialAction\":[{\"@type\":\"SearchAction\",\"target\":{\"@type\":\"EntryPoint\",\"urlTemplate\":\"https:\\\/\\\/www.bachmann-museum.de\\\/?s={search_term_string}\"},\"query-input\":{\"@type\":\"PropertyValueSpecification\",\"valueRequired\":true,\"valueName\":\"search_term_string\"}}],\"inLanguage\":\"de\"},{\"@type\":\"Person\",\"@id\":\"https:\\\/\\\/www.bachmann-museum.de\\\/#\\\/schema\\\/person\\\/4e0a96d1ed2480e1c23c3d5afb424bee\",\"name\":\"Bachmann-Admin_1\",\"image\":{\"@type\":\"ImageObject\",\"inLanguage\":\"de\",\"@id\":\"https:\\\/\\\/secure.gravatar.com\\\/avatar\\\/12b64d40c777adbd0761c887e33f30e0219d4565a9373e68911205fb911bd107?s=96&d=mm&r=g\",\"url\":\"https:\\\/\\\/secure.gravatar.com\\\/avatar\\\/12b64d40c777adbd0761c887e33f30e0219d4565a9373e68911205fb911bd107?s=96&d=mm&r=g\",\"contentUrl\":\"https:\\\/\\\/secure.gravatar.com\\\/avatar\\\/12b64d40c777adbd0761c887e33f30e0219d4565a9373e68911205fb911bd107?s=96&d=mm&r=g\",\"caption\":\"Bachmann-Admin_1\"},\"url\":\"https:\\\/\\\/www.bachmann-museum.de\\\/?author=1\"}]}<\/script>\n<!-- \/ Yoast SEO plugin. -->","yoast_head_json":{"title":"Wella junior - Bachmann-Museum Bremerv\u00f6rde","robots":{"index":"index","follow":"follow","max-snippet":"max-snippet:-1","max-image-preview":"max-image-preview:large","max-video-preview":"max-video-preview:-1"},"canonical":"https:\/\/www.bachmann-museum.de\/?p=268","og_locale":"de_DE","og_type":"article","og_title":"Wella junior - Bachmann-Museum Bremerv\u00f6rde","og_description":"Zu Beginn des 20. Jahrhundert ver\u00e4nderten eine Reihe von chemischen und technischen Neuerungen das Friseurhandwerk. Neue chemische Mittel f\u00e4rbten die Haare dauerhaft und elektrische Dauerwellger\u00e4te hielten Einzug in die Friseurl\u00e4den. Auch die Haarmode reagierte auf die immer neuen Modetrends, die von den Filmstars der 20er und 30er Jahre vorgelebt wurden. Als erster einigerma\u00dfen handliche Dauerwellapparat [&hellip;]","og_url":"https:\/\/www.bachmann-museum.de\/?p=268","og_site_name":"Bachmann-Museum Bremerv\u00f6rde","article_published_time":"2015-01-22T14:38:28+00:00","article_modified_time":"2015-01-26T15:44:13+00:00","og_image":[{"width":1772,"height":1299,"url":"https:\/\/i0.wp.com\/www.bachmann-museum.de\/wp-content\/uploads\/2015\/01\/Dauerwellenger%C3%A4t.jpg?fit=1772%2C1299&ssl=1","type":"image\/jpeg"}],"author":"Bachmann-Admin_1","twitter_card":"summary_large_image","twitter_misc":{"Verfasst von":"Bachmann-Admin_1","Gesch\u00e4tzte Lesezeit":"1\u00a0Minute"},"schema":{"@context":"https:\/\/schema.org","@graph":[{"@type":"Article","@id":"https:\/\/www.bachmann-museum.de\/?p=268#article","isPartOf":{"@id":"https:\/\/www.bachmann-museum.de\/?p=268"},"author":{"name":"Bachmann-Admin_1","@id":"https:\/\/www.bachmann-museum.de\/#\/schema\/person\/4e0a96d1ed2480e1c23c3d5afb424bee"},"headline":"Wella junior","datePublished":"2015-01-22T14:38:28+00:00","dateModified":"2015-01-26T15:44:13+00:00","mainEntityOfPage":{"@id":"https:\/\/www.bachmann-museum.de\/?p=268"},"wordCount":126,"image":{"@id":"https:\/\/www.bachmann-museum.de\/?p=268#primaryimage"},"thumbnailUrl":"https:\/\/i0.wp.com\/www.bachmann-museum.de\/wp-content\/uploads\/2015\/01\/Dauerwellenger%C3%A4t.jpg?fit=1772%2C1299&ssl=1","articleSection":["Blick in die Sammlungen"],"inLanguage":"de"},{"@type":"WebPage","@id":"https:\/\/www.bachmann-museum.de\/?p=268","url":"https:\/\/www.bachmann-museum.de\/?p=268","name":"Wella junior - Bachmann-Museum Bremerv\u00f6rde","isPartOf":{"@id":"https:\/\/www.bachmann-museum.de\/#website"},"primaryImageOfPage":{"@id":"https:\/\/www.bachmann-museum.de\/?p=268#primaryimage"},"image":{"@id":"https:\/\/www.bachmann-museum.de\/?p=268#primaryimage"},"thumbnailUrl":"https:\/\/i0.wp.com\/www.bachmann-museum.de\/wp-content\/uploads\/2015\/01\/Dauerwellenger%C3%A4t.jpg?fit=1772%2C1299&ssl=1","datePublished":"2015-01-22T14:38:28+00:00","dateModified":"2015-01-26T15:44:13+00:00","author":{"@id":"https:\/\/www.bachmann-museum.de\/#\/schema\/person\/4e0a96d1ed2480e1c23c3d5afb424bee"},"breadcrumb":{"@id":"https:\/\/www.bachmann-museum.de\/?p=268#breadcrumb"},"inLanguage":"de","potentialAction":[{"@type":"ReadAction","target":["https:\/\/www.bachmann-museum.de\/?p=268"]}]},{"@type":"ImageObject","inLanguage":"de","@id":"https:\/\/www.bachmann-museum.de\/?p=268#primaryimage","url":"https:\/\/i0.wp.com\/www.bachmann-museum.de\/wp-content\/uploads\/2015\/01\/Dauerwellenger%C3%A4t.jpg?fit=1772%2C1299&ssl=1","contentUrl":"https:\/\/i0.wp.com\/www.bachmann-museum.de\/wp-content\/uploads\/2015\/01\/Dauerwellenger%C3%A4t.jpg?fit=1772%2C1299&ssl=1","width":1772,"height":1299},{"@type":"BreadcrumbList","@id":"https:\/\/www.bachmann-museum.de\/?p=268#breadcrumb","itemListElement":[{"@type":"ListItem","position":1,"name":"Start","item":"https:\/\/www.bachmann-museum.de\/"},{"@type":"ListItem","position":2,"name":"Wella junior"}]},{"@type":"WebSite","@id":"https:\/\/www.bachmann-museum.de\/#website","url":"https:\/\/www.bachmann-museum.de\/","name":"Bachmann-Museum Bremerv\u00f6rde","description":"","potentialAction":[{"@type":"SearchAction","target":{"@type":"EntryPoint","urlTemplate":"https:\/\/www.bachmann-museum.de\/?s={search_term_string}"},"query-input":{"@type":"PropertyValueSpecification","valueRequired":true,"valueName":"search_term_string"}}],"inLanguage":"de"},{"@type":"Person","@id":"https:\/\/www.bachmann-museum.de\/#\/schema\/person\/4e0a96d1ed2480e1c23c3d5afb424bee","name":"Bachmann-Admin_1","image":{"@type":"ImageObject","inLanguage":"de","@id":"https:\/\/secure.gravatar.com\/avatar\/12b64d40c777adbd0761c887e33f30e0219d4565a9373e68911205fb911bd107?s=96&d=mm&r=g","url":"https:\/\/secure.gravatar.com\/avatar\/12b64d40c777adbd0761c887e33f30e0219d4565a9373e68911205fb911bd107?s=96&d=mm&r=g","contentUrl":"https:\/\/secure.gravatar.com\/avatar\/12b64d40c777adbd0761c887e33f30e0219d4565a9373e68911205fb911bd107?s=96&d=mm&r=g","caption":"Bachmann-Admin_1"},"url":"https:\/\/www.bachmann-museum.de\/?author=1"}]}},"jetpack_featured_media_url":"https:\/\/i0.wp.com\/www.bachmann-museum.de\/wp-content\/uploads\/2015\/01\/Dauerwellenger%C3%A4t.jpg?fit=1772%2C1299&ssl=1","jetpack_sharing_enabled":true,"jetpack_shortlink":"https:\/\/wp.me\/p5DgYi-4k","jetpack-related-posts":[],"_links":{"self":[{"href":"https:\/\/www.bachmann-museum.de\/index.php?rest_route=\/wp\/v2\/posts\/268","targetHints":{"allow":["GET"]}}],"collection":[{"href":"https:\/\/www.bachmann-museum.de\/index.php?rest_route=\/wp\/v2\/posts"}],"about":[{"href":"https:\/\/www.bachmann-museum.de\/index.php?rest_route=\/wp\/v2\/types\/post"}],"author":[{"embeddable":true,"href":"https:\/\/www.bachmann-museum.de\/index.php?rest_route=\/wp\/v2\/users\/1"}],"replies":[{"embeddable":true,"href":"https:\/\/www.bachmann-museum.de\/index.php?rest_route=%2Fwp%2Fv2%2Fcomments&post=268"}],"version-history":[{"count":4,"href":"https:\/\/www.bachmann-museum.de\/index.php?rest_route=\/wp\/v2\/posts\/268\/revisions"}],"predecessor-version":[{"id":367,"href":"https:\/\/www.bachmann-museum.de\/index.php?rest_route=\/wp\/v2\/posts\/268\/revisions\/367"}],"wp:featuredmedia":[{"embeddable":true,"href":"https:\/\/www.bachmann-museum.de\/index.php?rest_route=\/wp\/v2\/media\/366"}],"wp:attachment":[{"href":"https:\/\/www.bachmann-museum.de\/index.php?rest_route=%2Fwp%2Fv2%2Fmedia&parent=268"}],"wp:term":[{"taxonomy":"category","embeddable":true,"href":"https:\/\/www.bachmann-museum.de\/index.php?rest_route=%2Fwp%2Fv2%2Fcategories&post=268"},{"taxonomy":"post_tag","embeddable":true,"href":"https:\/\/www.bachmann-museum.de\/index.php?rest_route=%2Fwp%2Fv2%2Ftags&post=268"}],"curies":[{"name":"wp","href":"https:\/\/api.w.org\/{rel}","templated":true}]}}