{"id":2639,"date":"2019-10-10T10:34:14","date_gmt":"2019-10-10T08:34:14","guid":{"rendered":"http:\/\/www.bachmann-museum.de\/?p=2639"},"modified":"2019-10-10T10:54:56","modified_gmt":"2019-10-10T08:54:56","slug":"3-november-2019-1400-uhr-oeffentliche-fuehrung","status":"publish","type":"post","link":"https:\/\/www.bachmann-museum.de\/?p=2639","title":{"rendered":"3. November 2019, 14:00 Uhr \u00d6ffentliche F\u00fchrung"},"content":{"rendered":"<p><img data-recalc-dims=\"1\" loading=\"lazy\" decoding=\"async\" data-attachment-id=\"1477\" data-permalink=\"https:\/\/www.bachmann-museum.de\/?attachment_id=1477\" data-orig-file=\"https:\/\/i0.wp.com\/www.bachmann-museum.de\/wp-content\/uploads\/2016\/10\/Rinderhorn_01.jpg?fit=602%2C402&amp;ssl=1\" data-orig-size=\"602,402\" data-comments-opened=\"0\" data-image-meta=\"{&quot;aperture&quot;:&quot;6.3&quot;,&quot;credit&quot;:&quot;&quot;,&quot;camera&quot;:&quot;NIKON D600&quot;,&quot;caption&quot;:&quot;????????????????????????????????????&quot;,&quot;created_timestamp&quot;:&quot;1395769931&quot;,&quot;copyright&quot;:&quot;&quot;,&quot;focal_length&quot;:&quot;85&quot;,&quot;iso&quot;:&quot;800&quot;,&quot;shutter_speed&quot;:&quot;0.005&quot;,&quot;title&quot;:&quot;&quot;,&quot;orientation&quot;:&quot;1&quot;}\" data-image-title=\"Rinderhorn_01\" data-image-description=\"\" data-image-caption=\"&lt;p&gt;????????????????????????????????????&lt;\/p&gt;\n\" data-large-file=\"https:\/\/i0.wp.com\/www.bachmann-museum.de\/wp-content\/uploads\/2016\/10\/Rinderhorn_01.jpg?fit=602%2C402&amp;ssl=1\" class=\"size-medium wp-image-1477\" src=\"https:\/\/i0.wp.com\/www.bachmann-museum.de\/wp-content\/uploads\/2016\/10\/Rinderhorn_01.jpg?resize=300%2C200&#038;ssl=1\" alt=\"\" width=\"300\" height=\"200\" srcset=\"https:\/\/i0.wp.com\/www.bachmann-museum.de\/wp-content\/uploads\/2016\/10\/Rinderhorn_01.jpg?resize=300%2C200&amp;ssl=1 300w, https:\/\/i0.wp.com\/www.bachmann-museum.de\/wp-content\/uploads\/2016\/10\/Rinderhorn_01.jpg?w=602&amp;ssl=1 602w\" sizes=\"auto, (max-width: 300px) 100vw, 300px\" \/><\/p>\n<p>Am ersten Sonntag im November nimmt der Historiker Andreas Schley die Besucher mit auf einen Rundgang durch die Dauerausstellung des Bachmann-Museums. Neben der Geschichte des denkmalgesch\u00fctzten Museumsgeb\u00e4udes und den arch\u00e4ologischen Funden des zentralen Elbe-Weser-Dreiecks liegt der Schwerpunkt dieser F\u00fchrung auf den vielen eindrucksvollen Spuren, die von Walen, Mammuts, Auerochsen und anderen Tieren im Laufe der vielen Millionen Jahren Geschichte in dieser Region hinterlassen wurden.<\/p>\n<p>Die F\u00fchrung beginnt um 14:00 Uhr an der Museumskasse. Interessierte k\u00f6nnen sich gerne unter der Telefonnummer 04761-983 4603 oder \u00fcber <a href=\"mailto:museum@lk-row.de\">museum@lk-row.de<\/a> anmelden, spontane Teilnehmer sind ebenfalls herzlich willkommen. Eintritt (Museum inkl. F\u00fchrung): Erwachsene 5,00 \u20ac, Kinder 3,00 \u20ac, Familienkarte (2 Erwachsene + Kinder) 12,00 \u20ac. Weitere Informationen unter <a href=\"https:\/\/www.bachmann-museum.de\">www.bachmann-museum.de<\/a><\/p>\n","protected":false},"excerpt":{"rendered":"<p>Am ersten Sonntag im November nimmt der Historiker Andreas Schley die Besucher mit auf einen Rundgang durch die Dauerausstellung des Bachmann-Museums. Neben der Geschichte des denkmalgesch\u00fctzten Museumsgeb\u00e4udes und den arch\u00e4ologischen Funden des zentralen Elbe-Weser-Dreiecks liegt der Schwerpunkt dieser F\u00fchrung auf den vielen eindrucksvollen Spuren, die von Walen, Mammuts, Auerochsen und anderen Tieren im Laufe der [&hellip;]<\/p>\n","protected":false},"author":1,"featured_media":1477,"comment_status":"closed","ping_status":"open","sticky":false,"template":"","format":"standard","meta":{"_jetpack_newsletter_access":"","_jetpack_dont_email_post_to_subs":false,"_jetpack_newsletter_tier_id":0,"_jetpack_memberships_contains_paywalled_content":false,"_jetpack_memberships_contains_paid_content":false,"footnotes":""},"categories":[1],"tags":[],"class_list":["post-2639","post","type-post","status-publish","format-standard","has-post-thumbnail","hentry","category-allgemein"],"yoast_head":"<!-- This site is optimized with the Yoast SEO plugin v27.4 - https:\/\/yoast.com\/product\/yoast-seo-wordpress\/ -->\n<title>3. November 2019, 14:00 Uhr \u00d6ffentliche F\u00fchrung - Bachmann-Museum Bremerv\u00f6rde<\/title>\n<meta name=\"robots\" content=\"index, follow, max-snippet:-1, max-image-preview:large, max-video-preview:-1\" \/>\n<link rel=\"canonical\" href=\"https:\/\/www.bachmann-museum.de\/?p=2639\" \/>\n<meta property=\"og:locale\" content=\"de_DE\" \/>\n<meta property=\"og:type\" content=\"article\" \/>\n<meta property=\"og:title\" content=\"3. November 2019, 14:00 Uhr \u00d6ffentliche F\u00fchrung - Bachmann-Museum Bremerv\u00f6rde\" \/>\n<meta property=\"og:description\" content=\"Am ersten Sonntag im November nimmt der Historiker Andreas Schley die Besucher mit auf einen Rundgang durch die Dauerausstellung des Bachmann-Museums. Neben der Geschichte des denkmalgesch\u00fctzten Museumsgeb\u00e4udes und den arch\u00e4ologischen Funden des zentralen Elbe-Weser-Dreiecks liegt der Schwerpunkt dieser F\u00fchrung auf den vielen eindrucksvollen Spuren, die von Walen, Mammuts, Auerochsen und anderen Tieren im Laufe der [&hellip;]\" \/>\n<meta property=\"og:url\" content=\"https:\/\/www.bachmann-museum.de\/?p=2639\" \/>\n<meta property=\"og:site_name\" content=\"Bachmann-Museum Bremerv\u00f6rde\" \/>\n<meta property=\"article:published_time\" content=\"2019-10-10T08:34:14+00:00\" \/>\n<meta property=\"article:modified_time\" content=\"2019-10-10T08:54:56+00:00\" \/>\n<meta property=\"og:image\" content=\"https:\/\/i0.wp.com\/www.bachmann-museum.de\/wp-content\/uploads\/2016\/10\/Rinderhorn_01.jpg?fit=602%2C402&ssl=1\" \/>\n\t<meta property=\"og:image:width\" content=\"602\" \/>\n\t<meta property=\"og:image:height\" content=\"402\" \/>\n\t<meta property=\"og:image:type\" content=\"image\/jpeg\" \/>\n<meta name=\"author\" content=\"Bachmann-Admin_1\" \/>\n<meta name=\"twitter:card\" content=\"summary_large_image\" \/>\n<meta name=\"twitter:label1\" content=\"Verfasst von\" \/>\n\t<meta name=\"twitter:data1\" content=\"Bachmann-Admin_1\" \/>\n\t<meta name=\"twitter:label2\" content=\"Gesch\u00e4tzte Lesezeit\" \/>\n\t<meta name=\"twitter:data2\" content=\"1\u00a0Minute\" \/>\n<script type=\"application\/ld+json\" class=\"yoast-schema-graph\">{\"@context\":\"https:\\\/\\\/schema.org\",\"@graph\":[{\"@type\":\"Article\",\"@id\":\"https:\\\/\\\/www.bachmann-museum.de\\\/?p=2639#article\",\"isPartOf\":{\"@id\":\"https:\\\/\\\/www.bachmann-museum.de\\\/?p=2639\"},\"author\":{\"name\":\"Bachmann-Admin_1\",\"@id\":\"https:\\\/\\\/www.bachmann-museum.de\\\/#\\\/schema\\\/person\\\/4e0a96d1ed2480e1c23c3d5afb424bee\"},\"headline\":\"3. November 2019, 14:00 Uhr \u00d6ffentliche F\u00fchrung\",\"datePublished\":\"2019-10-10T08:34:14+00:00\",\"dateModified\":\"2019-10-10T08:54:56+00:00\",\"mainEntityOfPage\":{\"@id\":\"https:\\\/\\\/www.bachmann-museum.de\\\/?p=2639\"},\"wordCount\":119,\"image\":{\"@id\":\"https:\\\/\\\/www.bachmann-museum.de\\\/?p=2639#primaryimage\"},\"thumbnailUrl\":\"https:\\\/\\\/i0.wp.com\\\/www.bachmann-museum.de\\\/wp-content\\\/uploads\\\/2016\\\/10\\\/Rinderhorn_01.jpg?fit=602%2C402&ssl=1\",\"inLanguage\":\"de\"},{\"@type\":\"WebPage\",\"@id\":\"https:\\\/\\\/www.bachmann-museum.de\\\/?p=2639\",\"url\":\"https:\\\/\\\/www.bachmann-museum.de\\\/?p=2639\",\"name\":\"3. November 2019, 14:00 Uhr \u00d6ffentliche F\u00fchrung - Bachmann-Museum Bremerv\u00f6rde\",\"isPartOf\":{\"@id\":\"https:\\\/\\\/www.bachmann-museum.de\\\/#website\"},\"primaryImageOfPage\":{\"@id\":\"https:\\\/\\\/www.bachmann-museum.de\\\/?p=2639#primaryimage\"},\"image\":{\"@id\":\"https:\\\/\\\/www.bachmann-museum.de\\\/?p=2639#primaryimage\"},\"thumbnailUrl\":\"https:\\\/\\\/i0.wp.com\\\/www.bachmann-museum.de\\\/wp-content\\\/uploads\\\/2016\\\/10\\\/Rinderhorn_01.jpg?fit=602%2C402&ssl=1\",\"datePublished\":\"2019-10-10T08:34:14+00:00\",\"dateModified\":\"2019-10-10T08:54:56+00:00\",\"author\":{\"@id\":\"https:\\\/\\\/www.bachmann-museum.de\\\/#\\\/schema\\\/person\\\/4e0a96d1ed2480e1c23c3d5afb424bee\"},\"breadcrumb\":{\"@id\":\"https:\\\/\\\/www.bachmann-museum.de\\\/?p=2639#breadcrumb\"},\"inLanguage\":\"de\",\"potentialAction\":[{\"@type\":\"ReadAction\",\"target\":[\"https:\\\/\\\/www.bachmann-museum.de\\\/?p=2639\"]}]},{\"@type\":\"ImageObject\",\"inLanguage\":\"de\",\"@id\":\"https:\\\/\\\/www.bachmann-museum.de\\\/?p=2639#primaryimage\",\"url\":\"https:\\\/\\\/i0.wp.com\\\/www.bachmann-museum.de\\\/wp-content\\\/uploads\\\/2016\\\/10\\\/Rinderhorn_01.jpg?fit=602%2C402&ssl=1\",\"contentUrl\":\"https:\\\/\\\/i0.wp.com\\\/www.bachmann-museum.de\\\/wp-content\\\/uploads\\\/2016\\\/10\\\/Rinderhorn_01.jpg?fit=602%2C402&ssl=1\",\"width\":602,\"height\":402,\"caption\":\"????????????????????????????????????\"},{\"@type\":\"BreadcrumbList\",\"@id\":\"https:\\\/\\\/www.bachmann-museum.de\\\/?p=2639#breadcrumb\",\"itemListElement\":[{\"@type\":\"ListItem\",\"position\":1,\"name\":\"Start\",\"item\":\"https:\\\/\\\/www.bachmann-museum.de\\\/\"},{\"@type\":\"ListItem\",\"position\":2,\"name\":\"3. November 2019, 14:00 Uhr \u00d6ffentliche F\u00fchrung\"}]},{\"@type\":\"WebSite\",\"@id\":\"https:\\\/\\\/www.bachmann-museum.de\\\/#website\",\"url\":\"https:\\\/\\\/www.bachmann-museum.de\\\/\",\"name\":\"Bachmann-Museum Bremerv\u00f6rde\",\"description\":\"\",\"potentialAction\":[{\"@type\":\"SearchAction\",\"target\":{\"@type\":\"EntryPoint\",\"urlTemplate\":\"https:\\\/\\\/www.bachmann-museum.de\\\/?s={search_term_string}\"},\"query-input\":{\"@type\":\"PropertyValueSpecification\",\"valueRequired\":true,\"valueName\":\"search_term_string\"}}],\"inLanguage\":\"de\"},{\"@type\":\"Person\",\"@id\":\"https:\\\/\\\/www.bachmann-museum.de\\\/#\\\/schema\\\/person\\\/4e0a96d1ed2480e1c23c3d5afb424bee\",\"name\":\"Bachmann-Admin_1\",\"image\":{\"@type\":\"ImageObject\",\"inLanguage\":\"de\",\"@id\":\"https:\\\/\\\/secure.gravatar.com\\\/avatar\\\/12b64d40c777adbd0761c887e33f30e0219d4565a9373e68911205fb911bd107?s=96&d=mm&r=g\",\"url\":\"https:\\\/\\\/secure.gravatar.com\\\/avatar\\\/12b64d40c777adbd0761c887e33f30e0219d4565a9373e68911205fb911bd107?s=96&d=mm&r=g\",\"contentUrl\":\"https:\\\/\\\/secure.gravatar.com\\\/avatar\\\/12b64d40c777adbd0761c887e33f30e0219d4565a9373e68911205fb911bd107?s=96&d=mm&r=g\",\"caption\":\"Bachmann-Admin_1\"},\"url\":\"https:\\\/\\\/www.bachmann-museum.de\\\/?author=1\"}]}<\/script>\n<!-- \/ Yoast SEO plugin. -->","yoast_head_json":{"title":"3. November 2019, 14:00 Uhr \u00d6ffentliche F\u00fchrung - Bachmann-Museum Bremerv\u00f6rde","robots":{"index":"index","follow":"follow","max-snippet":"max-snippet:-1","max-image-preview":"max-image-preview:large","max-video-preview":"max-video-preview:-1"},"canonical":"https:\/\/www.bachmann-museum.de\/?p=2639","og_locale":"de_DE","og_type":"article","og_title":"3. November 2019, 14:00 Uhr \u00d6ffentliche F\u00fchrung - Bachmann-Museum Bremerv\u00f6rde","og_description":"Am ersten Sonntag im November nimmt der Historiker Andreas Schley die Besucher mit auf einen Rundgang durch die Dauerausstellung des Bachmann-Museums. Neben der Geschichte des denkmalgesch\u00fctzten Museumsgeb\u00e4udes und den arch\u00e4ologischen Funden des zentralen Elbe-Weser-Dreiecks liegt der Schwerpunkt dieser F\u00fchrung auf den vielen eindrucksvollen Spuren, die von Walen, Mammuts, Auerochsen und anderen Tieren im Laufe der [&hellip;]","og_url":"https:\/\/www.bachmann-museum.de\/?p=2639","og_site_name":"Bachmann-Museum Bremerv\u00f6rde","article_published_time":"2019-10-10T08:34:14+00:00","article_modified_time":"2019-10-10T08:54:56+00:00","og_image":[{"width":602,"height":402,"url":"https:\/\/i0.wp.com\/www.bachmann-museum.de\/wp-content\/uploads\/2016\/10\/Rinderhorn_01.jpg?fit=602%2C402&ssl=1","type":"image\/jpeg"}],"author":"Bachmann-Admin_1","twitter_card":"summary_large_image","twitter_misc":{"Verfasst von":"Bachmann-Admin_1","Gesch\u00e4tzte Lesezeit":"1\u00a0Minute"},"schema":{"@context":"https:\/\/schema.org","@graph":[{"@type":"Article","@id":"https:\/\/www.bachmann-museum.de\/?p=2639#article","isPartOf":{"@id":"https:\/\/www.bachmann-museum.de\/?p=2639"},"author":{"name":"Bachmann-Admin_1","@id":"https:\/\/www.bachmann-museum.de\/#\/schema\/person\/4e0a96d1ed2480e1c23c3d5afb424bee"},"headline":"3. November 2019, 14:00 Uhr \u00d6ffentliche F\u00fchrung","datePublished":"2019-10-10T08:34:14+00:00","dateModified":"2019-10-10T08:54:56+00:00","mainEntityOfPage":{"@id":"https:\/\/www.bachmann-museum.de\/?p=2639"},"wordCount":119,"image":{"@id":"https:\/\/www.bachmann-museum.de\/?p=2639#primaryimage"},"thumbnailUrl":"https:\/\/i0.wp.com\/www.bachmann-museum.de\/wp-content\/uploads\/2016\/10\/Rinderhorn_01.jpg?fit=602%2C402&ssl=1","inLanguage":"de"},{"@type":"WebPage","@id":"https:\/\/www.bachmann-museum.de\/?p=2639","url":"https:\/\/www.bachmann-museum.de\/?p=2639","name":"3. November 2019, 14:00 Uhr \u00d6ffentliche F\u00fchrung - Bachmann-Museum Bremerv\u00f6rde","isPartOf":{"@id":"https:\/\/www.bachmann-museum.de\/#website"},"primaryImageOfPage":{"@id":"https:\/\/www.bachmann-museum.de\/?p=2639#primaryimage"},"image":{"@id":"https:\/\/www.bachmann-museum.de\/?p=2639#primaryimage"},"thumbnailUrl":"https:\/\/i0.wp.com\/www.bachmann-museum.de\/wp-content\/uploads\/2016\/10\/Rinderhorn_01.jpg?fit=602%2C402&ssl=1","datePublished":"2019-10-10T08:34:14+00:00","dateModified":"2019-10-10T08:54:56+00:00","author":{"@id":"https:\/\/www.bachmann-museum.de\/#\/schema\/person\/4e0a96d1ed2480e1c23c3d5afb424bee"},"breadcrumb":{"@id":"https:\/\/www.bachmann-museum.de\/?p=2639#breadcrumb"},"inLanguage":"de","potentialAction":[{"@type":"ReadAction","target":["https:\/\/www.bachmann-museum.de\/?p=2639"]}]},{"@type":"ImageObject","inLanguage":"de","@id":"https:\/\/www.bachmann-museum.de\/?p=2639#primaryimage","url":"https:\/\/i0.wp.com\/www.bachmann-museum.de\/wp-content\/uploads\/2016\/10\/Rinderhorn_01.jpg?fit=602%2C402&ssl=1","contentUrl":"https:\/\/i0.wp.com\/www.bachmann-museum.de\/wp-content\/uploads\/2016\/10\/Rinderhorn_01.jpg?fit=602%2C402&ssl=1","width":602,"height":402,"caption":"????????????????????????????????????"},{"@type":"BreadcrumbList","@id":"https:\/\/www.bachmann-museum.de\/?p=2639#breadcrumb","itemListElement":[{"@type":"ListItem","position":1,"name":"Start","item":"https:\/\/www.bachmann-museum.de\/"},{"@type":"ListItem","position":2,"name":"3. November 2019, 14:00 Uhr \u00d6ffentliche F\u00fchrung"}]},{"@type":"WebSite","@id":"https:\/\/www.bachmann-museum.de\/#website","url":"https:\/\/www.bachmann-museum.de\/","name":"Bachmann-Museum Bremerv\u00f6rde","description":"","potentialAction":[{"@type":"SearchAction","target":{"@type":"EntryPoint","urlTemplate":"https:\/\/www.bachmann-museum.de\/?s={search_term_string}"},"query-input":{"@type":"PropertyValueSpecification","valueRequired":true,"valueName":"search_term_string"}}],"inLanguage":"de"},{"@type":"Person","@id":"https:\/\/www.bachmann-museum.de\/#\/schema\/person\/4e0a96d1ed2480e1c23c3d5afb424bee","name":"Bachmann-Admin_1","image":{"@type":"ImageObject","inLanguage":"de","@id":"https:\/\/secure.gravatar.com\/avatar\/12b64d40c777adbd0761c887e33f30e0219d4565a9373e68911205fb911bd107?s=96&d=mm&r=g","url":"https:\/\/secure.gravatar.com\/avatar\/12b64d40c777adbd0761c887e33f30e0219d4565a9373e68911205fb911bd107?s=96&d=mm&r=g","contentUrl":"https:\/\/secure.gravatar.com\/avatar\/12b64d40c777adbd0761c887e33f30e0219d4565a9373e68911205fb911bd107?s=96&d=mm&r=g","caption":"Bachmann-Admin_1"},"url":"https:\/\/www.bachmann-museum.de\/?author=1"}]}},"jetpack_featured_media_url":"https:\/\/i0.wp.com\/www.bachmann-museum.de\/wp-content\/uploads\/2016\/10\/Rinderhorn_01.jpg?fit=602%2C402&ssl=1","jetpack_sharing_enabled":true,"jetpack_shortlink":"https:\/\/wp.me\/p5DgYi-Gz","jetpack-related-posts":[],"_links":{"self":[{"href":"https:\/\/www.bachmann-museum.de\/index.php?rest_route=\/wp\/v2\/posts\/2639","targetHints":{"allow":["GET"]}}],"collection":[{"href":"https:\/\/www.bachmann-museum.de\/index.php?rest_route=\/wp\/v2\/posts"}],"about":[{"href":"https:\/\/www.bachmann-museum.de\/index.php?rest_route=\/wp\/v2\/types\/post"}],"author":[{"embeddable":true,"href":"https:\/\/www.bachmann-museum.de\/index.php?rest_route=\/wp\/v2\/users\/1"}],"replies":[{"embeddable":true,"href":"https:\/\/www.bachmann-museum.de\/index.php?rest_route=%2Fwp%2Fv2%2Fcomments&post=2639"}],"version-history":[{"count":1,"href":"https:\/\/www.bachmann-museum.de\/index.php?rest_route=\/wp\/v2\/posts\/2639\/revisions"}],"predecessor-version":[{"id":2640,"href":"https:\/\/www.bachmann-museum.de\/index.php?rest_route=\/wp\/v2\/posts\/2639\/revisions\/2640"}],"wp:featuredmedia":[{"embeddable":true,"href":"https:\/\/www.bachmann-museum.de\/index.php?rest_route=\/wp\/v2\/media\/1477"}],"wp:attachment":[{"href":"https:\/\/www.bachmann-museum.de\/index.php?rest_route=%2Fwp%2Fv2%2Fmedia&parent=2639"}],"wp:term":[{"taxonomy":"category","embeddable":true,"href":"https:\/\/www.bachmann-museum.de\/index.php?rest_route=%2Fwp%2Fv2%2Fcategories&post=2639"},{"taxonomy":"post_tag","embeddable":true,"href":"https:\/\/www.bachmann-museum.de\/index.php?rest_route=%2Fwp%2Fv2%2Ftags&post=2639"}],"curies":[{"name":"wp","href":"https:\/\/api.w.org\/{rel}","templated":true}]}}