{"id":2515,"date":"2019-06-17T08:44:44","date_gmt":"2019-06-17T06:44:44","guid":{"rendered":"http:\/\/www.bachmann-museum.de\/?p=2515"},"modified":"2019-06-19T10:11:49","modified_gmt":"2019-06-19T08:11:49","slug":"23-06-19-17-uhr-autorenlesung-zum-klimawandel","status":"publish","type":"post","link":"https:\/\/www.bachmann-museum.de\/?p=2515","title":{"rendered":"23.06.19 17 Uhr Autorenlesung zum Klimawandel"},"content":{"rendered":"<p><strong>\u201eEWE Stiftung unterwegs\u201c am Sonntag, den 23.06.2019 um 17 Uhr im Bachmann-Museum Bremerv\u00f6rde: <em>Autorenlesung mit Anne Weiss und Stefan Bronner \u201eGeneration Weltuntergang. Warum wir schon mitten im Klimawandel stecken, wie schlimm es wird und was wir jetzt tun m\u00fcssen\u201c<\/em><\/strong><\/p>\n<p>Ungew\u00f6hnlich hei\u00dfe Sommer, Starkregen, \u00dcberflutungen, Waldbr\u00e4nde, Superst\u00fcrme, schmelzende Gletscher: der Klimawandel ist da und wir stecken mitten drin. Eine Tatsache, die kein gut informierter und engagierter Mensch ernsthaft leugnet. Unstrittig ist auch, dass es unser ressourcenintensives Konsumverhalten ist, das den Klimawandel ma\u00dfgeblich antreibt. Doch was k\u00f6nnen wir schon tun?<\/p>\n<p>Die gute Antwort ist: Eine ganze Menge! \u201eDas ist unser Gl\u00fcck und unsere Chance\u201c wissen Anne Weiss und Stefan Bronner. Denn wenn die gegenw\u00e4rtige Generation jetzt die richtigen Konsequenzen zieht, k\u00f6nnen wir die globale Klimakatastrophe vielleicht doch noch verhindern.<\/p>\n<p>Das Autorenduo berichtet wissenschaftlich fundiert und doch leicht verst\u00e4ndlich \u00fcber die Geschichte des Klimawandels und geben Antworten auf die dr\u00e4ngendsten Frage: Ist die Menschheit noch zu retten?<\/p>\n<p>\u201eDie Reihe \u201eEWE Stiftung unterwegs\u201c leistet seit 2018 einen Beitrag zur Wissensvermittlung, und zwar auf einer faktenbasierten wie unterhaltsamen Art und Weise. Damit verwirklich die EWE Stiftung ihre Zwecke Bildung und Wissenschaft und engagiert sich wirksam f\u00fcr das Gemeinwohl\u201c, so Dr. Stephanie Abke, gesch\u00e4ftsf\u00fchrendes Vorstandsmitglied.<\/p>\n<p>Ellen Horstrup M.A., die Museumsleiterin des Bachmann-Museums \u00a0Bremerv\u00f6rde \u00a0erg\u00e4nzt: \u201eMit der Autorenlesung erf\u00fcllen wir als Kultureinrichtung einmal mehr unseren Bildungsauftrag und sprechen mit einem brandaktuellen Thema zugleich ein breites und j\u00fcngeres Publikum an.\u201c<\/p>\n<p>Die diesj\u00e4hrige Lesereihe beginnt am 18. Juni 2019 um 19 Uhr im Horst-Janssen-Museum Oldenburg. Weitere Stationen sind am 19. Juni um 19 Uhr das Haus M\u00fcller in Ganderkesee, am 21. Juni um 18.30 Uhr das Freilichtmuseum am Kiekeberg in Rosengarten, am 23, Juni um 17 Uhr das Bachmann-Museum Bremerv\u00f6rde sowie am 24. Juni um 18 Uhr das Museumsdorf Cloppenburg.<\/p>\n<p>Anmeldungen erfolgen elektronisch \u00fcber <a href=\"http:\/\/www.mohrevents.de\/ewestiftung\">www.mohrevents.de\/ewestiftung<\/a><\/p>\n<p>Die Veranstaltung ist kostenfrei, signierte B\u00fccher k\u00f6nnen jeweils vor Ort erworben werden. Im Rahmen der Veranstaltungen wird ein kleiner Imbiss gereicht. Auch die Dauerausstellung des Museums ist nach der Lesung f\u00fcr die Besucher ge\u00f6ffnet.<\/p>\n<p>F\u00fcr R\u00fcckfragen steht Dr. Stephanie Abke gerne zur Verf\u00fcgung: <a href=\"mailto:stephanie.abke@ewe.de\">stephanie.abke@ewe.de<\/a>, Tel.: 0441 4805-1660.<\/p>\n<p>Pressekontakt Bachmann-Museum Bremerv\u00f6rde: Katja Tiltmann, Tel.: 04761\/ 983 4606, katja.tiltmann@lk-row.de, Amtsallee 8, 27432 Bremerv\u00f6rde<\/p>\n","protected":false},"excerpt":{"rendered":"<p>\u201eEWE Stiftung unterwegs\u201c am Sonntag, den 23.06.2019 um 17 Uhr im Bachmann-Museum Bremerv\u00f6rde: Autorenlesung mit Anne Weiss und Stefan Bronner \u201eGeneration Weltuntergang. Warum wir schon mitten im Klimawandel stecken, wie schlimm es wird und was wir jetzt tun m\u00fcssen\u201c Ungew\u00f6hnlich hei\u00dfe Sommer, Starkregen, \u00dcberflutungen, Waldbr\u00e4nde, Superst\u00fcrme, schmelzende Gletscher: der Klimawandel ist da und wir stecken [&hellip;]<\/p>\n","protected":false},"author":1,"featured_media":1446,"comment_status":"closed","ping_status":"open","sticky":false,"template":"","format":"standard","meta":{"_jetpack_newsletter_access":"","_jetpack_dont_email_post_to_subs":false,"_jetpack_newsletter_tier_id":0,"_jetpack_memberships_contains_paywalled_content":false,"_jetpack_memberships_contains_paid_content":false,"footnotes":""},"categories":[1],"tags":[],"class_list":["post-2515","post","type-post","status-publish","format-standard","has-post-thumbnail","hentry","category-allgemein"],"yoast_head":"<!-- This site is optimized with the Yoast SEO plugin v27.4 - https:\/\/yoast.com\/product\/yoast-seo-wordpress\/ -->\n<title>23.06.19 17 Uhr Autorenlesung zum Klimawandel - Bachmann-Museum Bremerv\u00f6rde<\/title>\n<meta name=\"robots\" content=\"index, follow, max-snippet:-1, max-image-preview:large, max-video-preview:-1\" \/>\n<link rel=\"canonical\" href=\"https:\/\/www.bachmann-museum.de\/?p=2515\" \/>\n<meta property=\"og:locale\" content=\"de_DE\" \/>\n<meta property=\"og:type\" content=\"article\" \/>\n<meta property=\"og:title\" content=\"23.06.19 17 Uhr Autorenlesung zum Klimawandel - Bachmann-Museum Bremerv\u00f6rde\" \/>\n<meta property=\"og:description\" content=\"\u201eEWE Stiftung unterwegs\u201c am Sonntag, den 23.06.2019 um 17 Uhr im Bachmann-Museum Bremerv\u00f6rde: Autorenlesung mit Anne Weiss und Stefan Bronner \u201eGeneration Weltuntergang. Warum wir schon mitten im Klimawandel stecken, wie schlimm es wird und was wir jetzt tun m\u00fcssen\u201c Ungew\u00f6hnlich hei\u00dfe Sommer, Starkregen, \u00dcberflutungen, Waldbr\u00e4nde, Superst\u00fcrme, schmelzende Gletscher: der Klimawandel ist da und wir stecken [&hellip;]\" \/>\n<meta property=\"og:url\" content=\"https:\/\/www.bachmann-museum.de\/?p=2515\" \/>\n<meta property=\"og:site_name\" content=\"Bachmann-Museum Bremerv\u00f6rde\" \/>\n<meta property=\"article:published_time\" content=\"2019-06-17T06:44:44+00:00\" \/>\n<meta property=\"article:modified_time\" content=\"2019-06-19T08:11:49+00:00\" \/>\n<meta property=\"og:image\" content=\"https:\/\/i0.wp.com\/www.bachmann-museum.de\/wp-content\/uploads\/2016\/10\/IMG_1596-Kopie.jpg?fit=761%2C505&ssl=1\" \/>\n\t<meta property=\"og:image:width\" content=\"761\" \/>\n\t<meta property=\"og:image:height\" content=\"505\" \/>\n\t<meta property=\"og:image:type\" content=\"image\/jpeg\" \/>\n<meta name=\"author\" content=\"Bachmann-Admin_1\" \/>\n<meta name=\"twitter:card\" content=\"summary_large_image\" \/>\n<meta name=\"twitter:label1\" content=\"Verfasst von\" \/>\n\t<meta name=\"twitter:data1\" content=\"Bachmann-Admin_1\" \/>\n\t<meta name=\"twitter:label2\" content=\"Gesch\u00e4tzte Lesezeit\" \/>\n\t<meta name=\"twitter:data2\" content=\"2\u00a0Minuten\" \/>\n<script type=\"application\/ld+json\" class=\"yoast-schema-graph\">{\"@context\":\"https:\\\/\\\/schema.org\",\"@graph\":[{\"@type\":\"Article\",\"@id\":\"https:\\\/\\\/www.bachmann-museum.de\\\/?p=2515#article\",\"isPartOf\":{\"@id\":\"https:\\\/\\\/www.bachmann-museum.de\\\/?p=2515\"},\"author\":{\"name\":\"Bachmann-Admin_1\",\"@id\":\"https:\\\/\\\/www.bachmann-museum.de\\\/#\\\/schema\\\/person\\\/4e0a96d1ed2480e1c23c3d5afb424bee\"},\"headline\":\"23.06.19 17 Uhr Autorenlesung zum Klimawandel\",\"datePublished\":\"2019-06-17T06:44:44+00:00\",\"dateModified\":\"2019-06-19T08:11:49+00:00\",\"mainEntityOfPage\":{\"@id\":\"https:\\\/\\\/www.bachmann-museum.de\\\/?p=2515\"},\"wordCount\":383,\"image\":{\"@id\":\"https:\\\/\\\/www.bachmann-museum.de\\\/?p=2515#primaryimage\"},\"thumbnailUrl\":\"https:\\\/\\\/i0.wp.com\\\/www.bachmann-museum.de\\\/wp-content\\\/uploads\\\/2016\\\/10\\\/IMG_1596-Kopie.jpg?fit=761%2C505&ssl=1\",\"inLanguage\":\"de\"},{\"@type\":\"WebPage\",\"@id\":\"https:\\\/\\\/www.bachmann-museum.de\\\/?p=2515\",\"url\":\"https:\\\/\\\/www.bachmann-museum.de\\\/?p=2515\",\"name\":\"23.06.19 17 Uhr Autorenlesung zum Klimawandel - Bachmann-Museum Bremerv\u00f6rde\",\"isPartOf\":{\"@id\":\"https:\\\/\\\/www.bachmann-museum.de\\\/#website\"},\"primaryImageOfPage\":{\"@id\":\"https:\\\/\\\/www.bachmann-museum.de\\\/?p=2515#primaryimage\"},\"image\":{\"@id\":\"https:\\\/\\\/www.bachmann-museum.de\\\/?p=2515#primaryimage\"},\"thumbnailUrl\":\"https:\\\/\\\/i0.wp.com\\\/www.bachmann-museum.de\\\/wp-content\\\/uploads\\\/2016\\\/10\\\/IMG_1596-Kopie.jpg?fit=761%2C505&ssl=1\",\"datePublished\":\"2019-06-17T06:44:44+00:00\",\"dateModified\":\"2019-06-19T08:11:49+00:00\",\"author\":{\"@id\":\"https:\\\/\\\/www.bachmann-museum.de\\\/#\\\/schema\\\/person\\\/4e0a96d1ed2480e1c23c3d5afb424bee\"},\"breadcrumb\":{\"@id\":\"https:\\\/\\\/www.bachmann-museum.de\\\/?p=2515#breadcrumb\"},\"inLanguage\":\"de\",\"potentialAction\":[{\"@type\":\"ReadAction\",\"target\":[\"https:\\\/\\\/www.bachmann-museum.de\\\/?p=2515\"]}]},{\"@type\":\"ImageObject\",\"inLanguage\":\"de\",\"@id\":\"https:\\\/\\\/www.bachmann-museum.de\\\/?p=2515#primaryimage\",\"url\":\"https:\\\/\\\/i0.wp.com\\\/www.bachmann-museum.de\\\/wp-content\\\/uploads\\\/2016\\\/10\\\/IMG_1596-Kopie.jpg?fit=761%2C505&ssl=1\",\"contentUrl\":\"https:\\\/\\\/i0.wp.com\\\/www.bachmann-museum.de\\\/wp-content\\\/uploads\\\/2016\\\/10\\\/IMG_1596-Kopie.jpg?fit=761%2C505&ssl=1\",\"width\":761,\"height\":505},{\"@type\":\"BreadcrumbList\",\"@id\":\"https:\\\/\\\/www.bachmann-museum.de\\\/?p=2515#breadcrumb\",\"itemListElement\":[{\"@type\":\"ListItem\",\"position\":1,\"name\":\"Start\",\"item\":\"https:\\\/\\\/www.bachmann-museum.de\\\/\"},{\"@type\":\"ListItem\",\"position\":2,\"name\":\"23.06.19 17 Uhr Autorenlesung zum Klimawandel\"}]},{\"@type\":\"WebSite\",\"@id\":\"https:\\\/\\\/www.bachmann-museum.de\\\/#website\",\"url\":\"https:\\\/\\\/www.bachmann-museum.de\\\/\",\"name\":\"Bachmann-Museum Bremerv\u00f6rde\",\"description\":\"\",\"potentialAction\":[{\"@type\":\"SearchAction\",\"target\":{\"@type\":\"EntryPoint\",\"urlTemplate\":\"https:\\\/\\\/www.bachmann-museum.de\\\/?s={search_term_string}\"},\"query-input\":{\"@type\":\"PropertyValueSpecification\",\"valueRequired\":true,\"valueName\":\"search_term_string\"}}],\"inLanguage\":\"de\"},{\"@type\":\"Person\",\"@id\":\"https:\\\/\\\/www.bachmann-museum.de\\\/#\\\/schema\\\/person\\\/4e0a96d1ed2480e1c23c3d5afb424bee\",\"name\":\"Bachmann-Admin_1\",\"image\":{\"@type\":\"ImageObject\",\"inLanguage\":\"de\",\"@id\":\"https:\\\/\\\/secure.gravatar.com\\\/avatar\\\/12b64d40c777adbd0761c887e33f30e0219d4565a9373e68911205fb911bd107?s=96&d=mm&r=g\",\"url\":\"https:\\\/\\\/secure.gravatar.com\\\/avatar\\\/12b64d40c777adbd0761c887e33f30e0219d4565a9373e68911205fb911bd107?s=96&d=mm&r=g\",\"contentUrl\":\"https:\\\/\\\/secure.gravatar.com\\\/avatar\\\/12b64d40c777adbd0761c887e33f30e0219d4565a9373e68911205fb911bd107?s=96&d=mm&r=g\",\"caption\":\"Bachmann-Admin_1\"},\"url\":\"https:\\\/\\\/www.bachmann-museum.de\\\/?author=1\"}]}<\/script>\n<!-- \/ Yoast SEO plugin. -->","yoast_head_json":{"title":"23.06.19 17 Uhr Autorenlesung zum Klimawandel - Bachmann-Museum Bremerv\u00f6rde","robots":{"index":"index","follow":"follow","max-snippet":"max-snippet:-1","max-image-preview":"max-image-preview:large","max-video-preview":"max-video-preview:-1"},"canonical":"https:\/\/www.bachmann-museum.de\/?p=2515","og_locale":"de_DE","og_type":"article","og_title":"23.06.19 17 Uhr Autorenlesung zum Klimawandel - Bachmann-Museum Bremerv\u00f6rde","og_description":"\u201eEWE Stiftung unterwegs\u201c am Sonntag, den 23.06.2019 um 17 Uhr im Bachmann-Museum Bremerv\u00f6rde: Autorenlesung mit Anne Weiss und Stefan Bronner \u201eGeneration Weltuntergang. Warum wir schon mitten im Klimawandel stecken, wie schlimm es wird und was wir jetzt tun m\u00fcssen\u201c Ungew\u00f6hnlich hei\u00dfe Sommer, Starkregen, \u00dcberflutungen, Waldbr\u00e4nde, Superst\u00fcrme, schmelzende Gletscher: der Klimawandel ist da und wir stecken [&hellip;]","og_url":"https:\/\/www.bachmann-museum.de\/?p=2515","og_site_name":"Bachmann-Museum Bremerv\u00f6rde","article_published_time":"2019-06-17T06:44:44+00:00","article_modified_time":"2019-06-19T08:11:49+00:00","og_image":[{"width":761,"height":505,"url":"https:\/\/i0.wp.com\/www.bachmann-museum.de\/wp-content\/uploads\/2016\/10\/IMG_1596-Kopie.jpg?fit=761%2C505&ssl=1","type":"image\/jpeg"}],"author":"Bachmann-Admin_1","twitter_card":"summary_large_image","twitter_misc":{"Verfasst von":"Bachmann-Admin_1","Gesch\u00e4tzte Lesezeit":"2\u00a0Minuten"},"schema":{"@context":"https:\/\/schema.org","@graph":[{"@type":"Article","@id":"https:\/\/www.bachmann-museum.de\/?p=2515#article","isPartOf":{"@id":"https:\/\/www.bachmann-museum.de\/?p=2515"},"author":{"name":"Bachmann-Admin_1","@id":"https:\/\/www.bachmann-museum.de\/#\/schema\/person\/4e0a96d1ed2480e1c23c3d5afb424bee"},"headline":"23.06.19 17 Uhr Autorenlesung zum Klimawandel","datePublished":"2019-06-17T06:44:44+00:00","dateModified":"2019-06-19T08:11:49+00:00","mainEntityOfPage":{"@id":"https:\/\/www.bachmann-museum.de\/?p=2515"},"wordCount":383,"image":{"@id":"https:\/\/www.bachmann-museum.de\/?p=2515#primaryimage"},"thumbnailUrl":"https:\/\/i0.wp.com\/www.bachmann-museum.de\/wp-content\/uploads\/2016\/10\/IMG_1596-Kopie.jpg?fit=761%2C505&ssl=1","inLanguage":"de"},{"@type":"WebPage","@id":"https:\/\/www.bachmann-museum.de\/?p=2515","url":"https:\/\/www.bachmann-museum.de\/?p=2515","name":"23.06.19 17 Uhr Autorenlesung zum Klimawandel - Bachmann-Museum Bremerv\u00f6rde","isPartOf":{"@id":"https:\/\/www.bachmann-museum.de\/#website"},"primaryImageOfPage":{"@id":"https:\/\/www.bachmann-museum.de\/?p=2515#primaryimage"},"image":{"@id":"https:\/\/www.bachmann-museum.de\/?p=2515#primaryimage"},"thumbnailUrl":"https:\/\/i0.wp.com\/www.bachmann-museum.de\/wp-content\/uploads\/2016\/10\/IMG_1596-Kopie.jpg?fit=761%2C505&ssl=1","datePublished":"2019-06-17T06:44:44+00:00","dateModified":"2019-06-19T08:11:49+00:00","author":{"@id":"https:\/\/www.bachmann-museum.de\/#\/schema\/person\/4e0a96d1ed2480e1c23c3d5afb424bee"},"breadcrumb":{"@id":"https:\/\/www.bachmann-museum.de\/?p=2515#breadcrumb"},"inLanguage":"de","potentialAction":[{"@type":"ReadAction","target":["https:\/\/www.bachmann-museum.de\/?p=2515"]}]},{"@type":"ImageObject","inLanguage":"de","@id":"https:\/\/www.bachmann-museum.de\/?p=2515#primaryimage","url":"https:\/\/i0.wp.com\/www.bachmann-museum.de\/wp-content\/uploads\/2016\/10\/IMG_1596-Kopie.jpg?fit=761%2C505&ssl=1","contentUrl":"https:\/\/i0.wp.com\/www.bachmann-museum.de\/wp-content\/uploads\/2016\/10\/IMG_1596-Kopie.jpg?fit=761%2C505&ssl=1","width":761,"height":505},{"@type":"BreadcrumbList","@id":"https:\/\/www.bachmann-museum.de\/?p=2515#breadcrumb","itemListElement":[{"@type":"ListItem","position":1,"name":"Start","item":"https:\/\/www.bachmann-museum.de\/"},{"@type":"ListItem","position":2,"name":"23.06.19 17 Uhr Autorenlesung zum Klimawandel"}]},{"@type":"WebSite","@id":"https:\/\/www.bachmann-museum.de\/#website","url":"https:\/\/www.bachmann-museum.de\/","name":"Bachmann-Museum Bremerv\u00f6rde","description":"","potentialAction":[{"@type":"SearchAction","target":{"@type":"EntryPoint","urlTemplate":"https:\/\/www.bachmann-museum.de\/?s={search_term_string}"},"query-input":{"@type":"PropertyValueSpecification","valueRequired":true,"valueName":"search_term_string"}}],"inLanguage":"de"},{"@type":"Person","@id":"https:\/\/www.bachmann-museum.de\/#\/schema\/person\/4e0a96d1ed2480e1c23c3d5afb424bee","name":"Bachmann-Admin_1","image":{"@type":"ImageObject","inLanguage":"de","@id":"https:\/\/secure.gravatar.com\/avatar\/12b64d40c777adbd0761c887e33f30e0219d4565a9373e68911205fb911bd107?s=96&d=mm&r=g","url":"https:\/\/secure.gravatar.com\/avatar\/12b64d40c777adbd0761c887e33f30e0219d4565a9373e68911205fb911bd107?s=96&d=mm&r=g","contentUrl":"https:\/\/secure.gravatar.com\/avatar\/12b64d40c777adbd0761c887e33f30e0219d4565a9373e68911205fb911bd107?s=96&d=mm&r=g","caption":"Bachmann-Admin_1"},"url":"https:\/\/www.bachmann-museum.de\/?author=1"}]}},"jetpack_featured_media_url":"https:\/\/i0.wp.com\/www.bachmann-museum.de\/wp-content\/uploads\/2016\/10\/IMG_1596-Kopie.jpg?fit=761%2C505&ssl=1","jetpack_sharing_enabled":true,"jetpack_shortlink":"https:\/\/wp.me\/p5DgYi-Ez","jetpack-related-posts":[],"_links":{"self":[{"href":"https:\/\/www.bachmann-museum.de\/index.php?rest_route=\/wp\/v2\/posts\/2515","targetHints":{"allow":["GET"]}}],"collection":[{"href":"https:\/\/www.bachmann-museum.de\/index.php?rest_route=\/wp\/v2\/posts"}],"about":[{"href":"https:\/\/www.bachmann-museum.de\/index.php?rest_route=\/wp\/v2\/types\/post"}],"author":[{"embeddable":true,"href":"https:\/\/www.bachmann-museum.de\/index.php?rest_route=\/wp\/v2\/users\/1"}],"replies":[{"embeddable":true,"href":"https:\/\/www.bachmann-museum.de\/index.php?rest_route=%2Fwp%2Fv2%2Fcomments&post=2515"}],"version-history":[{"count":2,"href":"https:\/\/www.bachmann-museum.de\/index.php?rest_route=\/wp\/v2\/posts\/2515\/revisions"}],"predecessor-version":[{"id":2520,"href":"https:\/\/www.bachmann-museum.de\/index.php?rest_route=\/wp\/v2\/posts\/2515\/revisions\/2520"}],"wp:featuredmedia":[{"embeddable":true,"href":"https:\/\/www.bachmann-museum.de\/index.php?rest_route=\/wp\/v2\/media\/1446"}],"wp:attachment":[{"href":"https:\/\/www.bachmann-museum.de\/index.php?rest_route=%2Fwp%2Fv2%2Fmedia&parent=2515"}],"wp:term":[{"taxonomy":"category","embeddable":true,"href":"https:\/\/www.bachmann-museum.de\/index.php?rest_route=%2Fwp%2Fv2%2Fcategories&post=2515"},{"taxonomy":"post_tag","embeddable":true,"href":"https:\/\/www.bachmann-museum.de\/index.php?rest_route=%2Fwp%2Fv2%2Ftags&post=2515"}],"curies":[{"name":"wp","href":"https:\/\/api.w.org\/{rel}","templated":true}]}}