{"id":2510,"date":"2019-06-13T10:36:11","date_gmt":"2019-06-13T08:36:11","guid":{"rendered":"http:\/\/www.bachmann-museum.de\/?p=2510"},"modified":"2019-07-11T12:00:51","modified_gmt":"2019-07-11T10:00:51","slug":"07-07-19-14-uhr-oeffentliche-fuehrung","status":"publish","type":"post","link":"https:\/\/www.bachmann-museum.de\/?p=2510","title":{"rendered":"4.8.19 14:00 Uhr \u00d6ffentliche Familienf\u00fchrung"},"content":{"rendered":"<p><strong><img data-recalc-dims=\"1\" loading=\"lazy\" decoding=\"async\" data-attachment-id=\"2529\" data-permalink=\"https:\/\/www.bachmann-museum.de\/?attachment_id=2529\" data-orig-file=\"https:\/\/i0.wp.com\/www.bachmann-museum.de\/wp-content\/uploads\/2019\/06\/IMG_4013klein.jpg?fit=1024%2C731&amp;ssl=1\" data-orig-size=\"1024,731\" data-comments-opened=\"0\" data-image-meta=\"{&quot;aperture&quot;:&quot;3.5&quot;,&quot;credit&quot;:&quot;&quot;,&quot;camera&quot;:&quot;Canon EOS 1000D&quot;,&quot;caption&quot;:&quot;&quot;,&quot;created_timestamp&quot;:&quot;1433851429&quot;,&quot;copyright&quot;:&quot;&quot;,&quot;focal_length&quot;:&quot;18&quot;,&quot;iso&quot;:&quot;400&quot;,&quot;shutter_speed&quot;:&quot;0.033333333333333&quot;,&quot;title&quot;:&quot;&quot;,&quot;orientation&quot;:&quot;1&quot;}\" data-image-title=\"IMG_4013klein\" data-image-description=\"\" data-image-caption=\"&lt;p&gt;Originale Funde im Museum&lt;\/p&gt;\n\" data-large-file=\"https:\/\/i0.wp.com\/www.bachmann-museum.de\/wp-content\/uploads\/2019\/06\/IMG_4013klein.jpg?fit=750%2C535&amp;ssl=1\" class=\"alignleft size-medium wp-image-2529\" src=\"https:\/\/i0.wp.com\/www.bachmann-museum.de\/wp-content\/uploads\/2019\/06\/IMG_4013klein.jpg?resize=300%2C214&#038;ssl=1\" alt=\"\" width=\"300\" height=\"214\" srcset=\"https:\/\/i0.wp.com\/www.bachmann-museum.de\/wp-content\/uploads\/2019\/06\/IMG_4013klein.jpg?resize=300%2C214&amp;ssl=1 300w, https:\/\/i0.wp.com\/www.bachmann-museum.de\/wp-content\/uploads\/2019\/06\/IMG_4013klein.jpg?resize=768%2C548&amp;ssl=1 768w, https:\/\/i0.wp.com\/www.bachmann-museum.de\/wp-content\/uploads\/2019\/06\/IMG_4013klein.jpg?w=1024&amp;ssl=1 1024w\" sizes=\"auto, (max-width: 300px) 100vw, 300px\" \/><\/strong><\/p>\n<p style=\"text-align: justify;\">An jedem ersten Sonntag im Monat bieten wir eine \u00f6ffentliche F\u00fchrung zu wechselnden Themen in der Dauerausstellung an. F\u00fcr den n\u00e4chsten Termin am 04. August plant unsere Museumsp\u00e4dagogin Katja Tiltmann M.A. ein Angebot f\u00fcr die ganze Familie. Nach einem \u00dcberblick zur Museumsgeschichte gehen die Besucher auf einen etwa einst\u00fcndigen Rundgang durch die Dauerausstellung. Mit dabei ist immer eine Kiste voller Repliken, anhand derer die Teilnehmer spielerisch einen Eindruck von den Objekten in den Vitrinen bekommen. Der Themenschwerpunkt der Veranstaltung liegt auf der Steinzeit, da die F\u00fchrung auch den Auftakt f\u00fcr den anschlie\u00dfenden Familientag im Steinzeitlager bildet.<\/p>\n<p style=\"text-align: justify;\">Das Angebot beginnt um 14:00 Uhr an der Museumskasse. Amtsallee 8, 27432 Bremerv\u00f6rde. Interessierte k\u00f6nnen sich gerne im Vorfeld unter Telefonnummer 04761-983 4603 anmelden, spontane Teilnehmer sind ebenfalls herzlich willkommen. Eintritt f\u00fcr die \u00f6ffentliche F\u00fchrung: Erwachsene 5,00 \u20ac, Kinder 3,00 \u20ac, Familienkarte (2 Erwachsene + Kinder) 12,00 \u20ac. Eintritt f\u00fcr die \u00f6ffentliche F\u00fchrung inklusive Familientag im Steinzeitlager: Erwachsene 8,00 \u20ac, Kinder 6,00 \u20ac, Familienkarte (2 Erwachsene + Kinder) 19,00 \u20ac.<\/p>\n<p>&nbsp;<\/p>\n","protected":false},"excerpt":{"rendered":"<p>An jedem ersten Sonntag im Monat bieten wir eine \u00f6ffentliche F\u00fchrung zu wechselnden Themen in der Dauerausstellung an. F\u00fcr den n\u00e4chsten Termin am 04. August plant unsere Museumsp\u00e4dagogin Katja Tiltmann M.A. ein Angebot f\u00fcr die ganze Familie. Nach einem \u00dcberblick zur Museumsgeschichte gehen die Besucher auf einen etwa einst\u00fcndigen Rundgang durch die Dauerausstellung. Mit dabei [&hellip;]<\/p>\n","protected":false},"author":1,"featured_media":2529,"comment_status":"closed","ping_status":"open","sticky":false,"template":"","format":"standard","meta":{"_jetpack_newsletter_access":"","_jetpack_dont_email_post_to_subs":false,"_jetpack_newsletter_tier_id":0,"_jetpack_memberships_contains_paywalled_content":false,"_jetpack_memberships_contains_paid_content":false,"footnotes":""},"categories":[1],"tags":[],"class_list":["post-2510","post","type-post","status-publish","format-standard","has-post-thumbnail","hentry","category-allgemein"],"yoast_head":"<!-- This site is optimized with the Yoast SEO plugin v27.4 - https:\/\/yoast.com\/product\/yoast-seo-wordpress\/ -->\n<title>4.8.19 14:00 Uhr \u00d6ffentliche Familienf\u00fchrung - Bachmann-Museum Bremerv\u00f6rde<\/title>\n<meta name=\"robots\" content=\"index, follow, max-snippet:-1, max-image-preview:large, max-video-preview:-1\" \/>\n<link rel=\"canonical\" href=\"https:\/\/www.bachmann-museum.de\/?p=2510\" \/>\n<meta property=\"og:locale\" content=\"de_DE\" \/>\n<meta property=\"og:type\" content=\"article\" \/>\n<meta property=\"og:title\" content=\"4.8.19 14:00 Uhr \u00d6ffentliche Familienf\u00fchrung - Bachmann-Museum Bremerv\u00f6rde\" \/>\n<meta property=\"og:description\" content=\"An jedem ersten Sonntag im Monat bieten wir eine \u00f6ffentliche F\u00fchrung zu wechselnden Themen in der Dauerausstellung an. F\u00fcr den n\u00e4chsten Termin am 04. August plant unsere Museumsp\u00e4dagogin Katja Tiltmann M.A. ein Angebot f\u00fcr die ganze Familie. Nach einem \u00dcberblick zur Museumsgeschichte gehen die Besucher auf einen etwa einst\u00fcndigen Rundgang durch die Dauerausstellung. Mit dabei [&hellip;]\" \/>\n<meta property=\"og:url\" content=\"https:\/\/www.bachmann-museum.de\/?p=2510\" \/>\n<meta property=\"og:site_name\" content=\"Bachmann-Museum Bremerv\u00f6rde\" \/>\n<meta property=\"article:published_time\" content=\"2019-06-13T08:36:11+00:00\" \/>\n<meta property=\"article:modified_time\" content=\"2019-07-11T10:00:51+00:00\" \/>\n<meta property=\"og:image\" content=\"https:\/\/i0.wp.com\/www.bachmann-museum.de\/wp-content\/uploads\/2019\/06\/IMG_4013klein.jpg?fit=1024%2C731&ssl=1\" \/>\n\t<meta property=\"og:image:width\" content=\"1024\" \/>\n\t<meta property=\"og:image:height\" content=\"731\" \/>\n\t<meta property=\"og:image:type\" content=\"image\/jpeg\" \/>\n<meta name=\"author\" content=\"Bachmann-Admin_1\" \/>\n<meta name=\"twitter:card\" content=\"summary_large_image\" \/>\n<meta name=\"twitter:label1\" content=\"Verfasst von\" \/>\n\t<meta name=\"twitter:data1\" content=\"Bachmann-Admin_1\" \/>\n\t<meta name=\"twitter:label2\" content=\"Gesch\u00e4tzte Lesezeit\" \/>\n\t<meta name=\"twitter:data2\" content=\"1\u00a0Minute\" \/>\n<script type=\"application\/ld+json\" class=\"yoast-schema-graph\">{\"@context\":\"https:\\\/\\\/schema.org\",\"@graph\":[{\"@type\":\"Article\",\"@id\":\"https:\\\/\\\/www.bachmann-museum.de\\\/?p=2510#article\",\"isPartOf\":{\"@id\":\"https:\\\/\\\/www.bachmann-museum.de\\\/?p=2510\"},\"author\":{\"name\":\"Bachmann-Admin_1\",\"@id\":\"https:\\\/\\\/www.bachmann-museum.de\\\/#\\\/schema\\\/person\\\/4e0a96d1ed2480e1c23c3d5afb424bee\"},\"headline\":\"4.8.19 14:00 Uhr \u00d6ffentliche Familienf\u00fchrung\",\"datePublished\":\"2019-06-13T08:36:11+00:00\",\"dateModified\":\"2019-07-11T10:00:51+00:00\",\"mainEntityOfPage\":{\"@id\":\"https:\\\/\\\/www.bachmann-museum.de\\\/?p=2510\"},\"wordCount\":166,\"image\":{\"@id\":\"https:\\\/\\\/www.bachmann-museum.de\\\/?p=2510#primaryimage\"},\"thumbnailUrl\":\"https:\\\/\\\/i0.wp.com\\\/www.bachmann-museum.de\\\/wp-content\\\/uploads\\\/2019\\\/06\\\/IMG_4013klein.jpg?fit=1024%2C731&ssl=1\",\"inLanguage\":\"de\"},{\"@type\":\"WebPage\",\"@id\":\"https:\\\/\\\/www.bachmann-museum.de\\\/?p=2510\",\"url\":\"https:\\\/\\\/www.bachmann-museum.de\\\/?p=2510\",\"name\":\"4.8.19 14:00 Uhr \u00d6ffentliche Familienf\u00fchrung - Bachmann-Museum Bremerv\u00f6rde\",\"isPartOf\":{\"@id\":\"https:\\\/\\\/www.bachmann-museum.de\\\/#website\"},\"primaryImageOfPage\":{\"@id\":\"https:\\\/\\\/www.bachmann-museum.de\\\/?p=2510#primaryimage\"},\"image\":{\"@id\":\"https:\\\/\\\/www.bachmann-museum.de\\\/?p=2510#primaryimage\"},\"thumbnailUrl\":\"https:\\\/\\\/i0.wp.com\\\/www.bachmann-museum.de\\\/wp-content\\\/uploads\\\/2019\\\/06\\\/IMG_4013klein.jpg?fit=1024%2C731&ssl=1\",\"datePublished\":\"2019-06-13T08:36:11+00:00\",\"dateModified\":\"2019-07-11T10:00:51+00:00\",\"author\":{\"@id\":\"https:\\\/\\\/www.bachmann-museum.de\\\/#\\\/schema\\\/person\\\/4e0a96d1ed2480e1c23c3d5afb424bee\"},\"breadcrumb\":{\"@id\":\"https:\\\/\\\/www.bachmann-museum.de\\\/?p=2510#breadcrumb\"},\"inLanguage\":\"de\",\"potentialAction\":[{\"@type\":\"ReadAction\",\"target\":[\"https:\\\/\\\/www.bachmann-museum.de\\\/?p=2510\"]}]},{\"@type\":\"ImageObject\",\"inLanguage\":\"de\",\"@id\":\"https:\\\/\\\/www.bachmann-museum.de\\\/?p=2510#primaryimage\",\"url\":\"https:\\\/\\\/i0.wp.com\\\/www.bachmann-museum.de\\\/wp-content\\\/uploads\\\/2019\\\/06\\\/IMG_4013klein.jpg?fit=1024%2C731&ssl=1\",\"contentUrl\":\"https:\\\/\\\/i0.wp.com\\\/www.bachmann-museum.de\\\/wp-content\\\/uploads\\\/2019\\\/06\\\/IMG_4013klein.jpg?fit=1024%2C731&ssl=1\",\"width\":1024,\"height\":731,\"caption\":\"Originale Funde im Museum\"},{\"@type\":\"BreadcrumbList\",\"@id\":\"https:\\\/\\\/www.bachmann-museum.de\\\/?p=2510#breadcrumb\",\"itemListElement\":[{\"@type\":\"ListItem\",\"position\":1,\"name\":\"Start\",\"item\":\"https:\\\/\\\/www.bachmann-museum.de\\\/\"},{\"@type\":\"ListItem\",\"position\":2,\"name\":\"4.8.19 14:00 Uhr \u00d6ffentliche Familienf\u00fchrung\"}]},{\"@type\":\"WebSite\",\"@id\":\"https:\\\/\\\/www.bachmann-museum.de\\\/#website\",\"url\":\"https:\\\/\\\/www.bachmann-museum.de\\\/\",\"name\":\"Bachmann-Museum Bremerv\u00f6rde\",\"description\":\"\",\"potentialAction\":[{\"@type\":\"SearchAction\",\"target\":{\"@type\":\"EntryPoint\",\"urlTemplate\":\"https:\\\/\\\/www.bachmann-museum.de\\\/?s={search_term_string}\"},\"query-input\":{\"@type\":\"PropertyValueSpecification\",\"valueRequired\":true,\"valueName\":\"search_term_string\"}}],\"inLanguage\":\"de\"},{\"@type\":\"Person\",\"@id\":\"https:\\\/\\\/www.bachmann-museum.de\\\/#\\\/schema\\\/person\\\/4e0a96d1ed2480e1c23c3d5afb424bee\",\"name\":\"Bachmann-Admin_1\",\"image\":{\"@type\":\"ImageObject\",\"inLanguage\":\"de\",\"@id\":\"https:\\\/\\\/secure.gravatar.com\\\/avatar\\\/12b64d40c777adbd0761c887e33f30e0219d4565a9373e68911205fb911bd107?s=96&d=mm&r=g\",\"url\":\"https:\\\/\\\/secure.gravatar.com\\\/avatar\\\/12b64d40c777adbd0761c887e33f30e0219d4565a9373e68911205fb911bd107?s=96&d=mm&r=g\",\"contentUrl\":\"https:\\\/\\\/secure.gravatar.com\\\/avatar\\\/12b64d40c777adbd0761c887e33f30e0219d4565a9373e68911205fb911bd107?s=96&d=mm&r=g\",\"caption\":\"Bachmann-Admin_1\"},\"url\":\"https:\\\/\\\/www.bachmann-museum.de\\\/?author=1\"}]}<\/script>\n<!-- \/ Yoast SEO plugin. -->","yoast_head_json":{"title":"4.8.19 14:00 Uhr \u00d6ffentliche Familienf\u00fchrung - Bachmann-Museum Bremerv\u00f6rde","robots":{"index":"index","follow":"follow","max-snippet":"max-snippet:-1","max-image-preview":"max-image-preview:large","max-video-preview":"max-video-preview:-1"},"canonical":"https:\/\/www.bachmann-museum.de\/?p=2510","og_locale":"de_DE","og_type":"article","og_title":"4.8.19 14:00 Uhr \u00d6ffentliche Familienf\u00fchrung - Bachmann-Museum Bremerv\u00f6rde","og_description":"An jedem ersten Sonntag im Monat bieten wir eine \u00f6ffentliche F\u00fchrung zu wechselnden Themen in der Dauerausstellung an. F\u00fcr den n\u00e4chsten Termin am 04. August plant unsere Museumsp\u00e4dagogin Katja Tiltmann M.A. ein Angebot f\u00fcr die ganze Familie. Nach einem \u00dcberblick zur Museumsgeschichte gehen die Besucher auf einen etwa einst\u00fcndigen Rundgang durch die Dauerausstellung. Mit dabei [&hellip;]","og_url":"https:\/\/www.bachmann-museum.de\/?p=2510","og_site_name":"Bachmann-Museum Bremerv\u00f6rde","article_published_time":"2019-06-13T08:36:11+00:00","article_modified_time":"2019-07-11T10:00:51+00:00","og_image":[{"width":1024,"height":731,"url":"https:\/\/i0.wp.com\/www.bachmann-museum.de\/wp-content\/uploads\/2019\/06\/IMG_4013klein.jpg?fit=1024%2C731&ssl=1","type":"image\/jpeg"}],"author":"Bachmann-Admin_1","twitter_card":"summary_large_image","twitter_misc":{"Verfasst von":"Bachmann-Admin_1","Gesch\u00e4tzte Lesezeit":"1\u00a0Minute"},"schema":{"@context":"https:\/\/schema.org","@graph":[{"@type":"Article","@id":"https:\/\/www.bachmann-museum.de\/?p=2510#article","isPartOf":{"@id":"https:\/\/www.bachmann-museum.de\/?p=2510"},"author":{"name":"Bachmann-Admin_1","@id":"https:\/\/www.bachmann-museum.de\/#\/schema\/person\/4e0a96d1ed2480e1c23c3d5afb424bee"},"headline":"4.8.19 14:00 Uhr \u00d6ffentliche Familienf\u00fchrung","datePublished":"2019-06-13T08:36:11+00:00","dateModified":"2019-07-11T10:00:51+00:00","mainEntityOfPage":{"@id":"https:\/\/www.bachmann-museum.de\/?p=2510"},"wordCount":166,"image":{"@id":"https:\/\/www.bachmann-museum.de\/?p=2510#primaryimage"},"thumbnailUrl":"https:\/\/i0.wp.com\/www.bachmann-museum.de\/wp-content\/uploads\/2019\/06\/IMG_4013klein.jpg?fit=1024%2C731&ssl=1","inLanguage":"de"},{"@type":"WebPage","@id":"https:\/\/www.bachmann-museum.de\/?p=2510","url":"https:\/\/www.bachmann-museum.de\/?p=2510","name":"4.8.19 14:00 Uhr \u00d6ffentliche Familienf\u00fchrung - Bachmann-Museum Bremerv\u00f6rde","isPartOf":{"@id":"https:\/\/www.bachmann-museum.de\/#website"},"primaryImageOfPage":{"@id":"https:\/\/www.bachmann-museum.de\/?p=2510#primaryimage"},"image":{"@id":"https:\/\/www.bachmann-museum.de\/?p=2510#primaryimage"},"thumbnailUrl":"https:\/\/i0.wp.com\/www.bachmann-museum.de\/wp-content\/uploads\/2019\/06\/IMG_4013klein.jpg?fit=1024%2C731&ssl=1","datePublished":"2019-06-13T08:36:11+00:00","dateModified":"2019-07-11T10:00:51+00:00","author":{"@id":"https:\/\/www.bachmann-museum.de\/#\/schema\/person\/4e0a96d1ed2480e1c23c3d5afb424bee"},"breadcrumb":{"@id":"https:\/\/www.bachmann-museum.de\/?p=2510#breadcrumb"},"inLanguage":"de","potentialAction":[{"@type":"ReadAction","target":["https:\/\/www.bachmann-museum.de\/?p=2510"]}]},{"@type":"ImageObject","inLanguage":"de","@id":"https:\/\/www.bachmann-museum.de\/?p=2510#primaryimage","url":"https:\/\/i0.wp.com\/www.bachmann-museum.de\/wp-content\/uploads\/2019\/06\/IMG_4013klein.jpg?fit=1024%2C731&ssl=1","contentUrl":"https:\/\/i0.wp.com\/www.bachmann-museum.de\/wp-content\/uploads\/2019\/06\/IMG_4013klein.jpg?fit=1024%2C731&ssl=1","width":1024,"height":731,"caption":"Originale Funde im Museum"},{"@type":"BreadcrumbList","@id":"https:\/\/www.bachmann-museum.de\/?p=2510#breadcrumb","itemListElement":[{"@type":"ListItem","position":1,"name":"Start","item":"https:\/\/www.bachmann-museum.de\/"},{"@type":"ListItem","position":2,"name":"4.8.19 14:00 Uhr \u00d6ffentliche Familienf\u00fchrung"}]},{"@type":"WebSite","@id":"https:\/\/www.bachmann-museum.de\/#website","url":"https:\/\/www.bachmann-museum.de\/","name":"Bachmann-Museum Bremerv\u00f6rde","description":"","potentialAction":[{"@type":"SearchAction","target":{"@type":"EntryPoint","urlTemplate":"https:\/\/www.bachmann-museum.de\/?s={search_term_string}"},"query-input":{"@type":"PropertyValueSpecification","valueRequired":true,"valueName":"search_term_string"}}],"inLanguage":"de"},{"@type":"Person","@id":"https:\/\/www.bachmann-museum.de\/#\/schema\/person\/4e0a96d1ed2480e1c23c3d5afb424bee","name":"Bachmann-Admin_1","image":{"@type":"ImageObject","inLanguage":"de","@id":"https:\/\/secure.gravatar.com\/avatar\/12b64d40c777adbd0761c887e33f30e0219d4565a9373e68911205fb911bd107?s=96&d=mm&r=g","url":"https:\/\/secure.gravatar.com\/avatar\/12b64d40c777adbd0761c887e33f30e0219d4565a9373e68911205fb911bd107?s=96&d=mm&r=g","contentUrl":"https:\/\/secure.gravatar.com\/avatar\/12b64d40c777adbd0761c887e33f30e0219d4565a9373e68911205fb911bd107?s=96&d=mm&r=g","caption":"Bachmann-Admin_1"},"url":"https:\/\/www.bachmann-museum.de\/?author=1"}]}},"jetpack_featured_media_url":"https:\/\/i0.wp.com\/www.bachmann-museum.de\/wp-content\/uploads\/2019\/06\/IMG_4013klein.jpg?fit=1024%2C731&ssl=1","jetpack_sharing_enabled":true,"jetpack_shortlink":"https:\/\/wp.me\/p5DgYi-Eu","jetpack-related-posts":[],"_links":{"self":[{"href":"https:\/\/www.bachmann-museum.de\/index.php?rest_route=\/wp\/v2\/posts\/2510","targetHints":{"allow":["GET"]}}],"collection":[{"href":"https:\/\/www.bachmann-museum.de\/index.php?rest_route=\/wp\/v2\/posts"}],"about":[{"href":"https:\/\/www.bachmann-museum.de\/index.php?rest_route=\/wp\/v2\/types\/post"}],"author":[{"embeddable":true,"href":"https:\/\/www.bachmann-museum.de\/index.php?rest_route=\/wp\/v2\/users\/1"}],"replies":[{"embeddable":true,"href":"https:\/\/www.bachmann-museum.de\/index.php?rest_route=%2Fwp%2Fv2%2Fcomments&post=2510"}],"version-history":[{"count":5,"href":"https:\/\/www.bachmann-museum.de\/index.php?rest_route=\/wp\/v2\/posts\/2510\/revisions"}],"predecessor-version":[{"id":2522,"href":"https:\/\/www.bachmann-museum.de\/index.php?rest_route=\/wp\/v2\/posts\/2510\/revisions\/2522"}],"wp:featuredmedia":[{"embeddable":true,"href":"https:\/\/www.bachmann-museum.de\/index.php?rest_route=\/wp\/v2\/media\/2529"}],"wp:attachment":[{"href":"https:\/\/www.bachmann-museum.de\/index.php?rest_route=%2Fwp%2Fv2%2Fmedia&parent=2510"}],"wp:term":[{"taxonomy":"category","embeddable":true,"href":"https:\/\/www.bachmann-museum.de\/index.php?rest_route=%2Fwp%2Fv2%2Fcategories&post=2510"},{"taxonomy":"post_tag","embeddable":true,"href":"https:\/\/www.bachmann-museum.de\/index.php?rest_route=%2Fwp%2Fv2%2Ftags&post=2510"}],"curies":[{"name":"wp","href":"https:\/\/api.w.org\/{rel}","templated":true}]}}