{"id":2507,"date":"2019-06-13T10:32:35","date_gmt":"2019-06-13T08:32:35","guid":{"rendered":"http:\/\/www.bachmann-museum.de\/?p=2507"},"modified":"2019-08-05T09:38:42","modified_gmt":"2019-08-05T07:38:42","slug":"20-06-19-14-uhr-oeffentliche-kostuemfuehrung","status":"publish","type":"post","link":"https:\/\/www.bachmann-museum.de\/?p=2507","title":{"rendered":"11.8.19 14:00 Uhr \u00d6ffentliche Kost\u00fcmf\u00fchrung"},"content":{"rendered":"<p><img data-recalc-dims=\"1\" loading=\"lazy\" decoding=\"async\" data-attachment-id=\"2540\" data-permalink=\"https:\/\/www.bachmann-museum.de\/?attachment_id=2540\" data-orig-file=\"https:\/\/i0.wp.com\/www.bachmann-museum.de\/wp-content\/uploads\/2019\/06\/IMG_4852.jpg?fit=865%2C768&amp;ssl=1\" data-orig-size=\"865,768\" data-comments-opened=\"0\" data-image-meta=\"{&quot;aperture&quot;:&quot;7.1&quot;,&quot;credit&quot;:&quot;&quot;,&quot;camera&quot;:&quot;Canon EOS 1000D&quot;,&quot;caption&quot;:&quot;&quot;,&quot;created_timestamp&quot;:&quot;1435507656&quot;,&quot;copyright&quot;:&quot;&quot;,&quot;focal_length&quot;:&quot;45&quot;,&quot;iso&quot;:&quot;100&quot;,&quot;shutter_speed&quot;:&quot;0.01&quot;,&quot;title&quot;:&quot;&quot;,&quot;orientation&quot;:&quot;1&quot;}\" data-image-title=\"IMG_4852\" data-image-description=\"\" data-image-caption=\"\" data-large-file=\"https:\/\/i0.wp.com\/www.bachmann-museum.de\/wp-content\/uploads\/2019\/06\/IMG_4852.jpg?fit=750%2C666&amp;ssl=1\" class=\"alignleft size-medium wp-image-2540\" src=\"https:\/\/i0.wp.com\/www.bachmann-museum.de\/wp-content\/uploads\/2019\/06\/IMG_4852.jpg?resize=300%2C266&#038;ssl=1\" alt=\"\" width=\"300\" height=\"266\" srcset=\"https:\/\/i0.wp.com\/www.bachmann-museum.de\/wp-content\/uploads\/2019\/06\/IMG_4852.jpg?resize=300%2C266&amp;ssl=1 300w, https:\/\/i0.wp.com\/www.bachmann-museum.de\/wp-content\/uploads\/2019\/06\/IMG_4852.jpg?resize=768%2C682&amp;ssl=1 768w, https:\/\/i0.wp.com\/www.bachmann-museum.de\/wp-content\/uploads\/2019\/06\/IMG_4852.jpg?w=865&amp;ssl=1 865w\" sizes=\"auto, (max-width: 300px) 100vw, 300px\" \/><strong>Am Sonntag findet zum letzten Mal in diesem Jahr eine \u00f6ffentliche Kost\u00fcmf\u00fchrung statt. Um 14:00 Uhr startet die etwa eineinhalbst\u00fcndige \u201eEnt-F\u00fchrung in das 19. Jahrhundert\u201c der G\u00e4stef\u00fchrerinnen Regina Behnken, Anita Ross und Anita Brunkhorst.<\/strong><\/p>\n<p>Bei der historischen Kost\u00fcmf\u00fchrung werden die Besucher von mitteilsamen, lebhaften und manchmal auch vornehmen Charakteren mit auf eine am\u00fcsante Zeitreise genommen. Zwei G\u00e4stef\u00fchrerinnen schl\u00fcpfen in verschiedene historische Rollen und starten vom Museum aus einen Rundgang \u00fcber das Gel\u00e4nde des ehemaligen Schlosses. Mit viel Liebe zum Detail, plattdeutschen Anekdoten und spannenden Geschichten geben sie einen Einblick in das Bremerv\u00f6rde des 19. Jahrhunderts. Dieser Termin am 11. August ist die letzte \u00f6ffentliche Kost\u00fcmf\u00fchrung f\u00fcr das Jahr 2019. Gruppen k\u00f6nnen das Programm jedoch weiterhin f\u00fcr eigene Termine buchen.<\/p>\n<p><strong>Das Angebot beginnt um 14:00 Uhr an der Museumskasse, Amtsallee 8, 27432 Bremerv\u00f6rde. Interessierte k\u00f6nnen sich gerne im Vorfeld unter der Telefonnummer 04761-983 4603 anmelden, spontane Teilnehmer sind ebenfalls herzlich willkommen. Gruppen k\u00f6nnen gerne eine eigene F\u00fchrung buchen. Kosten: Erwachsene 10,00 \u20ac, Kinder ab 7 Jahren 5,50 \u20ac, inkl. Museumseintritt. <\/strong><\/p>\n","protected":false},"excerpt":{"rendered":"<p>Am Sonntag findet zum letzten Mal in diesem Jahr eine \u00f6ffentliche Kost\u00fcmf\u00fchrung statt. Um 14:00 Uhr startet die etwa eineinhalbst\u00fcndige \u201eEnt-F\u00fchrung in das 19. Jahrhundert\u201c der G\u00e4stef\u00fchrerinnen Regina Behnken, Anita Ross und Anita Brunkhorst. Bei der historischen Kost\u00fcmf\u00fchrung werden die Besucher von mitteilsamen, lebhaften und manchmal auch vornehmen Charakteren mit auf eine am\u00fcsante Zeitreise genommen. [&hellip;]<\/p>\n","protected":false},"author":1,"featured_media":2540,"comment_status":"closed","ping_status":"open","sticky":false,"template":"","format":"standard","meta":{"_jetpack_newsletter_access":"","_jetpack_dont_email_post_to_subs":false,"_jetpack_newsletter_tier_id":0,"_jetpack_memberships_contains_paywalled_content":false,"_jetpack_memberships_contains_paid_content":false,"footnotes":""},"categories":[1],"tags":[],"class_list":["post-2507","post","type-post","status-publish","format-standard","has-post-thumbnail","hentry","category-allgemein"],"yoast_head":"<!-- This site is optimized with the Yoast SEO plugin v27.4 - https:\/\/yoast.com\/product\/yoast-seo-wordpress\/ -->\n<title>11.8.19 14:00 Uhr \u00d6ffentliche Kost\u00fcmf\u00fchrung - Bachmann-Museum Bremerv\u00f6rde<\/title>\n<meta name=\"robots\" content=\"index, follow, max-snippet:-1, max-image-preview:large, max-video-preview:-1\" \/>\n<link rel=\"canonical\" href=\"https:\/\/www.bachmann-museum.de\/?p=2507\" \/>\n<meta property=\"og:locale\" content=\"de_DE\" \/>\n<meta property=\"og:type\" content=\"article\" \/>\n<meta property=\"og:title\" content=\"11.8.19 14:00 Uhr \u00d6ffentliche Kost\u00fcmf\u00fchrung - Bachmann-Museum Bremerv\u00f6rde\" \/>\n<meta property=\"og:description\" content=\"Am Sonntag findet zum letzten Mal in diesem Jahr eine \u00f6ffentliche Kost\u00fcmf\u00fchrung statt. Um 14:00 Uhr startet die etwa eineinhalbst\u00fcndige \u201eEnt-F\u00fchrung in das 19. Jahrhundert\u201c der G\u00e4stef\u00fchrerinnen Regina Behnken, Anita Ross und Anita Brunkhorst. Bei der historischen Kost\u00fcmf\u00fchrung werden die Besucher von mitteilsamen, lebhaften und manchmal auch vornehmen Charakteren mit auf eine am\u00fcsante Zeitreise genommen. [&hellip;]\" \/>\n<meta property=\"og:url\" content=\"https:\/\/www.bachmann-museum.de\/?p=2507\" \/>\n<meta property=\"og:site_name\" content=\"Bachmann-Museum Bremerv\u00f6rde\" \/>\n<meta property=\"article:published_time\" content=\"2019-06-13T08:32:35+00:00\" \/>\n<meta property=\"article:modified_time\" content=\"2019-08-05T07:38:42+00:00\" \/>\n<meta property=\"og:image\" content=\"https:\/\/i0.wp.com\/www.bachmann-museum.de\/wp-content\/uploads\/2019\/06\/IMG_4852.jpg?fit=865%2C768&ssl=1\" \/>\n\t<meta property=\"og:image:width\" content=\"865\" \/>\n\t<meta property=\"og:image:height\" content=\"768\" \/>\n\t<meta property=\"og:image:type\" content=\"image\/jpeg\" \/>\n<meta name=\"author\" content=\"Bachmann-Admin_1\" \/>\n<meta name=\"twitter:card\" content=\"summary_large_image\" \/>\n<meta name=\"twitter:label1\" content=\"Verfasst von\" \/>\n\t<meta name=\"twitter:data1\" content=\"Bachmann-Admin_1\" \/>\n\t<meta name=\"twitter:label2\" content=\"Gesch\u00e4tzte Lesezeit\" \/>\n\t<meta name=\"twitter:data2\" content=\"1\u00a0Minute\" \/>\n<script type=\"application\/ld+json\" class=\"yoast-schema-graph\">{\"@context\":\"https:\\\/\\\/schema.org\",\"@graph\":[{\"@type\":\"Article\",\"@id\":\"https:\\\/\\\/www.bachmann-museum.de\\\/?p=2507#article\",\"isPartOf\":{\"@id\":\"https:\\\/\\\/www.bachmann-museum.de\\\/?p=2507\"},\"author\":{\"name\":\"Bachmann-Admin_1\",\"@id\":\"https:\\\/\\\/www.bachmann-museum.de\\\/#\\\/schema\\\/person\\\/4e0a96d1ed2480e1c23c3d5afb424bee\"},\"headline\":\"11.8.19 14:00 Uhr \u00d6ffentliche Kost\u00fcmf\u00fchrung\",\"datePublished\":\"2019-06-13T08:32:35+00:00\",\"dateModified\":\"2019-08-05T07:38:42+00:00\",\"mainEntityOfPage\":{\"@id\":\"https:\\\/\\\/www.bachmann-museum.de\\\/?p=2507\"},\"wordCount\":183,\"image\":{\"@id\":\"https:\\\/\\\/www.bachmann-museum.de\\\/?p=2507#primaryimage\"},\"thumbnailUrl\":\"https:\\\/\\\/i0.wp.com\\\/www.bachmann-museum.de\\\/wp-content\\\/uploads\\\/2019\\\/06\\\/IMG_4852.jpg?fit=865%2C768&ssl=1\",\"inLanguage\":\"de\"},{\"@type\":\"WebPage\",\"@id\":\"https:\\\/\\\/www.bachmann-museum.de\\\/?p=2507\",\"url\":\"https:\\\/\\\/www.bachmann-museum.de\\\/?p=2507\",\"name\":\"11.8.19 14:00 Uhr \u00d6ffentliche Kost\u00fcmf\u00fchrung - Bachmann-Museum Bremerv\u00f6rde\",\"isPartOf\":{\"@id\":\"https:\\\/\\\/www.bachmann-museum.de\\\/#website\"},\"primaryImageOfPage\":{\"@id\":\"https:\\\/\\\/www.bachmann-museum.de\\\/?p=2507#primaryimage\"},\"image\":{\"@id\":\"https:\\\/\\\/www.bachmann-museum.de\\\/?p=2507#primaryimage\"},\"thumbnailUrl\":\"https:\\\/\\\/i0.wp.com\\\/www.bachmann-museum.de\\\/wp-content\\\/uploads\\\/2019\\\/06\\\/IMG_4852.jpg?fit=865%2C768&ssl=1\",\"datePublished\":\"2019-06-13T08:32:35+00:00\",\"dateModified\":\"2019-08-05T07:38:42+00:00\",\"author\":{\"@id\":\"https:\\\/\\\/www.bachmann-museum.de\\\/#\\\/schema\\\/person\\\/4e0a96d1ed2480e1c23c3d5afb424bee\"},\"breadcrumb\":{\"@id\":\"https:\\\/\\\/www.bachmann-museum.de\\\/?p=2507#breadcrumb\"},\"inLanguage\":\"de\",\"potentialAction\":[{\"@type\":\"ReadAction\",\"target\":[\"https:\\\/\\\/www.bachmann-museum.de\\\/?p=2507\"]}]},{\"@type\":\"ImageObject\",\"inLanguage\":\"de\",\"@id\":\"https:\\\/\\\/www.bachmann-museum.de\\\/?p=2507#primaryimage\",\"url\":\"https:\\\/\\\/i0.wp.com\\\/www.bachmann-museum.de\\\/wp-content\\\/uploads\\\/2019\\\/06\\\/IMG_4852.jpg?fit=865%2C768&ssl=1\",\"contentUrl\":\"https:\\\/\\\/i0.wp.com\\\/www.bachmann-museum.de\\\/wp-content\\\/uploads\\\/2019\\\/06\\\/IMG_4852.jpg?fit=865%2C768&ssl=1\",\"width\":865,\"height\":768},{\"@type\":\"BreadcrumbList\",\"@id\":\"https:\\\/\\\/www.bachmann-museum.de\\\/?p=2507#breadcrumb\",\"itemListElement\":[{\"@type\":\"ListItem\",\"position\":1,\"name\":\"Start\",\"item\":\"https:\\\/\\\/www.bachmann-museum.de\\\/\"},{\"@type\":\"ListItem\",\"position\":2,\"name\":\"11.8.19 14:00 Uhr \u00d6ffentliche Kost\u00fcmf\u00fchrung\"}]},{\"@type\":\"WebSite\",\"@id\":\"https:\\\/\\\/www.bachmann-museum.de\\\/#website\",\"url\":\"https:\\\/\\\/www.bachmann-museum.de\\\/\",\"name\":\"Bachmann-Museum Bremerv\u00f6rde\",\"description\":\"\",\"potentialAction\":[{\"@type\":\"SearchAction\",\"target\":{\"@type\":\"EntryPoint\",\"urlTemplate\":\"https:\\\/\\\/www.bachmann-museum.de\\\/?s={search_term_string}\"},\"query-input\":{\"@type\":\"PropertyValueSpecification\",\"valueRequired\":true,\"valueName\":\"search_term_string\"}}],\"inLanguage\":\"de\"},{\"@type\":\"Person\",\"@id\":\"https:\\\/\\\/www.bachmann-museum.de\\\/#\\\/schema\\\/person\\\/4e0a96d1ed2480e1c23c3d5afb424bee\",\"name\":\"Bachmann-Admin_1\",\"image\":{\"@type\":\"ImageObject\",\"inLanguage\":\"de\",\"@id\":\"https:\\\/\\\/secure.gravatar.com\\\/avatar\\\/12b64d40c777adbd0761c887e33f30e0219d4565a9373e68911205fb911bd107?s=96&d=mm&r=g\",\"url\":\"https:\\\/\\\/secure.gravatar.com\\\/avatar\\\/12b64d40c777adbd0761c887e33f30e0219d4565a9373e68911205fb911bd107?s=96&d=mm&r=g\",\"contentUrl\":\"https:\\\/\\\/secure.gravatar.com\\\/avatar\\\/12b64d40c777adbd0761c887e33f30e0219d4565a9373e68911205fb911bd107?s=96&d=mm&r=g\",\"caption\":\"Bachmann-Admin_1\"},\"url\":\"https:\\\/\\\/www.bachmann-museum.de\\\/?author=1\"}]}<\/script>\n<!-- \/ Yoast SEO plugin. -->","yoast_head_json":{"title":"11.8.19 14:00 Uhr \u00d6ffentliche Kost\u00fcmf\u00fchrung - Bachmann-Museum Bremerv\u00f6rde","robots":{"index":"index","follow":"follow","max-snippet":"max-snippet:-1","max-image-preview":"max-image-preview:large","max-video-preview":"max-video-preview:-1"},"canonical":"https:\/\/www.bachmann-museum.de\/?p=2507","og_locale":"de_DE","og_type":"article","og_title":"11.8.19 14:00 Uhr \u00d6ffentliche Kost\u00fcmf\u00fchrung - Bachmann-Museum Bremerv\u00f6rde","og_description":"Am Sonntag findet zum letzten Mal in diesem Jahr eine \u00f6ffentliche Kost\u00fcmf\u00fchrung statt. Um 14:00 Uhr startet die etwa eineinhalbst\u00fcndige \u201eEnt-F\u00fchrung in das 19. Jahrhundert\u201c der G\u00e4stef\u00fchrerinnen Regina Behnken, Anita Ross und Anita Brunkhorst. Bei der historischen Kost\u00fcmf\u00fchrung werden die Besucher von mitteilsamen, lebhaften und manchmal auch vornehmen Charakteren mit auf eine am\u00fcsante Zeitreise genommen. [&hellip;]","og_url":"https:\/\/www.bachmann-museum.de\/?p=2507","og_site_name":"Bachmann-Museum Bremerv\u00f6rde","article_published_time":"2019-06-13T08:32:35+00:00","article_modified_time":"2019-08-05T07:38:42+00:00","og_image":[{"width":865,"height":768,"url":"https:\/\/i0.wp.com\/www.bachmann-museum.de\/wp-content\/uploads\/2019\/06\/IMG_4852.jpg?fit=865%2C768&ssl=1","type":"image\/jpeg"}],"author":"Bachmann-Admin_1","twitter_card":"summary_large_image","twitter_misc":{"Verfasst von":"Bachmann-Admin_1","Gesch\u00e4tzte Lesezeit":"1\u00a0Minute"},"schema":{"@context":"https:\/\/schema.org","@graph":[{"@type":"Article","@id":"https:\/\/www.bachmann-museum.de\/?p=2507#article","isPartOf":{"@id":"https:\/\/www.bachmann-museum.de\/?p=2507"},"author":{"name":"Bachmann-Admin_1","@id":"https:\/\/www.bachmann-museum.de\/#\/schema\/person\/4e0a96d1ed2480e1c23c3d5afb424bee"},"headline":"11.8.19 14:00 Uhr \u00d6ffentliche Kost\u00fcmf\u00fchrung","datePublished":"2019-06-13T08:32:35+00:00","dateModified":"2019-08-05T07:38:42+00:00","mainEntityOfPage":{"@id":"https:\/\/www.bachmann-museum.de\/?p=2507"},"wordCount":183,"image":{"@id":"https:\/\/www.bachmann-museum.de\/?p=2507#primaryimage"},"thumbnailUrl":"https:\/\/i0.wp.com\/www.bachmann-museum.de\/wp-content\/uploads\/2019\/06\/IMG_4852.jpg?fit=865%2C768&ssl=1","inLanguage":"de"},{"@type":"WebPage","@id":"https:\/\/www.bachmann-museum.de\/?p=2507","url":"https:\/\/www.bachmann-museum.de\/?p=2507","name":"11.8.19 14:00 Uhr \u00d6ffentliche Kost\u00fcmf\u00fchrung - Bachmann-Museum Bremerv\u00f6rde","isPartOf":{"@id":"https:\/\/www.bachmann-museum.de\/#website"},"primaryImageOfPage":{"@id":"https:\/\/www.bachmann-museum.de\/?p=2507#primaryimage"},"image":{"@id":"https:\/\/www.bachmann-museum.de\/?p=2507#primaryimage"},"thumbnailUrl":"https:\/\/i0.wp.com\/www.bachmann-museum.de\/wp-content\/uploads\/2019\/06\/IMG_4852.jpg?fit=865%2C768&ssl=1","datePublished":"2019-06-13T08:32:35+00:00","dateModified":"2019-08-05T07:38:42+00:00","author":{"@id":"https:\/\/www.bachmann-museum.de\/#\/schema\/person\/4e0a96d1ed2480e1c23c3d5afb424bee"},"breadcrumb":{"@id":"https:\/\/www.bachmann-museum.de\/?p=2507#breadcrumb"},"inLanguage":"de","potentialAction":[{"@type":"ReadAction","target":["https:\/\/www.bachmann-museum.de\/?p=2507"]}]},{"@type":"ImageObject","inLanguage":"de","@id":"https:\/\/www.bachmann-museum.de\/?p=2507#primaryimage","url":"https:\/\/i0.wp.com\/www.bachmann-museum.de\/wp-content\/uploads\/2019\/06\/IMG_4852.jpg?fit=865%2C768&ssl=1","contentUrl":"https:\/\/i0.wp.com\/www.bachmann-museum.de\/wp-content\/uploads\/2019\/06\/IMG_4852.jpg?fit=865%2C768&ssl=1","width":865,"height":768},{"@type":"BreadcrumbList","@id":"https:\/\/www.bachmann-museum.de\/?p=2507#breadcrumb","itemListElement":[{"@type":"ListItem","position":1,"name":"Start","item":"https:\/\/www.bachmann-museum.de\/"},{"@type":"ListItem","position":2,"name":"11.8.19 14:00 Uhr \u00d6ffentliche Kost\u00fcmf\u00fchrung"}]},{"@type":"WebSite","@id":"https:\/\/www.bachmann-museum.de\/#website","url":"https:\/\/www.bachmann-museum.de\/","name":"Bachmann-Museum Bremerv\u00f6rde","description":"","potentialAction":[{"@type":"SearchAction","target":{"@type":"EntryPoint","urlTemplate":"https:\/\/www.bachmann-museum.de\/?s={search_term_string}"},"query-input":{"@type":"PropertyValueSpecification","valueRequired":true,"valueName":"search_term_string"}}],"inLanguage":"de"},{"@type":"Person","@id":"https:\/\/www.bachmann-museum.de\/#\/schema\/person\/4e0a96d1ed2480e1c23c3d5afb424bee","name":"Bachmann-Admin_1","image":{"@type":"ImageObject","inLanguage":"de","@id":"https:\/\/secure.gravatar.com\/avatar\/12b64d40c777adbd0761c887e33f30e0219d4565a9373e68911205fb911bd107?s=96&d=mm&r=g","url":"https:\/\/secure.gravatar.com\/avatar\/12b64d40c777adbd0761c887e33f30e0219d4565a9373e68911205fb911bd107?s=96&d=mm&r=g","contentUrl":"https:\/\/secure.gravatar.com\/avatar\/12b64d40c777adbd0761c887e33f30e0219d4565a9373e68911205fb911bd107?s=96&d=mm&r=g","caption":"Bachmann-Admin_1"},"url":"https:\/\/www.bachmann-museum.de\/?author=1"}]}},"jetpack_featured_media_url":"https:\/\/i0.wp.com\/www.bachmann-museum.de\/wp-content\/uploads\/2019\/06\/IMG_4852.jpg?fit=865%2C768&ssl=1","jetpack_sharing_enabled":true,"jetpack_shortlink":"https:\/\/wp.me\/p5DgYi-Er","jetpack-related-posts":[],"_links":{"self":[{"href":"https:\/\/www.bachmann-museum.de\/index.php?rest_route=\/wp\/v2\/posts\/2507","targetHints":{"allow":["GET"]}}],"collection":[{"href":"https:\/\/www.bachmann-museum.de\/index.php?rest_route=\/wp\/v2\/posts"}],"about":[{"href":"https:\/\/www.bachmann-museum.de\/index.php?rest_route=\/wp\/v2\/types\/post"}],"author":[{"embeddable":true,"href":"https:\/\/www.bachmann-museum.de\/index.php?rest_route=\/wp\/v2\/users\/1"}],"replies":[{"embeddable":true,"href":"https:\/\/www.bachmann-museum.de\/index.php?rest_route=%2Fwp%2Fv2%2Fcomments&post=2507"}],"version-history":[{"count":5,"href":"https:\/\/www.bachmann-museum.de\/index.php?rest_route=\/wp\/v2\/posts\/2507\/revisions"}],"predecessor-version":[{"id":2567,"href":"https:\/\/www.bachmann-museum.de\/index.php?rest_route=\/wp\/v2\/posts\/2507\/revisions\/2567"}],"wp:featuredmedia":[{"embeddable":true,"href":"https:\/\/www.bachmann-museum.de\/index.php?rest_route=\/wp\/v2\/media\/2540"}],"wp:attachment":[{"href":"https:\/\/www.bachmann-museum.de\/index.php?rest_route=%2Fwp%2Fv2%2Fmedia&parent=2507"}],"wp:term":[{"taxonomy":"category","embeddable":true,"href":"https:\/\/www.bachmann-museum.de\/index.php?rest_route=%2Fwp%2Fv2%2Fcategories&post=2507"},{"taxonomy":"post_tag","embeddable":true,"href":"https:\/\/www.bachmann-museum.de\/index.php?rest_route=%2Fwp%2Fv2%2Ftags&post=2507"}],"curies":[{"name":"wp","href":"https:\/\/api.w.org\/{rel}","templated":true}]}}