{"id":2504,"date":"2019-05-28T12:37:41","date_gmt":"2019-05-28T10:37:41","guid":{"rendered":"http:\/\/www.bachmann-museum.de\/?p=2504"},"modified":"2019-05-28T12:37:41","modified_gmt":"2019-05-28T10:37:41","slug":"09-06-19-14-17-uhr-familientag-im-steinzeitlager","status":"publish","type":"post","link":"https:\/\/www.bachmann-museum.de\/?p=2504","title":{"rendered":"09.06.19 14-17 Uhr Familientag im Steinzeitlager"},"content":{"rendered":"<h4><strong><img data-recalc-dims=\"1\" loading=\"lazy\" decoding=\"async\" data-attachment-id=\"2505\" data-permalink=\"https:\/\/www.bachmann-museum.de\/?attachment_id=2505\" data-orig-file=\"https:\/\/i0.wp.com\/www.bachmann-museum.de\/wp-content\/uploads\/2019\/05\/Familientag-im-Steinzeitlager.jpg?fit=1017%2C768&amp;ssl=1\" data-orig-size=\"1017,768\" data-comments-opened=\"0\" data-image-meta=\"{&quot;aperture&quot;:&quot;5.6&quot;,&quot;credit&quot;:&quot;&quot;,&quot;camera&quot;:&quot;Canon EOS 1000D&quot;,&quot;caption&quot;:&quot;&quot;,&quot;created_timestamp&quot;:&quot;1470737730&quot;,&quot;copyright&quot;:&quot;&quot;,&quot;focal_length&quot;:&quot;18&quot;,&quot;iso&quot;:&quot;400&quot;,&quot;shutter_speed&quot;:&quot;0.0125&quot;,&quot;title&quot;:&quot;&quot;,&quot;orientation&quot;:&quot;1&quot;}\" data-image-title=\"Familientag im Steinzeitlager\" data-image-description=\"\" data-image-caption=\"\" data-large-file=\"https:\/\/i0.wp.com\/www.bachmann-museum.de\/wp-content\/uploads\/2019\/05\/Familientag-im-Steinzeitlager.jpg?fit=750%2C566&amp;ssl=1\" class=\"alignleft wp-image-2505 size-medium\" src=\"https:\/\/i0.wp.com\/www.bachmann-museum.de\/wp-content\/uploads\/2019\/05\/Familientag-im-Steinzeitlager.jpg?resize=300%2C227&#038;ssl=1\" alt=\"\" width=\"300\" height=\"227\" srcset=\"https:\/\/i0.wp.com\/www.bachmann-museum.de\/wp-content\/uploads\/2019\/05\/Familientag-im-Steinzeitlager.jpg?resize=300%2C227&amp;ssl=1 300w, https:\/\/i0.wp.com\/www.bachmann-museum.de\/wp-content\/uploads\/2019\/05\/Familientag-im-Steinzeitlager.jpg?resize=768%2C580&amp;ssl=1 768w, https:\/\/i0.wp.com\/www.bachmann-museum.de\/wp-content\/uploads\/2019\/05\/Familientag-im-Steinzeitlager.jpg?w=1017&amp;ssl=1 1017w\" sizes=\"auto, (max-width: 300px) 100vw, 300px\" \/>Eine Reise in die Steinzeit.<\/strong><\/h4>\n<p><strong>Im Sommer laden wir an wenigen ausgesuchten Terminen zu einem Familiennachmittag in unser Steinzeitlager ein. <\/strong><strong>Zusammen mit den gro\u00dfen und kleinen Besuchern gestaltet Museumsp\u00e4dagogin Katja Tiltmann <\/strong><strong>am Pfingstsonntag <\/strong><strong>von 14:00 &#8211; 17:00 Uhr einen spannenden Nachmittag rund um das Leben in der Mittelsteinzeit.<\/strong><\/p>\n<p>Schon vor vielen tausend Jahren haben Menschen in dieser Region Spuren hinterlassen. Besonders interessant sind ihre Werkzeuge aus Stein. Forscher k\u00f6nnen daraus erkennen, wie diese Menschen damals gelebt haben. Gemeinsam mit der Museumsp\u00e4dagogin Katja Tiltmann startet der Familientag um 14:00 Uhr mit einem Rundgang zu den originalen Objekten aus der Steinzeit in unserer Ausstellung.<\/p>\n<p>Mit vielen neuen Eindr\u00fccken geht es in das Steinzeitlager am idyllischen Auesee direkt neben dem Museum. Katja Tiltmann verr\u00e4t: \u201eDie Menschen sind vor 8000 Jahren als Nomaden von Ort zu Ort gewandert. An einem solchen Platz h\u00e4tten sie sehr gerne ihr Lager aufgeschlagen. Wir nehmen viele Dinge mit an den See, zum Beispiel detailgetreue Nachbildungen von Werkzeugen aus der Steinzeit, die wir zusammen ausprobieren werden.\u201c Aus Weidenstangen, Lederschn\u00fcren, Fellen und Leder errichten alle gemeinsam ein Zelt. Au\u00dferdem verr\u00e4t die Museumsp\u00e4dagogin, wie die Menschen ohne Streichh\u00f6lzer Feuer machen konnten.<\/p>\n<p><strong>Treffpunkt ist um 14:00 Uhr an der Museumskasse. Kinder kommen bitte in Begleitung von mindestens einem Erwachsenen. Bei starkem Regen findet ein alternatives Programm zu steinzeitlichen Werkzeugen und der Herstellung von Schmuck im Museum statt. Amtsallee 8, 27432 Bremerv\u00f6rde. Interessierte k\u00f6nnen sich gerne im Vorfeld unter der Telefonnummer 04761-983 4603 anmelden, spontane Teilnehmer sind ebenfalls herzlich willkommen. Eintritt: Erwachsene 6,00 \u20ac, Kinder 4,00 \u20ac, Familienkarte (2 Erwachsene und Kinder) 15,00 \u20ac. <\/strong><\/p>\n","protected":false},"excerpt":{"rendered":"<p>Eine Reise in die Steinzeit. Im Sommer laden wir an wenigen ausgesuchten Terminen zu einem Familiennachmittag in unser Steinzeitlager ein. Zusammen mit den gro\u00dfen und kleinen Besuchern gestaltet Museumsp\u00e4dagogin Katja Tiltmann am Pfingstsonntag von 14:00 &#8211; 17:00 Uhr einen spannenden Nachmittag rund um das Leben in der Mittelsteinzeit. Schon vor vielen tausend Jahren haben Menschen [&hellip;]<\/p>\n","protected":false},"author":1,"featured_media":2505,"comment_status":"closed","ping_status":"open","sticky":false,"template":"","format":"standard","meta":{"_jetpack_newsletter_access":"","_jetpack_dont_email_post_to_subs":false,"_jetpack_newsletter_tier_id":0,"_jetpack_memberships_contains_paywalled_content":false,"_jetpack_memberships_contains_paid_content":false,"footnotes":""},"categories":[1],"tags":[],"class_list":["post-2504","post","type-post","status-publish","format-standard","has-post-thumbnail","hentry","category-allgemein"],"yoast_head":"<!-- This site is optimized with the Yoast SEO plugin v27.4 - https:\/\/yoast.com\/product\/yoast-seo-wordpress\/ -->\n<title>09.06.19 14-17 Uhr Familientag im Steinzeitlager - Bachmann-Museum Bremerv\u00f6rde<\/title>\n<meta name=\"robots\" content=\"index, follow, max-snippet:-1, max-image-preview:large, max-video-preview:-1\" \/>\n<link rel=\"canonical\" href=\"https:\/\/www.bachmann-museum.de\/?p=2504\" \/>\n<meta property=\"og:locale\" content=\"de_DE\" \/>\n<meta property=\"og:type\" content=\"article\" \/>\n<meta property=\"og:title\" content=\"09.06.19 14-17 Uhr Familientag im Steinzeitlager - Bachmann-Museum Bremerv\u00f6rde\" \/>\n<meta property=\"og:description\" content=\"Eine Reise in die Steinzeit. Im Sommer laden wir an wenigen ausgesuchten Terminen zu einem Familiennachmittag in unser Steinzeitlager ein. Zusammen mit den gro\u00dfen und kleinen Besuchern gestaltet Museumsp\u00e4dagogin Katja Tiltmann am Pfingstsonntag von 14:00 &#8211; 17:00 Uhr einen spannenden Nachmittag rund um das Leben in der Mittelsteinzeit. Schon vor vielen tausend Jahren haben Menschen [&hellip;]\" \/>\n<meta property=\"og:url\" content=\"https:\/\/www.bachmann-museum.de\/?p=2504\" \/>\n<meta property=\"og:site_name\" content=\"Bachmann-Museum Bremerv\u00f6rde\" \/>\n<meta property=\"article:published_time\" content=\"2019-05-28T10:37:41+00:00\" \/>\n<meta property=\"og:image\" content=\"https:\/\/i0.wp.com\/www.bachmann-museum.de\/wp-content\/uploads\/2019\/05\/Familientag-im-Steinzeitlager.jpg?fit=1017%2C768&ssl=1\" \/>\n\t<meta property=\"og:image:width\" content=\"1017\" \/>\n\t<meta property=\"og:image:height\" content=\"768\" \/>\n\t<meta property=\"og:image:type\" content=\"image\/jpeg\" \/>\n<meta name=\"author\" content=\"Bachmann-Admin_1\" \/>\n<meta name=\"twitter:card\" content=\"summary_large_image\" \/>\n<meta name=\"twitter:label1\" content=\"Verfasst von\" \/>\n\t<meta name=\"twitter:data1\" content=\"Bachmann-Admin_1\" \/>\n\t<meta name=\"twitter:label2\" content=\"Gesch\u00e4tzte Lesezeit\" \/>\n\t<meta name=\"twitter:data2\" content=\"1\u00a0Minute\" \/>\n<script type=\"application\/ld+json\" class=\"yoast-schema-graph\">{\"@context\":\"https:\\\/\\\/schema.org\",\"@graph\":[{\"@type\":\"Article\",\"@id\":\"https:\\\/\\\/www.bachmann-museum.de\\\/?p=2504#article\",\"isPartOf\":{\"@id\":\"https:\\\/\\\/www.bachmann-museum.de\\\/?p=2504\"},\"author\":{\"name\":\"Bachmann-Admin_1\",\"@id\":\"https:\\\/\\\/www.bachmann-museum.de\\\/#\\\/schema\\\/person\\\/4e0a96d1ed2480e1c23c3d5afb424bee\"},\"headline\":\"09.06.19 14-17 Uhr Familientag im Steinzeitlager\",\"datePublished\":\"2019-05-28T10:37:41+00:00\",\"mainEntityOfPage\":{\"@id\":\"https:\\\/\\\/www.bachmann-museum.de\\\/?p=2504\"},\"wordCount\":265,\"image\":{\"@id\":\"https:\\\/\\\/www.bachmann-museum.de\\\/?p=2504#primaryimage\"},\"thumbnailUrl\":\"https:\\\/\\\/i0.wp.com\\\/www.bachmann-museum.de\\\/wp-content\\\/uploads\\\/2019\\\/05\\\/Familientag-im-Steinzeitlager.jpg?fit=1017%2C768&ssl=1\",\"inLanguage\":\"de\"},{\"@type\":\"WebPage\",\"@id\":\"https:\\\/\\\/www.bachmann-museum.de\\\/?p=2504\",\"url\":\"https:\\\/\\\/www.bachmann-museum.de\\\/?p=2504\",\"name\":\"09.06.19 14-17 Uhr Familientag im Steinzeitlager - Bachmann-Museum Bremerv\u00f6rde\",\"isPartOf\":{\"@id\":\"https:\\\/\\\/www.bachmann-museum.de\\\/#website\"},\"primaryImageOfPage\":{\"@id\":\"https:\\\/\\\/www.bachmann-museum.de\\\/?p=2504#primaryimage\"},\"image\":{\"@id\":\"https:\\\/\\\/www.bachmann-museum.de\\\/?p=2504#primaryimage\"},\"thumbnailUrl\":\"https:\\\/\\\/i0.wp.com\\\/www.bachmann-museum.de\\\/wp-content\\\/uploads\\\/2019\\\/05\\\/Familientag-im-Steinzeitlager.jpg?fit=1017%2C768&ssl=1\",\"datePublished\":\"2019-05-28T10:37:41+00:00\",\"author\":{\"@id\":\"https:\\\/\\\/www.bachmann-museum.de\\\/#\\\/schema\\\/person\\\/4e0a96d1ed2480e1c23c3d5afb424bee\"},\"breadcrumb\":{\"@id\":\"https:\\\/\\\/www.bachmann-museum.de\\\/?p=2504#breadcrumb\"},\"inLanguage\":\"de\",\"potentialAction\":[{\"@type\":\"ReadAction\",\"target\":[\"https:\\\/\\\/www.bachmann-museum.de\\\/?p=2504\"]}]},{\"@type\":\"ImageObject\",\"inLanguage\":\"de\",\"@id\":\"https:\\\/\\\/www.bachmann-museum.de\\\/?p=2504#primaryimage\",\"url\":\"https:\\\/\\\/i0.wp.com\\\/www.bachmann-museum.de\\\/wp-content\\\/uploads\\\/2019\\\/05\\\/Familientag-im-Steinzeitlager.jpg?fit=1017%2C768&ssl=1\",\"contentUrl\":\"https:\\\/\\\/i0.wp.com\\\/www.bachmann-museum.de\\\/wp-content\\\/uploads\\\/2019\\\/05\\\/Familientag-im-Steinzeitlager.jpg?fit=1017%2C768&ssl=1\",\"width\":1017,\"height\":768},{\"@type\":\"BreadcrumbList\",\"@id\":\"https:\\\/\\\/www.bachmann-museum.de\\\/?p=2504#breadcrumb\",\"itemListElement\":[{\"@type\":\"ListItem\",\"position\":1,\"name\":\"Start\",\"item\":\"https:\\\/\\\/www.bachmann-museum.de\\\/\"},{\"@type\":\"ListItem\",\"position\":2,\"name\":\"09.06.19 14-17 Uhr Familientag im Steinzeitlager\"}]},{\"@type\":\"WebSite\",\"@id\":\"https:\\\/\\\/www.bachmann-museum.de\\\/#website\",\"url\":\"https:\\\/\\\/www.bachmann-museum.de\\\/\",\"name\":\"Bachmann-Museum Bremerv\u00f6rde\",\"description\":\"\",\"potentialAction\":[{\"@type\":\"SearchAction\",\"target\":{\"@type\":\"EntryPoint\",\"urlTemplate\":\"https:\\\/\\\/www.bachmann-museum.de\\\/?s={search_term_string}\"},\"query-input\":{\"@type\":\"PropertyValueSpecification\",\"valueRequired\":true,\"valueName\":\"search_term_string\"}}],\"inLanguage\":\"de\"},{\"@type\":\"Person\",\"@id\":\"https:\\\/\\\/www.bachmann-museum.de\\\/#\\\/schema\\\/person\\\/4e0a96d1ed2480e1c23c3d5afb424bee\",\"name\":\"Bachmann-Admin_1\",\"image\":{\"@type\":\"ImageObject\",\"inLanguage\":\"de\",\"@id\":\"https:\\\/\\\/secure.gravatar.com\\\/avatar\\\/12b64d40c777adbd0761c887e33f30e0219d4565a9373e68911205fb911bd107?s=96&d=mm&r=g\",\"url\":\"https:\\\/\\\/secure.gravatar.com\\\/avatar\\\/12b64d40c777adbd0761c887e33f30e0219d4565a9373e68911205fb911bd107?s=96&d=mm&r=g\",\"contentUrl\":\"https:\\\/\\\/secure.gravatar.com\\\/avatar\\\/12b64d40c777adbd0761c887e33f30e0219d4565a9373e68911205fb911bd107?s=96&d=mm&r=g\",\"caption\":\"Bachmann-Admin_1\"},\"url\":\"https:\\\/\\\/www.bachmann-museum.de\\\/?author=1\"}]}<\/script>\n<!-- \/ Yoast SEO plugin. -->","yoast_head_json":{"title":"09.06.19 14-17 Uhr Familientag im Steinzeitlager - Bachmann-Museum Bremerv\u00f6rde","robots":{"index":"index","follow":"follow","max-snippet":"max-snippet:-1","max-image-preview":"max-image-preview:large","max-video-preview":"max-video-preview:-1"},"canonical":"https:\/\/www.bachmann-museum.de\/?p=2504","og_locale":"de_DE","og_type":"article","og_title":"09.06.19 14-17 Uhr Familientag im Steinzeitlager - Bachmann-Museum Bremerv\u00f6rde","og_description":"Eine Reise in die Steinzeit. Im Sommer laden wir an wenigen ausgesuchten Terminen zu einem Familiennachmittag in unser Steinzeitlager ein. Zusammen mit den gro\u00dfen und kleinen Besuchern gestaltet Museumsp\u00e4dagogin Katja Tiltmann am Pfingstsonntag von 14:00 &#8211; 17:00 Uhr einen spannenden Nachmittag rund um das Leben in der Mittelsteinzeit. Schon vor vielen tausend Jahren haben Menschen [&hellip;]","og_url":"https:\/\/www.bachmann-museum.de\/?p=2504","og_site_name":"Bachmann-Museum Bremerv\u00f6rde","article_published_time":"2019-05-28T10:37:41+00:00","og_image":[{"width":1017,"height":768,"url":"https:\/\/i0.wp.com\/www.bachmann-museum.de\/wp-content\/uploads\/2019\/05\/Familientag-im-Steinzeitlager.jpg?fit=1017%2C768&ssl=1","type":"image\/jpeg"}],"author":"Bachmann-Admin_1","twitter_card":"summary_large_image","twitter_misc":{"Verfasst von":"Bachmann-Admin_1","Gesch\u00e4tzte Lesezeit":"1\u00a0Minute"},"schema":{"@context":"https:\/\/schema.org","@graph":[{"@type":"Article","@id":"https:\/\/www.bachmann-museum.de\/?p=2504#article","isPartOf":{"@id":"https:\/\/www.bachmann-museum.de\/?p=2504"},"author":{"name":"Bachmann-Admin_1","@id":"https:\/\/www.bachmann-museum.de\/#\/schema\/person\/4e0a96d1ed2480e1c23c3d5afb424bee"},"headline":"09.06.19 14-17 Uhr Familientag im Steinzeitlager","datePublished":"2019-05-28T10:37:41+00:00","mainEntityOfPage":{"@id":"https:\/\/www.bachmann-museum.de\/?p=2504"},"wordCount":265,"image":{"@id":"https:\/\/www.bachmann-museum.de\/?p=2504#primaryimage"},"thumbnailUrl":"https:\/\/i0.wp.com\/www.bachmann-museum.de\/wp-content\/uploads\/2019\/05\/Familientag-im-Steinzeitlager.jpg?fit=1017%2C768&ssl=1","inLanguage":"de"},{"@type":"WebPage","@id":"https:\/\/www.bachmann-museum.de\/?p=2504","url":"https:\/\/www.bachmann-museum.de\/?p=2504","name":"09.06.19 14-17 Uhr Familientag im Steinzeitlager - Bachmann-Museum Bremerv\u00f6rde","isPartOf":{"@id":"https:\/\/www.bachmann-museum.de\/#website"},"primaryImageOfPage":{"@id":"https:\/\/www.bachmann-museum.de\/?p=2504#primaryimage"},"image":{"@id":"https:\/\/www.bachmann-museum.de\/?p=2504#primaryimage"},"thumbnailUrl":"https:\/\/i0.wp.com\/www.bachmann-museum.de\/wp-content\/uploads\/2019\/05\/Familientag-im-Steinzeitlager.jpg?fit=1017%2C768&ssl=1","datePublished":"2019-05-28T10:37:41+00:00","author":{"@id":"https:\/\/www.bachmann-museum.de\/#\/schema\/person\/4e0a96d1ed2480e1c23c3d5afb424bee"},"breadcrumb":{"@id":"https:\/\/www.bachmann-museum.de\/?p=2504#breadcrumb"},"inLanguage":"de","potentialAction":[{"@type":"ReadAction","target":["https:\/\/www.bachmann-museum.de\/?p=2504"]}]},{"@type":"ImageObject","inLanguage":"de","@id":"https:\/\/www.bachmann-museum.de\/?p=2504#primaryimage","url":"https:\/\/i0.wp.com\/www.bachmann-museum.de\/wp-content\/uploads\/2019\/05\/Familientag-im-Steinzeitlager.jpg?fit=1017%2C768&ssl=1","contentUrl":"https:\/\/i0.wp.com\/www.bachmann-museum.de\/wp-content\/uploads\/2019\/05\/Familientag-im-Steinzeitlager.jpg?fit=1017%2C768&ssl=1","width":1017,"height":768},{"@type":"BreadcrumbList","@id":"https:\/\/www.bachmann-museum.de\/?p=2504#breadcrumb","itemListElement":[{"@type":"ListItem","position":1,"name":"Start","item":"https:\/\/www.bachmann-museum.de\/"},{"@type":"ListItem","position":2,"name":"09.06.19 14-17 Uhr Familientag im Steinzeitlager"}]},{"@type":"WebSite","@id":"https:\/\/www.bachmann-museum.de\/#website","url":"https:\/\/www.bachmann-museum.de\/","name":"Bachmann-Museum Bremerv\u00f6rde","description":"","potentialAction":[{"@type":"SearchAction","target":{"@type":"EntryPoint","urlTemplate":"https:\/\/www.bachmann-museum.de\/?s={search_term_string}"},"query-input":{"@type":"PropertyValueSpecification","valueRequired":true,"valueName":"search_term_string"}}],"inLanguage":"de"},{"@type":"Person","@id":"https:\/\/www.bachmann-museum.de\/#\/schema\/person\/4e0a96d1ed2480e1c23c3d5afb424bee","name":"Bachmann-Admin_1","image":{"@type":"ImageObject","inLanguage":"de","@id":"https:\/\/secure.gravatar.com\/avatar\/12b64d40c777adbd0761c887e33f30e0219d4565a9373e68911205fb911bd107?s=96&d=mm&r=g","url":"https:\/\/secure.gravatar.com\/avatar\/12b64d40c777adbd0761c887e33f30e0219d4565a9373e68911205fb911bd107?s=96&d=mm&r=g","contentUrl":"https:\/\/secure.gravatar.com\/avatar\/12b64d40c777adbd0761c887e33f30e0219d4565a9373e68911205fb911bd107?s=96&d=mm&r=g","caption":"Bachmann-Admin_1"},"url":"https:\/\/www.bachmann-museum.de\/?author=1"}]}},"jetpack_featured_media_url":"https:\/\/i0.wp.com\/www.bachmann-museum.de\/wp-content\/uploads\/2019\/05\/Familientag-im-Steinzeitlager.jpg?fit=1017%2C768&ssl=1","jetpack_sharing_enabled":true,"jetpack_shortlink":"https:\/\/wp.me\/p5DgYi-Eo","jetpack-related-posts":[],"_links":{"self":[{"href":"https:\/\/www.bachmann-museum.de\/index.php?rest_route=\/wp\/v2\/posts\/2504","targetHints":{"allow":["GET"]}}],"collection":[{"href":"https:\/\/www.bachmann-museum.de\/index.php?rest_route=\/wp\/v2\/posts"}],"about":[{"href":"https:\/\/www.bachmann-museum.de\/index.php?rest_route=\/wp\/v2\/types\/post"}],"author":[{"embeddable":true,"href":"https:\/\/www.bachmann-museum.de\/index.php?rest_route=\/wp\/v2\/users\/1"}],"replies":[{"embeddable":true,"href":"https:\/\/www.bachmann-museum.de\/index.php?rest_route=%2Fwp%2Fv2%2Fcomments&post=2504"}],"version-history":[{"count":1,"href":"https:\/\/www.bachmann-museum.de\/index.php?rest_route=\/wp\/v2\/posts\/2504\/revisions"}],"predecessor-version":[{"id":2506,"href":"https:\/\/www.bachmann-museum.de\/index.php?rest_route=\/wp\/v2\/posts\/2504\/revisions\/2506"}],"wp:featuredmedia":[{"embeddable":true,"href":"https:\/\/www.bachmann-museum.de\/index.php?rest_route=\/wp\/v2\/media\/2505"}],"wp:attachment":[{"href":"https:\/\/www.bachmann-museum.de\/index.php?rest_route=%2Fwp%2Fv2%2Fmedia&parent=2504"}],"wp:term":[{"taxonomy":"category","embeddable":true,"href":"https:\/\/www.bachmann-museum.de\/index.php?rest_route=%2Fwp%2Fv2%2Fcategories&post=2504"},{"taxonomy":"post_tag","embeddable":true,"href":"https:\/\/www.bachmann-museum.de\/index.php?rest_route=%2Fwp%2Fv2%2Ftags&post=2504"}],"curies":[{"name":"wp","href":"https:\/\/api.w.org\/{rel}","templated":true}]}}