{"id":2502,"date":"2019-05-23T18:31:08","date_gmt":"2019-05-23T16:31:08","guid":{"rendered":"http:\/\/www.bachmann-museum.de\/?p=2502"},"modified":"2019-10-08T11:21:20","modified_gmt":"2019-10-08T09:21:20","slug":"02-06-19-14-uhr-oeffentliche-fuehrung","status":"publish","type":"post","link":"https:\/\/www.bachmann-museum.de\/?p=2502","title":{"rendered":"10. Oktober 2019 10:00-12:00 Uhr Ferienspa\u00df Angebot zur Bronzezeit"},"content":{"rendered":"<h4><strong><img data-recalc-dims=\"1\" loading=\"lazy\" decoding=\"async\" data-attachment-id=\"2209\" data-permalink=\"https:\/\/www.bachmann-museum.de\/?attachment_id=2209\" data-orig-file=\"https:\/\/i0.wp.com\/www.bachmann-museum.de\/wp-content\/uploads\/2018\/09\/Rasiermesser_02-Kopie-e1541682787295.jpg?fit=477%2C401&amp;ssl=1\" data-orig-size=\"477,401\" data-comments-opened=\"0\" data-image-meta=\"{&quot;aperture&quot;:&quot;0&quot;,&quot;credit&quot;:&quot;&quot;,&quot;camera&quot;:&quot;NIKON D600&quot;,&quot;caption&quot;:&quot;????????????????????????????????????&quot;,&quot;created_timestamp&quot;:&quot;1395768688&quot;,&quot;copyright&quot;:&quot;&quot;,&quot;focal_length&quot;:&quot;0&quot;,&quot;iso&quot;:&quot;800&quot;,&quot;shutter_speed&quot;:&quot;0.00625&quot;,&quot;title&quot;:&quot;&quot;,&quot;orientation&quot;:&quot;1&quot;}\" data-image-title=\"Rasiermesser_02 &amp;#8211; Kopie\" data-image-description=\"\" data-image-caption=\"\" data-large-file=\"https:\/\/i0.wp.com\/www.bachmann-museum.de\/wp-content\/uploads\/2018\/09\/Rasiermesser_02-Kopie-e1541682787295.jpg?fit=477%2C401&amp;ssl=1\" class=\"size-medium wp-image-2209 alignleft\" src=\"https:\/\/i0.wp.com\/www.bachmann-museum.de\/wp-content\/uploads\/2018\/09\/Rasiermesser_02-Kopie-e1541682787295-300x252.jpg?resize=300%2C252&#038;ssl=1\" alt=\"\" width=\"300\" height=\"252\" srcset=\"https:\/\/i0.wp.com\/www.bachmann-museum.de\/wp-content\/uploads\/2018\/09\/Rasiermesser_02-Kopie-e1541682787295.jpg?resize=300%2C252&amp;ssl=1 300w, https:\/\/i0.wp.com\/www.bachmann-museum.de\/wp-content\/uploads\/2018\/09\/Rasiermesser_02-Kopie-e1541682787295.jpg?w=477&amp;ssl=1 477w\" sizes=\"auto, (max-width: 300px) 100vw, 300px\" \/><\/strong><\/h4>\n<p>In diesen Herbstferien l\u00e4dt das Bachmann-Museum Familien zu einem Ausflug in die Bronzezeit ein. Denn in der Dauerausstellung des Museums befinden sich viele faszinierende Objekte aus Bronze, die von Arch\u00e4ologen im Elbe-Weser-Dreieck gefunden worden sind. Geheimnisvolle Rasiermesser und elegante Schmucknadeln, aber auch Beile und Dolche stellten die Menschen ab 2000 vor Christus aus Bronze her. Gemeinsam begeben wir uns auf die Spur der Bronzeobjekte in der Dauerausstellung. Was erz\u00e4hlen die Objekte aus Bronze \u00fcber das Leben der Menschen? Wie sah der Schmuck der Menschen damals aus?<\/p>\n<p>Nachdem wir die vielen originalen Objekte aus Bronze in der Ausstellung bewundert haben, geht es im Anschluss in die Schmuckwerkstatt. Hier k\u00f6nnen gro\u00dfe und kleine Besucher aus Bronze selbst ein Schmuckst\u00fcck herstellen und dieses als Andenken mit nach Hause nehmen.<\/p>\n<p>Da die Teilnehmerzahl begrenzt ist, wird eine Anmeldung empfohlen. Start ist um 10:00 Uhr an der Museumskasse. Kinder kommen bitte in Begleitung von mindestens einem Erwachsenen. Anmeldungen und weitere Informationen unter der 04761-983 4603 und <a href=\"https:\/\/www.bachmann-museum.de\">www.bachmann-museum.de<\/a>. Preise: Erwachsene 5,50 \u20ac, Kinder 3,50 \u20ac, Familienkarte (2 Erwachsene + Kinder) 13,50 \u20ac. Bachmann-Museum Bremerv\u00f6rde, Amtsallee 8 in 27432 Bremerv\u00f6rde<\/p>\n<p>&nbsp;<\/p>\n","protected":false},"excerpt":{"rendered":"<p>In diesen Herbstferien l\u00e4dt das Bachmann-Museum Familien zu einem Ausflug in die Bronzezeit ein. Denn in der Dauerausstellung des Museums befinden sich viele faszinierende Objekte aus Bronze, die von Arch\u00e4ologen im Elbe-Weser-Dreieck gefunden worden sind. Geheimnisvolle Rasiermesser und elegante Schmucknadeln, aber auch Beile und Dolche stellten die Menschen ab 2000 vor Christus aus Bronze her. [&hellip;]<\/p>\n","protected":false},"author":1,"featured_media":2209,"comment_status":"closed","ping_status":"open","sticky":false,"template":"","format":"standard","meta":{"_jetpack_newsletter_access":"","_jetpack_dont_email_post_to_subs":false,"_jetpack_newsletter_tier_id":0,"_jetpack_memberships_contains_paywalled_content":false,"_jetpack_memberships_contains_paid_content":false,"footnotes":""},"categories":[1],"tags":[],"class_list":["post-2502","post","type-post","status-publish","format-standard","has-post-thumbnail","hentry","category-allgemein"],"yoast_head":"<!-- This site is optimized with the Yoast SEO plugin v27.4 - https:\/\/yoast.com\/product\/yoast-seo-wordpress\/ -->\n<title>10. Oktober 2019 10:00-12:00 Uhr Ferienspa\u00df Angebot zur Bronzezeit - Bachmann-Museum Bremerv\u00f6rde<\/title>\n<meta name=\"robots\" content=\"index, follow, max-snippet:-1, max-image-preview:large, max-video-preview:-1\" \/>\n<link rel=\"canonical\" href=\"https:\/\/www.bachmann-museum.de\/?p=2502\" \/>\n<meta property=\"og:locale\" content=\"de_DE\" \/>\n<meta property=\"og:type\" content=\"article\" \/>\n<meta property=\"og:title\" content=\"10. Oktober 2019 10:00-12:00 Uhr Ferienspa\u00df Angebot zur Bronzezeit - Bachmann-Museum Bremerv\u00f6rde\" \/>\n<meta property=\"og:description\" content=\"In diesen Herbstferien l\u00e4dt das Bachmann-Museum Familien zu einem Ausflug in die Bronzezeit ein. Denn in der Dauerausstellung des Museums befinden sich viele faszinierende Objekte aus Bronze, die von Arch\u00e4ologen im Elbe-Weser-Dreieck gefunden worden sind. Geheimnisvolle Rasiermesser und elegante Schmucknadeln, aber auch Beile und Dolche stellten die Menschen ab 2000 vor Christus aus Bronze her. [&hellip;]\" \/>\n<meta property=\"og:url\" content=\"https:\/\/www.bachmann-museum.de\/?p=2502\" \/>\n<meta property=\"og:site_name\" content=\"Bachmann-Museum Bremerv\u00f6rde\" \/>\n<meta property=\"article:published_time\" content=\"2019-05-23T16:31:08+00:00\" \/>\n<meta property=\"article:modified_time\" content=\"2019-10-08T09:21:20+00:00\" \/>\n<meta property=\"og:image\" content=\"https:\/\/i0.wp.com\/www.bachmann-museum.de\/wp-content\/uploads\/2018\/09\/Rasiermesser_02-Kopie-e1541682787295.jpg?fit=477%2C401&ssl=1\" \/>\n\t<meta property=\"og:image:width\" content=\"477\" \/>\n\t<meta property=\"og:image:height\" content=\"401\" \/>\n\t<meta property=\"og:image:type\" content=\"image\/jpeg\" \/>\n<meta name=\"author\" content=\"Bachmann-Admin_1\" \/>\n<meta name=\"twitter:card\" content=\"summary_large_image\" \/>\n<meta name=\"twitter:label1\" content=\"Verfasst von\" \/>\n\t<meta name=\"twitter:data1\" content=\"Bachmann-Admin_1\" \/>\n\t<meta name=\"twitter:label2\" content=\"Gesch\u00e4tzte Lesezeit\" \/>\n\t<meta name=\"twitter:data2\" content=\"1\u00a0Minute\" \/>\n<script type=\"application\/ld+json\" class=\"yoast-schema-graph\">{\"@context\":\"https:\\\/\\\/schema.org\",\"@graph\":[{\"@type\":\"Article\",\"@id\":\"https:\\\/\\\/www.bachmann-museum.de\\\/?p=2502#article\",\"isPartOf\":{\"@id\":\"https:\\\/\\\/www.bachmann-museum.de\\\/?p=2502\"},\"author\":{\"name\":\"Bachmann-Admin_1\",\"@id\":\"https:\\\/\\\/www.bachmann-museum.de\\\/#\\\/schema\\\/person\\\/4e0a96d1ed2480e1c23c3d5afb424bee\"},\"headline\":\"10. Oktober 2019 10:00-12:00 Uhr Ferienspa\u00df Angebot zur Bronzezeit\",\"datePublished\":\"2019-05-23T16:31:08+00:00\",\"dateModified\":\"2019-10-08T09:21:20+00:00\",\"mainEntityOfPage\":{\"@id\":\"https:\\\/\\\/www.bachmann-museum.de\\\/?p=2502\"},\"wordCount\":188,\"image\":{\"@id\":\"https:\\\/\\\/www.bachmann-museum.de\\\/?p=2502#primaryimage\"},\"thumbnailUrl\":\"https:\\\/\\\/i0.wp.com\\\/www.bachmann-museum.de\\\/wp-content\\\/uploads\\\/2018\\\/09\\\/Rasiermesser_02-Kopie-e1541682787295.jpg?fit=477%2C401&ssl=1\",\"inLanguage\":\"de\"},{\"@type\":\"WebPage\",\"@id\":\"https:\\\/\\\/www.bachmann-museum.de\\\/?p=2502\",\"url\":\"https:\\\/\\\/www.bachmann-museum.de\\\/?p=2502\",\"name\":\"10. Oktober 2019 10:00-12:00 Uhr Ferienspa\u00df Angebot zur Bronzezeit - Bachmann-Museum Bremerv\u00f6rde\",\"isPartOf\":{\"@id\":\"https:\\\/\\\/www.bachmann-museum.de\\\/#website\"},\"primaryImageOfPage\":{\"@id\":\"https:\\\/\\\/www.bachmann-museum.de\\\/?p=2502#primaryimage\"},\"image\":{\"@id\":\"https:\\\/\\\/www.bachmann-museum.de\\\/?p=2502#primaryimage\"},\"thumbnailUrl\":\"https:\\\/\\\/i0.wp.com\\\/www.bachmann-museum.de\\\/wp-content\\\/uploads\\\/2018\\\/09\\\/Rasiermesser_02-Kopie-e1541682787295.jpg?fit=477%2C401&ssl=1\",\"datePublished\":\"2019-05-23T16:31:08+00:00\",\"dateModified\":\"2019-10-08T09:21:20+00:00\",\"author\":{\"@id\":\"https:\\\/\\\/www.bachmann-museum.de\\\/#\\\/schema\\\/person\\\/4e0a96d1ed2480e1c23c3d5afb424bee\"},\"breadcrumb\":{\"@id\":\"https:\\\/\\\/www.bachmann-museum.de\\\/?p=2502#breadcrumb\"},\"inLanguage\":\"de\",\"potentialAction\":[{\"@type\":\"ReadAction\",\"target\":[\"https:\\\/\\\/www.bachmann-museum.de\\\/?p=2502\"]}]},{\"@type\":\"ImageObject\",\"inLanguage\":\"de\",\"@id\":\"https:\\\/\\\/www.bachmann-museum.de\\\/?p=2502#primaryimage\",\"url\":\"https:\\\/\\\/i0.wp.com\\\/www.bachmann-museum.de\\\/wp-content\\\/uploads\\\/2018\\\/09\\\/Rasiermesser_02-Kopie-e1541682787295.jpg?fit=477%2C401&ssl=1\",\"contentUrl\":\"https:\\\/\\\/i0.wp.com\\\/www.bachmann-museum.de\\\/wp-content\\\/uploads\\\/2018\\\/09\\\/Rasiermesser_02-Kopie-e1541682787295.jpg?fit=477%2C401&ssl=1\",\"width\":477,\"height\":401},{\"@type\":\"BreadcrumbList\",\"@id\":\"https:\\\/\\\/www.bachmann-museum.de\\\/?p=2502#breadcrumb\",\"itemListElement\":[{\"@type\":\"ListItem\",\"position\":1,\"name\":\"Start\",\"item\":\"https:\\\/\\\/www.bachmann-museum.de\\\/\"},{\"@type\":\"ListItem\",\"position\":2,\"name\":\"10. Oktober 2019 10:00-12:00 Uhr Ferienspa\u00df Angebot zur Bronzezeit\"}]},{\"@type\":\"WebSite\",\"@id\":\"https:\\\/\\\/www.bachmann-museum.de\\\/#website\",\"url\":\"https:\\\/\\\/www.bachmann-museum.de\\\/\",\"name\":\"Bachmann-Museum Bremerv\u00f6rde\",\"description\":\"\",\"potentialAction\":[{\"@type\":\"SearchAction\",\"target\":{\"@type\":\"EntryPoint\",\"urlTemplate\":\"https:\\\/\\\/www.bachmann-museum.de\\\/?s={search_term_string}\"},\"query-input\":{\"@type\":\"PropertyValueSpecification\",\"valueRequired\":true,\"valueName\":\"search_term_string\"}}],\"inLanguage\":\"de\"},{\"@type\":\"Person\",\"@id\":\"https:\\\/\\\/www.bachmann-museum.de\\\/#\\\/schema\\\/person\\\/4e0a96d1ed2480e1c23c3d5afb424bee\",\"name\":\"Bachmann-Admin_1\",\"image\":{\"@type\":\"ImageObject\",\"inLanguage\":\"de\",\"@id\":\"https:\\\/\\\/secure.gravatar.com\\\/avatar\\\/12b64d40c777adbd0761c887e33f30e0219d4565a9373e68911205fb911bd107?s=96&d=mm&r=g\",\"url\":\"https:\\\/\\\/secure.gravatar.com\\\/avatar\\\/12b64d40c777adbd0761c887e33f30e0219d4565a9373e68911205fb911bd107?s=96&d=mm&r=g\",\"contentUrl\":\"https:\\\/\\\/secure.gravatar.com\\\/avatar\\\/12b64d40c777adbd0761c887e33f30e0219d4565a9373e68911205fb911bd107?s=96&d=mm&r=g\",\"caption\":\"Bachmann-Admin_1\"},\"url\":\"https:\\\/\\\/www.bachmann-museum.de\\\/?author=1\"}]}<\/script>\n<!-- \/ Yoast SEO plugin. -->","yoast_head_json":{"title":"10. Oktober 2019 10:00-12:00 Uhr Ferienspa\u00df Angebot zur Bronzezeit - Bachmann-Museum Bremerv\u00f6rde","robots":{"index":"index","follow":"follow","max-snippet":"max-snippet:-1","max-image-preview":"max-image-preview:large","max-video-preview":"max-video-preview:-1"},"canonical":"https:\/\/www.bachmann-museum.de\/?p=2502","og_locale":"de_DE","og_type":"article","og_title":"10. Oktober 2019 10:00-12:00 Uhr Ferienspa\u00df Angebot zur Bronzezeit - Bachmann-Museum Bremerv\u00f6rde","og_description":"In diesen Herbstferien l\u00e4dt das Bachmann-Museum Familien zu einem Ausflug in die Bronzezeit ein. Denn in der Dauerausstellung des Museums befinden sich viele faszinierende Objekte aus Bronze, die von Arch\u00e4ologen im Elbe-Weser-Dreieck gefunden worden sind. Geheimnisvolle Rasiermesser und elegante Schmucknadeln, aber auch Beile und Dolche stellten die Menschen ab 2000 vor Christus aus Bronze her. [&hellip;]","og_url":"https:\/\/www.bachmann-museum.de\/?p=2502","og_site_name":"Bachmann-Museum Bremerv\u00f6rde","article_published_time":"2019-05-23T16:31:08+00:00","article_modified_time":"2019-10-08T09:21:20+00:00","og_image":[{"width":477,"height":401,"url":"https:\/\/i0.wp.com\/www.bachmann-museum.de\/wp-content\/uploads\/2018\/09\/Rasiermesser_02-Kopie-e1541682787295.jpg?fit=477%2C401&ssl=1","type":"image\/jpeg"}],"author":"Bachmann-Admin_1","twitter_card":"summary_large_image","twitter_misc":{"Verfasst von":"Bachmann-Admin_1","Gesch\u00e4tzte Lesezeit":"1\u00a0Minute"},"schema":{"@context":"https:\/\/schema.org","@graph":[{"@type":"Article","@id":"https:\/\/www.bachmann-museum.de\/?p=2502#article","isPartOf":{"@id":"https:\/\/www.bachmann-museum.de\/?p=2502"},"author":{"name":"Bachmann-Admin_1","@id":"https:\/\/www.bachmann-museum.de\/#\/schema\/person\/4e0a96d1ed2480e1c23c3d5afb424bee"},"headline":"10. Oktober 2019 10:00-12:00 Uhr Ferienspa\u00df Angebot zur Bronzezeit","datePublished":"2019-05-23T16:31:08+00:00","dateModified":"2019-10-08T09:21:20+00:00","mainEntityOfPage":{"@id":"https:\/\/www.bachmann-museum.de\/?p=2502"},"wordCount":188,"image":{"@id":"https:\/\/www.bachmann-museum.de\/?p=2502#primaryimage"},"thumbnailUrl":"https:\/\/i0.wp.com\/www.bachmann-museum.de\/wp-content\/uploads\/2018\/09\/Rasiermesser_02-Kopie-e1541682787295.jpg?fit=477%2C401&ssl=1","inLanguage":"de"},{"@type":"WebPage","@id":"https:\/\/www.bachmann-museum.de\/?p=2502","url":"https:\/\/www.bachmann-museum.de\/?p=2502","name":"10. Oktober 2019 10:00-12:00 Uhr Ferienspa\u00df Angebot zur Bronzezeit - Bachmann-Museum Bremerv\u00f6rde","isPartOf":{"@id":"https:\/\/www.bachmann-museum.de\/#website"},"primaryImageOfPage":{"@id":"https:\/\/www.bachmann-museum.de\/?p=2502#primaryimage"},"image":{"@id":"https:\/\/www.bachmann-museum.de\/?p=2502#primaryimage"},"thumbnailUrl":"https:\/\/i0.wp.com\/www.bachmann-museum.de\/wp-content\/uploads\/2018\/09\/Rasiermesser_02-Kopie-e1541682787295.jpg?fit=477%2C401&ssl=1","datePublished":"2019-05-23T16:31:08+00:00","dateModified":"2019-10-08T09:21:20+00:00","author":{"@id":"https:\/\/www.bachmann-museum.de\/#\/schema\/person\/4e0a96d1ed2480e1c23c3d5afb424bee"},"breadcrumb":{"@id":"https:\/\/www.bachmann-museum.de\/?p=2502#breadcrumb"},"inLanguage":"de","potentialAction":[{"@type":"ReadAction","target":["https:\/\/www.bachmann-museum.de\/?p=2502"]}]},{"@type":"ImageObject","inLanguage":"de","@id":"https:\/\/www.bachmann-museum.de\/?p=2502#primaryimage","url":"https:\/\/i0.wp.com\/www.bachmann-museum.de\/wp-content\/uploads\/2018\/09\/Rasiermesser_02-Kopie-e1541682787295.jpg?fit=477%2C401&ssl=1","contentUrl":"https:\/\/i0.wp.com\/www.bachmann-museum.de\/wp-content\/uploads\/2018\/09\/Rasiermesser_02-Kopie-e1541682787295.jpg?fit=477%2C401&ssl=1","width":477,"height":401},{"@type":"BreadcrumbList","@id":"https:\/\/www.bachmann-museum.de\/?p=2502#breadcrumb","itemListElement":[{"@type":"ListItem","position":1,"name":"Start","item":"https:\/\/www.bachmann-museum.de\/"},{"@type":"ListItem","position":2,"name":"10. Oktober 2019 10:00-12:00 Uhr Ferienspa\u00df Angebot zur Bronzezeit"}]},{"@type":"WebSite","@id":"https:\/\/www.bachmann-museum.de\/#website","url":"https:\/\/www.bachmann-museum.de\/","name":"Bachmann-Museum Bremerv\u00f6rde","description":"","potentialAction":[{"@type":"SearchAction","target":{"@type":"EntryPoint","urlTemplate":"https:\/\/www.bachmann-museum.de\/?s={search_term_string}"},"query-input":{"@type":"PropertyValueSpecification","valueRequired":true,"valueName":"search_term_string"}}],"inLanguage":"de"},{"@type":"Person","@id":"https:\/\/www.bachmann-museum.de\/#\/schema\/person\/4e0a96d1ed2480e1c23c3d5afb424bee","name":"Bachmann-Admin_1","image":{"@type":"ImageObject","inLanguage":"de","@id":"https:\/\/secure.gravatar.com\/avatar\/12b64d40c777adbd0761c887e33f30e0219d4565a9373e68911205fb911bd107?s=96&d=mm&r=g","url":"https:\/\/secure.gravatar.com\/avatar\/12b64d40c777adbd0761c887e33f30e0219d4565a9373e68911205fb911bd107?s=96&d=mm&r=g","contentUrl":"https:\/\/secure.gravatar.com\/avatar\/12b64d40c777adbd0761c887e33f30e0219d4565a9373e68911205fb911bd107?s=96&d=mm&r=g","caption":"Bachmann-Admin_1"},"url":"https:\/\/www.bachmann-museum.de\/?author=1"}]}},"jetpack_featured_media_url":"https:\/\/i0.wp.com\/www.bachmann-museum.de\/wp-content\/uploads\/2018\/09\/Rasiermesser_02-Kopie-e1541682787295.jpg?fit=477%2C401&ssl=1","jetpack_sharing_enabled":true,"jetpack_shortlink":"https:\/\/wp.me\/p5DgYi-Em","jetpack-related-posts":[],"_links":{"self":[{"href":"https:\/\/www.bachmann-museum.de\/index.php?rest_route=\/wp\/v2\/posts\/2502","targetHints":{"allow":["GET"]}}],"collection":[{"href":"https:\/\/www.bachmann-museum.de\/index.php?rest_route=\/wp\/v2\/posts"}],"about":[{"href":"https:\/\/www.bachmann-museum.de\/index.php?rest_route=\/wp\/v2\/types\/post"}],"author":[{"embeddable":true,"href":"https:\/\/www.bachmann-museum.de\/index.php?rest_route=\/wp\/v2\/users\/1"}],"replies":[{"embeddable":true,"href":"https:\/\/www.bachmann-museum.de\/index.php?rest_route=%2Fwp%2Fv2%2Fcomments&post=2502"}],"version-history":[{"count":7,"href":"https:\/\/www.bachmann-museum.de\/index.php?rest_route=\/wp\/v2\/posts\/2502\/revisions"}],"predecessor-version":[{"id":2637,"href":"https:\/\/www.bachmann-museum.de\/index.php?rest_route=\/wp\/v2\/posts\/2502\/revisions\/2637"}],"wp:featuredmedia":[{"embeddable":true,"href":"https:\/\/www.bachmann-museum.de\/index.php?rest_route=\/wp\/v2\/media\/2209"}],"wp:attachment":[{"href":"https:\/\/www.bachmann-museum.de\/index.php?rest_route=%2Fwp%2Fv2%2Fmedia&parent=2502"}],"wp:term":[{"taxonomy":"category","embeddable":true,"href":"https:\/\/www.bachmann-museum.de\/index.php?rest_route=%2Fwp%2Fv2%2Fcategories&post=2502"},{"taxonomy":"post_tag","embeddable":true,"href":"https:\/\/www.bachmann-museum.de\/index.php?rest_route=%2Fwp%2Fv2%2Ftags&post=2502"}],"curies":[{"name":"wp","href":"https:\/\/api.w.org\/{rel}","templated":true}]}}