{"id":248,"date":"2015-01-22T15:52:33","date_gmt":"2015-01-22T13:52:33","guid":{"rendered":"http:\/\/www.bachmann-museum.de\/?p=248"},"modified":"2015-01-23T10:34:13","modified_gmt":"2015-01-23T08:34:13","slug":"keramik","status":"publish","type":"post","link":"https:\/\/www.bachmann-museum.de\/?p=248","title":{"rendered":"Sargbeschlag"},"content":{"rendered":"<p style=\"text-align: justify;\"><a href=\"https:\/\/i0.wp.com\/www.bachmann-museum.de\/wp-content\/uploads\/2015\/01\/Sargbeschlag_Wappen_01.jpg?ssl=1\"><img data-recalc-dims=\"1\" loading=\"lazy\" decoding=\"async\" data-attachment-id=\"314\" data-permalink=\"https:\/\/www.bachmann-museum.de\/?attachment_id=314\" data-orig-file=\"https:\/\/i0.wp.com\/www.bachmann-museum.de\/wp-content\/uploads\/2015\/01\/Sargbeschlag_Wappen_01.jpg?fit=792%2C635&amp;ssl=1\" data-orig-size=\"792,635\" data-comments-opened=\"0\" data-image-meta=\"{&quot;aperture&quot;:&quot;4.5&quot;,&quot;credit&quot;:&quot;&quot;,&quot;camera&quot;:&quot;NIKON D600&quot;,&quot;caption&quot;:&quot;&quot;,&quot;created_timestamp&quot;:&quot;1397122664&quot;,&quot;copyright&quot;:&quot;&quot;,&quot;focal_length&quot;:&quot;85&quot;,&quot;iso&quot;:&quot;800&quot;,&quot;shutter_speed&quot;:&quot;0.008&quot;,&quot;title&quot;:&quot;&quot;,&quot;orientation&quot;:&quot;1&quot;}\" data-image-title=\"Sargbeschlag_Wappen_01\" data-image-description=\"\" data-image-caption=\"\" data-large-file=\"https:\/\/i0.wp.com\/www.bachmann-museum.de\/wp-content\/uploads\/2015\/01\/Sargbeschlag_Wappen_01.jpg?fit=750%2C601&amp;ssl=1\" class=\"alignleft wp-image-314\" src=\"https:\/\/i0.wp.com\/www.bachmann-museum.de\/wp-content\/uploads\/2015\/01\/Sargbeschlag_Wappen_01.jpg?resize=410%2C329&#038;ssl=1\" alt=\"Sargbeschlag_Wappen_01\" width=\"410\" height=\"329\" srcset=\"https:\/\/i0.wp.com\/www.bachmann-museum.de\/wp-content\/uploads\/2015\/01\/Sargbeschlag_Wappen_01.jpg?w=792&amp;ssl=1 792w, https:\/\/i0.wp.com\/www.bachmann-museum.de\/wp-content\/uploads\/2015\/01\/Sargbeschlag_Wappen_01.jpg?resize=300%2C241&amp;ssl=1 300w\" sizes=\"auto, (max-width: 410px) 100vw, 410px\" \/><\/a>Im Jahr 1606 stiftete Dietrich Schulte, einer der angesehensten und reichsten M\u00e4nner des Erzstifts Bremen, die Kirche zu Sittensen, in der die Familie seit dieser Zeit auch ihr Erbbegr\u00e4bnis hatte. Zwei Jahrhunderte sp\u00e4ter gab die Adelsfamilie diese Gruft in der Sittenser Kirche auf und legte stattdessen eine neue Anlage auf der f\u00fcr diese Zwecke umgestalteten Alten Burg nahe des von der Familie damals bewohnten Gutshofes an.<br \/>\nDie alte Gruftanlage der Familie in der Kirche zu Sittensen wurde im Jahr 1960 ger\u00e4umt und anschlie\u00dfend verf\u00fcllt. Dabei konnten August Bachmann einige Beschl\u00e4ge und Wappen als Teil der einst sicher prachtvoll geschm\u00fcckten S\u00e4rge \u00fcbergeben werden.<\/p>\n<p>Autor: Ellen Horstrup<br \/>\nQuelle: Bachmann 1988<\/p>\n<h6 style=\"text-align: justify;\">Fundort: Sittensen<br \/>\nDatierung: 17.\/18. Jahrhundert<br \/>\nMaterial: Metall<br \/>\nGr\u00f6\u00dfe: H 34 x B 40 cm<\/h6>\n","protected":false},"excerpt":{"rendered":"<p>Im Jahr 1606 stiftete Dietrich Schulte, einer der angesehensten und reichsten M\u00e4nner des Erzstifts Bremen, die Kirche zu Sittensen, in der die Familie seit dieser Zeit auch ihr Erbbegr\u00e4bnis hatte. Zwei Jahrhunderte sp\u00e4ter gab die Adelsfamilie diese Gruft in der Sittenser Kirche auf und legte stattdessen eine neue Anlage auf der f\u00fcr diese Zwecke umgestalteten [&hellip;]<\/p>\n","protected":false},"author":1,"featured_media":272,"comment_status":"closed","ping_status":"open","sticky":false,"template":"","format":"standard","meta":{"_jetpack_newsletter_access":"","_jetpack_dont_email_post_to_subs":false,"_jetpack_newsletter_tier_id":0,"_jetpack_memberships_contains_paywalled_content":false,"_jetpack_memberships_contains_paid_content":false,"footnotes":""},"categories":[4],"tags":[],"class_list":["post-248","post","type-post","status-publish","format-standard","has-post-thumbnail","hentry","category-blick-in-die-sammlungen"],"yoast_head":"<!-- This site is optimized with the Yoast SEO plugin v27.4 - https:\/\/yoast.com\/product\/yoast-seo-wordpress\/ -->\n<title>Sargbeschlag - Bachmann-Museum Bremerv\u00f6rde<\/title>\n<meta name=\"robots\" content=\"index, follow, max-snippet:-1, max-image-preview:large, max-video-preview:-1\" \/>\n<link rel=\"canonical\" href=\"https:\/\/www.bachmann-museum.de\/?p=248\" \/>\n<meta property=\"og:locale\" content=\"de_DE\" \/>\n<meta property=\"og:type\" content=\"article\" \/>\n<meta property=\"og:title\" content=\"Sargbeschlag - Bachmann-Museum Bremerv\u00f6rde\" \/>\n<meta property=\"og:description\" content=\"Im Jahr 1606 stiftete Dietrich Schulte, einer der angesehensten und reichsten M\u00e4nner des Erzstifts Bremen, die Kirche zu Sittensen, in der die Familie seit dieser Zeit auch ihr Erbbegr\u00e4bnis hatte. Zwei Jahrhunderte sp\u00e4ter gab die Adelsfamilie diese Gruft in der Sittenser Kirche auf und legte stattdessen eine neue Anlage auf der f\u00fcr diese Zwecke umgestalteten [&hellip;]\" \/>\n<meta property=\"og:url\" content=\"https:\/\/www.bachmann-museum.de\/?p=248\" \/>\n<meta property=\"og:site_name\" content=\"Bachmann-Museum Bremerv\u00f6rde\" \/>\n<meta property=\"article:published_time\" content=\"2015-01-22T13:52:33+00:00\" \/>\n<meta property=\"article:modified_time\" content=\"2015-01-23T08:34:13+00:00\" \/>\n<meta property=\"og:image\" content=\"https:\/\/i0.wp.com\/www.bachmann-museum.de\/wp-content\/uploads\/2015\/01\/Sargbeschlag.jpg?fit=1772%2C1181&ssl=1\" \/>\n\t<meta property=\"og:image:width\" content=\"1772\" \/>\n\t<meta property=\"og:image:height\" content=\"1181\" \/>\n\t<meta property=\"og:image:type\" content=\"image\/jpeg\" \/>\n<meta name=\"author\" content=\"Bachmann-Admin_1\" \/>\n<meta name=\"twitter:card\" content=\"summary_large_image\" \/>\n<meta name=\"twitter:label1\" content=\"Verfasst von\" \/>\n\t<meta name=\"twitter:data1\" content=\"Bachmann-Admin_1\" \/>\n\t<meta name=\"twitter:label2\" content=\"Gesch\u00e4tzte Lesezeit\" \/>\n\t<meta name=\"twitter:data2\" content=\"1\u00a0Minute\" \/>\n<script type=\"application\/ld+json\" class=\"yoast-schema-graph\">{\"@context\":\"https:\\\/\\\/schema.org\",\"@graph\":[{\"@type\":\"Article\",\"@id\":\"https:\\\/\\\/www.bachmann-museum.de\\\/?p=248#article\",\"isPartOf\":{\"@id\":\"https:\\\/\\\/www.bachmann-museum.de\\\/?p=248\"},\"author\":{\"name\":\"Bachmann-Admin_1\",\"@id\":\"https:\\\/\\\/www.bachmann-museum.de\\\/#\\\/schema\\\/person\\\/4e0a96d1ed2480e1c23c3d5afb424bee\"},\"headline\":\"Sargbeschlag\",\"datePublished\":\"2015-01-22T13:52:33+00:00\",\"dateModified\":\"2015-01-23T08:34:13+00:00\",\"mainEntityOfPage\":{\"@id\":\"https:\\\/\\\/www.bachmann-museum.de\\\/?p=248\"},\"wordCount\":128,\"image\":{\"@id\":\"https:\\\/\\\/www.bachmann-museum.de\\\/?p=248#primaryimage\"},\"thumbnailUrl\":\"https:\\\/\\\/i0.wp.com\\\/www.bachmann-museum.de\\\/wp-content\\\/uploads\\\/2015\\\/01\\\/Sargbeschlag.jpg?fit=1772%2C1181&ssl=1\",\"articleSection\":[\"Blick in die Sammlungen\"],\"inLanguage\":\"de\"},{\"@type\":\"WebPage\",\"@id\":\"https:\\\/\\\/www.bachmann-museum.de\\\/?p=248\",\"url\":\"https:\\\/\\\/www.bachmann-museum.de\\\/?p=248\",\"name\":\"Sargbeschlag - Bachmann-Museum Bremerv\u00f6rde\",\"isPartOf\":{\"@id\":\"https:\\\/\\\/www.bachmann-museum.de\\\/#website\"},\"primaryImageOfPage\":{\"@id\":\"https:\\\/\\\/www.bachmann-museum.de\\\/?p=248#primaryimage\"},\"image\":{\"@id\":\"https:\\\/\\\/www.bachmann-museum.de\\\/?p=248#primaryimage\"},\"thumbnailUrl\":\"https:\\\/\\\/i0.wp.com\\\/www.bachmann-museum.de\\\/wp-content\\\/uploads\\\/2015\\\/01\\\/Sargbeschlag.jpg?fit=1772%2C1181&ssl=1\",\"datePublished\":\"2015-01-22T13:52:33+00:00\",\"dateModified\":\"2015-01-23T08:34:13+00:00\",\"author\":{\"@id\":\"https:\\\/\\\/www.bachmann-museum.de\\\/#\\\/schema\\\/person\\\/4e0a96d1ed2480e1c23c3d5afb424bee\"},\"breadcrumb\":{\"@id\":\"https:\\\/\\\/www.bachmann-museum.de\\\/?p=248#breadcrumb\"},\"inLanguage\":\"de\",\"potentialAction\":[{\"@type\":\"ReadAction\",\"target\":[\"https:\\\/\\\/www.bachmann-museum.de\\\/?p=248\"]}]},{\"@type\":\"ImageObject\",\"inLanguage\":\"de\",\"@id\":\"https:\\\/\\\/www.bachmann-museum.de\\\/?p=248#primaryimage\",\"url\":\"https:\\\/\\\/i0.wp.com\\\/www.bachmann-museum.de\\\/wp-content\\\/uploads\\\/2015\\\/01\\\/Sargbeschlag.jpg?fit=1772%2C1181&ssl=1\",\"contentUrl\":\"https:\\\/\\\/i0.wp.com\\\/www.bachmann-museum.de\\\/wp-content\\\/uploads\\\/2015\\\/01\\\/Sargbeschlag.jpg?fit=1772%2C1181&ssl=1\",\"width\":1772,\"height\":1181},{\"@type\":\"BreadcrumbList\",\"@id\":\"https:\\\/\\\/www.bachmann-museum.de\\\/?p=248#breadcrumb\",\"itemListElement\":[{\"@type\":\"ListItem\",\"position\":1,\"name\":\"Start\",\"item\":\"https:\\\/\\\/www.bachmann-museum.de\\\/\"},{\"@type\":\"ListItem\",\"position\":2,\"name\":\"Sargbeschlag\"}]},{\"@type\":\"WebSite\",\"@id\":\"https:\\\/\\\/www.bachmann-museum.de\\\/#website\",\"url\":\"https:\\\/\\\/www.bachmann-museum.de\\\/\",\"name\":\"Bachmann-Museum Bremerv\u00f6rde\",\"description\":\"\",\"potentialAction\":[{\"@type\":\"SearchAction\",\"target\":{\"@type\":\"EntryPoint\",\"urlTemplate\":\"https:\\\/\\\/www.bachmann-museum.de\\\/?s={search_term_string}\"},\"query-input\":{\"@type\":\"PropertyValueSpecification\",\"valueRequired\":true,\"valueName\":\"search_term_string\"}}],\"inLanguage\":\"de\"},{\"@type\":\"Person\",\"@id\":\"https:\\\/\\\/www.bachmann-museum.de\\\/#\\\/schema\\\/person\\\/4e0a96d1ed2480e1c23c3d5afb424bee\",\"name\":\"Bachmann-Admin_1\",\"image\":{\"@type\":\"ImageObject\",\"inLanguage\":\"de\",\"@id\":\"https:\\\/\\\/secure.gravatar.com\\\/avatar\\\/12b64d40c777adbd0761c887e33f30e0219d4565a9373e68911205fb911bd107?s=96&d=mm&r=g\",\"url\":\"https:\\\/\\\/secure.gravatar.com\\\/avatar\\\/12b64d40c777adbd0761c887e33f30e0219d4565a9373e68911205fb911bd107?s=96&d=mm&r=g\",\"contentUrl\":\"https:\\\/\\\/secure.gravatar.com\\\/avatar\\\/12b64d40c777adbd0761c887e33f30e0219d4565a9373e68911205fb911bd107?s=96&d=mm&r=g\",\"caption\":\"Bachmann-Admin_1\"},\"url\":\"https:\\\/\\\/www.bachmann-museum.de\\\/?author=1\"}]}<\/script>\n<!-- \/ Yoast SEO plugin. -->","yoast_head_json":{"title":"Sargbeschlag - Bachmann-Museum Bremerv\u00f6rde","robots":{"index":"index","follow":"follow","max-snippet":"max-snippet:-1","max-image-preview":"max-image-preview:large","max-video-preview":"max-video-preview:-1"},"canonical":"https:\/\/www.bachmann-museum.de\/?p=248","og_locale":"de_DE","og_type":"article","og_title":"Sargbeschlag - Bachmann-Museum Bremerv\u00f6rde","og_description":"Im Jahr 1606 stiftete Dietrich Schulte, einer der angesehensten und reichsten M\u00e4nner des Erzstifts Bremen, die Kirche zu Sittensen, in der die Familie seit dieser Zeit auch ihr Erbbegr\u00e4bnis hatte. Zwei Jahrhunderte sp\u00e4ter gab die Adelsfamilie diese Gruft in der Sittenser Kirche auf und legte stattdessen eine neue Anlage auf der f\u00fcr diese Zwecke umgestalteten [&hellip;]","og_url":"https:\/\/www.bachmann-museum.de\/?p=248","og_site_name":"Bachmann-Museum Bremerv\u00f6rde","article_published_time":"2015-01-22T13:52:33+00:00","article_modified_time":"2015-01-23T08:34:13+00:00","og_image":[{"width":1772,"height":1181,"url":"https:\/\/i0.wp.com\/www.bachmann-museum.de\/wp-content\/uploads\/2015\/01\/Sargbeschlag.jpg?fit=1772%2C1181&ssl=1","type":"image\/jpeg"}],"author":"Bachmann-Admin_1","twitter_card":"summary_large_image","twitter_misc":{"Verfasst von":"Bachmann-Admin_1","Gesch\u00e4tzte Lesezeit":"1\u00a0Minute"},"schema":{"@context":"https:\/\/schema.org","@graph":[{"@type":"Article","@id":"https:\/\/www.bachmann-museum.de\/?p=248#article","isPartOf":{"@id":"https:\/\/www.bachmann-museum.de\/?p=248"},"author":{"name":"Bachmann-Admin_1","@id":"https:\/\/www.bachmann-museum.de\/#\/schema\/person\/4e0a96d1ed2480e1c23c3d5afb424bee"},"headline":"Sargbeschlag","datePublished":"2015-01-22T13:52:33+00:00","dateModified":"2015-01-23T08:34:13+00:00","mainEntityOfPage":{"@id":"https:\/\/www.bachmann-museum.de\/?p=248"},"wordCount":128,"image":{"@id":"https:\/\/www.bachmann-museum.de\/?p=248#primaryimage"},"thumbnailUrl":"https:\/\/i0.wp.com\/www.bachmann-museum.de\/wp-content\/uploads\/2015\/01\/Sargbeschlag.jpg?fit=1772%2C1181&ssl=1","articleSection":["Blick in die Sammlungen"],"inLanguage":"de"},{"@type":"WebPage","@id":"https:\/\/www.bachmann-museum.de\/?p=248","url":"https:\/\/www.bachmann-museum.de\/?p=248","name":"Sargbeschlag - Bachmann-Museum Bremerv\u00f6rde","isPartOf":{"@id":"https:\/\/www.bachmann-museum.de\/#website"},"primaryImageOfPage":{"@id":"https:\/\/www.bachmann-museum.de\/?p=248#primaryimage"},"image":{"@id":"https:\/\/www.bachmann-museum.de\/?p=248#primaryimage"},"thumbnailUrl":"https:\/\/i0.wp.com\/www.bachmann-museum.de\/wp-content\/uploads\/2015\/01\/Sargbeschlag.jpg?fit=1772%2C1181&ssl=1","datePublished":"2015-01-22T13:52:33+00:00","dateModified":"2015-01-23T08:34:13+00:00","author":{"@id":"https:\/\/www.bachmann-museum.de\/#\/schema\/person\/4e0a96d1ed2480e1c23c3d5afb424bee"},"breadcrumb":{"@id":"https:\/\/www.bachmann-museum.de\/?p=248#breadcrumb"},"inLanguage":"de","potentialAction":[{"@type":"ReadAction","target":["https:\/\/www.bachmann-museum.de\/?p=248"]}]},{"@type":"ImageObject","inLanguage":"de","@id":"https:\/\/www.bachmann-museum.de\/?p=248#primaryimage","url":"https:\/\/i0.wp.com\/www.bachmann-museum.de\/wp-content\/uploads\/2015\/01\/Sargbeschlag.jpg?fit=1772%2C1181&ssl=1","contentUrl":"https:\/\/i0.wp.com\/www.bachmann-museum.de\/wp-content\/uploads\/2015\/01\/Sargbeschlag.jpg?fit=1772%2C1181&ssl=1","width":1772,"height":1181},{"@type":"BreadcrumbList","@id":"https:\/\/www.bachmann-museum.de\/?p=248#breadcrumb","itemListElement":[{"@type":"ListItem","position":1,"name":"Start","item":"https:\/\/www.bachmann-museum.de\/"},{"@type":"ListItem","position":2,"name":"Sargbeschlag"}]},{"@type":"WebSite","@id":"https:\/\/www.bachmann-museum.de\/#website","url":"https:\/\/www.bachmann-museum.de\/","name":"Bachmann-Museum Bremerv\u00f6rde","description":"","potentialAction":[{"@type":"SearchAction","target":{"@type":"EntryPoint","urlTemplate":"https:\/\/www.bachmann-museum.de\/?s={search_term_string}"},"query-input":{"@type":"PropertyValueSpecification","valueRequired":true,"valueName":"search_term_string"}}],"inLanguage":"de"},{"@type":"Person","@id":"https:\/\/www.bachmann-museum.de\/#\/schema\/person\/4e0a96d1ed2480e1c23c3d5afb424bee","name":"Bachmann-Admin_1","image":{"@type":"ImageObject","inLanguage":"de","@id":"https:\/\/secure.gravatar.com\/avatar\/12b64d40c777adbd0761c887e33f30e0219d4565a9373e68911205fb911bd107?s=96&d=mm&r=g","url":"https:\/\/secure.gravatar.com\/avatar\/12b64d40c777adbd0761c887e33f30e0219d4565a9373e68911205fb911bd107?s=96&d=mm&r=g","contentUrl":"https:\/\/secure.gravatar.com\/avatar\/12b64d40c777adbd0761c887e33f30e0219d4565a9373e68911205fb911bd107?s=96&d=mm&r=g","caption":"Bachmann-Admin_1"},"url":"https:\/\/www.bachmann-museum.de\/?author=1"}]}},"jetpack_featured_media_url":"https:\/\/i0.wp.com\/www.bachmann-museum.de\/wp-content\/uploads\/2015\/01\/Sargbeschlag.jpg?fit=1772%2C1181&ssl=1","jetpack_sharing_enabled":true,"jetpack_shortlink":"https:\/\/wp.me\/s5DgYi-keramik","jetpack-related-posts":[],"_links":{"self":[{"href":"https:\/\/www.bachmann-museum.de\/index.php?rest_route=\/wp\/v2\/posts\/248","targetHints":{"allow":["GET"]}}],"collection":[{"href":"https:\/\/www.bachmann-museum.de\/index.php?rest_route=\/wp\/v2\/posts"}],"about":[{"href":"https:\/\/www.bachmann-museum.de\/index.php?rest_route=\/wp\/v2\/types\/post"}],"author":[{"embeddable":true,"href":"https:\/\/www.bachmann-museum.de\/index.php?rest_route=\/wp\/v2\/users\/1"}],"replies":[{"embeddable":true,"href":"https:\/\/www.bachmann-museum.de\/index.php?rest_route=%2Fwp%2Fv2%2Fcomments&post=248"}],"version-history":[{"count":4,"href":"https:\/\/www.bachmann-museum.de\/index.php?rest_route=\/wp\/v2\/posts\/248\/revisions"}],"predecessor-version":[{"id":315,"href":"https:\/\/www.bachmann-museum.de\/index.php?rest_route=\/wp\/v2\/posts\/248\/revisions\/315"}],"wp:featuredmedia":[{"embeddable":true,"href":"https:\/\/www.bachmann-museum.de\/index.php?rest_route=\/wp\/v2\/media\/272"}],"wp:attachment":[{"href":"https:\/\/www.bachmann-museum.de\/index.php?rest_route=%2Fwp%2Fv2%2Fmedia&parent=248"}],"wp:term":[{"taxonomy":"category","embeddable":true,"href":"https:\/\/www.bachmann-museum.de\/index.php?rest_route=%2Fwp%2Fv2%2Fcategories&post=248"},{"taxonomy":"post_tag","embeddable":true,"href":"https:\/\/www.bachmann-museum.de\/index.php?rest_route=%2Fwp%2Fv2%2Ftags&post=248"}],"curies":[{"name":"wp","href":"https:\/\/api.w.org\/{rel}","templated":true}]}}