{"id":206,"date":"2015-01-22T12:35:42","date_gmt":"2015-01-22T10:35:42","guid":{"rendered":"http:\/\/www.bachmann-museum.de\/?p=206"},"modified":"2026-01-21T12:27:12","modified_gmt":"2026-01-21T11:27:12","slug":"adresse","status":"publish","type":"post","link":"https:\/\/www.bachmann-museum.de\/?p=206","title":{"rendered":"\u00d6ffnungszeiten der Verwaltung"},"content":{"rendered":"<p><strong>Die Ausstellung ist wegen umfangreicher Sanierungsma\u00dfnahmen geschlossen. <\/strong><\/p>\n<p>Die Verwaltung ist dienstags bis freitags von 9 bis 12 Uhr erreichbar.<\/p>\n<p>Oder vereinbaren Sie gerne einen Termin (Telefon 04761\/9834603).<\/p>\n<p>Nach der Sanierung erwartet die Besucher eine abwechslungsreiche Ausstellung zur Geschichte der Region &#8211; von den \u00e4ltesten Spuren der Erdgeschichte bis hin zum Leben der Menschen heute im zentralen Elbe-Weser-Dreieck.<\/p>\n<p>&nbsp;<\/p>\n","protected":false},"excerpt":{"rendered":"<p>Die Ausstellung ist wegen umfangreicher Sanierungsma\u00dfnahmen geschlossen. Die Verwaltung ist dienstags bis freitags von 9 bis 12 Uhr erreichbar. Oder vereinbaren Sie gerne einen Termin (Telefon 04761\/9834603). Nach der Sanierung erwartet die Besucher eine abwechslungsreiche Ausstellung zur Geschichte der Region &#8211; von den \u00e4ltesten Spuren der Erdgeschichte bis hin zum Leben der Menschen heute im [&hellip;]<\/p>\n","protected":false},"author":1,"featured_media":4172,"comment_status":"closed","ping_status":"open","sticky":false,"template":"","format":"standard","meta":{"_jetpack_newsletter_access":"","_jetpack_dont_email_post_to_subs":true,"_jetpack_newsletter_tier_id":0,"_jetpack_memberships_contains_paywalled_content":false,"_jetpack_memberships_contains_paid_content":false,"footnotes":""},"categories":[1],"tags":[],"class_list":["post-206","post","type-post","status-publish","format-standard","has-post-thumbnail","hentry","category-allgemein"],"yoast_head":"<!-- This site is optimized with the Yoast SEO plugin v27.4 - https:\/\/yoast.com\/product\/yoast-seo-wordpress\/ -->\n<title>\u00d6ffnungszeiten der Verwaltung - Bachmann-Museum Bremerv\u00f6rde<\/title>\n<meta name=\"robots\" content=\"index, follow, max-snippet:-1, max-image-preview:large, max-video-preview:-1\" \/>\n<link rel=\"canonical\" href=\"https:\/\/www.bachmann-museum.de\/?p=206\" \/>\n<meta property=\"og:locale\" content=\"de_DE\" \/>\n<meta property=\"og:type\" content=\"article\" \/>\n<meta property=\"og:title\" content=\"\u00d6ffnungszeiten der Verwaltung - Bachmann-Museum Bremerv\u00f6rde\" \/>\n<meta property=\"og:description\" content=\"Die Ausstellung ist wegen umfangreicher Sanierungsma\u00dfnahmen geschlossen. Die Verwaltung ist dienstags bis freitags von 9 bis 12 Uhr erreichbar. Oder vereinbaren Sie gerne einen Termin (Telefon 04761\/9834603). Nach der Sanierung erwartet die Besucher eine abwechslungsreiche Ausstellung zur Geschichte der Region &#8211; von den \u00e4ltesten Spuren der Erdgeschichte bis hin zum Leben der Menschen heute im [&hellip;]\" \/>\n<meta property=\"og:url\" content=\"https:\/\/www.bachmann-museum.de\/?p=206\" \/>\n<meta property=\"og:site_name\" content=\"Bachmann-Museum Bremerv\u00f6rde\" \/>\n<meta property=\"article:published_time\" content=\"2015-01-22T10:35:42+00:00\" \/>\n<meta property=\"article:modified_time\" content=\"2026-01-21T11:27:12+00:00\" \/>\n<meta property=\"og:image\" content=\"https:\/\/i0.wp.com\/www.bachmann-museum.de\/wp-content\/uploads\/2025\/03\/Museum-Rueckseite-Backstein-scaled.jpg?fit=2560%2C1707&ssl=1\" \/>\n\t<meta property=\"og:image:width\" content=\"2560\" \/>\n\t<meta property=\"og:image:height\" content=\"1707\" \/>\n\t<meta property=\"og:image:type\" content=\"image\/jpeg\" \/>\n<meta name=\"author\" content=\"Bachmann-Admin_1\" \/>\n<meta name=\"twitter:card\" content=\"summary_large_image\" \/>\n<meta name=\"twitter:label1\" content=\"Verfasst von\" \/>\n\t<meta name=\"twitter:data1\" content=\"Bachmann-Admin_1\" \/>\n<script type=\"application\/ld+json\" class=\"yoast-schema-graph\">{\"@context\":\"https:\\\/\\\/schema.org\",\"@graph\":[{\"@type\":\"Article\",\"@id\":\"https:\\\/\\\/www.bachmann-museum.de\\\/?p=206#article\",\"isPartOf\":{\"@id\":\"https:\\\/\\\/www.bachmann-museum.de\\\/?p=206\"},\"author\":{\"name\":\"Bachmann-Admin_1\",\"@id\":\"https:\\\/\\\/www.bachmann-museum.de\\\/#\\\/schema\\\/person\\\/4e0a96d1ed2480e1c23c3d5afb424bee\"},\"headline\":\"\u00d6ffnungszeiten der Verwaltung\",\"datePublished\":\"2015-01-22T10:35:42+00:00\",\"dateModified\":\"2026-01-21T11:27:12+00:00\",\"mainEntityOfPage\":{\"@id\":\"https:\\\/\\\/www.bachmann-museum.de\\\/?p=206\"},\"wordCount\":59,\"image\":{\"@id\":\"https:\\\/\\\/www.bachmann-museum.de\\\/?p=206#primaryimage\"},\"thumbnailUrl\":\"https:\\\/\\\/i0.wp.com\\\/www.bachmann-museum.de\\\/wp-content\\\/uploads\\\/2025\\\/03\\\/Museum-Rueckseite-Backstein-scaled.jpg?fit=2560%2C1707&ssl=1\",\"inLanguage\":\"de\"},{\"@type\":\"WebPage\",\"@id\":\"https:\\\/\\\/www.bachmann-museum.de\\\/?p=206\",\"url\":\"https:\\\/\\\/www.bachmann-museum.de\\\/?p=206\",\"name\":\"\u00d6ffnungszeiten der Verwaltung - Bachmann-Museum Bremerv\u00f6rde\",\"isPartOf\":{\"@id\":\"https:\\\/\\\/www.bachmann-museum.de\\\/#website\"},\"primaryImageOfPage\":{\"@id\":\"https:\\\/\\\/www.bachmann-museum.de\\\/?p=206#primaryimage\"},\"image\":{\"@id\":\"https:\\\/\\\/www.bachmann-museum.de\\\/?p=206#primaryimage\"},\"thumbnailUrl\":\"https:\\\/\\\/i0.wp.com\\\/www.bachmann-museum.de\\\/wp-content\\\/uploads\\\/2025\\\/03\\\/Museum-Rueckseite-Backstein-scaled.jpg?fit=2560%2C1707&ssl=1\",\"datePublished\":\"2015-01-22T10:35:42+00:00\",\"dateModified\":\"2026-01-21T11:27:12+00:00\",\"author\":{\"@id\":\"https:\\\/\\\/www.bachmann-museum.de\\\/#\\\/schema\\\/person\\\/4e0a96d1ed2480e1c23c3d5afb424bee\"},\"breadcrumb\":{\"@id\":\"https:\\\/\\\/www.bachmann-museum.de\\\/?p=206#breadcrumb\"},\"inLanguage\":\"de\",\"potentialAction\":[{\"@type\":\"ReadAction\",\"target\":[\"https:\\\/\\\/www.bachmann-museum.de\\\/?p=206\"]}]},{\"@type\":\"ImageObject\",\"inLanguage\":\"de\",\"@id\":\"https:\\\/\\\/www.bachmann-museum.de\\\/?p=206#primaryimage\",\"url\":\"https:\\\/\\\/i0.wp.com\\\/www.bachmann-museum.de\\\/wp-content\\\/uploads\\\/2025\\\/03\\\/Museum-Rueckseite-Backstein-scaled.jpg?fit=2560%2C1707&ssl=1\",\"contentUrl\":\"https:\\\/\\\/i0.wp.com\\\/www.bachmann-museum.de\\\/wp-content\\\/uploads\\\/2025\\\/03\\\/Museum-Rueckseite-Backstein-scaled.jpg?fit=2560%2C1707&ssl=1\",\"width\":2560,\"height\":1707,\"caption\":\"Die R\u00fcckseite des Museumsgeb\u00e4udes mit unverputztem Mauerwerk aus Backsteinen. Foto: Bachmann-Museum Bremerv\u00f6rde\"},{\"@type\":\"BreadcrumbList\",\"@id\":\"https:\\\/\\\/www.bachmann-museum.de\\\/?p=206#breadcrumb\",\"itemListElement\":[{\"@type\":\"ListItem\",\"position\":1,\"name\":\"Start\",\"item\":\"https:\\\/\\\/www.bachmann-museum.de\\\/\"},{\"@type\":\"ListItem\",\"position\":2,\"name\":\"\u00d6ffnungszeiten der Verwaltung\"}]},{\"@type\":\"WebSite\",\"@id\":\"https:\\\/\\\/www.bachmann-museum.de\\\/#website\",\"url\":\"https:\\\/\\\/www.bachmann-museum.de\\\/\",\"name\":\"Bachmann-Museum Bremerv\u00f6rde\",\"description\":\"\",\"potentialAction\":[{\"@type\":\"SearchAction\",\"target\":{\"@type\":\"EntryPoint\",\"urlTemplate\":\"https:\\\/\\\/www.bachmann-museum.de\\\/?s={search_term_string}\"},\"query-input\":{\"@type\":\"PropertyValueSpecification\",\"valueRequired\":true,\"valueName\":\"search_term_string\"}}],\"inLanguage\":\"de\"},{\"@type\":\"Person\",\"@id\":\"https:\\\/\\\/www.bachmann-museum.de\\\/#\\\/schema\\\/person\\\/4e0a96d1ed2480e1c23c3d5afb424bee\",\"name\":\"Bachmann-Admin_1\",\"image\":{\"@type\":\"ImageObject\",\"inLanguage\":\"de\",\"@id\":\"https:\\\/\\\/secure.gravatar.com\\\/avatar\\\/12b64d40c777adbd0761c887e33f30e0219d4565a9373e68911205fb911bd107?s=96&d=mm&r=g\",\"url\":\"https:\\\/\\\/secure.gravatar.com\\\/avatar\\\/12b64d40c777adbd0761c887e33f30e0219d4565a9373e68911205fb911bd107?s=96&d=mm&r=g\",\"contentUrl\":\"https:\\\/\\\/secure.gravatar.com\\\/avatar\\\/12b64d40c777adbd0761c887e33f30e0219d4565a9373e68911205fb911bd107?s=96&d=mm&r=g\",\"caption\":\"Bachmann-Admin_1\"},\"url\":\"https:\\\/\\\/www.bachmann-museum.de\\\/?author=1\"}]}<\/script>\n<!-- \/ Yoast SEO plugin. -->","yoast_head_json":{"title":"\u00d6ffnungszeiten der Verwaltung - Bachmann-Museum Bremerv\u00f6rde","robots":{"index":"index","follow":"follow","max-snippet":"max-snippet:-1","max-image-preview":"max-image-preview:large","max-video-preview":"max-video-preview:-1"},"canonical":"https:\/\/www.bachmann-museum.de\/?p=206","og_locale":"de_DE","og_type":"article","og_title":"\u00d6ffnungszeiten der Verwaltung - Bachmann-Museum Bremerv\u00f6rde","og_description":"Die Ausstellung ist wegen umfangreicher Sanierungsma\u00dfnahmen geschlossen. Die Verwaltung ist dienstags bis freitags von 9 bis 12 Uhr erreichbar. Oder vereinbaren Sie gerne einen Termin (Telefon 04761\/9834603). Nach der Sanierung erwartet die Besucher eine abwechslungsreiche Ausstellung zur Geschichte der Region &#8211; von den \u00e4ltesten Spuren der Erdgeschichte bis hin zum Leben der Menschen heute im [&hellip;]","og_url":"https:\/\/www.bachmann-museum.de\/?p=206","og_site_name":"Bachmann-Museum Bremerv\u00f6rde","article_published_time":"2015-01-22T10:35:42+00:00","article_modified_time":"2026-01-21T11:27:12+00:00","og_image":[{"width":2560,"height":1707,"url":"https:\/\/i0.wp.com\/www.bachmann-museum.de\/wp-content\/uploads\/2025\/03\/Museum-Rueckseite-Backstein-scaled.jpg?fit=2560%2C1707&ssl=1","type":"image\/jpeg"}],"author":"Bachmann-Admin_1","twitter_card":"summary_large_image","twitter_misc":{"Verfasst von":"Bachmann-Admin_1"},"schema":{"@context":"https:\/\/schema.org","@graph":[{"@type":"Article","@id":"https:\/\/www.bachmann-museum.de\/?p=206#article","isPartOf":{"@id":"https:\/\/www.bachmann-museum.de\/?p=206"},"author":{"name":"Bachmann-Admin_1","@id":"https:\/\/www.bachmann-museum.de\/#\/schema\/person\/4e0a96d1ed2480e1c23c3d5afb424bee"},"headline":"\u00d6ffnungszeiten der Verwaltung","datePublished":"2015-01-22T10:35:42+00:00","dateModified":"2026-01-21T11:27:12+00:00","mainEntityOfPage":{"@id":"https:\/\/www.bachmann-museum.de\/?p=206"},"wordCount":59,"image":{"@id":"https:\/\/www.bachmann-museum.de\/?p=206#primaryimage"},"thumbnailUrl":"https:\/\/i0.wp.com\/www.bachmann-museum.de\/wp-content\/uploads\/2025\/03\/Museum-Rueckseite-Backstein-scaled.jpg?fit=2560%2C1707&ssl=1","inLanguage":"de"},{"@type":"WebPage","@id":"https:\/\/www.bachmann-museum.de\/?p=206","url":"https:\/\/www.bachmann-museum.de\/?p=206","name":"\u00d6ffnungszeiten der Verwaltung - Bachmann-Museum Bremerv\u00f6rde","isPartOf":{"@id":"https:\/\/www.bachmann-museum.de\/#website"},"primaryImageOfPage":{"@id":"https:\/\/www.bachmann-museum.de\/?p=206#primaryimage"},"image":{"@id":"https:\/\/www.bachmann-museum.de\/?p=206#primaryimage"},"thumbnailUrl":"https:\/\/i0.wp.com\/www.bachmann-museum.de\/wp-content\/uploads\/2025\/03\/Museum-Rueckseite-Backstein-scaled.jpg?fit=2560%2C1707&ssl=1","datePublished":"2015-01-22T10:35:42+00:00","dateModified":"2026-01-21T11:27:12+00:00","author":{"@id":"https:\/\/www.bachmann-museum.de\/#\/schema\/person\/4e0a96d1ed2480e1c23c3d5afb424bee"},"breadcrumb":{"@id":"https:\/\/www.bachmann-museum.de\/?p=206#breadcrumb"},"inLanguage":"de","potentialAction":[{"@type":"ReadAction","target":["https:\/\/www.bachmann-museum.de\/?p=206"]}]},{"@type":"ImageObject","inLanguage":"de","@id":"https:\/\/www.bachmann-museum.de\/?p=206#primaryimage","url":"https:\/\/i0.wp.com\/www.bachmann-museum.de\/wp-content\/uploads\/2025\/03\/Museum-Rueckseite-Backstein-scaled.jpg?fit=2560%2C1707&ssl=1","contentUrl":"https:\/\/i0.wp.com\/www.bachmann-museum.de\/wp-content\/uploads\/2025\/03\/Museum-Rueckseite-Backstein-scaled.jpg?fit=2560%2C1707&ssl=1","width":2560,"height":1707,"caption":"Die R\u00fcckseite des Museumsgeb\u00e4udes mit unverputztem Mauerwerk aus Backsteinen. Foto: Bachmann-Museum Bremerv\u00f6rde"},{"@type":"BreadcrumbList","@id":"https:\/\/www.bachmann-museum.de\/?p=206#breadcrumb","itemListElement":[{"@type":"ListItem","position":1,"name":"Start","item":"https:\/\/www.bachmann-museum.de\/"},{"@type":"ListItem","position":2,"name":"\u00d6ffnungszeiten der Verwaltung"}]},{"@type":"WebSite","@id":"https:\/\/www.bachmann-museum.de\/#website","url":"https:\/\/www.bachmann-museum.de\/","name":"Bachmann-Museum Bremerv\u00f6rde","description":"","potentialAction":[{"@type":"SearchAction","target":{"@type":"EntryPoint","urlTemplate":"https:\/\/www.bachmann-museum.de\/?s={search_term_string}"},"query-input":{"@type":"PropertyValueSpecification","valueRequired":true,"valueName":"search_term_string"}}],"inLanguage":"de"},{"@type":"Person","@id":"https:\/\/www.bachmann-museum.de\/#\/schema\/person\/4e0a96d1ed2480e1c23c3d5afb424bee","name":"Bachmann-Admin_1","image":{"@type":"ImageObject","inLanguage":"de","@id":"https:\/\/secure.gravatar.com\/avatar\/12b64d40c777adbd0761c887e33f30e0219d4565a9373e68911205fb911bd107?s=96&d=mm&r=g","url":"https:\/\/secure.gravatar.com\/avatar\/12b64d40c777adbd0761c887e33f30e0219d4565a9373e68911205fb911bd107?s=96&d=mm&r=g","contentUrl":"https:\/\/secure.gravatar.com\/avatar\/12b64d40c777adbd0761c887e33f30e0219d4565a9373e68911205fb911bd107?s=96&d=mm&r=g","caption":"Bachmann-Admin_1"},"url":"https:\/\/www.bachmann-museum.de\/?author=1"}]}},"jetpack_featured_media_url":"https:\/\/i0.wp.com\/www.bachmann-museum.de\/wp-content\/uploads\/2025\/03\/Museum-Rueckseite-Backstein-scaled.jpg?fit=2560%2C1707&ssl=1","jetpack_sharing_enabled":true,"jetpack_shortlink":"https:\/\/wp.me\/s5DgYi-adresse","jetpack-related-posts":[],"_links":{"self":[{"href":"https:\/\/www.bachmann-museum.de\/index.php?rest_route=\/wp\/v2\/posts\/206","targetHints":{"allow":["GET"]}}],"collection":[{"href":"https:\/\/www.bachmann-museum.de\/index.php?rest_route=\/wp\/v2\/posts"}],"about":[{"href":"https:\/\/www.bachmann-museum.de\/index.php?rest_route=\/wp\/v2\/types\/post"}],"author":[{"embeddable":true,"href":"https:\/\/www.bachmann-museum.de\/index.php?rest_route=\/wp\/v2\/users\/1"}],"replies":[{"embeddable":true,"href":"https:\/\/www.bachmann-museum.de\/index.php?rest_route=%2Fwp%2Fv2%2Fcomments&post=206"}],"version-history":[{"count":54,"href":"https:\/\/www.bachmann-museum.de\/index.php?rest_route=\/wp\/v2\/posts\/206\/revisions"}],"predecessor-version":[{"id":4190,"href":"https:\/\/www.bachmann-museum.de\/index.php?rest_route=\/wp\/v2\/posts\/206\/revisions\/4190"}],"wp:featuredmedia":[{"embeddable":true,"href":"https:\/\/www.bachmann-museum.de\/index.php?rest_route=\/wp\/v2\/media\/4172"}],"wp:attachment":[{"href":"https:\/\/www.bachmann-museum.de\/index.php?rest_route=%2Fwp%2Fv2%2Fmedia&parent=206"}],"wp:term":[{"taxonomy":"category","embeddable":true,"href":"https:\/\/www.bachmann-museum.de\/index.php?rest_route=%2Fwp%2Fv2%2Fcategories&post=206"},{"taxonomy":"post_tag","embeddable":true,"href":"https:\/\/www.bachmann-museum.de\/index.php?rest_route=%2Fwp%2Fv2%2Ftags&post=206"}],"curies":[{"name":"wp","href":"https:\/\/api.w.org\/{rel}","templated":true}]}}